{"id":128,"date":"2014-06-02T17:22:05","date_gmt":"2014-06-02T20:22:05","guid":{"rendered":"http:\/\/leyendo.taller-palabras.com\/?p=128"},"modified":"2020-06-01T20:10:17","modified_gmt":"2020-06-01T23:10:17","slug":"128","status":"publish","type":"post","link":"https:\/\/www.taller-palabras.com\/WordPress_05\/?p=128","title":{"rendered":"La mujer habitada \u2013 Gioconda Belli"},"content":{"rendered":"<p align=\"left\"><a href=\"https:\/\/www.taller-palabras.com\/WordPress_04\/?product=la-mujer-habitada-gioconda-belli-ebook\">Adquiere un ejemplar<\/a><\/p>\n<pre><img decoding=\"async\" loading=\"lazy\" class=\"alignleft size-thumbnail wp-image-126\" src=\"https:\/\/www.taller-palabras.com\/WordPress_05\/wp-content\/uploads\/2020\/05\/lamujerhabitada.jpg\" alt=\"la mujer habitada\" width=\"100\" height=\"215\" \/><strong>Esta novela de Gioconda Belli es m\u00e1s que una novela. Es un canto a la vida y una defensa a ultranza de la libertad. La l\u00edrica no est\u00e1 ausente, c\u00f3mo podr\u00eda estarlo trat\u00e1ndose de Gioconda Belli cuya trayectoria en la poes\u00eda es m\u00e1s que innegable, apabullante.<\/strong>\n<script async=\"\" src=\"\/\/pagead2.googlesyndication.com\/pagead\/js\/adsbygoogle.js\"><\/script>\n<!-- adaptable_texto -->\n<ins class=\"adsbygoogle\" style=\"display: block;\" data-ad-client=\"ca-pub-2391984088922199\" data-ad-slot=\"6200009149\" data-ad-format=\"auto\"><\/ins>\n<script>\n(adsbygoogle = window.adsbygoogle || []).push({});\n<\/script>\nEn la mujer habitada logra concatenar a dos mujeres separadas por siglos y sin embargo tan similares en su idiosincrasia, tan llenas de vida y sobre todo tan sobrecargadas de valor que nos ense\u00f1an y nos incitan a luchar no solo por la libertad y la justicia sino desde ellas a luchar por la vida. Como g\u00e9nero, la obra se inserta en la corriente del Realismo M\u00e1gico. Gioconda Belli entonces utiliza uno de los recursos m\u00e1s complejos de este g\u00e9nero como es el desplazamiento de los personajes en el tiempo, trastocando una realidad y torn\u00e1ndola m\u00e1gica por el simple hecho de permitir que coexistan en una misma \u00e9poca dos mujeres semejantes a pesar de las distancias temporales. En la voz de Itz\u00e1, hallamos elementos como la magia, la fantas\u00eda, el mundo de los esp\u00edritus que pasan a formar parte de la cotidianidad casi como si fueran reales poniendo en movimiento uno de los m\u00e1s importantes\u00a0 recursos del Realismo M\u00e1gico. Este g\u00e9nero, como movimiento, es innovador ya que ha integrado en la literatura el universo f\u00edsico y simb\u00f3lico del mundo ind\u00edgena americano: consigue que lo irreal parezca real, y que la narraci\u00f3n se convierta en una \u201chistoria-sue\u00f1o-poes\u00eda\u201d. \n<a href=\"https:\/\/www.taller-palabras.com\/WordPress_05\/\/wp-content\/uploads\/2014\/06\/GIOCONDA-BELLI.jpg\"><img decoding=\"async\" loading=\"lazy\" class=\"alignleft size-thumbnail wp-image-127\" src=\"https:\/\/www.taller-palabras.com\/WordPress_05\/\/wp-content\/uploads\/2014\/06\/GIOCONDA-BELLI.jpg\" alt=\"GIOCONDA BELLI\" width=\"180\" height=\"215\" \/><\/a>Lo cual evidentemente es la base del estilo que Gioconda explota maravillosamente en La mujer Habitada. En la pr\u00e1ctica, el acercamiento de los hechos cotidianos lleva a mostrar la coexistencia de dos mujeres como s\u00edmbolo de hechos hist\u00f3ricos de su naci\u00f3n en \u00e9pocas distantes y en momentos totalmente distintos hist\u00f3ricamente pero cercanos en cuanto a la lucha por la libertad, los derechos y la reivindicaci\u00f3n de la mujer como participe directa del acontecer hist\u00f3rico en un mundo plenamente machista tanto el del pasado de Itz\u00e1 como el del presente de Lavinia. Por un lado Itz\u00e1 nos acerca a la invasi\u00f3n de los espa\u00f1oles y posterior explotaci\u00f3n del pueblo ind\u00edgena en permanente consonancia con la lucha sandinista en Nicaragua como contexto hist\u00f3rico m\u00e1s cercano a nuestros d\u00edas. Lavinia Alarc\u00f3n, es la protagonista de La mujer habitada. Es una profesional joven que acaba de volver a su pa\u00eds despu\u00e9s de haberse formado como arquitecta en Europa. Lavinia pertenece a una familia aristocr\u00e1tica de Faguas, un pa\u00eds tropical que vendr\u00eda equivaliendo a la Nicaragua de la autora. Poco a poco Lavinia se compromete con el movimiento de lucha contra el gobierno dictatorial (que ser\u00eda para la autora el gobierno de Somoza) y cuando matan a su novio que es activista como ella, Lavinia toma su lugar en un operativo para la captura de un general del gobierno. Durante el operativo, en vez de consultar con el jefe de la c\u00e9lula guerrillera qu\u00e9 es lo que debe hacer luego de haber descubierto el escondite del General, Lavinia personalmente toma la decisi\u00f3n de enfrentarlo y muere en el intento. En medio de la lucha ideol\u00f3gica pol\u00edtica y de clases, aparece esa otra querella casi eterna entre el feminismo plagado de libertad absoluta no de libertad de sexos y el machismo rudo que segrega a muchas mujeres, sostenido parad\u00f3jicamente por el conformismo de muchas de ellas.\n<script async=\"\" src=\"\/\/pagead2.googlesyndication.com\/pagead\/js\/adsbygoogle.js\"><\/script>\n<!-- Entre_entrada -->\n<ins class=\"adsbygoogle\" style=\"display: inline-block; width: 300px; height: 250px;\" data-ad-client=\"ca-pub-2391984088922199\" data-ad-slot=\"5826215141\"><\/ins>\n<script>\n(adsbygoogle = window.adsbygoogle || []).push({});\n<\/script>\n<strong>El recurso de enlazar a Lavinia con la guerrera ind\u00edgena Itz\u00e1, tiene sentido desde el punto de vista del car\u00e1cter feminista y el compromiso con la lucha por la liberaci\u00f3n de los opresores: anta\u00f1o los espa\u00f1oles, en el presente un gobierno dictatorial. Presente y pasado se unen para mostrar que a pesar del tiempo la situaci\u00f3n en Latinoam\u00e9rica es un eterno retorno y la muerte enlaza definitivamente a las dos protagonista del ayer y el hoy: Lavinia e Itz\u00e1, en una perpetua lucha por la liberaci\u00f3n.<\/strong>\n<\/pre>\n<p align=\"left\"><a href=\"https:\/\/www.taller-palabras.com\/WordPress_04\/?product=la-mujer-habitada-gioconda-belli-ebook\">Adquiere un ejemplar<\/a><\/p>\n\n\n<p><\/p>\n","protected":false},"excerpt":{"rendered":"<p>Adquiere un ejemplar Esta novela de Gioconda Belli es m\u00e1s que una novela. Es un canto a la vida y una defensa a ultranza de la libertad. La l\u00edrica no est\u00e1 ausente, c\u00f3mo podr\u00eda estarlo trat\u00e1ndose de Gioconda Belli cuya trayectoria en la poes\u00eda es m\u00e1s que innegable, apabullante. En la mujer habitada logra concatenar &hellip; <a href=\"https:\/\/www.taller-palabras.com\/WordPress_05\/?p=128\" class=\"more-link\">Seguir leyendo <span class=\"screen-reader-text\">La mujer habitada \u2013 Gioconda Belli<\/span> <span class=\"meta-nav\">&rarr;<\/span><\/a><\/p>\n","protected":false},"author":1,"featured_media":0,"comment_status":"open","ping_status":"open","sticky":false,"template":"","format":"standard","meta":[],"categories":[1],"tags":[34,133,132,49,12,80],"_links":{"self":[{"href":"https:\/\/www.taller-palabras.com\/WordPress_05\/index.php?rest_route=\/wp\/v2\/posts\/128"}],"collection":[{"href":"https:\/\/www.taller-palabras.com\/WordPress_05\/index.php?rest_route=\/wp\/v2\/posts"}],"about":[{"href":"https:\/\/www.taller-palabras.com\/WordPress_05\/index.php?rest_route=\/wp\/v2\/types\/post"}],"author":[{"embeddable":true,"href":"https:\/\/www.taller-palabras.com\/WordPress_05\/index.php?rest_route=\/wp\/v2\/users\/1"}],"replies":[{"embeddable":true,"href":"https:\/\/www.taller-palabras.com\/WordPress_05\/index.php?rest_route=%2Fwp%2Fv2%2Fcomments&post=128"}],"version-history":[{"count":27,"href":"https:\/\/www.taller-palabras.com\/WordPress_05\/index.php?rest_route=\/wp\/v2\/posts\/128\/revisions"}],"predecessor-version":[{"id":3230,"href":"https:\/\/www.taller-palabras.com\/WordPress_05\/index.php?rest_route=\/wp\/v2\/posts\/128\/revisions\/3230"}],"wp:attachment":[{"href":"https:\/\/www.taller-palabras.com\/WordPress_05\/index.php?rest_route=%2Fwp%2Fv2%2Fmedia&parent=128"}],"wp:term":[{"taxonomy":"category","embeddable":true,"href":"https:\/\/www.taller-palabras.com\/WordPress_05\/index.php?rest_route=%2Fwp%2Fv2%2Fcategories&post=128"},{"taxonomy":"post_tag","embeddable":true,"href":"https:\/\/www.taller-palabras.com\/WordPress_05\/index.php?rest_route=%2Fwp%2Fv2%2Ftags&post=128"}],"curies":[{"name":"wp","href":"https:\/\/api.w.org\/{rel}","templated":true}]}}