{"id":133,"date":"2014-06-02T17:29:03","date_gmt":"2014-06-02T20:29:03","guid":{"rendered":"http:\/\/leyendo.taller-palabras.com\/?p=133"},"modified":"2020-06-01T15:22:55","modified_gmt":"2020-06-01T18:22:55","slug":"palida-luz-en-las-colinas-kasuo-ishiguro","status":"publish","type":"post","link":"https:\/\/www.taller-palabras.com\/WordPress_05\/?p=133","title":{"rendered":"P\u00e1lida luz en las colinas \u2013 Kasu\u00f3 Ishiguro"},"content":{"rendered":"<p align=\"left\"><a href=\"https:\/\/www.taller-palabras.com\/WordPress_04\/?product=palida-luz-en-las-colinas-kazuo-ishiguro-ebook\">Adquiere un ejemplar<\/a><\/p>\n<pre><img decoding=\"async\" loading=\"lazy\" class=\"alignleft size-thumbnail wp-image-169\" src=\"https:\/\/www.taller-palabras.com\/WordPress_05\/\/wp-content\/uploads\/2014\/06\/palida_luz_en_las_colinas_4.jpg\" alt=\"palidaluzenlascolinas\" width=\"100\" height=\"211\"><strong>Una prosa suave, serena y profunda. Una habilidad sorprendente para mostrar mucho sin decir nada. Me encant\u00f3 porque en esa ida y vuelta al pasado Ishiguro tambi\u00e9n nos muestra t\u00e9cnicamente lo se puede hacer en esos casos.<\/strong> Como muchas veces vemos en el<a href=\"https:\/\/www.taller-palabras.com\" target=\"_blank\" rel=\"noopener noreferrer\"> Taller Literario,<\/a> espacios activos, cambio de cap\u00edtulos y sobre todo introductores de tiempo que ubican inmediatamente al lector en el tiempo que se va narrando.\n<script async=\"\" src=\"\/\/pagead2.googlesyndication.com\/pagead\/js\/adsbygoogle.js\"><\/script>\n<!-- adaptable_texto -->\n<ins class=\"adsbygoogle\" style=\"display: block;\" data-ad-client=\"ca-pub-2391984088922199\" data-ad-slot=\"6200009149\" data-ad-format=\"auto\"><\/ins>\n<script>\n(adsbygoogle = window.adsbygoogle || []).push({});\n<\/script>\nPor un lado la tem\u00e1tica en s\u00ed que habla de diferencias. Diferencia entre las generaciones, diferencia entre las culturas (japonesa y estadounidense principalmente) marcada diferencia entre las clases sociales en el mismo Jap\u00f3n despu\u00e9s de la guerra. Es una pintura maravillosa de las tradiciones que van muriendo en el Jap\u00f3n de postguerra y que entrevista como a trav\u00e9s de una neblina nos llega desde los recuerdos de Etzuko, la protagonista. El estilo en general me recuerda a esas acuarelas japonesas donde los trazos sutiles van armando una escena total con la magia de lo velado. Es decir, en el libro los silencios son lo m\u00e1s importante. Lo que no se dice, dice m\u00e1s que lo manifestado. As\u00ed por ejemplo Etzuko deja en suspenso muchos detalles de su vida que en realidad son importantes solo de manera subjetiva, para ella misma. Pero, lo que ha querido mostrar Ishiguro es no tanto lo individual, sino lo colectivo de un Jap\u00f3n de postguerra, de c\u00f3mo en forma global la vida de los japoneses se va acomodando al nuevo ritmo y de c\u00f3mo las tradiciones van cediendo paso (muy a pesar de los ancianos) a una vida totalmente diferente... mejor? peor?... solo el tiempo podr\u00e1 decirlo y eso tambi\u00e9n lo sugiere Ishiguro con ese esfuerzo de adaptaci\u00f3n de Etzuko por comprender a su hija Niki, revelado al final de la novela. El personaje principal y eje de toda la historia es sin lugar a dudas Etzuko. Desde ella se presentan y desarrollan las diferentes escenas, la mayor\u00eda como evocaci\u00f3n de un pasado. Desde ese pasado llegan como personajes secundarios Ogata-San o Jiro suegro y exmarido de la protagonista. Ellos sostienen el engranaje de los conflictos de post-guerra y articulan un buen n\u00famero de situaciones de enfrentamientos generacionales que es otro de los temas de importancia dentro de la novela. Desde ese pasado est\u00e1n tambi\u00e9n Sachiko y Mariko, \u00e9stas funcionan a manera de espejo y de alguna manera Etzuko las evoca en su presente como una forma indirecta de contar su propia vida. Es decir Mariko y Sachiko son de alguna manera los alter ego de Etzuko y Keiko. Finalmente instaladas en el presente de la narraci\u00f3n aparecen las dos hijas de Etzuko, Keiko que acaba de suicidarse reci\u00e9n comenzada la historia y que de alguna manera nos muestra una de las caras y\/o consecuencias de la guerra y Niki. Niki es un personaje secundario pero de alguna manera trascendental en tanto y cuanto es la otra cara de la post guerra y el resultado de lo que desde su pasado Etzuko se planteaba como ese cambio que se avecinaba y al cual tanto ella como el resto de sus cong\u00e9neres no pod\u00edan negarse pero s\u00ed sufrirlo. Un cambio que como todos planteaba la incertidumbre. Un cambio inevitable que en la vida de Etzuko mostrar\u00eda con tajante crueldad esas dos caras: por un lado el cambio traer\u00eda aparejada la muerte (Keiko) y por el otro una adaptaci\u00f3n, un vivir entre dos culturas, representada en el presente por Niki. La t\u00e9cnica que Ishiguro utiliza para mostrar a sus personajes es potente, y est\u00e1 basada en una perfecta caracterizaci\u00f3n psicol\u00f3gica, el uso de los di\u00e1logos (que abundan en toda la historia) colabora justamente a que el personaje muestre su forma de ser, su psicolog\u00eda, sin necesidad de apelar a interpretaciones desde una tercera persona que casi siempre objetivizan y no brindan el sentir directo del personaje en cuesti\u00f3n.\n<script async=\"\" src=\"\/\/pagead2.googlesyndication.com\/pagead\/js\/adsbygoogle.js\"><\/script>\n<!-- Entre_entrada -->\n<ins class=\"adsbygoogle\" style=\"display: inline-block; width: 300px; height: 250px;\" data-ad-client=\"ca-pub-2391984088922199\" data-ad-slot=\"5826215141\"><\/ins>\n<script>\n(adsbygoogle = window.adsbygoogle || []).push({});\n<\/script>\n <a href=\"https:\/\/www.taller-palabras.com\/WordPress_05\/\/wp-content\/uploads\/2014\/06\/Ishiguro.jpeg\"><img decoding=\"async\" loading=\"lazy\" class=\"alignleft size-thumbnail wp-image-136\" src=\"https:\/\/www.taller-palabras.com\/WordPress_05\/\/wp-content\/uploads\/2014\/06\/Ishiguro.jpeg\" alt=\"Ishiguro\" width=\"170\" height=\"190\"><\/a>Una historia despojada de sentimentalismos in\u00fatiles aunque plagada de sentimientos profundos y por eso le saco el sombrero a Ishiguro que sin caer en el melodrama nos supo mostrar el drama m\u00e1s fuerte, el que se experimenta dentro del alma y se lleva a cuestas hasta la muerte. Un libro atrayente y ese estilo atrapante de Ishiguro que convierte a P\u00e1lida luz sobre las colinas en una historia que lejos de alejarnos del dolor diario nos lo muestra y nos dice que a\u00fan con el dolor se puede seguir adelante.\n<\/pre>\n<p align=\"left\"><a href=\"https:\/\/www.taller-palabras.com\/WordPress_04\/?product=palida-luz-en-las-colinas-kazuo-ishiguro-ebook\">Adquiere un ejemplar<\/a><\/p>\n","protected":false},"excerpt":{"rendered":"<p>Adquiere un ejemplar Una prosa suave, serena y profunda. Una habilidad sorprendente para mostrar mucho sin decir nada. Me encant\u00f3 porque en esa ida y vuelta al pasado Ishiguro tambi\u00e9n nos muestra t\u00e9cnicamente lo se puede hacer en esos casos. Como muchas veces vemos en el Taller Literario, espacios activos, cambio de cap\u00edtulos y sobre &hellip; <a href=\"https:\/\/www.taller-palabras.com\/WordPress_05\/?p=133\" class=\"more-link\">Seguir leyendo <span class=\"screen-reader-text\">P\u00e1lida luz en las colinas \u2013 Kasu\u00f3 Ishiguro<\/span> <span class=\"meta-nav\">&rarr;<\/span><\/a><\/p>\n","protected":false},"author":1,"featured_media":0,"comment_status":"open","ping_status":"open","sticky":false,"template":"","format":"standard","meta":[],"categories":[1],"tags":[34,131,49,12,130,80],"_links":{"self":[{"href":"https:\/\/www.taller-palabras.com\/WordPress_05\/index.php?rest_route=\/wp\/v2\/posts\/133"}],"collection":[{"href":"https:\/\/www.taller-palabras.com\/WordPress_05\/index.php?rest_route=\/wp\/v2\/posts"}],"about":[{"href":"https:\/\/www.taller-palabras.com\/WordPress_05\/index.php?rest_route=\/wp\/v2\/types\/post"}],"author":[{"embeddable":true,"href":"https:\/\/www.taller-palabras.com\/WordPress_05\/index.php?rest_route=\/wp\/v2\/users\/1"}],"replies":[{"embeddable":true,"href":"https:\/\/www.taller-palabras.com\/WordPress_05\/index.php?rest_route=%2Fwp%2Fv2%2Fcomments&post=133"}],"version-history":[{"count":47,"href":"https:\/\/www.taller-palabras.com\/WordPress_05\/index.php?rest_route=\/wp\/v2\/posts\/133\/revisions"}],"predecessor-version":[{"id":3211,"href":"https:\/\/www.taller-palabras.com\/WordPress_05\/index.php?rest_route=\/wp\/v2\/posts\/133\/revisions\/3211"}],"wp:attachment":[{"href":"https:\/\/www.taller-palabras.com\/WordPress_05\/index.php?rest_route=%2Fwp%2Fv2%2Fmedia&parent=133"}],"wp:term":[{"taxonomy":"category","embeddable":true,"href":"https:\/\/www.taller-palabras.com\/WordPress_05\/index.php?rest_route=%2Fwp%2Fv2%2Fcategories&post=133"},{"taxonomy":"post_tag","embeddable":true,"href":"https:\/\/www.taller-palabras.com\/WordPress_05\/index.php?rest_route=%2Fwp%2Fv2%2Ftags&post=133"}],"curies":[{"name":"wp","href":"https:\/\/api.w.org\/{rel}","templated":true}]}}