{"id":1590,"date":"2014-12-07T18:02:09","date_gmt":"2014-12-07T21:02:09","guid":{"rendered":"http:\/\/leyendo.taller-palabras.com\/?p=1590"},"modified":"2020-06-01T13:12:41","modified_gmt":"2020-06-01T16:12:41","slug":"el-prisionero-del-cielo-carlos-ruiz-zafon","status":"publish","type":"post","link":"https:\/\/www.taller-palabras.com\/WordPress_05\/?p=1590","title":{"rendered":"El prisionero del cielo \u2013 Carlos Ruiz Zaf\u00f3n"},"content":{"rendered":"<p align=\"left\"><a href=\"https:\/\/www.taller-palabras.com\/WordPress_04\/?product=el-prisionero-del-cielo-carlos-ruiz-zafon-ebook\">Adquiere un ejemplar<\/a><\/p>\n<pre><img decoding=\"async\" loading=\"lazy\" class=\"alignleft  wp-image-860\" src=\"https:\/\/www.taller-palabras.com\/WordPress_05\/\/wp-content\/uploads\/2014\/12\/El-Prisionero-del-Cielo_tapa.jpg\" alt=\"El prisionero del cielo\" width=\"100\" height=\"181\"><strong>Antes de recuperar la cordura y con ella algo de objetividad, me dejo flotar en las claras aguas de un manantial de sensaciones encontradas. Acabo de leer El prisionero del cielo de Carlos Ruiz Zaf\u00f3n.\nComo un experimentado ilusionista, Zaf\u00f3n siempre logra dejarme un sabor a poco y una idea de mucho. Inevitablemente, luego de cada novela suya, es como si necesitara m\u00e1s, y a la vez es tanto lo acumulado que es necesario tomarme al menos unos minutos para recuperar la lucidez, y entender, y saber por d\u00f3nde empezar.<\/strong>\n<script async=\"\" src=\"\/\/pagead2.googlesyndication.com\/pagead\/js\/adsbygoogle.js\"><\/script>\n<!-- adaptable_texto -->\n<ins class=\"adsbygoogle\" style=\"display: block;\" data-ad-client=\"ca-pub-2391984088922199\" data-ad-slot=\"6200009149\" data-ad-format=\"auto\"><\/ins>\n<script>\n(adsbygoogle = window.adsbygoogle || []).push({});\n<\/script>\nEl prisionero del cielo, es la 3\u00ba entrega que completa la trilog\u00eda de El Cementerio de los libros olvidados. Si bien cada libro: La sombra del viento, El juego del \u00c1ngel y El prisionero del cielo, pueden leerse de forma independiente y sin un orden determinado, recomiendo el orden en que los he enumerado y en que se han presentado al p\u00fablico.\nUna historia completa la otra, \u00e9sta reclama su anterior y la \u00faltima cierra un c\u00edrculo perfecto en su redondez que a pesar de rematarse, deja la puerta abierta para justificar ese gusto a poco que sigue rond\u00e1ndome a pesar de haber reposado un instante despu\u00e9s del punto final.\n\n<strong><em>- \u00bfEst\u00e1s bien Daniel?\n\u00c9l la mira largamente y sonr\u00ede.\n- Te quiero \u2013 dice y la besa sabiendo que la historia, su historia, no ha terminado.\nAcaba de empezar<\/em>.<\/strong>\n\n<img decoding=\"async\" loading=\"lazy\" class=\"alignleft  wp-image-866\" src=\"https:\/\/www.taller-palabras.com\/WordPress_05\/\/wp-content\/uploads\/2014\/12\/el-prisionero-del-cielo_autor.jpg\" alt=\"Autor\" width=\"180\" height=\"185\">Con estas palabras el autor se despide de la trilog\u00eda y nos deja la esperanza abierta \u00bfse convertir\u00e1 en una saga? \u00bfAl tercero le sobrevendr\u00e1n m\u00e1s?\nPor ahora el c\u00edrculo se cierra con este 3\u00ba libro donde Carlos Ruiz Zaf\u00f3n retoma y cuenta y completa la historia de Ferm\u00edn, un perseguido pol\u00edtico con una personalidad que roba el alma del lector y un secreto que la novela ir\u00e1 desentra\u00f1ando para que este personaje se convierta en uno de los m\u00e1s inolvidables de la literatura de todos los tiempos.\nFerm\u00edn aparece en el primero de los libros que inauguran la trilog\u00eda: La sombra del viento. Es el amigo incondicional de Daniel Sempere. Esa amistad que conocemos en La sombra del viento se retoma en El prisionero del cielo para comprobar que luego de algunos a\u00f1os no ha hecho m\u00e1s que consolidarse, y p\u00e1gina tras p\u00e1gina tambi\u00e9n terminar\u00e1 por justificarse m\u00e1s all\u00e1 del sentimiento l\u00f3gico de toda amistad.\nAdelantar la tem\u00e1tica de una novela me parece de mal gusto y en este caso ser\u00eda un triple mal gusto porque adelantar el contenido de esta historia ser\u00eda adelantar contenidos de las otras dos que la preceden. Me limito entonces desde una postura poco ortodoxa a recomendarles que aborden las primeras p\u00e1ginas porque, seguramente, ser\u00e1n arrastrados a completar la trama de las tres con El prisionero del cielo y descubrir\u00e1n por ustedes mismos el demoledor placer de su lectura.\n\nHa dicho el Diario El Mundo:\n\n<em>\u201cLas p\u00e1ginas de Ruiz Zaf\u00f3n ensimisman durante dos d\u00edas a cuantos deciden leerlas. El talento narrativo de este hombre arrasa\u201d<\/em>\n\nY justamente dos d\u00edas fueron los que me llevaron la lectura de El prisionero del cielo y justamente fui arrasada por tercera vez consecutiva por una narrativa que corta el aliento.\nLa facilidad con que se leen las historias de Zaf\u00f3n deriva de una prosa amena, \u00e1gil, plena de humor, un manejo h\u00e1bil y certero del coloquial; encontramos en sus p\u00e1ginas el claro ejemplo que siempre intento que los talleristas del <a title=\"Taller Literario Palabras\" href=\"https:\/\/www.taller-palabras.com\" target=\"_blank\" rel=\"noopener noreferrer\">Taller de escritura <\/a>lleven a la pr\u00e1ctica.\nEl lenguaje coloquial es el empleo de un lenguaje semejante al oral dentro de un contexto literario informal, familiar y distendido, con vocablos caracterizados por su uso com\u00fan, frecuente y directo que se alejan de todo tipo de ret\u00f3rica y, en cierta medida, de la norma culta.\nEl lenguaje coloquial es el que, independientemente del contexto general de una obra, se utiliza para transmitir un mensaje de la forma m\u00e1s directa y menos grandilocuente posible.\n\n<script type=\"text\/javascript\" src=\"\/\/pagead2.googlesyndication.com\/pagead\/js\/adsbygoogle.js\" async=\"\"><\/script><!-- Entre_entrada --> <ins class=\"adsbygoogle\" style=\"display: inline-block; width: 300px; height: 250px;\" data-ad-client=\"ca-pub-2391984088922199\" data-ad-slot=\"5826215141\"><\/ins><script type=\"text\/javascript\">\/\/ <![CDATA[\n(adsbygoogle = window.adsbygoogle || []).push({});\n\/\/ ]]><\/script>\n\nPodemos decir que es la variedad m\u00e1s utilizada de la lengua y se caracteriza, en general, por ser espont\u00e1nea, relajada y expresiva.\nCarlos Zaf\u00f3n completa el combo con una cascada de im\u00e1genes sugerentes, dentro de un escenario que avasalla: la ciudad de Barcelona que  por momentos es un personaje m\u00e1s que aprisiona, detiene, contiene y arrastra hasta las canaletas m\u00e1s profundas, hacia las cuales nos dejamos arrastrar convencidos de que empaparnos de lo bello y de lo misterioso, de lo aterrador y de lo deslumbrante de esa ciudad nos llevar\u00e1 a entender un poco mejor porque Zaf\u00f3n nos arrasa.\n<\/pre>\n<p align=\"left\"><a href=\"https:\/\/www.taller-palabras.com\/WordPress_04\/?product=el-prisionero-del-cielo-carlos-ruiz-zafon-ebook\">Adquiere un ejemplar<\/a><\/p>\n","protected":false},"excerpt":{"rendered":"<p>Adquiere un ejemplar Antes de recuperar la cordura y con ella algo de objetividad, me dejo flotar en las claras aguas de un manantial de sensaciones encontradas. Acabo de leer El prisionero del cielo de Carlos Ruiz Zaf\u00f3n. Como un experimentado ilusionista, Zaf\u00f3n siempre logra dejarme un sabor a poco y una idea de mucho. &hellip; <a href=\"https:\/\/www.taller-palabras.com\/WordPress_05\/?p=1590\" class=\"more-link\">Seguir leyendo <span class=\"screen-reader-text\">El prisionero del cielo \u2013 Carlos Ruiz Zaf\u00f3n<\/span> <span class=\"meta-nav\">&rarr;<\/span><\/a><\/p>\n","protected":false},"author":1,"featured_media":0,"comment_status":"open","ping_status":"open","sticky":false,"template":"","format":"standard","meta":[],"categories":[1],"tags":[98,34,97,49,12,80],"_links":{"self":[{"href":"https:\/\/www.taller-palabras.com\/WordPress_05\/index.php?rest_route=\/wp\/v2\/posts\/1590"}],"collection":[{"href":"https:\/\/www.taller-palabras.com\/WordPress_05\/index.php?rest_route=\/wp\/v2\/posts"}],"about":[{"href":"https:\/\/www.taller-palabras.com\/WordPress_05\/index.php?rest_route=\/wp\/v2\/types\/post"}],"author":[{"embeddable":true,"href":"https:\/\/www.taller-palabras.com\/WordPress_05\/index.php?rest_route=\/wp\/v2\/users\/1"}],"replies":[{"embeddable":true,"href":"https:\/\/www.taller-palabras.com\/WordPress_05\/index.php?rest_route=%2Fwp%2Fv2%2Fcomments&post=1590"}],"version-history":[{"count":19,"href":"https:\/\/www.taller-palabras.com\/WordPress_05\/index.php?rest_route=\/wp\/v2\/posts\/1590\/revisions"}],"predecessor-version":[{"id":3158,"href":"https:\/\/www.taller-palabras.com\/WordPress_05\/index.php?rest_route=\/wp\/v2\/posts\/1590\/revisions\/3158"}],"wp:attachment":[{"href":"https:\/\/www.taller-palabras.com\/WordPress_05\/index.php?rest_route=%2Fwp%2Fv2%2Fmedia&parent=1590"}],"wp:term":[{"taxonomy":"category","embeddable":true,"href":"https:\/\/www.taller-palabras.com\/WordPress_05\/index.php?rest_route=%2Fwp%2Fv2%2Fcategories&post=1590"},{"taxonomy":"post_tag","embeddable":true,"href":"https:\/\/www.taller-palabras.com\/WordPress_05\/index.php?rest_route=%2Fwp%2Fv2%2Ftags&post=1590"}],"curies":[{"name":"wp","href":"https:\/\/api.w.org\/{rel}","templated":true}]}}