{"id":1926,"date":"2015-03-15T14:14:01","date_gmt":"2015-03-15T17:14:01","guid":{"rendered":"http:\/\/leyendo.taller-palabras.com\/?p=1926"},"modified":"2020-06-01T12:47:53","modified_gmt":"2020-06-01T15:47:53","slug":"la-historia-del-loco-john-katzenbach","status":"publish","type":"post","link":"https:\/\/www.taller-palabras.com\/WordPress_05\/?p=1926","title":{"rendered":"La historia del loco &#8211; John Katzenbach"},"content":{"rendered":"<p align=\"left\"><a href=\"https:\/\/www.taller-palabras.com\/WordPress_04\/?product=la-historia-del-loco-john-katzenbach-ebook\" target=\"_blank\" rel=\"noopener noreferrer\">Adquiere un ejemplar<\/a><\/p>\n<pre><img decoding=\"async\" loading=\"lazy\" class=\"alignleft wp-image-1500\" src=\"\nhttps:\/\/www.taller-palabras.com\/WordPress_05\/\/wp-content\/uploads\/2015\/03\/LaHistoriadelLoco_Tapa.jpg\" alt=\"\" width=\"100\" height=\"215\"><strong><em>\u201cAqu\u00ed todos tenemos miedo, miedo de lo que hay en nuestro interior, miedo de lo que hay en el interior de los dem\u00e1s, miedo de lo que hay fuera.\u201d<\/em><\/strong>\n<script async=\"\" src=\"\/\/pagead2.googlesyndication.com\/pagead\/js\/adsbygoogle.js\"><\/script>\n<!-- Adaptable -->\n<ins class=\"adsbygoogle\" style=\"display: block;\" data-ad-client=\"ca-pub-2391984088922199\" data-ad-slot=\"9742231549\" data-ad-format=\"auto\"><\/ins>\n<script>\n(adsbygoogle = window.adsbygoogle || []).push({});\n<\/script>\nJohn Katzenbach posee una larga trayectoria como periodista especializado en temas judiciales, trabajo que ha ido compaginando con la escritura. No es la primera vez que nos sorprende con una historia donde la psicolog\u00eda forma parte de una impecable trama policial que logra atraparnos por ambas razones desde un comienzo. \nMi primer acercamiento a este autor fue con su novela d \u201cEl psicoanalista\u201d, un thriller psicol\u00f3gico y la novela m\u00e1s exitosa de John Katzenbach. Ese primer contacto con sus palabras no puede resumirse diciendo simplemente que me atrap\u00f3, porque adem\u00e1s me conquist\u00f3 y me subyug\u00f3, a tal punto que  pr\u00e1cticamente no pude dejar el libro hasta culminar con palabra final.  \nA El psicoanalista siguieron otros \u00e9xitos editoriales como Juicio final, Retrato en sangre, La sombra, Un asunto pendiente.  La historia del loco fue publicado por primera vez en el a\u00f1o 2004 y aunque reci\u00e9n en el 2015 acced\u00ed a su lectura no puedo quejarme del tiempo perdido porque ley\u00e9ndolo lo he recuperado con creces. \nJohn Katzenbach es sin duda un maestro del thiller de suspenso y sus incursiones en la psiquis de sus personajes los hace no solo m\u00e1s cercanos a nuestra cotidianeidad sino que nos acerca tambi\u00e9n problem\u00e1ticas muy modernas como en el caso de Historia de un loco: la esquizofrenia.\nLa esquizofrenia es un diagn\u00f3stico psiqui\u00e1trico que se utiliza para personas con un grupo de trastornos mentales cr\u00f3nicos y graves, caracterizado a menudo por conductas que resultan an\u00f3malas para la comunidad, entre ellas, falta de percepci\u00f3n de la realidad, alteraciones en la percepci\u00f3n o en la expresi\u00f3n de la alteraci\u00f3n de la realidad. La esquizofrenia causa adem\u00e1s un cambio mantenido en varios aspectos del funcionamiento ps\u00edquico del individuo, principalmente de la conciencia de realidad, y una desorganizaci\u00f3n neuropsicol\u00f3gica m\u00e1s o menos compleja, en especial de las funciones ejecutivas, que lleva a una dificultad para mantener conductas motivadas y dirigidas a metas, y una significativa disfunci\u00f3n social. Entre los s\u00edntomas frecuentes est\u00e1n las creencias falsas, un pensamiento poco definido o confuso, alucinaciones auditivas, reducci\u00f3n de las actividades de relaci\u00f3n y de la expresi\u00f3n de emociones, e inactividad.\n\n<img decoding=\"async\" loading=\"lazy\" class=\"alignleft  wp-image-1501\" src=\"https:\/\/www.taller-palabras.com\/WordPress_05\/\/wp-content\/uploads\/2015\/03\/LaHistoriadelLoco_autor.jpg\" alt=\"\" width=\"180\" height=\"250\">\nEl libro narra la historia de Francis Petrel, conocido por los compa\u00f1eros del Westenr State Hospital (WSH), como \"Pajarillo\"; Su historia cl\u00ednica es simple: escucha voces. \nVulgarmente hablar\u00edamos de Pajarillo como un loco o un esquizoide. Pero, desprovistos de toda alusi\u00f3n calificativa o de cualquier postura acad\u00e9mica Katzenbach lo muestra de manera asombrosamente simple y sobre todo desde el punto de vista del protagonista no desde la altura acad\u00e9mica del profesional. Francis posee una l\u00f3gica precisa y m\u00e1s certera que un hombre considerado cuerdo. \u00bfPuede entonces un hombre con las facultades mentales alteradas, convertirse en un h\u00e9roe, un investigador, un fil\u00f3sofo e inclusive un salvador? Y John Katzenbach es el responsable de que sus lectores respondamos afirmativamente a todos esos interrogantes. \n\n<em>Cog\u00ed una silla algo ara\u00f1ada y ra\u00edda y la situ\u00e9 contra la pared, al fondo de la habitaci\u00f3n. Aunque no ten\u00eda papel, si tenia unas paredes desnudas pintadas en blanco. Si manten\u00eda el equilibrio sobre la silla, pod\u00eda llegar hasta casi el techo. Agarre un l\u00e1piz y escrib\u00ed deprisa, con letra peque\u00f1a, comprimida pero legible:  \n\"Francis Xavier Petrel llego llorando al Hospital Estatal Western en una ambulancia. Llov\u00eda con intensidad, anochec\u00eda de prisa, y ten\u00eda los brazos y las piernas atados. Con solo veinti\u00fan a\u00f1os, estaba mas asustado de lo que hab\u00eda estado en su corta y hasta entonces relativamente mon\u00f3tona vida...\" .\n<\/em>\nFrancis en primera persona a medida que llena las paredes de su cuarto va narrando su historia. Paro una segunda voz en tercera persona omnisciente completa aquellos baches que la subjetividad de Francis (Pajarillo) se ve impedido de abordar. Brotan entonces de la historia personajes como Peter, \u201cel Bombero\u201d o Cleo o Napole\u00f3n que desde su aparente desconexi\u00f3n con la realidad est\u00e1n conectados con un mundo mucho m\u00e1s sensible y cercano al alma que los simples mortales que se consideran cuerdos.\n\u00bfC\u00f3mo lo logra? Con algunas de estas frases que en boca de Francis son m\u00e1s bien un tratado filos\u00f3fico que la confesi\u00f3n de un loco:\n<em>\n\u201cUna de las cosas que aprend\u00ed en mis a\u00f1os de mayor locura fue que uno pod\u00eda estar en una habitaci\u00f3n, con paredes, ventanas con barrotes y puertas cerradas con llave, rodeado de otras personas locas, o incluso metido en una celda de aislamiento a solas, sin que esa fuera, de hecho, la habitaci\u00f3n en que uno estaba. La habitaci\u00f3n que uno ocupaba de verdad la compon\u00edan la memoria, las relaciones y los acontecimientos, toda clase de fuerzas invisibles. A veces delirios. A veces alucinaciones. A veces deseos. A veces sue\u00f1os y esperanzas o ambici\u00f3n. A veces rabia Eso era lo importante: reconocer siempre donde estaban las paredes reales.\u201d<\/em>\n\n<script type=\"text\/javascript\" src=\"\/\/pagead2.googlesyndication.com\/pagead\/js\/adsbygoogle.js\" async=\"\"><\/script><!-- Entre_entrada --> <ins class=\"adsbygoogle\" style=\"display: inline-block; width: 300px; height: 250px;\" data-ad-client=\"ca-pub-2391984088922199\" data-ad-slot=\"5826215141\"><\/ins><script type=\"text\/javascript\">\/\/ <![CDATA[\n(adsbygoogle = window.adsbygoogle || []).push({});\n\/\/ ]]><\/script>\n\nEs notoria y asombrosa la empat\u00eda que el autor provoca entre lector y personajes. Sin lugar a dudas Katzenbach es un maestro del g\u00e9nero y esa cuota psicoanal\u00edtica que sabe imprimir a sus actores deja una huella imborrable en la mente de todo lector que se anime a entrar en esos mundos que no son tan ajenos a la cotidianeidad como imaginamos. \nNo todos los locos est\u00e1n dentro ni todos los cuerdos est\u00e1n fuera. \u00bfUna met\u00e1fora? \u00bfUna analog\u00eda con la vida misma?\nQueda en tus manos lector llegar hasta el final de la historia y sacar tus propias conclusiones.\n<\/pre>\n<p align=\"left\"><a href=\"https:\/\/www.taller-palabras.com\/WordPress_04\/?product=la-historia-del-loco-john-katzenbach-ebook\" target=\"_blank\" rel=\"noopener noreferrer\">Adquiere un ejemplar<\/a><\/p>\n","protected":false},"excerpt":{"rendered":"<p>Adquiere un ejemplar \u201cAqu\u00ed todos tenemos miedo, miedo de lo que hay en nuestro interior, miedo de lo que hay en el interior de los dem\u00e1s, miedo de lo que hay fuera.\u201d John Katzenbach posee una larga trayectoria como periodista especializado en temas judiciales, trabajo que ha ido compaginando con la escritura. No es la &hellip; <a href=\"https:\/\/www.taller-palabras.com\/WordPress_05\/?p=1926\" class=\"more-link\">Seguir leyendo <span class=\"screen-reader-text\">La historia del loco &#8211; John Katzenbach<\/span> <span class=\"meta-nav\">&rarr;<\/span><\/a><\/p>\n","protected":false},"author":1,"featured_media":0,"comment_status":"open","ping_status":"open","sticky":false,"template":"","format":"standard","meta":[],"categories":[1],"tags":[34,90,89,49,12,80],"_links":{"self":[{"href":"https:\/\/www.taller-palabras.com\/WordPress_05\/index.php?rest_route=\/wp\/v2\/posts\/1926"}],"collection":[{"href":"https:\/\/www.taller-palabras.com\/WordPress_05\/index.php?rest_route=\/wp\/v2\/posts"}],"about":[{"href":"https:\/\/www.taller-palabras.com\/WordPress_05\/index.php?rest_route=\/wp\/v2\/types\/post"}],"author":[{"embeddable":true,"href":"https:\/\/www.taller-palabras.com\/WordPress_05\/index.php?rest_route=\/wp\/v2\/users\/1"}],"replies":[{"embeddable":true,"href":"https:\/\/www.taller-palabras.com\/WordPress_05\/index.php?rest_route=%2Fwp%2Fv2%2Fcomments&post=1926"}],"version-history":[{"count":17,"href":"https:\/\/www.taller-palabras.com\/WordPress_05\/index.php?rest_route=\/wp\/v2\/posts\/1926\/revisions"}],"predecessor-version":[{"id":3150,"href":"https:\/\/www.taller-palabras.com\/WordPress_05\/index.php?rest_route=\/wp\/v2\/posts\/1926\/revisions\/3150"}],"wp:attachment":[{"href":"https:\/\/www.taller-palabras.com\/WordPress_05\/index.php?rest_route=%2Fwp%2Fv2%2Fmedia&parent=1926"}],"wp:term":[{"taxonomy":"category","embeddable":true,"href":"https:\/\/www.taller-palabras.com\/WordPress_05\/index.php?rest_route=%2Fwp%2Fv2%2Fcategories&post=1926"},{"taxonomy":"post_tag","embeddable":true,"href":"https:\/\/www.taller-palabras.com\/WordPress_05\/index.php?rest_route=%2Fwp%2Fv2%2Ftags&post=1926"}],"curies":[{"name":"wp","href":"https:\/\/api.w.org\/{rel}","templated":true}]}}