{"id":2710,"date":"2020-04-20T17:09:42","date_gmt":"2020-04-20T20:09:42","guid":{"rendered":"https:\/\/www.taller-palabras.com\/WordPress_05\/?p=2710"},"modified":"2020-06-01T11:06:58","modified_gmt":"2020-06-01T14:06:58","slug":"lluvia-fina-luis-landero-ebook","status":"publish","type":"post","link":"https:\/\/www.taller-palabras.com\/WordPress_05\/?p=2710","title":{"rendered":"Lluvia fina &#8211; Luis Landero"},"content":{"rendered":"\n<p align=\"left\"><a href=\"https:\/\/www.taller-palabras.com\/WordPress_04\/?product=lluvia-fina-luis-landero-ebook\" target=\"_blank\" rel=\"noopener noreferrer\">Adquiere un ejemplar<\/a><\/p>\n\n<pre><img decoding=\"async\" loading=\"lazy\" class=\"alignleft wp-image-1500\" src=\"\nhttps:\/\/www.taller-palabras.com\/WordPress_05\/wp-content\/uploads\/2020\/04\/Lluvia-Fina.jpg\" alt=\"\" width=\"100\" height=\"215\"><strong>Las palabras no son inocentes. Pueden construir nuevos mundos o destruir ese mundo en que vivimos. Las palabras son el lenguaje de cada d\u00eda y el lenguaje es el espejo del pensamiento, el reflejo de una vida. Las palabras que unidas forman frases, las frases que en su conjunto forman un relato, el relato que nos presenta y nos representa que nos torna reales o imaginados. El relato que en definitiva armamos cada uno de nosotros para sostener la cordura o limitar la enajenaci\u00f3n del mundo que nos circunda.\nLas palabras no son inocentes ni son impunes, dice Jos\u00e9 Saramago quien completa su idea enfatizando que por eso hay que tener mucho cuidado con las palabras.\nDe palabras que forman frases, que forman p\u00e1rrafos, y de cientos de p\u00e1rrafos est\u00e1n formados los relatos.<\/strong>\n\n<script type=\"text\/javascript\" src=\"\/\/pagead2.googlesyndication.com\/pagead\/js\/adsbygoogle.js\" async=\"\"><\/script><!-- Entre_entrada --> <ins class=\"adsbygoogle\" style=\"display: inline-block; width: 300px; height: 250px;\" data-ad-client=\"ca-pub-2391984088922199\" data-ad-slot=\"5826215141\"><\/ins><script type=\"text\/javascript\">\/\/ <![CDATA[\n(adsbygoogle = window.adsbygoogle || []).push({});\n\/\/ ]]><\/script>\n\nDe un pu\u00f1ado de relatos enlazados como t\u00e9cnica narrativa, nace la idea de Lluvia fina, la novela de Luis Landero considerada por la cr\u00edtica en general como la mejor novela en espa\u00f1ol del a\u00f1o 2019. Quiz\u00e1s sea excesivo el mote  de \u201cmejor novela del a\u00f1o en espa\u00f1ol\u201d pero no lo es sin duda  dentro de la trayectoria de Luis Landero como escritor. Sin menosprecio de otras tantas como \u201cEl balc\u00f3n en invierno\u201d, \u201cAbsoluci\u00f3n\u201d, \u201cla vida negociable\u201d y un largo cat\u00e1logo en su haber que posicionan a este escritor espa\u00f1ol como imprescindible. Procedente de una familia campesina y a pesar de haber tenido una ni\u00f1ez en la que los libros estuvieron ausentes, Landero comenz\u00f3 una afici\u00f3n tard\u00eda y casi obsesiva por la literatura que ya no abandonar\u00eda nunca. El \u00e9xito de su primera novela, \u201cJuegos de la edad tard\u00eda\u201d, publicada cuando su autor contaba m\u00e1s de cuarenta a\u00f1os, le sirvi\u00f3 para poder dedicarse a la escritura, en la suya destaca  el uso de un lenguaje cuidado y denso que, tras una aparente sencillez, encierra la coherencia precisa y trasparente de sus conceptos existenciales.\nEn las novelas de Luis Landero habitan personajes construidos con meticulosidad, con una innegable intencionalidad de llegar hasta lo m\u00e1s profundo de cada uno de ellos.  Cada libro de Landero es la exposici\u00f3n de un protagonista, la manifestaci\u00f3n de su mundo interior, es como si cada uno de esos personajes se sentara a nuestro lado, se despojara de sus corazas y nos dejara entrever, tal vez, la necesidad de despojarnos de las nuestras y mostrarnos al mundo entero tal como somos, sin miedos, sin broncas o con ellos y sobre todo con el infinito dolor de vivir y seguir andando con nuestra existencia a cuestas. \nLluvia fina no es la excepci\u00f3n. Cada personaje se arma y se desarma y a la vez  construye y de construye al resto de los personajes de la historia en una especie de juego de cajas chinas que van revel\u00e1ndonos, a medida que nos atrevemos a abrir cada caja, la compleja e inevitable existencia. Porque cada personaje de Lluvia fina podemos ser nosotros mismos en otro momento y all\u00ed radica la maravillosa magia de este escritor: hacernos comprender que por m\u00e1s que se trate de ficci\u00f3n, cada personaje contiene algo que nos pertenece como raza, como especie.\nCada relato es una mirada y cada mirada justifica a quien relata y nos va descubriendo lentamente a quien es relatado, al otro.\n\n<img decoding=\"async\" loading=\"lazy\" class=\"alignleft  wp-image-1579\" src=\"https:\/\/www.taller-palabras.com\/WordPress_05\/wp-content\/uploads\/2020\/04\/Luis-Landero.jpg\" alt=\"\" width=\"200\" height=\"250\">\n\nLa trama de Lluvia fina es simple, parte de un hecho casi banal. Gabriel decide organizar una fiesta para festejar el cumplea\u00f1os n\u00famero 80 de su madre. Una fiesta familiar que sirva, seg\u00fan sus intenciones, como excusa para reunir a una familia desmembrada, cuatro seres separados unos de otros por equ\u00edvocos, por desentendimientos producto de haber silenciado sus voces frente al otro, alejados por situaciones nunca conversadas que se fueron amontonando a lo largo de sus vidas armando una relaci\u00f3n de no relaci\u00f3n que los sumerge en la incertidumbre del otro y de s\u00ed mismos.\n\n<script type=\"text\/javascript\" src=\"\/\/pagead2.googlesyndication.com\/pagead\/js\/adsbygoogle.js\" async=\"\"><\/script><!-- Entre_entrada --> <ins class=\"adsbygoogle\" style=\"display: inline-block; width: 300px; height: 250px;\" data-ad-client=\"ca-pub-2391984088922199\" data-ad-slot=\"5826215141\"><\/ins><script type=\"text\/javascript\">\/\/ <![CDATA[\n(adsbygoogle = window.adsbygoogle || []).push({});\n\/\/ ]]><\/script>\n\nParad\u00f3jicamente la falta de comunicaci\u00f3n y por ende de entendimiento entre Gabriel, su madre y sus hermanas, esa falta de comunicaci\u00f3n se transmuta en una necesidad imperiosa de comunicar, de manifestar al otro su verdad y es esa comunicaci\u00f3n la que acaba por reorganizar la historia familiar por medio de la palabra, del relato de esos hechos pasados que, inevitablemente salen a la luz en un presente. Un hecho trivial como una fiesta de cumplea\u00f1os acaba poniendo blanco sobre negro.\nTodos necesitan comunicarse pero el tiempo los ha lacerado y entre ellos son incapaces de mantener un di\u00e1logo sincero. Sin embargo, y ac\u00e1 es donde la paradoja de la comunicaci\u00f3n versus la incomunicaci\u00f3n se pone de manifiesto, el relato se impone.\nAurora, la esposa de Gabriel, maestra de escuela primaria es, en apariencia, la menos vulnerable, la m\u00e1s centrada y, aunque incapaz ella misma de comprender y manejar sus propios miedos, es la elegida por  todos y cada uno de los personajes como manto de l\u00e1grimas para desgranar uno tras otro, tras otro, esos relatos que los construyen y que construyen al otro. \nA trav\u00e9s de diferentes llamados telef\u00f3nicos Aurora recoge y va armando el relato integral de esta familia tan especial. Y digo especial porque cada uno de esos relatos arma la historia a trav\u00e9s de la mirada de cada uno, miradas dis\u00edmiles entre s\u00ed y sin embargo convergentes, cuatro puntos de vista distintos sobre una misma existencia arman, desarman, montan y desmontan  la complejidad de una misma vida familiar compartida y no tanto.\nAndrea y Sonia son las hermanas menores y cada una de ellas tiene su propia idiosincrasia que las une y las separa del resto. Cada una con su perfil definido y definitorio del andamiaje de ese pasado que tambi\u00e9n contiene a Gabriel, el hermano menor y a Horacio el ex marido de Sonia. Los cuatro orbitan alrededor de una madre octogenaria que solo quiere verlos unidos aunque en su vida haya hecho siempre lo imposible, inconsciente o conscientemente, por mantenerlos separados. \nEn la novela, el \u00fanico relato que aparece desmembrado, no completo, es el relato de esa madre, negadora de una realidad y sobre todo desconocedora de que cada uno de sus hijos tiene una personalidad propia y que ninguno se ha adaptado a sus expectativas, ninguno ni siquiera Gabriel que pareciera ser su preferido ha alcanzado el don de gente que ella hubiese querido. Su visi\u00f3n de los hechos aparece m\u00e1s referida por el resto que por ella misma. Contrario a lo que podr\u00eda pensarse a trav\u00e9s de lo que ella siente como una idea clara de la realidad, es la que menos idea tiene respecto a haberse convertido en la culpable del fracaso de todos y del suyo propio. Porque esa madre que ha alcanzado los 80 a\u00f1os es en realidad el lastre de los tres hermanos y la verdadera causante de que cada uno de ellos sea una isla flotando en el inmenso oc\u00e9ano de esa familia. Una familia hu\u00e9rfana de padre, de un padre muerto tempranamente y el \u00fanico que podr\u00eda haber aportado un gramo de humanidad a esa convivencia en com\u00fan. Una convivencia que parece haberse ido desmigajando a partir de su partida.\nEs maravilloso y hay que destacarlo el trabajo de Landero respecto del perfil de cada uno de los personajes. Cada uno es distinto del otro y sin embargo en cada uno est\u00e1 la compensaci\u00f3n de las carencias del otro, son el contrapeso de no ser lo que debieron ser. Cada uno carga su propia cruz, incluso Aurora que parece aglutinarlos a todos naufraga en su propia isla, en su propia existencia fagocitada por esa infinita paciencia de escucharlos y no ser escuchada.\nY porque las palabras no son inocentes, ni las que se dicen ni las que se omiten, en este caso ninguno de los relatos lo es, y en medio de esa catarsis de contar sus vidas, los tres hermanos van construyendo y destruyendo la vida de Aurora. Claro que eso solo lo sabemos en el desenlace, en el fabuloso desenlace que por razones obvias no voy a develar y sin embargo s\u00ed calificar como uno de los m\u00e1s impactantes finales de las novelas que me ha tocado leer en los \u00faltimos tiempos.\n\n<\/pre>\n<p align=\"left\"><a href=\"https:\/\/www.taller-palabras.com\/WordPress_04\/?product=lluvia-fina-luis-landero-ebook\" target=\"_blank\" rel=\"noopener noreferrer\">Adquiere un ejemplar<\/a><\/p>\n\n\n<p><!-- \/wp:html --><\/p>","protected":false},"excerpt":{"rendered":"<p>Adquiere un ejemplar Las palabras no son inocentes. Pueden construir nuevos mundos o destruir ese mundo en que vivimos. Las palabras son el lenguaje de cada d\u00eda y el lenguaje es el espejo del pensamiento, el reflejo de una vida. Las palabras que unidas forman frases, las frases que en su conjunto forman un relato, &hellip; <a href=\"https:\/\/www.taller-palabras.com\/WordPress_05\/?p=2710\" class=\"more-link\">Seguir leyendo <span class=\"screen-reader-text\">Lluvia fina &#8211; Luis Landero<\/span> <span class=\"meta-nav\">&rarr;<\/span><\/a><\/p>\n","protected":false},"author":1,"featured_media":0,"comment_status":"open","ping_status":"open","sticky":false,"template":"","format":"standard","meta":[],"categories":[1],"tags":[34,39,40,12],"_links":{"self":[{"href":"https:\/\/www.taller-palabras.com\/WordPress_05\/index.php?rest_route=\/wp\/v2\/posts\/2710"}],"collection":[{"href":"https:\/\/www.taller-palabras.com\/WordPress_05\/index.php?rest_route=\/wp\/v2\/posts"}],"about":[{"href":"https:\/\/www.taller-palabras.com\/WordPress_05\/index.php?rest_route=\/wp\/v2\/types\/post"}],"author":[{"embeddable":true,"href":"https:\/\/www.taller-palabras.com\/WordPress_05\/index.php?rest_route=\/wp\/v2\/users\/1"}],"replies":[{"embeddable":true,"href":"https:\/\/www.taller-palabras.com\/WordPress_05\/index.php?rest_route=%2Fwp%2Fv2%2Fcomments&post=2710"}],"version-history":[{"count":6,"href":"https:\/\/www.taller-palabras.com\/WordPress_05\/index.php?rest_route=\/wp\/v2\/posts\/2710\/revisions"}],"predecessor-version":[{"id":3089,"href":"https:\/\/www.taller-palabras.com\/WordPress_05\/index.php?rest_route=\/wp\/v2\/posts\/2710\/revisions\/3089"}],"wp:attachment":[{"href":"https:\/\/www.taller-palabras.com\/WordPress_05\/index.php?rest_route=%2Fwp%2Fv2%2Fmedia&parent=2710"}],"wp:term":[{"taxonomy":"category","embeddable":true,"href":"https:\/\/www.taller-palabras.com\/WordPress_05\/index.php?rest_route=%2Fwp%2Fv2%2Fcategories&post=2710"},{"taxonomy":"post_tag","embeddable":true,"href":"https:\/\/www.taller-palabras.com\/WordPress_05\/index.php?rest_route=%2Fwp%2Fv2%2Ftags&post=2710"}],"curies":[{"name":"wp","href":"https:\/\/api.w.org\/{rel}","templated":true}]}}