{"id":3256,"date":"2021-03-21T10:09:56","date_gmt":"2021-03-21T13:09:56","guid":{"rendered":"https:\/\/www.taller-palabras.com\/WordPress_05\/?p=3256"},"modified":"2021-03-21T10:20:56","modified_gmt":"2021-03-21T13:20:56","slug":"el-cementerio-de-praga-umberto-eco","status":"publish","type":"post","link":"https:\/\/www.taller-palabras.com\/WordPress_05\/?p=3256","title":{"rendered":"El cementerio de Praga &#8211; Umberto Eco"},"content":{"rendered":"\n<p><a href=\"https:\/\/www.taller-palabras.com\/WordPress_04\/?product=el-cementerio-de-praga-umberto-eco-ebook\" target=\"_blank\" rel=\"noreferrer noopener\">Adquiere un ejemplar<\/a><\/p>\n\n\n\n<pre><img decoding=\"async\" loading=\"lazy\" class=\"alignleft wp-image-1500\" src=\"\nhttps:\/\/www.taller-palabras.com\/WordPress_05\/wp-content\/uploads\/2021\/03\/cementerio_praga.jpg\" alt=\"\" width=\"100\" height=\"\">\n<strong>No es sencillo, al escribir, abordar temas que no tienen nada de novedoso y sin embargo lograr que el lector los sienta como reci\u00e9n estrenados. No es sencillo hacerle frente a la religi\u00f3n, a las instituciones proclamadas como ejes de toda civilizaci\u00f3n pasada y presente, a la psiquiatr\u00eda, a la milicia, en fin, no es sencillo enfrentar creencias y pensamientos ortodoxos. En otros tiempos pret\u00e9ritos un escritor que se atreviera a tanto ser\u00eda lapidado o quemado en una hoguera.<\/strong>\n<script async=\"\" src=\"\/\/pagead2.googlesyndication.com\/pagead\/js\/adsbygoogle.js\"><\/script>\n<!-- Adaptable -->\n<ins class=\"adsbygoogle\" style=\"display: block;\" data-ad-client=\"ca-pub-2391984088922199\" data-ad-slot=\"9742231549\" data-ad-format=\"auto\"><\/ins>\n<script>\n(adsbygoogle = window.adsbygoogle || []).push({});\n<\/script>\nHoy por hoy tampoco es f\u00e1cil, habida cuenta del poder de muchas de estas instituciones. Sin embargo, Umberto Eco lo logra y alcanza a salir indemne porque lo hace parapetado tras un claro sentido del humor expresado por medio de una fina iron\u00eda que convierte esta novela en una joya afiligranada de la literatura de todos los tiempos. Una joya que sin embargo pareciera escrita de manera sencilla lo cual no es casual sino una postura t\u00e9cnica que don Umberto, el mago de las letras, adquiri\u00f3 adrede para transmitirnos tant\u00edsimos temas en tan poco espacio como si convers\u00e1ramos en una mesa de caf\u00e9 y sin embargo, atr\u00e9vanse a intentarlo, no es para nada sencillo.\nEl punto de vista elegido es la primera persona del protagonista de este periplo por varias etapas de la historia de humanidad contadas desde sus propias experiencias o desde las de su padre y abuelos. Esas experiencias transmitidas de generaci\u00f3n en generaci\u00f3n que adquieren, a fuerza de ser repetidas una y otra vez, el car\u00e1cter de leyendas. Aunque no es de leyendas que la historia viene a hablarnos sino de una mirada distinta a aquella que la historia tiene sobre ciertos hechos, incluso desde un silencio adquirido sobre otros tantos, silencio que Umberto Eco se atreve a violar al hablarnos de hechos que dif\u00edcilmente hallemos en los libro de historia convencionales. \n<img decoding=\"async\" loading=\"lazy\" class=\"alignleft\" img=\"\" src=\"https:\/\/www.taller-palabras.com\/WordPress_05\/wp-content\/uploads\/2021\/03\/UmbertoEco.jpg\" alt=\"\" width=\"180\" height=\"\">\u201cEl cementerio de Praga\u201d es una novela que nos cuenta el origen de muchas estafas y algunos estafadores que a\u00fan hoy est\u00e1n aqu\u00ed, entre nosotros\u2026 \nLa historia se sit\u00faa en marzo de 1897, en Par\u00eds. Desde las primeras p\u00e1ginas del libro se nos permite espiar a un hombre de sesenta y siete a\u00f1os que escribe sentado a una mesa, en una habitaci\u00f3n adornada con extravagancia. Ese gui\u00f1o de espiar al que luego ser\u00e1 el narrador de la historia, es una de las claves para mantenernos pegados a la historia. Qui\u00e9n puede resistirse a espiar, claro, pero no se trata solamente de eso. Espiar ac\u00e1 se convierte en una complicidad entre autor y lector que establece no solo un pacto de complicidad sino la clave que explica el contenido de la historia. No olvidemos que acabo de contarles que muchos de los hechos de los cuales nos enteraremos no son parte de la Historia ortodoxa sino m\u00e1s bien acontecimientos que pueden parecer casi un chismer\u00edo, hechos de los cuales nos enteramos \u201cespiando\u201d la Historia. \nConocemos as\u00ed al capit\u00e1n Simonini, un piamont\u00e9s afincado en Par\u00eds que desde joven se dedica al noble oficio de falsificar documentos. Por razones que luego se ver\u00e1n, el hombre no recuerda bien qui\u00e9n es y, siguiendo los consejos de un tal doctor Freud, con quien sol\u00eda compartir cenas en un restaurante de la ciudad hace ahora diez a\u00f1os, decide poner por escrito su vida. Empezamos por los recuerdos del abuelo, que lo cri\u00f3. Ese era un hombre chapado a la antigua y fiel a la tradici\u00f3n mon\u00e1rquica, todo lo contrario que su hijo, un revolucionario que muri\u00f3 defendiendo causas de poca monta. Hasta ac\u00e1 los opuestos que se contradicen y que sin embargo permiten que la Historia se escriba as\u00ed, desde miradas contrapuestas que lejos de excluirse se complementan. \nLa obsesi\u00f3n del abuelo de Simonini eran los jud\u00edos, seg\u00fan \u00e9l, la fuente de todos los males. El protagonista crece y empieza su carrera profesional de pasante de un notario amante de los negocios poco limpios. Pronto aprende y se entrena en su tarea de falsario, qued\u00e1ndose al final con el negocio del notario. Mientras tanto, en Italia desfila Garibaldi, el h\u00e9roe por excelencia que recorre la bota italiana para liberar al pa\u00eds de los Borbones. El olfato de Simonini pronto lo convierte en esp\u00eda y contraesp\u00eda del gobierno italiano, y as\u00ed aprendemos que Garibaldi y los suyos est\u00e1n al servicio de la masoner\u00eda y del poder establecido. Y as\u00ed \u201cespiando\u201d, aprendemos que la Historia se escribe a dos colores: el blanco que leemos en la escuela y el negro que agazapado espera que alguien de la talla de Eco lo saque a la luz. \nM\u00e1s adelante Simonini deja Italia y se instala en Par\u00eds donde el poder franc\u00e9s solicita sus servicios para que falsifique todo tipo de documentos y, c\u00f3mo no, para que esp\u00ede las actividades de los prusianos pero tambi\u00e9n de ciertos personajes influyentes de la pol\u00edtica del pa\u00eds. Lo ayuda en esta tarea el Abate Della Piccola, personaje ambiguo, cl\u00e9rigo extravagante y \u201calter ego\u201d de Simonini.\nClaro que la historia no se cuenta sola y no se cuenta de una manera sencilla. La estructura narrativa de la obra es original y a su vez suma un inconveniente m\u00e1s para cualquier lector aficionado. No es que haya que ser un erudito para leer a Eco en \u201cEl cementerio de Praga\u201d pero s\u00ed hay que estar prevenidos de que no es un libro convencional, como convencionales no son los datos que all\u00ed descubrimos. \nLa t\u00e9cnica es cosa de eruditos y qui\u00e9n discute que Eco no lo sea. Ha elegido para narrar la alternancia entre tres narradores distintos. Un narrador en primera persona, Simonini, el protagonista, que padece lagunas de memoria y un desdoblamiento de la personalidad. El protagonista escribe su diario de recuerdos en el que ocasionalmente se introduce su alter ego el abate Dalla Piccola que representa su propia conciencia recriminatoria y es el otro narrador.  El tercer narrador podemos identificarlo con el propio escritor. Este \u00faltimo escribe en tercera persona para resumir y aclarar parte de los diarios y sobre todo este entrecruzamiento entre Simonini y su alter ego. En todo momento se muestra neutral respecto a las opiniones de los protagonistas y de esa ambig\u00fcedad \u00e9tica surge la duda de que el autor pueda compartir o no el antisemitismo de sus personajes.\n\nLejos de una historia lineal y f\u00e1cil de sobrellevar, \u201cEl cementerio de Praga\u201d puede llegar a tornarse complicada al punto de aburrirnos, \u00a1miren lo que digo! \u00a1A cu\u00e1nto me atrevo! Y lo digo porque son las sensaciones que me atravesaron durante las primeras p\u00e1ginas. Solo las primeras p\u00e1ginas, hasta que me di cuenta... Me di cuenta de que Umberto Eco no nos la iba a poner f\u00e1cil con esta nueva novela. \nA la mejor manera de Borges cuando intenta confundirnos con datos reales y ap\u00f3crifos, Umberto Eco intenta tambi\u00e9n que por nuestros medios investiguemos hasta dar con la verdad. \u00bfSer\u00e1 la que \u00e9l nos cuenta sobre ciertos hechos? O, \u00bfser\u00e1 la verdad que los libros de Historia convencionales nos han contado desde siempre?\n<script async=\"\" src=\"\/\/pagead2.googlesyndication.com\/pagead\/js\/adsbygoogle.js\"><\/script>\n<!-- Adaptable -->\n<ins class=\"adsbygoogle\" style=\"display: block;\" data-ad-client=\"ca-pub-2391984088922199\" data-ad-slot=\"9742231549\" data-ad-format=\"auto\"><\/ins>\n<script>\n(adsbygoogle = window.adsbygoogle || []).push({});\n<\/script>\nConfusa por la ambig\u00fcedad de las opiniones. Sin embargo, esta no es sino una postura del autor para presentarnos dos posibilidades y obligarnos a tomar partido por la que nos parece la m\u00e1s acertada o la real en medio de esa Historia de fantas\u00eda que cuentan algunos libros acad\u00e9micos. Entendemos entonces y justificamos t\u00e9cnicamente, esos dos puntos de vista (Simonini y su alter ego). \nControvertida, porque como he se\u00f1alado abre una ventana sobre muchos acontecimientos acerc\u00e1ndoles una luz de verdad que puesta sobre el tapete mueve a confusi\u00f3n y a pol\u00e9mica. \nEn definitiva, una historia que nos asombra o nos deslumbra, una historia que nos acerca y nos aleja de la Historia convencional, pero sobre todo, una historia que no nos deja indiferentes y nos obliga a pensar. \n<\/pre>\n\n\n\n<p><a href=\"https:\/\/www.taller-palabras.com\/WordPress_04\/?product=el-cementerio-de-praga-umberto-eco-ebook\" target=\"_blank\" rel=\"noreferrer noopener\">Adquiere un ejemplar<\/a><\/p>\n","protected":false},"excerpt":{"rendered":"<p>Adquiere un ejemplar No es sencillo, al escribir, abordar temas que no tienen nada de novedoso y sin embargo lograr que el lector los sienta como reci\u00e9n estrenados. No es sencillo hacerle frente a la religi\u00f3n, a las instituciones proclamadas como ejes de toda civilizaci\u00f3n pasada y presente, a la psiquiatr\u00eda, a la milicia, en &hellip; <a href=\"https:\/\/www.taller-palabras.com\/WordPress_05\/?p=3256\" class=\"more-link\">Seguir leyendo <span class=\"screen-reader-text\">El cementerio de Praga &#8211; Umberto Eco<\/span> <span class=\"meta-nav\">&rarr;<\/span><\/a><\/p>\n","protected":false},"author":1,"featured_media":0,"comment_status":"open","ping_status":"open","sticky":false,"template":"","format":"standard","meta":[],"categories":[1],"tags":[148,152,28,151],"_links":{"self":[{"href":"https:\/\/www.taller-palabras.com\/WordPress_05\/index.php?rest_route=\/wp\/v2\/posts\/3256"}],"collection":[{"href":"https:\/\/www.taller-palabras.com\/WordPress_05\/index.php?rest_route=\/wp\/v2\/posts"}],"about":[{"href":"https:\/\/www.taller-palabras.com\/WordPress_05\/index.php?rest_route=\/wp\/v2\/types\/post"}],"author":[{"embeddable":true,"href":"https:\/\/www.taller-palabras.com\/WordPress_05\/index.php?rest_route=\/wp\/v2\/users\/1"}],"replies":[{"embeddable":true,"href":"https:\/\/www.taller-palabras.com\/WordPress_05\/index.php?rest_route=%2Fwp%2Fv2%2Fcomments&post=3256"}],"version-history":[{"count":6,"href":"https:\/\/www.taller-palabras.com\/WordPress_05\/index.php?rest_route=\/wp\/v2\/posts\/3256\/revisions"}],"predecessor-version":[{"id":3266,"href":"https:\/\/www.taller-palabras.com\/WordPress_05\/index.php?rest_route=\/wp\/v2\/posts\/3256\/revisions\/3266"}],"wp:attachment":[{"href":"https:\/\/www.taller-palabras.com\/WordPress_05\/index.php?rest_route=%2Fwp%2Fv2%2Fmedia&parent=3256"}],"wp:term":[{"taxonomy":"category","embeddable":true,"href":"https:\/\/www.taller-palabras.com\/WordPress_05\/index.php?rest_route=%2Fwp%2Fv2%2Fcategories&post=3256"},{"taxonomy":"post_tag","embeddable":true,"href":"https:\/\/www.taller-palabras.com\/WordPress_05\/index.php?rest_route=%2Fwp%2Fv2%2Ftags&post=3256"}],"curies":[{"name":"wp","href":"https:\/\/api.w.org\/{rel}","templated":true}]}}