{"id":85,"date":"2014-05-22T15:47:04","date_gmt":"2014-05-22T18:47:04","guid":{"rendered":"http:\/\/leyendo.taller-palabras.com\/?p=85"},"modified":"2020-06-01T15:41:30","modified_gmt":"2020-06-01T18:41:30","slug":"el-tiempo-entre-costuras-maria-duenas","status":"publish","type":"post","link":"https:\/\/www.taller-palabras.com\/WordPress_05\/?p=85","title":{"rendered":"El tiempo entre costuras &#8211; Mar\u00eda Due\u00f1as"},"content":{"rendered":"<p align=\"left\"><a href=\"https:\/\/www.taller-palabras.com\/WordPress_04\/?product=el-tiempo-entre-costuras-maria-duenas-ebook\" target=\"_blank\" rel=\"noopener noreferrer\">Adquiere un ejemplar<\/a><\/p>\n<pre><a href=\"https:\/\/www.taller-palabras.com\/WordPress_05\/\/wp-content\/uploads\/2014\/05\/el-tiempo-entre-costuras.jpg\"><img decoding=\"async\" loading=\"lazy\" class=\"alignleft size-thumbnail wp-image-86\" src=\"https:\/\/www.taller-palabras.com\/WordPress_05\/\/wp-content\/uploads\/2014\/05\/el-tiempo-entre-costuras.jpg\" alt=\"el tiempo entre costuras\" width=\"100\" height=\"190\"><\/a><strong>No es f\u00e1cil debutar, menos con una novela. \nDebutar, comenzar, iniciarse. Es lo que mar\u00eda Due\u00f1as hace con El tiempo entre costuras, su primera novela.<\/strong>\n\n<script type=\"text\/javascript\" src=\"\/\/pagead2.googlesyndication.com\/pagead\/js\/adsbygoogle.js\" async=\"\"><\/script><!-- Entre_entrada --> <ins class=\"adsbygoogle\" style=\"display: inline-block; width: 300px; height: 250px;\" data-ad-client=\"ca-pub-2391984088922199\" data-ad-slot=\"5826215141\"><\/ins><script type=\"text\/javascript\">\/\/ <![CDATA[\n(adsbygoogle = window.adsbygoogle || []).push({});\n\/\/ ]]><\/script>\n\nNo le ha ido nada mal si de ventas se trata, el libro se convirti\u00f3 inmediatamente en un best seller en Espa\u00f1a y el resto del mundo. El libro dio pie para una miniserie televisiva, de la que no hablar\u00e9 porque no he visto, que seg\u00fan he le\u00eddo atrapa a millones de espa\u00f1oles tambi\u00e9n.\nY es que Mar\u00eda Due\u00f1as se adue\u00f1a de los lectores, no tanto de los sabios lectores sino del grupo m\u00e1s numeroso, aquellos que hacen de una historia la m\u00e1s vendida. Y parece que lo ha logrado muy a su pesar, porque esta profesora de ingl\u00e9s escribi\u00f3 una novela por placer y en poqu\u00edsimos a\u00f1os ha vendido tres millones de libros, y sigue.\nPero \u00bfC\u00f3mo se adue\u00f1a la Due\u00f1as de los lectores?<a href=\"https:\/\/www.taller-palabras.com\/WordPress_05\/\/wp-content\/uploads\/2014\/05\/Maria-Due\u00f1as_1.jpg\"><img decoding=\"async\" loading=\"lazy\" class=\"alignright size-thumbnail wp-image-88\" src=\"https:\/\/www.taller-palabras.com\/WordPress_05\/\/wp-content\/uploads\/2014\/05\/Maria-Due\u00f1as_1.jpg\" alt=\"Maria-Due\u00f1as_1\" width=\"170\" height=\"190\"><\/a>\nPues bien, apela a una f\u00f3rmula convencional que siempre da resultados: acci\u00f3n (no mucha), un contexto hist\u00f3rico reconocible y atrapante (la Guerra Civil espa\u00f1ola) y el amor (con la correspondiente dosis de sexo, dolor y aprendizaje). Si a esto sumamos una narradora en primera persona tenemos la receta correcta para el resultado que est\u00e1 a la vista: m\u00e1s de tres millones de ejemplares en casi treinta pa\u00edses. Esto no quiere decir que cualquier libro escrito en primera persona se convierta en best seller porque hay que tener cintura de escritor para que (en este caso) la protagonista Sira no caiga en el melodrama o en rasgarse las vestiduras por cada contratiempo que le sucede. Eso lo hace Mar\u00eda Due\u00f1as a las mil maravillas. No es que la novela carezca de pasi\u00f3n y fuerza solo que la protagonista central se mantiene muchas veces serena, aunque nunca impasible.\nPara aquellos que buscan mucha acci\u00f3n, les digo que mejor dejen de&nbsp; lado esta novela y se dediquen a la trilog\u00eda de Larsson por ejemplo.\nA pesar de que la acci\u00f3n no es de alto voltaje, la historia nunca se queda quieta. Sira es una muchacha como cualquier otra de su clase y su \u00e9poca, destinada a convertirse en una buena modista, casarse, tener hijos, en fin formar una familia de lo m\u00e1s tradicional en los primeros a\u00f1os del siglo XX&nbsp; en Espa\u00f1a. Sin embargo, Guerra Civil mediante&nbsp;y un amor apasionado y contrariado, Sira termina convirti\u00e9ndose en esp\u00eda de los ingleses sin por ello abandonar un segundo sus deseos de paz aunque desaparece por el camino el mandato de formar una familia, tal como dir\u00eda su madre: como Dios manda.\nLo innegable es el poder de atrapar al lector que Mar\u00eda Due\u00f1as despliega como algo innato, natural y\/o talvez adquirido a lo largo de a\u00f1os y a\u00f1os de buena lectura. <b><i>Nunca particip\u00e9 en ning\u00fan taller literario; tan s\u00f3lo tengo la buena escuela que da la lectura continuada a lo largo de la vida, mi trabajo de d\u00e9cadas explotando estructuras ling\u00fc\u00edsticas y la madurez que me han aportado los a\u00f1os.<\/i><\/b> (sic) Y cuando le preguntan qu\u00e9 est\u00e1s leyendo responde: <b><i>Libertad, de Jonathan Franzen.<\/i><\/b>\nPero El tiempo entre costuras es m\u00e1s que una costurera devenida en esp\u00eda. Entramos en los pormenores de Guerra Civil espa\u00f1ola y de algunas de las caras m\u00e1s famosas de ese entonces. Ram\u00f3n Serrano Su\u00f1er, cu\u00f1ado de Franco; Juan Luis Beigbeder, Delegado de Asuntos Ind\u00edgenas y Alto Comisario en el Protectorado de Marruecos; Rosalinda Fox; entre otros son los personajes que desde la realidad invaden la ficci\u00f3n. Y es precisamente con la humanizaci\u00f3n de estos personajes reales, que Mar\u00eda Due\u00f1as logra uno de sus mayores aciertos. Nos permite seguir la historia de aquella \u00e9poca sin empobrecer su propia historia y sin aburrir al lector logra hacernos entender muchas cosas que por no vividas parecen lejanas e irreales.\n\n<script type=\"text\/javascript\" src=\"\/\/pagead2.googlesyndication.com\/pagead\/js\/adsbygoogle.js\" async=\"\"><\/script><!-- Entre_entrada --> <ins class=\"adsbygoogle\" style=\"display: inline-block; width: 300px; height: 250px;\" data-ad-client=\"ca-pub-2391984088922199\" data-ad-slot=\"5826215141\"><\/ins><script type=\"text\/javascript\">\/\/ <![CDATA[\n(adsbygoogle = window.adsbygoogle || []).push({});\n\/\/ ]]><\/script>\n\nEl tiempo entre costuras es una historia de amor, es una historia de pol\u00edtica, de pasi\u00f3n de espionaje, de sentido com\u00fan y de amistad; todo en una recatada medida, sin estridencias en ning\u00fan sentido, sin exageraciones ni deformaciones. Con los pies sobre la tierra la autora pisa fuerte en el terreno de la historia novelada o de la ficci\u00f3n hist\u00f3rica. El futuro dir\u00e1 si termina convirti\u00e9ndose o no en una excelente escritora que bajo la sombra de Almudena Grandes puede llegar a abrevar y crecer o a ahogarse y perecer.<\/pre>\n<p align=\"left\"><a href=\"https:\/\/www.taller-palabras.com\/WordPress_04\/?product=el-tiempo-entre-costuras-maria-duenas-ebook\" target=\"_blank\" rel=\"noopener noreferrer\">Adquiere un ejemplar<\/a><\/p>\n","protected":false},"excerpt":{"rendered":"<p>Adquiere un ejemplar No es f\u00e1cil debutar, menos con una novela. Debutar, comenzar, iniciarse. Es lo que mar\u00eda Due\u00f1as hace con El tiempo entre costuras, su primera novela. No le ha ido nada mal si de ventas se trata, el libro se convirti\u00f3 inmediatamente en un best seller en Espa\u00f1a y el resto del mundo. &hellip; <a href=\"https:\/\/www.taller-palabras.com\/WordPress_05\/?p=85\" class=\"more-link\">Seguir leyendo <span class=\"screen-reader-text\">El tiempo entre costuras &#8211; Mar\u00eda Due\u00f1as<\/span> <span class=\"meta-nav\">&rarr;<\/span><\/a><\/p>\n","protected":false},"author":1,"featured_media":0,"comment_status":"open","ping_status":"open","sticky":false,"template":"","format":"standard","meta":[],"categories":[1],"tags":[34,140,49,112,12,80],"_links":{"self":[{"href":"https:\/\/www.taller-palabras.com\/WordPress_05\/index.php?rest_route=\/wp\/v2\/posts\/85"}],"collection":[{"href":"https:\/\/www.taller-palabras.com\/WordPress_05\/index.php?rest_route=\/wp\/v2\/posts"}],"about":[{"href":"https:\/\/www.taller-palabras.com\/WordPress_05\/index.php?rest_route=\/wp\/v2\/types\/post"}],"author":[{"embeddable":true,"href":"https:\/\/www.taller-palabras.com\/WordPress_05\/index.php?rest_route=\/wp\/v2\/users\/1"}],"replies":[{"embeddable":true,"href":"https:\/\/www.taller-palabras.com\/WordPress_05\/index.php?rest_route=%2Fwp%2Fv2%2Fcomments&post=85"}],"version-history":[{"count":24,"href":"https:\/\/www.taller-palabras.com\/WordPress_05\/index.php?rest_route=\/wp\/v2\/posts\/85\/revisions"}],"predecessor-version":[{"id":3336,"href":"https:\/\/www.taller-palabras.com\/WordPress_05\/index.php?rest_route=\/wp\/v2\/posts\/85\/revisions\/3336"}],"wp:attachment":[{"href":"https:\/\/www.taller-palabras.com\/WordPress_05\/index.php?rest_route=%2Fwp%2Fv2%2Fmedia&parent=85"}],"wp:term":[{"taxonomy":"category","embeddable":true,"href":"https:\/\/www.taller-palabras.com\/WordPress_05\/index.php?rest_route=%2Fwp%2Fv2%2Fcategories&post=85"},{"taxonomy":"post_tag","embeddable":true,"href":"https:\/\/www.taller-palabras.com\/WordPress_05\/index.php?rest_route=%2Fwp%2Fv2%2Ftags&post=85"}],"curies":[{"name":"wp","href":"https:\/\/api.w.org\/{rel}","templated":true}]}}