{"id":96,"date":"2014-05-23T20:05:25","date_gmt":"2014-05-23T23:05:25","guid":{"rendered":"http:\/\/leyendo.taller-palabras.com\/?p=96"},"modified":"2022-12-08T10:11:10","modified_gmt":"2022-12-08T13:11:10","slug":"la-republica-de-los-suenos-nelida-pinon","status":"publish","type":"post","link":"https:\/\/www.taller-palabras.com\/WordPress_05\/?p=96","title":{"rendered":"La Rep\u00fablica de los sue\u00f1os &#8211; N\u00e9lida Pi\u00f1\u00f3n"},"content":{"rendered":"<p align=\"left\"><a href=\"https:\/\/www.taller-palabras.com\/WordPress_04\/?product=la-republica-de-los-suenos-nelida-pinon-ebook\">Adquiere un ejemplar<\/a><\/p>\n<pre><img decoding=\"async\" loading=\"lazy\" class=\"alignleft size-thumbnail wp-image-97\" src=\"https:\/\/www.taller-palabras.com\/WordPress_05\/\/wp-content\/uploads\/2014\/05\/La-republica-de-los-sue\u00f1os.jpeg\" alt=\"La republica de los sue\u00f1os\" width=\"100\" height=\"211\" \/><strong>La Rep\u00fablica de los sue\u00f1os es una novela de largo aliento. La autora nos propone una historia desarrollada en base a una narrativa de viaje interoce\u00e1nico pero sobre todo de viaje a trav\u00e9s de la memoria. Es una extensa saga familiar que comienza con una pareja de emigrantes pontevedreses, Eulalia y su marido Madruga. La familia se funda en esos dos personajes principales y all\u00ed comienza el viaje desde y hacia la memoria.<\/strong>\n<script async=\"\" src=\"\/\/pagead2.googlesyndication.com\/pagead\/js\/adsbygoogle.js\"><\/script>\n<!-- adaptable_texto -->\n<ins class=\"adsbygoogle\" style=\"display: block;\" data-ad-client=\"ca-pub-2391984088922199\" data-ad-slot=\"6200009149\" data-ad-format=\"auto\"><\/ins>\n<script>\n(adsbygoogle = window.adsbygoogle || []).push({});\n<\/script>\nLa historia comienza con el viaje de Madruga, su protagonista, quien conoce a bordo del barco ingl\u00e9s que lo traslada a R\u00edo de Janeiro a su amigo Venancio. Venancio se transformar\u00e1 a lo largo de la historia en la memoria misma de Madruga y el cable que lo conecta con su tierra natal allende el mar. Venancio es un ser p\u00e1lido y sin agallas que priorizando lo espiritual sobre lo material, siempre termina vinculando a Madruga con los afectos y las tradiciones. El pasado se le impone a Madruga como un cachetazo, el pasado no puede enterrarse sino utilizarse como basamento para una vida futura. Todo lo que Madruga intenta enterrar en el pasado para convertirse en la piedra fundacional de una familia gallega luchando por vencer las tierras calientes del Brasil y someterlas a sus deseos de progreso, termina imponi\u00e9ndose en sus designios aun inconscientemente. Brasil como pa\u00eds es un protagonista m\u00e1s de esta historia y se impone con una personalidad que fagocita al inmigrante, que lo obliga a superarse para sobrevivir, casi siempre como el sitio donde no solo hay que triunfar sino y sobre todo, como ese espacio que hay que conquistar para poder triunfar.\nLa obra indaga el proceso de inmigraci\u00f3n y adaptaci\u00f3n de un gallego patriarcal y capitalista, predestinado al \u00e9xito social. Ese gallego es Madruga, personaje principal, descripto como una personalidad de imparable fuerza, comparable \u00fanicamente a la fuerza misma de la naturaleza. Madruga ni\u00f1o es incapaz de soportar las limitaciones de su aldea natal y decidido a lograr su victoria, emprende el camino hacia Am\u00e9rica, m\u00e1s precisamente Brasil. All\u00ed se convierte en el patriarca de una familia cuyos hijos, nativos del mismo Brasil, luchan a su vez divididos entre esas dos corrientes de fuerza que moldean sus personalidades: Espa\u00f1a y Brasil.\nLa historia comienza cuando Eulalia, la esposa de Madruga decide morir y se acuesta en su cama decidida a terminar sus d\u00edas. Desde su lecho de muerte la historia se va ensamblando a trav\u00e9s de los descendientes de este matrimonio gallego: sus hijos. Los hay luchadores, los hay so\u00f1adores, los hay soberbios y ambiciosos, est\u00e1n tambi\u00e9n los rebeldes y los que se abren camino en la vida a pura trompada, como Madruga mismo pero a su manera.\nLa historia se desgrana a partir de Breta, la nieta de Madruga que es de alguna manera el alter ego de N\u00e9lida Pi\u00f1\u00f3n. <img decoding=\"async\" loading=\"lazy\" class=\"alignright wp-image-98 size-thumbnail\" src=\"https:\/\/www.taller-palabras.com\/WordPress_05\/wp-content\/uploads\/2020\/05\/Nelida-Pinon.jpg\" alt=\"Nelida Pi\u00f1on\" width=\"170\" height=\"190\" \/>Sin embargo, N\u00e9lida Pi\u00f1\u00f3n no vuelca sus vivencias personales sino m\u00e1s bien su teor\u00eda de un mestizaje en el que convergen en tensi\u00f3n elementos opuestos: Europa y Am\u00e9rica, triunfo y fracaso, hombre y mujer sobre todo.\nNarrada desde Breta, N\u00e9lida Pi\u00f1\u00f3n se las arregla para hacernos o\u00edr tambi\u00e9n las voces de los personajes fundamentales de esta novela. El discurso directo de estos personajes se intercala en algunos cap\u00edtulos y nos permite ponernos del lado de quien cuenta la historia de esta saga de acuerdo a sus vivencias y personalidad.\n<script async=\"\" src=\"\/\/pagead2.googlesyndication.com\/pagead\/js\/adsbygoogle.js\"><\/script>\n<!-- Entre_entrada -->\n<ins class=\"adsbygoogle\" style=\"display: inline-block; width: 300px; height: 250px;\" data-ad-client=\"ca-pub-2391984088922199\" data-ad-slot=\"5826215141\"><\/ins>\n<script>\n(adsbygoogle = window.adsbygoogle || []).push({});\n<\/script>\nComo en los sue\u00f1os mismos la historia va del pasado al presente y del presente al pasado, convergiendo siempre en ese punto de partida y de final de la historia: el d\u00eda en que Eulalia decide morir. Eulalia es una mujer atada a los recuerdos de su Galicia natal y a la memoria de su padre. Una mujer fuertemente m\u00edstica y aunque en apariencia sombr\u00eda y solitaria, tiene un coraz\u00f3n enorme, tan grande como para albergar a sus hijos vivos y a los muertos, y cobijar a un marido tan dif\u00edcil de domar como un potro y tan f\u00e1cil de arrebujar como un ni\u00f1o m\u00e1s. Esta novela constituye de hecho lo que su propio t\u00edtulo enuncia: una rep\u00fablica verbal de sue\u00f1os.\n<\/pre>\n<p align=\"left\"><a href=\"https:\/\/www.taller-palabras.com\/WordPress_04\/?product=la-republica-de-los-suenos-nelida-pinon-ebook\">Adquiere un ejemplar<\/a><\/p>\n","protected":false},"excerpt":{"rendered":"<p>Adquiere un ejemplar La Rep\u00fablica de los sue\u00f1os es una novela de largo aliento. La autora nos propone una historia desarrollada en base a una narrativa de viaje interoce\u00e1nico pero sobre todo de viaje a trav\u00e9s de la memoria. Es una extensa saga familiar que comienza con una pareja de emigrantes pontevedreses, Eulalia y su &hellip; <a href=\"https:\/\/www.taller-palabras.com\/WordPress_05\/?p=96\" class=\"more-link\">Seguir leyendo <span class=\"screen-reader-text\">La Rep\u00fablica de los sue\u00f1os &#8211; N\u00e9lida Pi\u00f1\u00f3n<\/span> <span class=\"meta-nav\">&rarr;<\/span><\/a><\/p>\n","protected":false},"author":1,"featured_media":0,"comment_status":"open","ping_status":"open","sticky":false,"template":"","format":"standard","meta":[],"categories":[1],"tags":[11,9,12,10],"_links":{"self":[{"href":"https:\/\/www.taller-palabras.com\/WordPress_05\/index.php?rest_route=\/wp\/v2\/posts\/96"}],"collection":[{"href":"https:\/\/www.taller-palabras.com\/WordPress_05\/index.php?rest_route=\/wp\/v2\/posts"}],"about":[{"href":"https:\/\/www.taller-palabras.com\/WordPress_05\/index.php?rest_route=\/wp\/v2\/types\/post"}],"author":[{"embeddable":true,"href":"https:\/\/www.taller-palabras.com\/WordPress_05\/index.php?rest_route=\/wp\/v2\/users\/1"}],"replies":[{"embeddable":true,"href":"https:\/\/www.taller-palabras.com\/WordPress_05\/index.php?rest_route=%2Fwp%2Fv2%2Fcomments&post=96"}],"version-history":[{"count":31,"href":"https:\/\/www.taller-palabras.com\/WordPress_05\/index.php?rest_route=\/wp\/v2\/posts\/96\/revisions"}],"predecessor-version":[{"id":3349,"href":"https:\/\/www.taller-palabras.com\/WordPress_05\/index.php?rest_route=\/wp\/v2\/posts\/96\/revisions\/3349"}],"wp:attachment":[{"href":"https:\/\/www.taller-palabras.com\/WordPress_05\/index.php?rest_route=%2Fwp%2Fv2%2Fmedia&parent=96"}],"wp:term":[{"taxonomy":"category","embeddable":true,"href":"https:\/\/www.taller-palabras.com\/WordPress_05\/index.php?rest_route=%2Fwp%2Fv2%2Fcategories&post=96"},{"taxonomy":"post_tag","embeddable":true,"href":"https:\/\/www.taller-palabras.com\/WordPress_05\/index.php?rest_route=%2Fwp%2Fv2%2Ftags&post=96"}],"curies":[{"name":"wp","href":"https:\/\/api.w.org\/{rel}","templated":true}]}}