{"id":1075,"date":"2023-10-02T18:59:13","date_gmt":"2023-10-02T21:59:13","guid":{"rendered":"https:\/\/www.taller-palabras.com\/WordPress_06\/?p=1075"},"modified":"2023-10-08T14:00:19","modified_gmt":"2023-10-08T17:00:19","slug":"para-quien-escribo","status":"publish","type":"post","link":"https:\/\/www.taller-palabras.com\/WordPress_06\/escritura\/para-quien-escribo\/","title":{"rendered":"\u00bfPara qui\u00e9n escribo?"},"content":{"rendered":"\n<p>Una de las m\u00e1s hermosas met\u00e1foras que se han escrito con respecto a la misi\u00f3n de la literatura es que <em><span style=\"background-color:#fff3d4\" class=\"has-background\">\u00abnadie duerme en la carreta que lo conduce de la c\u00e1rcel al pat\u00edbulo. Sin embargo todos dormimos desde la matriz hasta la sepultura, o no estamos enteramente despiertos\u00bb<\/span> <\/em>(<strong>John Donne<\/strong>).<\/p>\n\n\n\n<p>Esto nos lleva a concluir que la misi\u00f3n de esta \u201cla gran literatura\u201d es la de <em><span style=\"background-color:#fff3d4\" class=\"has-background\">\u00abdespertar al hombre que viaja hacia el pat\u00edbulo\u00bb<\/span><\/em> (<strong>Ernesto S\u00e1bato<\/strong>).<\/p>\n\n\n\n<p>Si esto es as\u00ed, \u00bfescribimos siempre con un objetivo cuyo destinatario ser\u00e1 siempre el ser humano, es decir, el lector?<br>Pareciera que nadie discutir\u00eda esto. Pero el desconcierto llega cuando escritores afamados exclaman sin sonrojarse que <em><span style=\"background-color:#fff3d4\" class=\"has-background\">\u00abno piensan en el p\u00fablico al escribir\u00bb<\/span><\/em> (<strong>Marcela Serrano<\/strong>), o como les hemos escuchado y le\u00eddo a muchos <em>\u00abpensar en el p\u00fablico al escribir es estar haciendo concesiones al marketing, lo cual \u00abdegrada\u00bb la obra literaria\u00bb.<\/em><span style=\"background-color:#fff3d4\" class=\"has-background\"> \u00bfEntonces, para qui\u00e9n o por qu\u00e9 se escribe?<\/span><br>Porque si no es para el P\u00daBLICO, es decir, el LECTOR, entonces cabe nuevamente la pregunta, \u00bfPara qui\u00e9n?<\/p>\n\n\n\n<p>Esbocemos respuestas alternativas:<\/p>\n\n\n\n<p>1.- <strong>\u00bfPara satisfacer la \u00edntima necesidad del escritor?<\/strong> En virtud de lo cual puede NO editar NI publicar. &nbsp;\u00bfSe satisface y se realiza plenamente un escritor SIN lectores? <br>Si esto fuera as\u00ed, \u00bfen d\u00f3nde est\u00e1n esos escritores que celebran, festejan, se r\u00eden y son felices porque NADIE los publica NI los lee?<\/p>\n\n\n\n<p>En este caso la famosa frase de <strong>Enrique de H\u00e9riz<\/strong> <em><span class=\"has-background\" style=\"background-color:#fff3d4\">\u00abUn escritor sin lectores NO es un escritor\u00bb<\/span><\/em> carecer\u00eda de validez.<\/p>\n\n\n\n<p>Sin embargo, a esta posibilidad se le hallan esguinces. <strong>Jorge Luis Borges<\/strong>, por ejemplo, nos da su versi\u00f3n, bastante singular por cierto. En \u00abReencuentro. Di\u00e1logos in\u00e9ditos\u00bb manifiesta que escribe <em>\u00abcomo un desahogo\u00bb<\/em> y agrega: <em>\u00abEso no quiere decir que yo crea en el valor de lo que escribo, pero s\u00ed en el placer de escribir. Es decir, si yo fuera Robinson Crusoe, yo creo que escribir\u00eda en mi isla sin pensar en lectores\u00bb<\/em>, pero aclara:<span style=\"background-color:#fff3d4\" class=\"has-background\"> <em>\u00abYo NO pienso en el lector salvo en el sentido de tratar de escribir de un modo comprensible; es un simple acto de cortes\u00eda, aunque sea con personas del todo imaginarias o ausentes. No creo que la confusi\u00f3n sea un m\u00e9rito\u00bb.<\/em><\/span><\/p>\n\n\n\n<p>Como podemos ver, esta posibilidad de escribir SOLO PARA S\u00cd puede llegar a tener muchas aristas.<\/p>\n\n\n\n<p>2.- <strong>\u00bfPara el curr\u00edculum?<\/strong> Puede ser. Muchos conocemos, sobre todo profesores Universitarios, que pueden mostrar antes de cumplir los 50 a\u00f1os, voluminosas producciones que abarcan de todo, desde sociolog\u00eda, ling\u00fc\u00edstica, historia, matem\u00e1ticas, ingenier\u00eda nuclear y hasta poes\u00eda, narrativa, ensayo y ginecolog\u00eda vacuna. Recordemos que en varios pa\u00edses de Am\u00e9rica Latina con cada libro publicado se ganan ascensos y aumentos salariales en el escalaf\u00f3n pedag\u00f3gico. Aqu\u00ed el lector tampoco importa y menos cu\u00e1ntos ejemplares circulan. Puede que se hagan mil y permanezcan, como en la mayor\u00eda de las editoriales universitarias, cientos de miles de ejemplares atiborrados que nadie quiere ni desea.<\/p>\n\n\n\n<p>3.- <strong>\u00bfPara el editor?<\/strong> \u00bfPara que el sello editorial GANE prestigio y dinero? En este caso el lector importa en tanto pueda hacer sonar la m\u00e1quina registradora. \u00bfCalidad de contenido? No. Con lo cual la alianza la hacen el escritor y el editor, los dos se dan palmaditas en la espalda, se gui\u00f1an el ojo y ambos levantan la copa lejos del lector. \u00bfCu\u00e1l lector? Cualquiera, nunca estuvo presente el destinatario en este tipo de coproducciones mercantilistas.<\/p>\n\n\n\n<p>4.- <strong>\u00bfPara los amigos, las novias y los o las amantes? <\/strong>V\u00e1lido, pero entonces NO debo publicar m\u00e1s que el n\u00famero de ejemplares que cubra exactamente esa cantidad de lectores. Y aqu\u00ed dudamos que alguno tenga, como Roberto Carlos, un mill\u00f3n de amigos. \u00bfPara qu\u00e9 degradar m\u00e1s nuestro planeta? Imprimiendo cientos o miles de ejemplares que nadie va a leer, adem\u00e1s de irrespetar a potenciales lectores para quienes NO escribimos nuestra obra.<\/p>\n\n\n\n<p>5.- <strong>\u00bfPara otros escritores o los cr\u00edticos?<\/strong> Muy bien, siempre y cuando tambi\u00e9n guardemos, por el lector com\u00fan, el mismo respeto que ped\u00edamos en el punto anterior. El poeta costarricense <strong>Mauricio Ventanas<\/strong> tuvo la honradez de reconocer, en el lanzamiento de su segundo libro \u201cDel delirio, las botellas y las flores\u201d en el Centro Cultural de M\u00e9xico de San Jos\u00e9, Costa Rica, que <em><span style=\"background-color:#fff3d4\" class=\"has-background\">\u00abmi primer libro era casi para otros escritores y cr\u00edticos; en esta ocasi\u00f3n escrib\u00ed para lectores\u00bb.<\/span><\/em><\/p>\n\n\n\n<p>6.- <strong>\u00bfPara el p\u00fablico, es decir, lectores-seres-humanos como Usted y como yo?<\/strong> Entonces, \u00bfC\u00f3mo piensa en m\u00ed el autor al escribir?<\/p>\n\n\n\n<p>En cualquier caso, \u00bfPara qui\u00e9n escribimos?<br><span style=\"background-color:#fff3d4\" class=\"has-background\">Reconocer y responder esta simple pregunta, quiz\u00e1s nos evite la injusticia de estar se\u00f1alando, con dedo acusador peyorativo, a un ente abstracto, indefinible, s\u00f3lo nombrado como EL P\u00daBLICO o LOS LECTORES como los causantes de que los libros NO circulen ni se lean.<\/span><\/p>\n\n\n\n<p><em>Los escritores narran buscando un lector ideal, la gente que aman. Tambi\u00e9n pueden escribir para s\u00ed mismos, o para nadie. Todo esto es verdad. Pero tambi\u00e9n es cierto que actualmente los narradores tambi\u00e9n escriben para aquellos que los leen. Podr\u00edamos inferir de esto que los escritores de la actualidad escriben menos para sus propias mayor\u00edas nacionales (que no los leen) que para las peque\u00f1as minor\u00edas de lectores en el mundo, que s\u00ed lo hacen.<\/em><\/p>\n\n\n\n<p><em>[&#8230;]<\/em><\/p>\n\n\n\n<p><em>No hay algo as\u00ed como un lector ideal, libre de intolerancias y liberado de prohibiciones sociales o de mitos nacionales, del mismo modo que no hay algo as\u00ed como un novelista ideal. Pero la b\u00fasqueda de un novelista por el lector ideal, ya sea \u00e9ste nacional o internacional, comienza con el novelista imagin\u00e1ndolo que existe, y luego escribiendo libros con \u00e9l en su pensamiento.<\/em><\/p>\n\n\n\n<p class=\"has-text-align-right\"><strong>Orhan Pamuk<\/strong><\/p>\n\n\n\n\n\n\n<hr class=\"wp-block-separator has-css-opacity\"\/>\n\n\n\n<h4 class=\"wp-block-heading\"> Cursos de formaci\u00f3n <\/h4>\n\n\n\n<h4 class=\"wp-block-heading\"><a rel=\"noreferrer noopener\" href=\"https:\/\/taller-palabras.com\/escuela.html\" target=\"_blank\">Curso de Maestr\u00eda de Cuento y\/o Novela<\/a><\/h4>\n\n\n\n<hr class=\"wp-block-separator has-alpha-channel-opacity\"\/>\n\n\n\n<h4 class=\"wp-block-heading\">Servicios Editoriales<\/h4>\n\n\n\n<h4 class=\"wp-block-heading\" id=\"taller-literario-online\"><a href=\"https:\/\/taller-palabras.com\/servicios.html\" target=\"_blank\" rel=\"noreferrer noopener\">Servicio de correcci\u00f3n literaria<br>Servicio de edici\u00f3n gr\u00e1fica<br>Servicio de publicaci\u00f3n<\/a><\/h4>\n\n\n\n<hr class=\"wp-block-separator has-alpha-channel-opacity\"\/>\n","protected":false},"excerpt":{"rendered":"<p>\u00bfEscribimos siempre con un objetivo cuyo destinatario ser\u00e1 siempre el lector?&#8230;<\/p>\n","protected":false},"author":83,"featured_media":1076,"comment_status":"closed","ping_status":"open","sticky":false,"template":"","format":"standard","meta":{"footnotes":""},"categories":[18],"tags":[103,34,77,104],"class_list":["post-1075","post","type-post","status-publish","format-standard","has-post-thumbnail","hentry","category-escritura","tag-ernesto-sabato","tag-escribir-un-libro","tag-estudios-de-escritura","tag-por-que-escribo"],"yoast_head":"<!-- This site is optimized with the Yoast SEO plugin v27.4 - https:\/\/yoast.com\/product\/yoast-seo-wordpress\/ -->\n<title>\u00bfPara qui\u00e9n escribo? - Red Literaria<\/title>\n<meta name=\"description\" content=\"\u00bfEscribimos siempre con un objetivo cuyo destinatario ser\u00e1 siempre el lector?...\" \/>\n<meta name=\"robots\" content=\"index, follow, max-snippet:-1, max-image-preview:large, max-video-preview:-1\" \/>\n<link rel=\"canonical\" href=\"https:\/\/www.taller-palabras.com\/WordPress_06\/escritura\/para-quien-escribo\/\" \/>\n<meta property=\"og:locale\" content=\"es_ES\" \/>\n<meta property=\"og:type\" content=\"article\" \/>\n<meta property=\"og:title\" content=\"\u00bfPara qui\u00e9n escribo? - Red Literaria\" \/>\n<meta property=\"og:description\" content=\"\u00bfEscribimos siempre con un objetivo cuyo destinatario ser\u00e1 siempre el lector?...\" \/>\n<meta property=\"og:url\" content=\"https:\/\/www.taller-palabras.com\/WordPress_06\/escritura\/para-quien-escribo\/\" \/>\n<meta property=\"og:site_name\" content=\"Red Literaria\" \/>\n<meta property=\"article:publisher\" content=\"https:\/\/www.facebook.com\/profile.php?id=100001537279728\" \/>\n<meta property=\"article:published_time\" content=\"2023-10-02T21:59:13+00:00\" \/>\n<meta property=\"article:modified_time\" content=\"2023-10-08T17:00:19+00:00\" \/>\n<meta property=\"og:image\" content=\"https:\/\/www.taller-palabras.com\/WordPress_06\/wp-content\/uploads\/2020\/08\/escribiendo.jpg\" \/>\n\t<meta property=\"og:image:width\" content=\"567\" \/>\n\t<meta property=\"og:image:height\" content=\"283\" \/>\n\t<meta property=\"og:image:type\" content=\"image\/jpeg\" \/>\n<meta name=\"author\" content=\"Patricia M\u00f3nica Miranda Alonso\" \/>\n<meta name=\"twitter:card\" content=\"summary_large_image\" \/>\n<meta name=\"twitter:label1\" content=\"Escrito por\" \/>\n\t<meta name=\"twitter:data1\" content=\"Patricia M\u00f3nica Miranda Alonso\" \/>\n\t<meta name=\"twitter:label2\" content=\"Tiempo de lectura\" \/>\n\t<meta name=\"twitter:data2\" content=\"5 minutos\" \/>\n<script type=\"application\/ld+json\" class=\"yoast-schema-graph\">{\"@context\":\"https:\\\/\\\/schema.org\",\"@graph\":[{\"@type\":\"NewsArticle\",\"@id\":\"https:\\\/\\\/www.taller-palabras.com\\\/WordPress_06\\\/escritura\\\/para-quien-escribo\\\/#article\",\"isPartOf\":{\"@id\":\"https:\\\/\\\/www.taller-palabras.com\\\/WordPress_06\\\/escritura\\\/para-quien-escribo\\\/\"},\"author\":{\"name\":\"Patricia M\u00f3nica Miranda Alonso\",\"@id\":\"https:\\\/\\\/www.taller-palabras.com\\\/WordPress_06\\\/#\\\/schema\\\/person\\\/a774f3e56bddd007723be732994cadd4\"},\"headline\":\"\u00bfPara qui\u00e9n escribo?\",\"datePublished\":\"2023-10-02T21:59:13+00:00\",\"dateModified\":\"2023-10-08T17:00:19+00:00\",\"mainEntityOfPage\":{\"@id\":\"https:\\\/\\\/www.taller-palabras.com\\\/WordPress_06\\\/escritura\\\/para-quien-escribo\\\/\"},\"wordCount\":998,\"publisher\":{\"@id\":\"https:\\\/\\\/www.taller-palabras.com\\\/WordPress_06\\\/#organization\"},\"image\":{\"@id\":\"https:\\\/\\\/www.taller-palabras.com\\\/WordPress_06\\\/escritura\\\/para-quien-escribo\\\/#primaryimage\"},\"thumbnailUrl\":\"https:\\\/\\\/www.taller-palabras.com\\\/WordPress_06\\\/wp-content\\\/uploads\\\/2020\\\/08\\\/escribiendo.jpg\",\"keywords\":[\"Ernesto sabato\",\"escribir un libro\",\"Estudios de Escritura\",\"por qu\u00e9 escribo\"],\"articleSection\":[\"Escritura\"],\"inLanguage\":\"es\"},{\"@type\":[\"WebPage\",\"ItemPage\"],\"@id\":\"https:\\\/\\\/www.taller-palabras.com\\\/WordPress_06\\\/escritura\\\/para-quien-escribo\\\/\",\"url\":\"https:\\\/\\\/www.taller-palabras.com\\\/WordPress_06\\\/escritura\\\/para-quien-escribo\\\/\",\"name\":\"\u00bfPara qui\u00e9n escribo? - Red Literaria\",\"isPartOf\":{\"@id\":\"https:\\\/\\\/www.taller-palabras.com\\\/WordPress_06\\\/#website\"},\"primaryImageOfPage\":{\"@id\":\"https:\\\/\\\/www.taller-palabras.com\\\/WordPress_06\\\/escritura\\\/para-quien-escribo\\\/#primaryimage\"},\"image\":{\"@id\":\"https:\\\/\\\/www.taller-palabras.com\\\/WordPress_06\\\/escritura\\\/para-quien-escribo\\\/#primaryimage\"},\"thumbnailUrl\":\"https:\\\/\\\/www.taller-palabras.com\\\/WordPress_06\\\/wp-content\\\/uploads\\\/2020\\\/08\\\/escribiendo.jpg\",\"datePublished\":\"2023-10-02T21:59:13+00:00\",\"dateModified\":\"2023-10-08T17:00:19+00:00\",\"description\":\"\u00bfEscribimos siempre con un objetivo cuyo destinatario ser\u00e1 siempre el lector?...\",\"breadcrumb\":{\"@id\":\"https:\\\/\\\/www.taller-palabras.com\\\/WordPress_06\\\/escritura\\\/para-quien-escribo\\\/#breadcrumb\"},\"inLanguage\":\"es\",\"potentialAction\":[{\"@type\":\"ReadAction\",\"target\":[\"https:\\\/\\\/www.taller-palabras.com\\\/WordPress_06\\\/escritura\\\/para-quien-escribo\\\/\"]}]},{\"@type\":\"ImageObject\",\"inLanguage\":\"es\",\"@id\":\"https:\\\/\\\/www.taller-palabras.com\\\/WordPress_06\\\/escritura\\\/para-quien-escribo\\\/#primaryimage\",\"url\":\"https:\\\/\\\/www.taller-palabras.com\\\/WordPress_06\\\/wp-content\\\/uploads\\\/2020\\\/08\\\/escribiendo.jpg\",\"contentUrl\":\"https:\\\/\\\/www.taller-palabras.com\\\/WordPress_06\\\/wp-content\\\/uploads\\\/2020\\\/08\\\/escribiendo.jpg\",\"width\":567,\"height\":283},{\"@type\":\"BreadcrumbList\",\"@id\":\"https:\\\/\\\/www.taller-palabras.com\\\/WordPress_06\\\/escritura\\\/para-quien-escribo\\\/#breadcrumb\",\"itemListElement\":[{\"@type\":\"ListItem\",\"position\":1,\"name\":\"Portada\",\"item\":\"https:\\\/\\\/www.taller-palabras.com\\\/WordPress_06\\\/\"},{\"@type\":\"ListItem\",\"position\":2,\"name\":\"\u00bfPara qui\u00e9n escribo?\"}]},{\"@type\":\"WebSite\",\"@id\":\"https:\\\/\\\/www.taller-palabras.com\\\/WordPress_06\\\/#website\",\"url\":\"https:\\\/\\\/www.taller-palabras.com\\\/WordPress_06\\\/\",\"name\":\"Red Literaria\",\"description\":\"Red de lectura y escritura\",\"publisher\":{\"@id\":\"https:\\\/\\\/www.taller-palabras.com\\\/WordPress_06\\\/#organization\"},\"potentialAction\":[{\"@type\":\"SearchAction\",\"target\":{\"@type\":\"EntryPoint\",\"urlTemplate\":\"https:\\\/\\\/www.taller-palabras.com\\\/WordPress_06\\\/?s={search_term_string}\"},\"query-input\":{\"@type\":\"PropertyValueSpecification\",\"valueRequired\":true,\"valueName\":\"search_term_string\"}}],\"inLanguage\":\"es\"},{\"@type\":\"Organization\",\"@id\":\"https:\\\/\\\/www.taller-palabras.com\\\/WordPress_06\\\/#organization\",\"name\":\"Redescribir\",\"url\":\"https:\\\/\\\/www.taller-palabras.com\\\/WordPress_06\\\/\",\"logo\":{\"@type\":\"ImageObject\",\"inLanguage\":\"es\",\"@id\":\"https:\\\/\\\/www.taller-palabras.com\\\/WordPress_06\\\/#\\\/schema\\\/logo\\\/image\\\/\",\"url\":\"https:\\\/\\\/www.taller-palabras.com\\\/WordPress_06\\\/wp-content\\\/uploads\\\/2021\\\/07\\\/redactar_icon.png\",\"contentUrl\":\"https:\\\/\\\/www.taller-palabras.com\\\/WordPress_06\\\/wp-content\\\/uploads\\\/2021\\\/07\\\/redactar_icon.png\",\"width\":25,\"height\":25,\"caption\":\"Redescribir\"},\"image\":{\"@id\":\"https:\\\/\\\/www.taller-palabras.com\\\/WordPress_06\\\/#\\\/schema\\\/logo\\\/image\\\/\"},\"sameAs\":[\"https:\\\/\\\/www.facebook.com\\\/profile.php?id=100001537279728\"]},{\"@type\":\"Person\",\"@id\":\"https:\\\/\\\/www.taller-palabras.com\\\/WordPress_06\\\/#\\\/schema\\\/person\\\/a774f3e56bddd007723be732994cadd4\",\"name\":\"Patricia M\u00f3nica Miranda Alonso\",\"description\":\"Profesora de escritura creativa y coordinadora de talleres literarios, editora y correctora literaria, rese\u00f1adora y cr\u00edtica literaria.\",\"sameAs\":[\"https:\\\/\\\/www.taller-palabras.com\"],\"url\":\"https:\\\/\\\/www.taller-palabras.com\\\/WordPress_06\\\/author\\\/patricia\\\/\"}]}<\/script>\n<!-- \/ Yoast SEO plugin. -->","yoast_head_json":{"title":"\u00bfPara qui\u00e9n escribo? - Red Literaria","description":"\u00bfEscribimos siempre con un objetivo cuyo destinatario ser\u00e1 siempre el lector?...","robots":{"index":"index","follow":"follow","max-snippet":"max-snippet:-1","max-image-preview":"max-image-preview:large","max-video-preview":"max-video-preview:-1"},"canonical":"https:\/\/www.taller-palabras.com\/WordPress_06\/escritura\/para-quien-escribo\/","og_locale":"es_ES","og_type":"article","og_title":"\u00bfPara qui\u00e9n escribo? - Red Literaria","og_description":"\u00bfEscribimos siempre con un objetivo cuyo destinatario ser\u00e1 siempre el lector?...","og_url":"https:\/\/www.taller-palabras.com\/WordPress_06\/escritura\/para-quien-escribo\/","og_site_name":"Red Literaria","article_publisher":"https:\/\/www.facebook.com\/profile.php?id=100001537279728","article_published_time":"2023-10-02T21:59:13+00:00","article_modified_time":"2023-10-08T17:00:19+00:00","og_image":[{"width":567,"height":283,"url":"https:\/\/www.taller-palabras.com\/WordPress_06\/wp-content\/uploads\/2020\/08\/escribiendo.jpg","type":"image\/jpeg"}],"author":"Patricia M\u00f3nica Miranda Alonso","twitter_card":"summary_large_image","twitter_misc":{"Escrito por":"Patricia M\u00f3nica Miranda Alonso","Tiempo de lectura":"5 minutos"},"schema":{"@context":"https:\/\/schema.org","@graph":[{"@type":"NewsArticle","@id":"https:\/\/www.taller-palabras.com\/WordPress_06\/escritura\/para-quien-escribo\/#article","isPartOf":{"@id":"https:\/\/www.taller-palabras.com\/WordPress_06\/escritura\/para-quien-escribo\/"},"author":{"name":"Patricia M\u00f3nica Miranda Alonso","@id":"https:\/\/www.taller-palabras.com\/WordPress_06\/#\/schema\/person\/a774f3e56bddd007723be732994cadd4"},"headline":"\u00bfPara qui\u00e9n escribo?","datePublished":"2023-10-02T21:59:13+00:00","dateModified":"2023-10-08T17:00:19+00:00","mainEntityOfPage":{"@id":"https:\/\/www.taller-palabras.com\/WordPress_06\/escritura\/para-quien-escribo\/"},"wordCount":998,"publisher":{"@id":"https:\/\/www.taller-palabras.com\/WordPress_06\/#organization"},"image":{"@id":"https:\/\/www.taller-palabras.com\/WordPress_06\/escritura\/para-quien-escribo\/#primaryimage"},"thumbnailUrl":"https:\/\/www.taller-palabras.com\/WordPress_06\/wp-content\/uploads\/2020\/08\/escribiendo.jpg","keywords":["Ernesto sabato","escribir un libro","Estudios de Escritura","por qu\u00e9 escribo"],"articleSection":["Escritura"],"inLanguage":"es"},{"@type":["WebPage","ItemPage"],"@id":"https:\/\/www.taller-palabras.com\/WordPress_06\/escritura\/para-quien-escribo\/","url":"https:\/\/www.taller-palabras.com\/WordPress_06\/escritura\/para-quien-escribo\/","name":"\u00bfPara qui\u00e9n escribo? - Red Literaria","isPartOf":{"@id":"https:\/\/www.taller-palabras.com\/WordPress_06\/#website"},"primaryImageOfPage":{"@id":"https:\/\/www.taller-palabras.com\/WordPress_06\/escritura\/para-quien-escribo\/#primaryimage"},"image":{"@id":"https:\/\/www.taller-palabras.com\/WordPress_06\/escritura\/para-quien-escribo\/#primaryimage"},"thumbnailUrl":"https:\/\/www.taller-palabras.com\/WordPress_06\/wp-content\/uploads\/2020\/08\/escribiendo.jpg","datePublished":"2023-10-02T21:59:13+00:00","dateModified":"2023-10-08T17:00:19+00:00","description":"\u00bfEscribimos siempre con un objetivo cuyo destinatario ser\u00e1 siempre el lector?...","breadcrumb":{"@id":"https:\/\/www.taller-palabras.com\/WordPress_06\/escritura\/para-quien-escribo\/#breadcrumb"},"inLanguage":"es","potentialAction":[{"@type":"ReadAction","target":["https:\/\/www.taller-palabras.com\/WordPress_06\/escritura\/para-quien-escribo\/"]}]},{"@type":"ImageObject","inLanguage":"es","@id":"https:\/\/www.taller-palabras.com\/WordPress_06\/escritura\/para-quien-escribo\/#primaryimage","url":"https:\/\/www.taller-palabras.com\/WordPress_06\/wp-content\/uploads\/2020\/08\/escribiendo.jpg","contentUrl":"https:\/\/www.taller-palabras.com\/WordPress_06\/wp-content\/uploads\/2020\/08\/escribiendo.jpg","width":567,"height":283},{"@type":"BreadcrumbList","@id":"https:\/\/www.taller-palabras.com\/WordPress_06\/escritura\/para-quien-escribo\/#breadcrumb","itemListElement":[{"@type":"ListItem","position":1,"name":"Portada","item":"https:\/\/www.taller-palabras.com\/WordPress_06\/"},{"@type":"ListItem","position":2,"name":"\u00bfPara qui\u00e9n escribo?"}]},{"@type":"WebSite","@id":"https:\/\/www.taller-palabras.com\/WordPress_06\/#website","url":"https:\/\/www.taller-palabras.com\/WordPress_06\/","name":"Red Literaria","description":"Red de lectura y escritura","publisher":{"@id":"https:\/\/www.taller-palabras.com\/WordPress_06\/#organization"},"potentialAction":[{"@type":"SearchAction","target":{"@type":"EntryPoint","urlTemplate":"https:\/\/www.taller-palabras.com\/WordPress_06\/?s={search_term_string}"},"query-input":{"@type":"PropertyValueSpecification","valueRequired":true,"valueName":"search_term_string"}}],"inLanguage":"es"},{"@type":"Organization","@id":"https:\/\/www.taller-palabras.com\/WordPress_06\/#organization","name":"Redescribir","url":"https:\/\/www.taller-palabras.com\/WordPress_06\/","logo":{"@type":"ImageObject","inLanguage":"es","@id":"https:\/\/www.taller-palabras.com\/WordPress_06\/#\/schema\/logo\/image\/","url":"https:\/\/www.taller-palabras.com\/WordPress_06\/wp-content\/uploads\/2021\/07\/redactar_icon.png","contentUrl":"https:\/\/www.taller-palabras.com\/WordPress_06\/wp-content\/uploads\/2021\/07\/redactar_icon.png","width":25,"height":25,"caption":"Redescribir"},"image":{"@id":"https:\/\/www.taller-palabras.com\/WordPress_06\/#\/schema\/logo\/image\/"},"sameAs":["https:\/\/www.facebook.com\/profile.php?id=100001537279728"]},{"@type":"Person","@id":"https:\/\/www.taller-palabras.com\/WordPress_06\/#\/schema\/person\/a774f3e56bddd007723be732994cadd4","name":"Patricia M\u00f3nica Miranda Alonso","description":"Profesora de escritura creativa y coordinadora de talleres literarios, editora y correctora literaria, rese\u00f1adora y cr\u00edtica literaria.","sameAs":["https:\/\/www.taller-palabras.com"],"url":"https:\/\/www.taller-palabras.com\/WordPress_06\/author\/patricia\/"}]}},"_links":{"self":[{"href":"https:\/\/www.taller-palabras.com\/WordPress_06\/wp-json\/wp\/v2\/posts\/1075","targetHints":{"allow":["GET"]}}],"collection":[{"href":"https:\/\/www.taller-palabras.com\/WordPress_06\/wp-json\/wp\/v2\/posts"}],"about":[{"href":"https:\/\/www.taller-palabras.com\/WordPress_06\/wp-json\/wp\/v2\/types\/post"}],"author":[{"embeddable":true,"href":"https:\/\/www.taller-palabras.com\/WordPress_06\/wp-json\/wp\/v2\/users\/83"}],"replies":[{"embeddable":true,"href":"https:\/\/www.taller-palabras.com\/WordPress_06\/wp-json\/wp\/v2\/comments?post=1075"}],"version-history":[{"count":15,"href":"https:\/\/www.taller-palabras.com\/WordPress_06\/wp-json\/wp\/v2\/posts\/1075\/revisions"}],"predecessor-version":[{"id":3555,"href":"https:\/\/www.taller-palabras.com\/WordPress_06\/wp-json\/wp\/v2\/posts\/1075\/revisions\/3555"}],"wp:featuredmedia":[{"embeddable":true,"href":"https:\/\/www.taller-palabras.com\/WordPress_06\/wp-json\/wp\/v2\/media\/1076"}],"wp:attachment":[{"href":"https:\/\/www.taller-palabras.com\/WordPress_06\/wp-json\/wp\/v2\/media?parent=1075"}],"wp:term":[{"taxonomy":"category","embeddable":true,"href":"https:\/\/www.taller-palabras.com\/WordPress_06\/wp-json\/wp\/v2\/categories?post=1075"},{"taxonomy":"post_tag","embeddable":true,"href":"https:\/\/www.taller-palabras.com\/WordPress_06\/wp-json\/wp\/v2\/tags?post=1075"}],"curies":[{"name":"wp","href":"https:\/\/api.w.org\/{rel}","templated":true}]}}