{"id":1178,"date":"2020-09-27T20:40:38","date_gmt":"2020-09-27T20:40:38","guid":{"rendered":"https:\/\/www.taller-palabras.com\/WordPress_06\/?p=1178"},"modified":"2026-01-19T08:43:24","modified_gmt":"2026-01-19T11:43:24","slug":"borges-vargas-llosa","status":"publish","type":"post","link":"https:\/\/www.taller-palabras.com\/WordPress_06\/noticias\/borges-vargas-llosa\/","title":{"rendered":"El \u201cBorges\u201d de Vargas Llosa"},"content":{"rendered":"\n<p>Si somos capaces de dejar de lado las ideolog\u00edas, los prejuicios que tal o cual autor pueden generarnos por sus tendencias pol\u00edticas o sus declaraciones, a veces no del todo acertadas. Si podemos abstraernos y mirar el escritor solo como lo que es: \u201cun escritor\u201d. Si podemos incluso meternos de lleno en la obra de ciertos autores, leerla de la A a la Z y salir reconfortados literariamente hablando. Entonces podremos sin lugar a dudas situar entre los primeros puestos de la buena lectura al se\u00f1or <strong>Jorge Luis Borges<\/strong> y al se\u00f1or <strong>Mario Vargas Llosa.<\/strong><\/p>\n\n\n\n<p><strong>Jorge Luis Borges,<\/strong> el eterno candidato en nuestro coraz\u00f3n al Premio Nobel, ha recibido sin lugar a dudas el mejor premio al cual un escritor pudiera ambicionar: ser uno de los 10 mejores escritores de habla hispana junto con Cervantes, Rulfo, Gabriel Garc\u00eda M\u00e1rquez (que si recibi\u00f3 el galard\u00f3n sueco) y Pablo Neruda, entre otros.<br><span class=\"has-background\" style=\"background-color:#fff3d4\">Jorge Luis Borges, considerado por la cr\u00edtica como el mayor escritor en lengua espa\u00f1ola de los \u00faltimos siglos, cultiv\u00f3 diversos g\u00e9neros literarios, centr\u00e1ndose en el ensayo, la narrativa y la poes\u00eda, haciendo gala de un perfecto dominio de la lengua castellana.<\/span><\/p>\n\n\n\n<p><strong>Mario Vargas Llosa<\/strong> que s\u00ed ha sido Premio Nobel, y que tambi\u00e9n figura entre los mejores escritores de habla hispana del siglo XX y XXI. El controvertido, el pol\u00e9mico, el candidato a presidente, pero sobre todo el escritor que nos ha regalado miles de horas de lectura inolvidables, por ejemplo con \u201cConversaci\u00f3n en la catedral\u201d, \u201cLa fiesta del Chivo\u201d, \u201cLa ciudad y los perros\u201d y una larga lista.<br>Mario Vargas Llosa dice: <em>Creo que es el escritor<\/em> (<strong>Borges<\/strong>) <em>m\u00e1s importante de nuestra lengua en la actualidad. Solo comparable a Quevedo, por quien sinti\u00f3 gran admiraci\u00f3n<\/em>. <span style=\"background-color:#fff3d4\" class=\"has-background\">La admiraci\u00f3n de Vargas Llosa por el argentino no es nueva. Se encontraron varias veces, la primera fue en 1963, en Francia, donde tuvieron una entrevista de la cual el peruano sali\u00f3 enriquecido. <\/span>En 1981 se repiti\u00f3 el encuentro que sin lugar a dudas solo vino a sacar un poco m\u00e1s de brillo a la estima de Vargas Llosa por Borges.<\/p>\n\n\n\n<p><em>Esta colecci\u00f3n de art\u00edculos, conferencias, rese\u00f1as y notas da testimonio de m\u00e1s de medio siglo de lecturas de un autor que ha sido para m\u00ed, desde que le\u00ed sus primeros cuentos y ensayos en la Lima de los a\u00f1os cincuenta, una fuente inagotable de placer intelectual. Muchas veces lo he rele\u00eddo y, a diferencia de lo que me ocurre con otros escritores que marcaron mi adolescencia, nunca me decepcion\u00f3; al contrario, cada nueva lectura renueva mi entusiasmo y felicidad, revel\u00e1ndome nuevos secretos y sutilezas de ese mundo borgiano tan inusitado en sus temas y tan di\u00e1fano y elegante en su expresi\u00f3n. Mi estrecha relaci\u00f3n de lector con los libros de Borges contradice la idea seg\u00fan la cual uno admira ante todo a los autores afines, a quienes dan voz y forma a los fantasmas y anhelos que a uno mismo lo habitan. Pocos escritores est\u00e1n m\u00e1s alejados que Borges de lo que mis demonios personales me han empujado a ser como escritor: un novelista intoxicado de realidad y fascinado por la historia que va haci\u00e9ndose a nuestro alrededor y por la pasada, que gravita todav\u00eda con fuerza sobre la actualidad.<\/em><\/p>\n\n\n\n<p>As\u00ed comienza el pr\u00f3logo del \u00faltimo libro de <strong>Mario Vargas Llosa<\/strong>: \u201cMedio siglo con Borges\u201d. El libro re\u00fane conferencias, art\u00edculos y conversaciones con el autor de \u201cHistoria Universal de la infamia\u201d.<\/p>\n\n\n\n<p><em>La obra de Jorge Luis Borges es siempre perfecta como un anillo.<\/em><br><em>Borges no tiene imitadores v\u00e1lidos, a diferencia de Faulkner o Joyce. A sus imitadores, Borges los mata, es decir, los anula.<br>(\u2026) la belleza e inteligencia del mundo que cre\u00f3 me ayudaron a descubrir las limitaciones del m\u00edo, y la perfecci\u00f3n de su prosa me hizo tomar conciencia de las imperfecciones de la m\u00eda.<\/em><br>Tres frases de <strong>Vargas Llosa<\/strong> que resumen la admiraci\u00f3n y el reconocimiento de un grande hacia un monstruo como ha sido y sigue siendo <strong>Jorge Luis Borges<\/strong>.<\/p>\n\n\n\n<p>\u201cMedio siglo con Borges\u201d, el flamante libro del Premio Nobel peruano dedicado al gran escritor argentino, sintetiza esa admiraci\u00f3n y <span style=\"background-color:#fff3d4\" class=\"has-background\">es a la vez un documento \u00fanico que muestra c\u00f3mo, dos autores con productos literarios tan diametralmente opuestos desde la t\u00e9cnica, pueden converger desde la est\u00e9tica para mostrarnos que m\u00e1s all\u00e1 del hombre est\u00e1 el escritor y que el escritor existe porque hay un extraordinario hombre detr\u00e1s.<\/span><\/p>\n\n\n\n<hr class=\"wp-block-separator has-css-opacity\"\/>\n\n\n\n\n\n<ul class=\"wp-block-list\">\n<li><a href=\"https:\/\/www.taller-palabras.com\/WordPress_04\/?product=medio-siglo-con-borges-mario-vargas-llosa-ebook\" target=\"_blank\" rel=\"noreferrer noopener\"><strong>Medio Siglo con Borges<\/strong><\/a> &#8211; Mario Vargas Llosa<\/li>\n<\/ul>\n\n\n\n<hr class=\"wp-block-separator has-css-opacity\"\/>\n\n\n\n<h4 class=\"wp-block-heading\"><a rel=\"noreferrer noopener\" href=\"https:\/\/www.lanacion.com.ar\/cultura\/vargas-llosa-tributo-borges-nid2403358\" target=\"_blank\">Nota en el diario La Naci\u00f3n <\/a><\/h4>\n\n\n\n<p>(del 25 de julio del 2020)<\/p>\n\n\n\n<hr class=\"wp-block-separator has-css-opacity\"\/>\n\n\n\n<h4 class=\"wp-block-heading\">Servicios Editoriales<\/h4>\n\n\n\n<h4 class=\"wp-block-heading\" id=\"taller-literario-online\"><a href=\"https:\/\/taller-palabras.com\/servicios.html\" target=\"_blank\" rel=\"noreferrer noopener\">Servicio de correcci\u00f3n literaria<br>Servicio de edici\u00f3n gr\u00e1fica<br>Servicio de publicaci\u00f3n<\/a><\/h4>\n\n\n\n<hr class=\"wp-block-separator has-alpha-channel-opacity\"\/>\n\n\n\n<h4 class=\"wp-block-heading\"> Cursos de formaci\u00f3n <\/h4>\n\n\n\n<h4 class=\"wp-block-heading\"><a rel=\"noreferrer noopener\" href=\"https:\/\/taller-palabras.com\/escuela.html\" target=\"_blank\">Curso de Maestr\u00eda de Cuento y\/o Novela<\/a><\/h4>\n\n\n\n<hr class=\"wp-block-separator has-alpha-channel-opacity\"\/>\n","protected":false},"excerpt":{"rendered":"<p>El flamante libro del Premio Nobel peruano dedicado al gran escritor argentino&#8230;<\/p>\n","protected":false},"author":1,"featured_media":1179,"comment_status":"closed","ping_status":"open","sticky":false,"template":"","format":"standard","meta":{"footnotes":""},"categories":[45],"tags":[127,126,125],"class_list":["post-1178","post","type-post","status-publish","format-standard","has-post-thumbnail","hentry","category-noticias","tag-jorge-luis-borges","tag-mario-vargas-llosa","tag-medio-siglo-con-borges"],"yoast_head":"<!-- This site is optimized with the Yoast SEO plugin v27.4 - https:\/\/yoast.com\/product\/yoast-seo-wordpress\/ -->\n<title>El \u201cBorges\u201d de Vargas Llosa - Red Literaria<\/title>\n<meta name=\"description\" content=\"El flamante libro del Premio Nobel peruano dedicado al gran escritor argentino...\" \/>\n<meta name=\"robots\" content=\"index, follow, max-snippet:-1, max-image-preview:large, max-video-preview:-1\" \/>\n<link rel=\"canonical\" href=\"https:\/\/www.taller-palabras.com\/WordPress_06\/noticias\/borges-vargas-llosa\/\" \/>\n<meta property=\"og:locale\" content=\"es_ES\" \/>\n<meta property=\"og:type\" content=\"article\" \/>\n<meta property=\"og:title\" content=\"El \u201cBorges\u201d de Vargas Llosa - Red Literaria\" \/>\n<meta property=\"og:description\" content=\"El flamante libro del Premio Nobel peruano dedicado al gran escritor argentino...\" \/>\n<meta property=\"og:url\" content=\"https:\/\/www.taller-palabras.com\/WordPress_06\/noticias\/borges-vargas-llosa\/\" \/>\n<meta property=\"og:site_name\" content=\"Red Literaria\" \/>\n<meta property=\"article:publisher\" content=\"https:\/\/www.facebook.com\/profile.php?id=100001537279728\" \/>\n<meta property=\"article:published_time\" content=\"2020-09-27T20:40:38+00:00\" \/>\n<meta property=\"article:modified_time\" content=\"2026-01-19T11:43:24+00:00\" \/>\n<meta property=\"og:image\" content=\"https:\/\/www.taller-palabras.com\/WordPress_06\/wp-content\/uploads\/2020\/09\/borgesvargas.jpg\" \/>\n\t<meta property=\"og:image:width\" content=\"537\" \/>\n\t<meta property=\"og:image:height\" content=\"283\" \/>\n\t<meta property=\"og:image:type\" content=\"image\/jpeg\" \/>\n<meta name=\"author\" content=\"redsocial\" \/>\n<meta name=\"twitter:card\" content=\"summary_large_image\" \/>\n<meta name=\"twitter:label1\" content=\"Escrito por\" \/>\n\t<meta name=\"twitter:data1\" content=\"redsocial\" \/>\n\t<meta name=\"twitter:label2\" content=\"Tiempo de lectura\" \/>\n\t<meta name=\"twitter:data2\" content=\"14 minutos\" \/>\n<script type=\"application\/ld+json\" class=\"yoast-schema-graph\">{\"@context\":\"https:\\\/\\\/schema.org\",\"@graph\":[{\"@type\":\"NewsArticle\",\"@id\":\"https:\\\/\\\/www.taller-palabras.com\\\/WordPress_06\\\/noticias\\\/borges-vargas-llosa\\\/#article\",\"isPartOf\":{\"@id\":\"https:\\\/\\\/www.taller-palabras.com\\\/WordPress_06\\\/noticias\\\/borges-vargas-llosa\\\/\"},\"author\":{\"name\":\"redsocial\",\"@id\":\"https:\\\/\\\/www.taller-palabras.com\\\/WordPress_06\\\/#\\\/schema\\\/person\\\/bc41869d4e6489ac464fb961e34b59ec\"},\"headline\":\"El \u201cBorges\u201d de Vargas Llosa\",\"datePublished\":\"2020-09-27T20:40:38+00:00\",\"dateModified\":\"2026-01-19T11:43:24+00:00\",\"mainEntityOfPage\":{\"@id\":\"https:\\\/\\\/www.taller-palabras.com\\\/WordPress_06\\\/noticias\\\/borges-vargas-llosa\\\/\"},\"wordCount\":797,\"publisher\":{\"@id\":\"https:\\\/\\\/www.taller-palabras.com\\\/WordPress_06\\\/#organization\"},\"image\":{\"@id\":\"https:\\\/\\\/www.taller-palabras.com\\\/WordPress_06\\\/noticias\\\/borges-vargas-llosa\\\/#primaryimage\"},\"thumbnailUrl\":\"https:\\\/\\\/www.taller-palabras.com\\\/WordPress_06\\\/wp-content\\\/uploads\\\/2020\\\/09\\\/borgesvargas.jpg\",\"keywords\":[\"Jorge Luis borges\",\"Mario Vargas Llosa\",\"Medio siglo con Borges\"],\"articleSection\":[\"Noticias\"],\"inLanguage\":\"es\"},{\"@type\":[\"WebPage\",\"ItemPage\"],\"@id\":\"https:\\\/\\\/www.taller-palabras.com\\\/WordPress_06\\\/noticias\\\/borges-vargas-llosa\\\/\",\"url\":\"https:\\\/\\\/www.taller-palabras.com\\\/WordPress_06\\\/noticias\\\/borges-vargas-llosa\\\/\",\"name\":\"El \u201cBorges\u201d de Vargas Llosa - Red Literaria\",\"isPartOf\":{\"@id\":\"https:\\\/\\\/www.taller-palabras.com\\\/WordPress_06\\\/#website\"},\"primaryImageOfPage\":{\"@id\":\"https:\\\/\\\/www.taller-palabras.com\\\/WordPress_06\\\/noticias\\\/borges-vargas-llosa\\\/#primaryimage\"},\"image\":{\"@id\":\"https:\\\/\\\/www.taller-palabras.com\\\/WordPress_06\\\/noticias\\\/borges-vargas-llosa\\\/#primaryimage\"},\"thumbnailUrl\":\"https:\\\/\\\/www.taller-palabras.com\\\/WordPress_06\\\/wp-content\\\/uploads\\\/2020\\\/09\\\/borgesvargas.jpg\",\"datePublished\":\"2020-09-27T20:40:38+00:00\",\"dateModified\":\"2026-01-19T11:43:24+00:00\",\"description\":\"El flamante libro del Premio Nobel peruano dedicado al gran escritor argentino...\",\"breadcrumb\":{\"@id\":\"https:\\\/\\\/www.taller-palabras.com\\\/WordPress_06\\\/noticias\\\/borges-vargas-llosa\\\/#breadcrumb\"},\"inLanguage\":\"es\",\"potentialAction\":[{\"@type\":\"ReadAction\",\"target\":[\"https:\\\/\\\/www.taller-palabras.com\\\/WordPress_06\\\/noticias\\\/borges-vargas-llosa\\\/\"]}]},{\"@type\":\"ImageObject\",\"inLanguage\":\"es\",\"@id\":\"https:\\\/\\\/www.taller-palabras.com\\\/WordPress_06\\\/noticias\\\/borges-vargas-llosa\\\/#primaryimage\",\"url\":\"https:\\\/\\\/www.taller-palabras.com\\\/WordPress_06\\\/wp-content\\\/uploads\\\/2020\\\/09\\\/borgesvargas.jpg\",\"contentUrl\":\"https:\\\/\\\/www.taller-palabras.com\\\/WordPress_06\\\/wp-content\\\/uploads\\\/2020\\\/09\\\/borgesvargas.jpg\",\"width\":537,\"height\":283},{\"@type\":\"BreadcrumbList\",\"@id\":\"https:\\\/\\\/www.taller-palabras.com\\\/WordPress_06\\\/noticias\\\/borges-vargas-llosa\\\/#breadcrumb\",\"itemListElement\":[{\"@type\":\"ListItem\",\"position\":1,\"name\":\"Portada\",\"item\":\"https:\\\/\\\/www.taller-palabras.com\\\/WordPress_06\\\/\"},{\"@type\":\"ListItem\",\"position\":2,\"name\":\"El \u201cBorges\u201d de Vargas Llosa\"}]},{\"@type\":\"WebSite\",\"@id\":\"https:\\\/\\\/www.taller-palabras.com\\\/WordPress_06\\\/#website\",\"url\":\"https:\\\/\\\/www.taller-palabras.com\\\/WordPress_06\\\/\",\"name\":\"Red Literaria\",\"description\":\"Red de lectura y escritura\",\"publisher\":{\"@id\":\"https:\\\/\\\/www.taller-palabras.com\\\/WordPress_06\\\/#organization\"},\"potentialAction\":[{\"@type\":\"SearchAction\",\"target\":{\"@type\":\"EntryPoint\",\"urlTemplate\":\"https:\\\/\\\/www.taller-palabras.com\\\/WordPress_06\\\/?s={search_term_string}\"},\"query-input\":{\"@type\":\"PropertyValueSpecification\",\"valueRequired\":true,\"valueName\":\"search_term_string\"}}],\"inLanguage\":\"es\"},{\"@type\":\"Organization\",\"@id\":\"https:\\\/\\\/www.taller-palabras.com\\\/WordPress_06\\\/#organization\",\"name\":\"Redescribir\",\"url\":\"https:\\\/\\\/www.taller-palabras.com\\\/WordPress_06\\\/\",\"logo\":{\"@type\":\"ImageObject\",\"inLanguage\":\"es\",\"@id\":\"https:\\\/\\\/www.taller-palabras.com\\\/WordPress_06\\\/#\\\/schema\\\/logo\\\/image\\\/\",\"url\":\"https:\\\/\\\/www.taller-palabras.com\\\/WordPress_06\\\/wp-content\\\/uploads\\\/2021\\\/07\\\/redactar_icon.png\",\"contentUrl\":\"https:\\\/\\\/www.taller-palabras.com\\\/WordPress_06\\\/wp-content\\\/uploads\\\/2021\\\/07\\\/redactar_icon.png\",\"width\":25,\"height\":25,\"caption\":\"Redescribir\"},\"image\":{\"@id\":\"https:\\\/\\\/www.taller-palabras.com\\\/WordPress_06\\\/#\\\/schema\\\/logo\\\/image\\\/\"},\"sameAs\":[\"https:\\\/\\\/www.facebook.com\\\/profile.php?id=100001537279728\"]},{\"@type\":\"Person\",\"@id\":\"https:\\\/\\\/www.taller-palabras.com\\\/WordPress_06\\\/#\\\/schema\\\/person\\\/bc41869d4e6489ac464fb961e34b59ec\",\"name\":\"redsocial\",\"url\":\"https:\\\/\\\/www.taller-palabras.com\\\/WordPress_06\\\/author\\\/redsocial\\\/\"}]}<\/script>\n<!-- \/ Yoast SEO plugin. -->","yoast_head_json":{"title":"El \u201cBorges\u201d de Vargas Llosa - Red Literaria","description":"El flamante libro del Premio Nobel peruano dedicado al gran escritor argentino...","robots":{"index":"index","follow":"follow","max-snippet":"max-snippet:-1","max-image-preview":"max-image-preview:large","max-video-preview":"max-video-preview:-1"},"canonical":"https:\/\/www.taller-palabras.com\/WordPress_06\/noticias\/borges-vargas-llosa\/","og_locale":"es_ES","og_type":"article","og_title":"El \u201cBorges\u201d de Vargas Llosa - Red Literaria","og_description":"El flamante libro del Premio Nobel peruano dedicado al gran escritor argentino...","og_url":"https:\/\/www.taller-palabras.com\/WordPress_06\/noticias\/borges-vargas-llosa\/","og_site_name":"Red Literaria","article_publisher":"https:\/\/www.facebook.com\/profile.php?id=100001537279728","article_published_time":"2020-09-27T20:40:38+00:00","article_modified_time":"2026-01-19T11:43:24+00:00","og_image":[{"width":537,"height":283,"url":"https:\/\/www.taller-palabras.com\/WordPress_06\/wp-content\/uploads\/2020\/09\/borgesvargas.jpg","type":"image\/jpeg"}],"author":"redsocial","twitter_card":"summary_large_image","twitter_misc":{"Escrito por":"redsocial","Tiempo de lectura":"14 minutos"},"schema":{"@context":"https:\/\/schema.org","@graph":[{"@type":"NewsArticle","@id":"https:\/\/www.taller-palabras.com\/WordPress_06\/noticias\/borges-vargas-llosa\/#article","isPartOf":{"@id":"https:\/\/www.taller-palabras.com\/WordPress_06\/noticias\/borges-vargas-llosa\/"},"author":{"name":"redsocial","@id":"https:\/\/www.taller-palabras.com\/WordPress_06\/#\/schema\/person\/bc41869d4e6489ac464fb961e34b59ec"},"headline":"El \u201cBorges\u201d de Vargas Llosa","datePublished":"2020-09-27T20:40:38+00:00","dateModified":"2026-01-19T11:43:24+00:00","mainEntityOfPage":{"@id":"https:\/\/www.taller-palabras.com\/WordPress_06\/noticias\/borges-vargas-llosa\/"},"wordCount":797,"publisher":{"@id":"https:\/\/www.taller-palabras.com\/WordPress_06\/#organization"},"image":{"@id":"https:\/\/www.taller-palabras.com\/WordPress_06\/noticias\/borges-vargas-llosa\/#primaryimage"},"thumbnailUrl":"https:\/\/www.taller-palabras.com\/WordPress_06\/wp-content\/uploads\/2020\/09\/borgesvargas.jpg","keywords":["Jorge Luis borges","Mario Vargas Llosa","Medio siglo con Borges"],"articleSection":["Noticias"],"inLanguage":"es"},{"@type":["WebPage","ItemPage"],"@id":"https:\/\/www.taller-palabras.com\/WordPress_06\/noticias\/borges-vargas-llosa\/","url":"https:\/\/www.taller-palabras.com\/WordPress_06\/noticias\/borges-vargas-llosa\/","name":"El \u201cBorges\u201d de Vargas Llosa - Red Literaria","isPartOf":{"@id":"https:\/\/www.taller-palabras.com\/WordPress_06\/#website"},"primaryImageOfPage":{"@id":"https:\/\/www.taller-palabras.com\/WordPress_06\/noticias\/borges-vargas-llosa\/#primaryimage"},"image":{"@id":"https:\/\/www.taller-palabras.com\/WordPress_06\/noticias\/borges-vargas-llosa\/#primaryimage"},"thumbnailUrl":"https:\/\/www.taller-palabras.com\/WordPress_06\/wp-content\/uploads\/2020\/09\/borgesvargas.jpg","datePublished":"2020-09-27T20:40:38+00:00","dateModified":"2026-01-19T11:43:24+00:00","description":"El flamante libro del Premio Nobel peruano dedicado al gran escritor argentino...","breadcrumb":{"@id":"https:\/\/www.taller-palabras.com\/WordPress_06\/noticias\/borges-vargas-llosa\/#breadcrumb"},"inLanguage":"es","potentialAction":[{"@type":"ReadAction","target":["https:\/\/www.taller-palabras.com\/WordPress_06\/noticias\/borges-vargas-llosa\/"]}]},{"@type":"ImageObject","inLanguage":"es","@id":"https:\/\/www.taller-palabras.com\/WordPress_06\/noticias\/borges-vargas-llosa\/#primaryimage","url":"https:\/\/www.taller-palabras.com\/WordPress_06\/wp-content\/uploads\/2020\/09\/borgesvargas.jpg","contentUrl":"https:\/\/www.taller-palabras.com\/WordPress_06\/wp-content\/uploads\/2020\/09\/borgesvargas.jpg","width":537,"height":283},{"@type":"BreadcrumbList","@id":"https:\/\/www.taller-palabras.com\/WordPress_06\/noticias\/borges-vargas-llosa\/#breadcrumb","itemListElement":[{"@type":"ListItem","position":1,"name":"Portada","item":"https:\/\/www.taller-palabras.com\/WordPress_06\/"},{"@type":"ListItem","position":2,"name":"El \u201cBorges\u201d de Vargas Llosa"}]},{"@type":"WebSite","@id":"https:\/\/www.taller-palabras.com\/WordPress_06\/#website","url":"https:\/\/www.taller-palabras.com\/WordPress_06\/","name":"Red Literaria","description":"Red de lectura y escritura","publisher":{"@id":"https:\/\/www.taller-palabras.com\/WordPress_06\/#organization"},"potentialAction":[{"@type":"SearchAction","target":{"@type":"EntryPoint","urlTemplate":"https:\/\/www.taller-palabras.com\/WordPress_06\/?s={search_term_string}"},"query-input":{"@type":"PropertyValueSpecification","valueRequired":true,"valueName":"search_term_string"}}],"inLanguage":"es"},{"@type":"Organization","@id":"https:\/\/www.taller-palabras.com\/WordPress_06\/#organization","name":"Redescribir","url":"https:\/\/www.taller-palabras.com\/WordPress_06\/","logo":{"@type":"ImageObject","inLanguage":"es","@id":"https:\/\/www.taller-palabras.com\/WordPress_06\/#\/schema\/logo\/image\/","url":"https:\/\/www.taller-palabras.com\/WordPress_06\/wp-content\/uploads\/2021\/07\/redactar_icon.png","contentUrl":"https:\/\/www.taller-palabras.com\/WordPress_06\/wp-content\/uploads\/2021\/07\/redactar_icon.png","width":25,"height":25,"caption":"Redescribir"},"image":{"@id":"https:\/\/www.taller-palabras.com\/WordPress_06\/#\/schema\/logo\/image\/"},"sameAs":["https:\/\/www.facebook.com\/profile.php?id=100001537279728"]},{"@type":"Person","@id":"https:\/\/www.taller-palabras.com\/WordPress_06\/#\/schema\/person\/bc41869d4e6489ac464fb961e34b59ec","name":"redsocial","url":"https:\/\/www.taller-palabras.com\/WordPress_06\/author\/redsocial\/"}]}},"_links":{"self":[{"href":"https:\/\/www.taller-palabras.com\/WordPress_06\/wp-json\/wp\/v2\/posts\/1178","targetHints":{"allow":["GET"]}}],"collection":[{"href":"https:\/\/www.taller-palabras.com\/WordPress_06\/wp-json\/wp\/v2\/posts"}],"about":[{"href":"https:\/\/www.taller-palabras.com\/WordPress_06\/wp-json\/wp\/v2\/types\/post"}],"author":[{"embeddable":true,"href":"https:\/\/www.taller-palabras.com\/WordPress_06\/wp-json\/wp\/v2\/users\/1"}],"replies":[{"embeddable":true,"href":"https:\/\/www.taller-palabras.com\/WordPress_06\/wp-json\/wp\/v2\/comments?post=1178"}],"version-history":[{"count":7,"href":"https:\/\/www.taller-palabras.com\/WordPress_06\/wp-json\/wp\/v2\/posts\/1178\/revisions"}],"predecessor-version":[{"id":3651,"href":"https:\/\/www.taller-palabras.com\/WordPress_06\/wp-json\/wp\/v2\/posts\/1178\/revisions\/3651"}],"wp:featuredmedia":[{"embeddable":true,"href":"https:\/\/www.taller-palabras.com\/WordPress_06\/wp-json\/wp\/v2\/media\/1179"}],"wp:attachment":[{"href":"https:\/\/www.taller-palabras.com\/WordPress_06\/wp-json\/wp\/v2\/media?parent=1178"}],"wp:term":[{"taxonomy":"category","embeddable":true,"href":"https:\/\/www.taller-palabras.com\/WordPress_06\/wp-json\/wp\/v2\/categories?post=1178"},{"taxonomy":"post_tag","embeddable":true,"href":"https:\/\/www.taller-palabras.com\/WordPress_06\/wp-json\/wp\/v2\/tags?post=1178"}],"curies":[{"name":"wp","href":"https:\/\/api.w.org\/{rel}","templated":true}]}}