{"id":1209,"date":"2023-10-02T18:59:15","date_gmt":"2023-10-02T21:59:15","guid":{"rendered":"https:\/\/www.taller-palabras.com\/WordPress_06\/?p=1209"},"modified":"2023-10-08T14:00:15","modified_gmt":"2023-10-08T17:00:15","slug":"lo-que-abunda-no-dana","status":"publish","type":"post","link":"https:\/\/www.taller-palabras.com\/WordPress_06\/lectura\/lo-que-abunda-no-dana\/","title":{"rendered":"Lo que abunda no da\u00f1a"},"content":{"rendered":"\n<p>Lo que abunda no da\u00f1a. Frase muy usada, pero de contenido muy discutible. Propone que mientras m\u00e1s abunde algo, mucho mejor. Solemos aplicarla a un sin fin de situaciones. Sin embargo, esta postura no es muy conveniente si, por ejemplo, ser\u00eda mejor que siguiera lloviendo cuando estamos inundados o que haya m\u00e1s enfermos cuando nos asola una epidemia.<br><span style=\"background-color:#fff3d4\" class=\"has-background\">Claro que si tomamos la frase completa la cosa puede cambiar. La frase nos llega desde Espa\u00f1a y completa ser\u00eda: <em>\u201cLo que abunda no da\u00f1a, si no es mal ni ciza\u00f1a\u201d<\/em> y entonces es algo diferente.<\/span> Si abunda una cosecha no da\u00f1a, si abunda la bondad el mundo ser\u00eda un mejor lugar donde vivir.<br>Pero\u2026 \u00bfSi abundan los libros estamos frente a un buen escritor?<\/p>\n\n\n\n<p>A las pruebas me remito.<br><strong>Lope de Vega<\/strong> renov\u00f3 las f\u00f3rmulas del teatro espa\u00f1ol en un momento en el que el teatro comenzaba a ser un fen\u00f3meno cultural de masas. Con unas 1800 obras de teatro (adem\u00e1s de 3000 sonetos, 3 novelas, 9 epopeyas, 4 novelas cortas, 3 poemas did\u00e1cticos) hacerle sombra resulta bastante dif\u00edcil.<br>Sin embargo, una mujer, tambi\u00e9n espa\u00f1ola, 300 a\u00f1os despu\u00e9s lo logr\u00f3, estamos hablando de Mar\u00eda del Socorro Tellado L\u00f3pez, conocida como <strong>Cor\u00edn Tellado<\/strong> que escribi\u00f3 unas 4000 novelas rom\u00e1nticas a lo largo de su vida. Adem\u00e1s, figura en el Libro Guinness de los R\u00e9cords 1994 como la autora m\u00e1s vendida en idioma espa\u00f1ol. Al menos vali\u00f3 la pena su esfuerzo, aunque no podr\u00edamos decir que tuviera m\u00e9ritos suficientes como para estar postulada para el Premio Nobel, nadie se atrever\u00eda a negar que es la reina del romance.<\/p>\n\n\n\n<p>La lista es larga pero (con m\u00e1s de 300 libros publicados) podemos citar a: <strong>Georges Simenon, Enyd Blyton, Mary Faulkner, Ursula Bloom o Isaac Asimov.<\/strong><br>En la actualidad quien se lleva las palmas es <strong>Ryoki Inoue<\/strong>, un escritor brasile\u00f1o de origen japon\u00e9s que, a sus 62 a\u00f1os, tiene el r\u00e9cord mundial de ser el escritor m\u00e1s prol\u00edfico del mundo, ya que ha publicado nada menos que 1.072 novelas. Si a eso le sumamos que ha escrito en decenas de peri\u00f3dicos y semanarios, la pregunta no tarda en llegar\u2026 \u00bfduerme?<br>\u00c9l mismo cuenta que algunas veces, sol\u00eda escribir tres novelas de amor en un d\u00eda, trabajando hasta altas horas de la noche y deb\u00eda de cambiar el teclado de su ordenador varias veces al mes porque acababa \u201cquem\u00e1ndolo\u201d. Teniendo en cuenta que publica unos seis libros al mes pareciera que la respuesta es: no duerme o duerme muy poco.<br><span style=\"background-color:#fff3d4\" class=\"has-background\">Por supuesto que cuidar la calidad con una producci\u00f3n as\u00ed resulta bastante dif\u00edcil. Sus obras tienen la ventaja de que son f\u00e1ciles de leer y por lo general oscilan entre las 100 y 200 p\u00e1ginas.<\/span> Como resultado de esto, en algunas f\u00e1bricas de Brasil, se lleg\u00f3 a prohibir que los empleados llevaran estos libros ya que atrapa tanto su lectura, que se sentaban a leer y bajaba la producci\u00f3n.<\/p>\n\n\n\n<p>Escribir mucho en poco tiempo no significa que lo que escribes le gustar\u00e1 al resto del mundo pero como en literatura dos m\u00e1s dos nunca es cuatro tambi\u00e9n puede que s\u00ed. \u00bfAlguien se atreve a decir que los libros de <strong>Corin Tellado<\/strong> no son (al menos) entretenidos? No hay garant\u00eda de que <strong>Ryoki Inoue<\/strong> acceda alguna vez al galard\u00f3n sueco, sin embargo, no est\u00e1 de m\u00e1s darle una oportunidad de entretener. Habr\u00e1 quienes lo hagan por curiosidad, otros pensando que es cultura. Sea cual fuere la raz\u00f3n, es bueno mantener una mente abierta cuando se habla de lectura y abrir la mente tambi\u00e9n gracias a la lectura. <span style=\"background-color:#fff3d4\" class=\"has-background\">Siempre digo que es mejor un libro mediocre a ning\u00fan libro. Lo importante es adquirir el h\u00e1bito de leer tan depreciado hoy en d\u00eda.<\/span><\/p>\n\n\n\n<p>Como contrapartida de los ejemplos anteriores, podemos citar otros autores que est\u00e1n en las ant\u00edpodas de la abundancia. <strong>Juan Rulfo, <\/strong>uno de los grandes escritores latinoamericanos del siglo XX<strong>,<\/strong> escribi\u00f3 una sola novela <em>\u201cPedro P\u00e1ramo\u201d<\/em> y un solo libro de cuentos en su haber <em>\u201cEl llano en llamas\u201d<\/em>, ambas joyitas de la literatura universal de todos los tiempos.<\/p>\n\n\n\n<p><span style=\"background-color:#fff3d4\" class=\"has-background\">M\u00e1s all\u00e1 de lo que podemos imaginar hay muchos autores que han publicado una sola obra y eso no va en detrimento de su calidad.<\/span> La lista sigue.<br><strong>Emily Bront\u00eb<\/strong>, escribi\u00f3 poemas pero una sola novela: <em>\u201cCumbres borrascosas\u201d.\u2018<br><\/em>El drama rom\u00e1ntico situado en plena guerra de secesi\u00f3n:<em> \u201cLo que el viento se llev\u00f3\u201d <\/em>de <strong>Margaret Mitchell<\/strong> es uno de los libros m\u00e1s vendidos de todos los tiempos. <strong>Alberto Men\u00e9ndez<\/strong> con su \u00fanica novela: <em>\u201cLos girasoles ciegos\u201d<\/em> se convirti\u00f3 en un \u00e9xito de ventas y ganador de diversos premios con m\u00e1s de 250.000 ejemplares vendidos.<br>Si vamos a oponernos a lo que abunda no podemos dejar de citar a <strong>J.D Salinger<\/strong>, que son convirti\u00f3 en un \u00edcono por su novela \u201c<em>El guardi\u00e1n entre el centeno\u201d<\/em> un cl\u00e1sico de la literatura moderna estadounidense. Ese fue el \u00fanico libro publicado en vida de <strong>Salinger,<\/strong> sus <em>\u201c9 Cuentos\u201d<\/em>, y dos libros con dos relatos cada uno: <em>\u201cFranny y Zooey\u201d y \u201cLevantad, carpinteros, la viga del tejado y Seymour: una introducci\u00f3n<\/em>\u201d, fueron publicados post morten<em>.<\/em><\/p>\n\n\n\n<p><span class=\"has-background\" style=\"background-color:#fff3d4\">Y entre lo mucho y lo poco es inevitable volver a la pregunta planteada: \u00bfSi abundan los libros estamos frente a un buen escritor?<\/span><br>Cantidad no es sin\u00f3nimo de calidad y lo hemos demostrado con claros ejemplos. Sin embargo, a veces, cantidad y calidad van de la mano.<br>Por eso, leer sigue siendo la mejor opci\u00f3n y descubrirlo por uno mismo el juicio m\u00e1s acertado.<\/p>\n\n\n\n\n\n\n<hr class=\"wp-block-separator\"\/>\n\n\n\n\n\n<ul class=\"wp-block-list\"><li><strong><a rel=\"noreferrer noopener\" href=\"https:\/\/www.taller-palabras.com\/WordPress_04\/?product=el-guardian-entre-el-centeno-j-d-salinger&amp;post_type=product&amp;name=el-guardian-entre-el-centeno-j-d-salinger&amp;v=d72a48a8ebd2\" target=\"_blank\">El guardi\u00e1n entre el centeno<\/a><\/strong> &#8211; J.D Salinger<\/li><li><a rel=\"noreferrer noopener\" href=\"https:\/\/www.taller-palabras.com\/WordPress_03\/?p=1018\" target=\"_blank\"><strong>Lo que el viento se llev\u00f3<\/strong><\/a> &#8211; Margaret Mitchell \/ <strong>Biblioteca P\u00fablica <\/strong><\/li><li><strong><a href=\"https:\/\/www.taller-palabras.com\/WordPress_03\/?p=789\" target=\"_blank\" rel=\"noreferrer noopener\">El conflicto inevitable<\/a><\/strong> &#8211; Isaac Asimov \/ <strong>Biblioteca P\u00fablica<\/strong><\/li><\/ul>\n\n\n\n<hr class=\"wp-block-separator\"\/>\n\n\n\n\n\n<hr class=\"wp-block-separator\"\/>\n","protected":false},"excerpt":{"rendered":"<p>Es bueno mantener una mente abierta cuando se habla de lectura y abrir la mente tambi\u00e9n gracias a la lectura&#8230;<\/p>\n","protected":false},"author":83,"featured_media":1210,"comment_status":"closed","ping_status":"open","sticky":false,"template":"","format":"standard","meta":{"footnotes":""},"categories":[17],"tags":[141],"class_list":["post-1209","post","type-post","status-publish","format-standard","has-post-thumbnail","hentry","category-lectura","tag-leer-mucho"],"yoast_head":"<!-- This site is optimized with the Yoast SEO plugin v27.4 - https:\/\/yoast.com\/product\/yoast-seo-wordpress\/ -->\n<title>Lo que abunda no da\u00f1a - Red Literaria<\/title>\n<meta name=\"robots\" content=\"index, follow, max-snippet:-1, max-image-preview:large, max-video-preview:-1\" \/>\n<link rel=\"canonical\" href=\"https:\/\/www.taller-palabras.com\/WordPress_06\/lectura\/lo-que-abunda-no-dana\/\" \/>\n<meta property=\"og:locale\" content=\"es_ES\" \/>\n<meta property=\"og:type\" content=\"article\" \/>\n<meta property=\"og:title\" content=\"Lo que abunda no da\u00f1a - Red Literaria\" \/>\n<meta property=\"og:description\" content=\"Es bueno mantener una mente abierta cuando se habla de lectura y abrir la mente tambi\u00e9n gracias a la lectura...\" \/>\n<meta property=\"og:url\" content=\"https:\/\/www.taller-palabras.com\/WordPress_06\/lectura\/lo-que-abunda-no-dana\/\" \/>\n<meta property=\"og:site_name\" content=\"Red Literaria\" \/>\n<meta property=\"article:publisher\" content=\"https:\/\/www.facebook.com\/profile.php?id=100001537279728\" \/>\n<meta property=\"article:published_time\" content=\"2023-10-02T21:59:15+00:00\" \/>\n<meta property=\"article:modified_time\" content=\"2023-10-08T17:00:15+00:00\" \/>\n<meta property=\"og:image\" content=\"https:\/\/www.taller-palabras.com\/WordPress_06\/wp-content\/uploads\/2020\/10\/abundaLibro.jpg\" \/>\n\t<meta property=\"og:image:width\" content=\"425\" \/>\n\t<meta property=\"og:image:height\" content=\"283\" \/>\n\t<meta property=\"og:image:type\" content=\"image\/jpeg\" \/>\n<meta name=\"author\" content=\"Patricia M\u00f3nica Miranda Alonso\" \/>\n<meta name=\"twitter:card\" content=\"summary_large_image\" \/>\n<meta name=\"twitter:label1\" content=\"Escrito por\" \/>\n\t<meta name=\"twitter:data1\" content=\"Patricia M\u00f3nica Miranda Alonso\" \/>\n\t<meta name=\"twitter:label2\" content=\"Tiempo de lectura\" \/>\n\t<meta name=\"twitter:data2\" content=\"5 minutos\" \/>\n<script type=\"application\/ld+json\" class=\"yoast-schema-graph\">{\"@context\":\"https:\\\/\\\/schema.org\",\"@graph\":[{\"@type\":\"NewsArticle\",\"@id\":\"https:\\\/\\\/www.taller-palabras.com\\\/WordPress_06\\\/lectura\\\/lo-que-abunda-no-dana\\\/#article\",\"isPartOf\":{\"@id\":\"https:\\\/\\\/www.taller-palabras.com\\\/WordPress_06\\\/lectura\\\/lo-que-abunda-no-dana\\\/\"},\"author\":{\"name\":\"Patricia M\u00f3nica Miranda Alonso\",\"@id\":\"https:\\\/\\\/www.taller-palabras.com\\\/WordPress_06\\\/#\\\/schema\\\/person\\\/a774f3e56bddd007723be732994cadd4\"},\"headline\":\"Lo que abunda no da\u00f1a\",\"datePublished\":\"2023-10-02T21:59:15+00:00\",\"dateModified\":\"2023-10-08T17:00:15+00:00\",\"mainEntityOfPage\":{\"@id\":\"https:\\\/\\\/www.taller-palabras.com\\\/WordPress_06\\\/lectura\\\/lo-que-abunda-no-dana\\\/\"},\"wordCount\":1003,\"publisher\":{\"@id\":\"https:\\\/\\\/www.taller-palabras.com\\\/WordPress_06\\\/#organization\"},\"image\":{\"@id\":\"https:\\\/\\\/www.taller-palabras.com\\\/WordPress_06\\\/lectura\\\/lo-que-abunda-no-dana\\\/#primaryimage\"},\"thumbnailUrl\":\"https:\\\/\\\/www.taller-palabras.com\\\/WordPress_06\\\/wp-content\\\/uploads\\\/2020\\\/10\\\/abundaLibro.jpg\",\"keywords\":[\"Leer mucho\"],\"articleSection\":[\"Lectura\"],\"inLanguage\":\"es\"},{\"@type\":[\"WebPage\",\"ItemPage\"],\"@id\":\"https:\\\/\\\/www.taller-palabras.com\\\/WordPress_06\\\/lectura\\\/lo-que-abunda-no-dana\\\/\",\"url\":\"https:\\\/\\\/www.taller-palabras.com\\\/WordPress_06\\\/lectura\\\/lo-que-abunda-no-dana\\\/\",\"name\":\"Lo que abunda no da\u00f1a - Red Literaria\",\"isPartOf\":{\"@id\":\"https:\\\/\\\/www.taller-palabras.com\\\/WordPress_06\\\/#website\"},\"primaryImageOfPage\":{\"@id\":\"https:\\\/\\\/www.taller-palabras.com\\\/WordPress_06\\\/lectura\\\/lo-que-abunda-no-dana\\\/#primaryimage\"},\"image\":{\"@id\":\"https:\\\/\\\/www.taller-palabras.com\\\/WordPress_06\\\/lectura\\\/lo-que-abunda-no-dana\\\/#primaryimage\"},\"thumbnailUrl\":\"https:\\\/\\\/www.taller-palabras.com\\\/WordPress_06\\\/wp-content\\\/uploads\\\/2020\\\/10\\\/abundaLibro.jpg\",\"datePublished\":\"2023-10-02T21:59:15+00:00\",\"dateModified\":\"2023-10-08T17:00:15+00:00\",\"breadcrumb\":{\"@id\":\"https:\\\/\\\/www.taller-palabras.com\\\/WordPress_06\\\/lectura\\\/lo-que-abunda-no-dana\\\/#breadcrumb\"},\"inLanguage\":\"es\",\"potentialAction\":[{\"@type\":\"ReadAction\",\"target\":[\"https:\\\/\\\/www.taller-palabras.com\\\/WordPress_06\\\/lectura\\\/lo-que-abunda-no-dana\\\/\"]}]},{\"@type\":\"ImageObject\",\"inLanguage\":\"es\",\"@id\":\"https:\\\/\\\/www.taller-palabras.com\\\/WordPress_06\\\/lectura\\\/lo-que-abunda-no-dana\\\/#primaryimage\",\"url\":\"https:\\\/\\\/www.taller-palabras.com\\\/WordPress_06\\\/wp-content\\\/uploads\\\/2020\\\/10\\\/abundaLibro.jpg\",\"contentUrl\":\"https:\\\/\\\/www.taller-palabras.com\\\/WordPress_06\\\/wp-content\\\/uploads\\\/2020\\\/10\\\/abundaLibro.jpg\",\"width\":425,\"height\":283},{\"@type\":\"BreadcrumbList\",\"@id\":\"https:\\\/\\\/www.taller-palabras.com\\\/WordPress_06\\\/lectura\\\/lo-que-abunda-no-dana\\\/#breadcrumb\",\"itemListElement\":[{\"@type\":\"ListItem\",\"position\":1,\"name\":\"Portada\",\"item\":\"https:\\\/\\\/www.taller-palabras.com\\\/WordPress_06\\\/\"},{\"@type\":\"ListItem\",\"position\":2,\"name\":\"Lo que abunda no da\u00f1a\"}]},{\"@type\":\"WebSite\",\"@id\":\"https:\\\/\\\/www.taller-palabras.com\\\/WordPress_06\\\/#website\",\"url\":\"https:\\\/\\\/www.taller-palabras.com\\\/WordPress_06\\\/\",\"name\":\"Red Literaria\",\"description\":\"Red de lectura y escritura\",\"publisher\":{\"@id\":\"https:\\\/\\\/www.taller-palabras.com\\\/WordPress_06\\\/#organization\"},\"potentialAction\":[{\"@type\":\"SearchAction\",\"target\":{\"@type\":\"EntryPoint\",\"urlTemplate\":\"https:\\\/\\\/www.taller-palabras.com\\\/WordPress_06\\\/?s={search_term_string}\"},\"query-input\":{\"@type\":\"PropertyValueSpecification\",\"valueRequired\":true,\"valueName\":\"search_term_string\"}}],\"inLanguage\":\"es\"},{\"@type\":\"Organization\",\"@id\":\"https:\\\/\\\/www.taller-palabras.com\\\/WordPress_06\\\/#organization\",\"name\":\"Redescribir\",\"url\":\"https:\\\/\\\/www.taller-palabras.com\\\/WordPress_06\\\/\",\"logo\":{\"@type\":\"ImageObject\",\"inLanguage\":\"es\",\"@id\":\"https:\\\/\\\/www.taller-palabras.com\\\/WordPress_06\\\/#\\\/schema\\\/logo\\\/image\\\/\",\"url\":\"https:\\\/\\\/www.taller-palabras.com\\\/WordPress_06\\\/wp-content\\\/uploads\\\/2021\\\/07\\\/redactar_icon.png\",\"contentUrl\":\"https:\\\/\\\/www.taller-palabras.com\\\/WordPress_06\\\/wp-content\\\/uploads\\\/2021\\\/07\\\/redactar_icon.png\",\"width\":25,\"height\":25,\"caption\":\"Redescribir\"},\"image\":{\"@id\":\"https:\\\/\\\/www.taller-palabras.com\\\/WordPress_06\\\/#\\\/schema\\\/logo\\\/image\\\/\"},\"sameAs\":[\"https:\\\/\\\/www.facebook.com\\\/profile.php?id=100001537279728\"]},{\"@type\":\"Person\",\"@id\":\"https:\\\/\\\/www.taller-palabras.com\\\/WordPress_06\\\/#\\\/schema\\\/person\\\/a774f3e56bddd007723be732994cadd4\",\"name\":\"Patricia M\u00f3nica Miranda Alonso\",\"description\":\"Profesora de escritura creativa y coordinadora de talleres literarios, editora y correctora literaria, rese\u00f1adora y cr\u00edtica literaria.\",\"sameAs\":[\"https:\\\/\\\/www.taller-palabras.com\"],\"url\":\"https:\\\/\\\/www.taller-palabras.com\\\/WordPress_06\\\/author\\\/patricia\\\/\"}]}<\/script>\n<!-- \/ Yoast SEO plugin. -->","yoast_head_json":{"title":"Lo que abunda no da\u00f1a - Red Literaria","robots":{"index":"index","follow":"follow","max-snippet":"max-snippet:-1","max-image-preview":"max-image-preview:large","max-video-preview":"max-video-preview:-1"},"canonical":"https:\/\/www.taller-palabras.com\/WordPress_06\/lectura\/lo-que-abunda-no-dana\/","og_locale":"es_ES","og_type":"article","og_title":"Lo que abunda no da\u00f1a - Red Literaria","og_description":"Es bueno mantener una mente abierta cuando se habla de lectura y abrir la mente tambi\u00e9n gracias a la lectura...","og_url":"https:\/\/www.taller-palabras.com\/WordPress_06\/lectura\/lo-que-abunda-no-dana\/","og_site_name":"Red Literaria","article_publisher":"https:\/\/www.facebook.com\/profile.php?id=100001537279728","article_published_time":"2023-10-02T21:59:15+00:00","article_modified_time":"2023-10-08T17:00:15+00:00","og_image":[{"width":425,"height":283,"url":"https:\/\/www.taller-palabras.com\/WordPress_06\/wp-content\/uploads\/2020\/10\/abundaLibro.jpg","type":"image\/jpeg"}],"author":"Patricia M\u00f3nica Miranda Alonso","twitter_card":"summary_large_image","twitter_misc":{"Escrito por":"Patricia M\u00f3nica Miranda Alonso","Tiempo de lectura":"5 minutos"},"schema":{"@context":"https:\/\/schema.org","@graph":[{"@type":"NewsArticle","@id":"https:\/\/www.taller-palabras.com\/WordPress_06\/lectura\/lo-que-abunda-no-dana\/#article","isPartOf":{"@id":"https:\/\/www.taller-palabras.com\/WordPress_06\/lectura\/lo-que-abunda-no-dana\/"},"author":{"name":"Patricia M\u00f3nica Miranda Alonso","@id":"https:\/\/www.taller-palabras.com\/WordPress_06\/#\/schema\/person\/a774f3e56bddd007723be732994cadd4"},"headline":"Lo que abunda no da\u00f1a","datePublished":"2023-10-02T21:59:15+00:00","dateModified":"2023-10-08T17:00:15+00:00","mainEntityOfPage":{"@id":"https:\/\/www.taller-palabras.com\/WordPress_06\/lectura\/lo-que-abunda-no-dana\/"},"wordCount":1003,"publisher":{"@id":"https:\/\/www.taller-palabras.com\/WordPress_06\/#organization"},"image":{"@id":"https:\/\/www.taller-palabras.com\/WordPress_06\/lectura\/lo-que-abunda-no-dana\/#primaryimage"},"thumbnailUrl":"https:\/\/www.taller-palabras.com\/WordPress_06\/wp-content\/uploads\/2020\/10\/abundaLibro.jpg","keywords":["Leer mucho"],"articleSection":["Lectura"],"inLanguage":"es"},{"@type":["WebPage","ItemPage"],"@id":"https:\/\/www.taller-palabras.com\/WordPress_06\/lectura\/lo-que-abunda-no-dana\/","url":"https:\/\/www.taller-palabras.com\/WordPress_06\/lectura\/lo-que-abunda-no-dana\/","name":"Lo que abunda no da\u00f1a - Red Literaria","isPartOf":{"@id":"https:\/\/www.taller-palabras.com\/WordPress_06\/#website"},"primaryImageOfPage":{"@id":"https:\/\/www.taller-palabras.com\/WordPress_06\/lectura\/lo-que-abunda-no-dana\/#primaryimage"},"image":{"@id":"https:\/\/www.taller-palabras.com\/WordPress_06\/lectura\/lo-que-abunda-no-dana\/#primaryimage"},"thumbnailUrl":"https:\/\/www.taller-palabras.com\/WordPress_06\/wp-content\/uploads\/2020\/10\/abundaLibro.jpg","datePublished":"2023-10-02T21:59:15+00:00","dateModified":"2023-10-08T17:00:15+00:00","breadcrumb":{"@id":"https:\/\/www.taller-palabras.com\/WordPress_06\/lectura\/lo-que-abunda-no-dana\/#breadcrumb"},"inLanguage":"es","potentialAction":[{"@type":"ReadAction","target":["https:\/\/www.taller-palabras.com\/WordPress_06\/lectura\/lo-que-abunda-no-dana\/"]}]},{"@type":"ImageObject","inLanguage":"es","@id":"https:\/\/www.taller-palabras.com\/WordPress_06\/lectura\/lo-que-abunda-no-dana\/#primaryimage","url":"https:\/\/www.taller-palabras.com\/WordPress_06\/wp-content\/uploads\/2020\/10\/abundaLibro.jpg","contentUrl":"https:\/\/www.taller-palabras.com\/WordPress_06\/wp-content\/uploads\/2020\/10\/abundaLibro.jpg","width":425,"height":283},{"@type":"BreadcrumbList","@id":"https:\/\/www.taller-palabras.com\/WordPress_06\/lectura\/lo-que-abunda-no-dana\/#breadcrumb","itemListElement":[{"@type":"ListItem","position":1,"name":"Portada","item":"https:\/\/www.taller-palabras.com\/WordPress_06\/"},{"@type":"ListItem","position":2,"name":"Lo que abunda no da\u00f1a"}]},{"@type":"WebSite","@id":"https:\/\/www.taller-palabras.com\/WordPress_06\/#website","url":"https:\/\/www.taller-palabras.com\/WordPress_06\/","name":"Red Literaria","description":"Red de lectura y escritura","publisher":{"@id":"https:\/\/www.taller-palabras.com\/WordPress_06\/#organization"},"potentialAction":[{"@type":"SearchAction","target":{"@type":"EntryPoint","urlTemplate":"https:\/\/www.taller-palabras.com\/WordPress_06\/?s={search_term_string}"},"query-input":{"@type":"PropertyValueSpecification","valueRequired":true,"valueName":"search_term_string"}}],"inLanguage":"es"},{"@type":"Organization","@id":"https:\/\/www.taller-palabras.com\/WordPress_06\/#organization","name":"Redescribir","url":"https:\/\/www.taller-palabras.com\/WordPress_06\/","logo":{"@type":"ImageObject","inLanguage":"es","@id":"https:\/\/www.taller-palabras.com\/WordPress_06\/#\/schema\/logo\/image\/","url":"https:\/\/www.taller-palabras.com\/WordPress_06\/wp-content\/uploads\/2021\/07\/redactar_icon.png","contentUrl":"https:\/\/www.taller-palabras.com\/WordPress_06\/wp-content\/uploads\/2021\/07\/redactar_icon.png","width":25,"height":25,"caption":"Redescribir"},"image":{"@id":"https:\/\/www.taller-palabras.com\/WordPress_06\/#\/schema\/logo\/image\/"},"sameAs":["https:\/\/www.facebook.com\/profile.php?id=100001537279728"]},{"@type":"Person","@id":"https:\/\/www.taller-palabras.com\/WordPress_06\/#\/schema\/person\/a774f3e56bddd007723be732994cadd4","name":"Patricia M\u00f3nica Miranda Alonso","description":"Profesora de escritura creativa y coordinadora de talleres literarios, editora y correctora literaria, rese\u00f1adora y cr\u00edtica literaria.","sameAs":["https:\/\/www.taller-palabras.com"],"url":"https:\/\/www.taller-palabras.com\/WordPress_06\/author\/patricia\/"}]}},"_links":{"self":[{"href":"https:\/\/www.taller-palabras.com\/WordPress_06\/wp-json\/wp\/v2\/posts\/1209","targetHints":{"allow":["GET"]}}],"collection":[{"href":"https:\/\/www.taller-palabras.com\/WordPress_06\/wp-json\/wp\/v2\/posts"}],"about":[{"href":"https:\/\/www.taller-palabras.com\/WordPress_06\/wp-json\/wp\/v2\/types\/post"}],"author":[{"embeddable":true,"href":"https:\/\/www.taller-palabras.com\/WordPress_06\/wp-json\/wp\/v2\/users\/83"}],"replies":[{"embeddable":true,"href":"https:\/\/www.taller-palabras.com\/WordPress_06\/wp-json\/wp\/v2\/comments?post=1209"}],"version-history":[{"count":3,"href":"https:\/\/www.taller-palabras.com\/WordPress_06\/wp-json\/wp\/v2\/posts\/1209\/revisions"}],"predecessor-version":[{"id":1374,"href":"https:\/\/www.taller-palabras.com\/WordPress_06\/wp-json\/wp\/v2\/posts\/1209\/revisions\/1374"}],"wp:featuredmedia":[{"embeddable":true,"href":"https:\/\/www.taller-palabras.com\/WordPress_06\/wp-json\/wp\/v2\/media\/1210"}],"wp:attachment":[{"href":"https:\/\/www.taller-palabras.com\/WordPress_06\/wp-json\/wp\/v2\/media?parent=1209"}],"wp:term":[{"taxonomy":"category","embeddable":true,"href":"https:\/\/www.taller-palabras.com\/WordPress_06\/wp-json\/wp\/v2\/categories?post=1209"},{"taxonomy":"post_tag","embeddable":true,"href":"https:\/\/www.taller-palabras.com\/WordPress_06\/wp-json\/wp\/v2\/tags?post=1209"}],"curies":[{"name":"wp","href":"https:\/\/api.w.org\/{rel}","templated":true}]}}