{"id":1302,"date":"2021-01-01T12:20:24","date_gmt":"2021-01-01T15:20:24","guid":{"rendered":"https:\/\/www.taller-palabras.com\/WordPress_06\/?p=1302"},"modified":"2023-10-08T14:04:04","modified_gmt":"2023-10-08T17:04:04","slug":"casi-me-siento-mejor","status":"publish","type":"post","link":"https:\/\/www.taller-palabras.com\/WordPress_06\/lectura\/casi-me-siento-mejor\/","title":{"rendered":"Casi me siento mejor"},"content":{"rendered":"\n<p><em>Encierro, confinamiento, cuarentena, aislamiento<\/em>, distanciamiento social (que tambi\u00e9n es distanciamiento de los afectos, de los abrazos de\u2026). Como si una sola palabra no alcanzara, han puesto a nuestra disposici\u00f3n un sinf\u00edn de ellas que dentro de este contexto actual, se resematizar\u00e1n para siempre, y ya nunca volveremos a pronunciarlas con inocencia. Cuando definitivamente nos abran las puertas de esta jaula donde nos han metido, cuando definitivamente volvamos a recuperar la libertad que nos han quitado, que hemos perdido, que hemos canjeado por \u00bfseguridad? Cuando ya no haya barrotes, ni puertas ni compuertas que atrapen nuestro cuerpo recordaremos que hubo un a\u00f1o (o \u00bfm\u00e1s?) en que era necesario echar mano de lo que fuera para sentirse libres, para hacer de cuenta que seguimos siendo soberanos de nuestros propios d\u00edas, de nuestra vida, de vuestro ser.<br><em>Libertad, evasi\u00f3n, permisi\u00f3n, comunicaci\u00f3n, acercamiento. <\/em>Es posible trastocar esta rutina carcelaria que nos toca vivir y hacer de cuenta que ya todo ha pasado o hacer de cuenta que aunque no haya pasado hay herramientas al alcance de la mano que nos pueden salvar.<br>Como un n\u00e1ufrago en medio del mar, como un beduino que no encuentra el oasis indicado, como un preso que busca abrir sus alas y remontar vuelo, como cada uno de nosotros cautivos en nuestro propio hogar, en nuestra ciudad, en nuestro cuerpo que no alcanza a vislumbrar el fin del t\u00fanel, nosotros, cada uno de nosotros podemos echar a volar.<\/p>\n\n\n\n<p>Si pensamos en los libros como esas ventanas al mundo, si sentimos que los libros son el remedio para la comez\u00f3n del alma, y si cuando nos pica abrimos un libro y volamos lejos, muy lejos, es porque sabemos que las palabras nos convierten en seres libres, que la belleza escrita puede devolvernos incluso ese horizonte que parece tan lejano.<\/p>\n\n\n\n<p>\u00bfY si probamos con la poes\u00eda?<\/p>\n\n\n\n<p>Un poema que salte lindes, un poema que traspase paredes, un poema que nos lata adentro como si fuera un nuevo coraz\u00f3n que nos ha salido. Un poema para sentir el aire fresco en la cara, la luz del sol calent\u00e1ndonos las alas. Un poema para hacer de cuenta que la vida puede ser mejor de lo que nos est\u00e1n obligando a creer. Un poema. O dos o tres o\u2026<\/p>\n\n\n\n<p><em>No dejes que termine el d\u00eda sin haber crecido un poco,<\/em><br><em>sin haber sido feliz, sin haber aumentado tus sue\u00f1os.<\/em><\/p>\n\n\n\n<p><strong>Whalt Whitman<\/strong> fue uno de los padres de la poes\u00eda moderna. Estos versos son un llamamiento al Carpe Diem (<em>aprovechar el momento presente sin esperar el futuro<\/em>). Y como si eso fuera poco incentivo desde su poema <em>\u201cNo te detengas\u201d<\/em> nos sigue arengando:<\/p>\n\n\n\n<p><em>No abandones las ansias de hacer de tu vida algo extraordinario.<\/em><br><em>No dejes de creer que las palabras y las poes\u00edas<\/em><br><em>s\u00ed pueden cambiar el mundo.<\/em><\/p>\n\n\n\n<p>Y si <strong>Whitman<\/strong> no te alcanza para abandonar el suelo, si necesitas un empujoncito para cobrar fuerzas y seguir andando, desde la Espa\u00f1a del siglo pasado, nos toca las puertas de casa <strong>Federico<\/strong>, el gran <strong>Federico Garc\u00eda Lorca:<\/strong><\/p>\n\n\n\n<p><em>Yo quiero ver aqu\u00ed los hombres de voz dura.<br>Los que doman caballos y dominan los r\u00edos;<br>los hombres que les suena el esqueleto y cantan<br>con una boca llena de sol y pedernales.<\/em><\/p>\n\n\n\n<p>Como una ventana con las hojas abiertas dejando entrar el sol, permitiendo que la lluvia nos moje y que las distancias establecidas como par\u00e1metros de sanidad no existan parece dif\u00edcil de lograr. \u00bfY si probamos con sentirnos libres a trav\u00e9s de las palabras de <strong>Miguel Hern\u00e1ndez<\/strong>?<\/p>\n\n\n\n<p><em>Tu risa me hace libre,<br>me pone alas.<br>Soledades me quita,<br>c\u00e1rcel me arranca.<br>Boca que vuela,<br>coraz\u00f3n que en tus labios<br>relampaguea.<\/em><\/p>\n\n\n\n<p><strong>Miguel Hern\u00e1ndez<\/strong> muri\u00f3 joven, pero vivi\u00f3 lo suficiente para dejar un legado po\u00e9tico que en estos d\u00edas viene como anillo al dedo:<\/p>\n\n\n\n<p><em>Florecer\u00e1n los besos<br>sobre las almohadas.<br>Y en torno de los cuerpos<br>elevar\u00e1 la s\u00e1bana<br>su intensa enredadera<br>nocturna, perfumada.<\/em><\/p>\n\n\n\n<p><strong>Gioconda Belli<\/strong> es pasi\u00f3n, es fuerza, entereza y nos acerca ese soplo de positivismo que nos falta:<\/p>\n\n\n\n<p><em>Claro que no somos una pompa f\u00fanebre,<br>a pesar de todas las l\u00e1grimas tragadas<br>estamos con la alegr\u00eda de construir lo nuevo<br>y gozamos del d\u00eda, de la noche<br>y hasta del cansancio<br>y recogemos risa en el viento alto.<\/em><\/p>\n\n\n\n<p>Y si a\u00fan no es suficiente, si el confinamiento te encierra entre cuatro paredes y la soledad te alcanza, si miras por la ventana y el sol se niega a entrar o el aire deja de acariciar tu rostro<em>, \u201cNo te rindas\u201d,<\/em> te lo dice <strong>Mario Benedetti<\/strong>:<\/p>\n\n\n\n<p><em>No te rindas, a\u00fan est\u00e1s a tiempo<br>De alcanzar y comenzar de nuevo,<br>Aceptar tus sombras,<br>Enterrar tus miedos,<br>Liberar el lastre,<br>Retomar el vuelo.<br>No te rindas que la vida es eso,<br>Continuar el viaje,<br>Perseguir tus sue\u00f1os,<br>Destrabar el tiempo,<br>Correr los escombros,<br>Y destapar el cielo.<br>No te rindas, por favor no cedas\u2026<\/em><\/p>\n\n\n\n<p>La poes\u00eda evita que nuestros cuerpos permanezcan en una jaula. Pienso en todos los poetas, vivos y muertos, ellos alguna vez se imaginaron as\u00ed, como te encuentras hoy. Ellos usaron sus palabras como una ventana que no solo da a la calle, como una puerta que se abre no solo para recuperar lo que hemos perdido, lo que nos han robado, sino para rescatar y redimir aquello que nunca nos abandonar\u00e1: nosotros mismos.<\/p>\n\n\n\n<p><strong>Joan Margarit<\/strong>, poeta catal\u00e1n, dijo una vez que \u201c<em>la libertad es una librer\u00eda\u201d<\/em> y quiz\u00e1s la libertad yace dormida en los estantes de tu biblioteca, despi\u00e9rtala y deja que te alcance. Deja que las palabras acaricien esos recovecos que debemos cuidar y alimentar, porque en tiempos como este un poema nos puede salvar.<\/p>\n\n\n\n<hr class=\"wp-block-separator\"\/>\n\n\n\n<h3 class=\"wp-block-heading\" id=\"cursos-especializados\">Cursos especializados<\/h3>\n\n\n\n<h4 class=\"wp-block-heading\" id=\"taller-de-poesia\"><a rel=\"noreferrer noopener\" href=\"https:\/\/taller-palabras.com\/cursos.html\" target=\"_blank\">Taller de Poes\u00eda<\/a><\/h4>\n\n\n\n<hr class=\"wp-block-separator\"\/>\n","protected":false},"excerpt":{"rendered":"<p>Pienso en todos los poetas, vivos y muertos, ellos alguna vez se imaginaron as\u00ed, como te encuentras hoy&#8230;<\/p>\n","protected":false},"author":83,"featured_media":1304,"comment_status":"closed","ping_status":"open","sticky":false,"template":"","format":"standard","meta":{"footnotes":""},"categories":[18,17],"tags":[177,40,175,176,173,140,174],"class_list":["post-1302","post","type-post","status-publish","format-standard","has-post-thumbnail","hentry","category-escritura","category-lectura","tag-benedetti","tag-escritura-creativa","tag-lorca","tag-miguel-hernandez","tag-poema","tag-poesia","tag-verso"],"yoast_head":"<!-- This site is optimized with the Yoast SEO plugin v27.4 - https:\/\/yoast.com\/product\/yoast-seo-wordpress\/ -->\n<title>Casi me siento mejor - Red Literaria<\/title>\n<meta name=\"robots\" content=\"index, follow, max-snippet:-1, max-image-preview:large, max-video-preview:-1\" \/>\n<link rel=\"canonical\" href=\"https:\/\/www.taller-palabras.com\/WordPress_06\/lectura\/casi-me-siento-mejor\/\" \/>\n<meta property=\"og:locale\" content=\"es_ES\" \/>\n<meta property=\"og:type\" content=\"article\" \/>\n<meta property=\"og:title\" content=\"Casi me siento mejor - Red Literaria\" \/>\n<meta property=\"og:description\" content=\"Pienso en todos los poetas, vivos y muertos, ellos alguna vez se imaginaron as\u00ed, como te encuentras hoy...\" \/>\n<meta property=\"og:url\" content=\"https:\/\/www.taller-palabras.com\/WordPress_06\/lectura\/casi-me-siento-mejor\/\" \/>\n<meta property=\"og:site_name\" content=\"Red Literaria\" \/>\n<meta property=\"article:publisher\" content=\"https:\/\/www.facebook.com\/profile.php?id=100001537279728\" \/>\n<meta property=\"article:published_time\" content=\"2021-01-01T15:20:24+00:00\" \/>\n<meta property=\"article:modified_time\" content=\"2023-10-08T17:04:04+00:00\" \/>\n<meta property=\"og:image\" content=\"https:\/\/www.taller-palabras.com\/WordPress_06\/wp-content\/uploads\/2021\/01\/la-poesia-es-liberacion.jpg\" \/>\n\t<meta property=\"og:image:width\" content=\"504\" \/>\n\t<meta property=\"og:image:height\" content=\"283\" \/>\n\t<meta property=\"og:image:type\" content=\"image\/jpeg\" \/>\n<meta name=\"author\" content=\"Patricia M\u00f3nica Miranda Alonso\" \/>\n<meta name=\"twitter:card\" content=\"summary_large_image\" \/>\n<meta name=\"twitter:label1\" content=\"Escrito por\" \/>\n\t<meta name=\"twitter:data1\" content=\"Patricia M\u00f3nica Miranda Alonso\" \/>\n\t<meta name=\"twitter:label2\" content=\"Tiempo de lectura\" \/>\n\t<meta name=\"twitter:data2\" content=\"5 minutos\" \/>\n<script type=\"application\/ld+json\" class=\"yoast-schema-graph\">{\"@context\":\"https:\\\/\\\/schema.org\",\"@graph\":[{\"@type\":\"NewsArticle\",\"@id\":\"https:\\\/\\\/www.taller-palabras.com\\\/WordPress_06\\\/lectura\\\/casi-me-siento-mejor\\\/#article\",\"isPartOf\":{\"@id\":\"https:\\\/\\\/www.taller-palabras.com\\\/WordPress_06\\\/lectura\\\/casi-me-siento-mejor\\\/\"},\"author\":{\"name\":\"Patricia M\u00f3nica Miranda Alonso\",\"@id\":\"https:\\\/\\\/www.taller-palabras.com\\\/WordPress_06\\\/#\\\/schema\\\/person\\\/a774f3e56bddd007723be732994cadd4\"},\"headline\":\"Casi me siento mejor\",\"datePublished\":\"2021-01-01T15:20:24+00:00\",\"dateModified\":\"2023-10-08T17:04:04+00:00\",\"mainEntityOfPage\":{\"@id\":\"https:\\\/\\\/www.taller-palabras.com\\\/WordPress_06\\\/lectura\\\/casi-me-siento-mejor\\\/\"},\"wordCount\":975,\"publisher\":{\"@id\":\"https:\\\/\\\/www.taller-palabras.com\\\/WordPress_06\\\/#organization\"},\"image\":{\"@id\":\"https:\\\/\\\/www.taller-palabras.com\\\/WordPress_06\\\/lectura\\\/casi-me-siento-mejor\\\/#primaryimage\"},\"thumbnailUrl\":\"https:\\\/\\\/www.taller-palabras.com\\\/WordPress_06\\\/wp-content\\\/uploads\\\/2021\\\/01\\\/la-poesia-es-liberacion.jpg\",\"keywords\":[\"Benedetti\",\"escritura creativa\",\"Lorca\",\"Miguel Hernandez\",\"Poema\",\"Poesia\",\"Verso\"],\"articleSection\":[\"Escritura\",\"Lectura\"],\"inLanguage\":\"es\"},{\"@type\":[\"WebPage\",\"ItemPage\"],\"@id\":\"https:\\\/\\\/www.taller-palabras.com\\\/WordPress_06\\\/lectura\\\/casi-me-siento-mejor\\\/\",\"url\":\"https:\\\/\\\/www.taller-palabras.com\\\/WordPress_06\\\/lectura\\\/casi-me-siento-mejor\\\/\",\"name\":\"Casi me siento mejor - Red Literaria\",\"isPartOf\":{\"@id\":\"https:\\\/\\\/www.taller-palabras.com\\\/WordPress_06\\\/#website\"},\"primaryImageOfPage\":{\"@id\":\"https:\\\/\\\/www.taller-palabras.com\\\/WordPress_06\\\/lectura\\\/casi-me-siento-mejor\\\/#primaryimage\"},\"image\":{\"@id\":\"https:\\\/\\\/www.taller-palabras.com\\\/WordPress_06\\\/lectura\\\/casi-me-siento-mejor\\\/#primaryimage\"},\"thumbnailUrl\":\"https:\\\/\\\/www.taller-palabras.com\\\/WordPress_06\\\/wp-content\\\/uploads\\\/2021\\\/01\\\/la-poesia-es-liberacion.jpg\",\"datePublished\":\"2021-01-01T15:20:24+00:00\",\"dateModified\":\"2023-10-08T17:04:04+00:00\",\"breadcrumb\":{\"@id\":\"https:\\\/\\\/www.taller-palabras.com\\\/WordPress_06\\\/lectura\\\/casi-me-siento-mejor\\\/#breadcrumb\"},\"inLanguage\":\"es\",\"potentialAction\":[{\"@type\":\"ReadAction\",\"target\":[\"https:\\\/\\\/www.taller-palabras.com\\\/WordPress_06\\\/lectura\\\/casi-me-siento-mejor\\\/\"]}]},{\"@type\":\"ImageObject\",\"inLanguage\":\"es\",\"@id\":\"https:\\\/\\\/www.taller-palabras.com\\\/WordPress_06\\\/lectura\\\/casi-me-siento-mejor\\\/#primaryimage\",\"url\":\"https:\\\/\\\/www.taller-palabras.com\\\/WordPress_06\\\/wp-content\\\/uploads\\\/2021\\\/01\\\/la-poesia-es-liberacion.jpg\",\"contentUrl\":\"https:\\\/\\\/www.taller-palabras.com\\\/WordPress_06\\\/wp-content\\\/uploads\\\/2021\\\/01\\\/la-poesia-es-liberacion.jpg\",\"width\":504,\"height\":283},{\"@type\":\"BreadcrumbList\",\"@id\":\"https:\\\/\\\/www.taller-palabras.com\\\/WordPress_06\\\/lectura\\\/casi-me-siento-mejor\\\/#breadcrumb\",\"itemListElement\":[{\"@type\":\"ListItem\",\"position\":1,\"name\":\"Portada\",\"item\":\"https:\\\/\\\/www.taller-palabras.com\\\/WordPress_06\\\/\"},{\"@type\":\"ListItem\",\"position\":2,\"name\":\"Casi me siento mejor\"}]},{\"@type\":\"WebSite\",\"@id\":\"https:\\\/\\\/www.taller-palabras.com\\\/WordPress_06\\\/#website\",\"url\":\"https:\\\/\\\/www.taller-palabras.com\\\/WordPress_06\\\/\",\"name\":\"Red Literaria\",\"description\":\"Red de lectura y escritura\",\"publisher\":{\"@id\":\"https:\\\/\\\/www.taller-palabras.com\\\/WordPress_06\\\/#organization\"},\"potentialAction\":[{\"@type\":\"SearchAction\",\"target\":{\"@type\":\"EntryPoint\",\"urlTemplate\":\"https:\\\/\\\/www.taller-palabras.com\\\/WordPress_06\\\/?s={search_term_string}\"},\"query-input\":{\"@type\":\"PropertyValueSpecification\",\"valueRequired\":true,\"valueName\":\"search_term_string\"}}],\"inLanguage\":\"es\"},{\"@type\":\"Organization\",\"@id\":\"https:\\\/\\\/www.taller-palabras.com\\\/WordPress_06\\\/#organization\",\"name\":\"Redescribir\",\"url\":\"https:\\\/\\\/www.taller-palabras.com\\\/WordPress_06\\\/\",\"logo\":{\"@type\":\"ImageObject\",\"inLanguage\":\"es\",\"@id\":\"https:\\\/\\\/www.taller-palabras.com\\\/WordPress_06\\\/#\\\/schema\\\/logo\\\/image\\\/\",\"url\":\"https:\\\/\\\/www.taller-palabras.com\\\/WordPress_06\\\/wp-content\\\/uploads\\\/2021\\\/07\\\/redactar_icon.png\",\"contentUrl\":\"https:\\\/\\\/www.taller-palabras.com\\\/WordPress_06\\\/wp-content\\\/uploads\\\/2021\\\/07\\\/redactar_icon.png\",\"width\":25,\"height\":25,\"caption\":\"Redescribir\"},\"image\":{\"@id\":\"https:\\\/\\\/www.taller-palabras.com\\\/WordPress_06\\\/#\\\/schema\\\/logo\\\/image\\\/\"},\"sameAs\":[\"https:\\\/\\\/www.facebook.com\\\/profile.php?id=100001537279728\"]},{\"@type\":\"Person\",\"@id\":\"https:\\\/\\\/www.taller-palabras.com\\\/WordPress_06\\\/#\\\/schema\\\/person\\\/a774f3e56bddd007723be732994cadd4\",\"name\":\"Patricia M\u00f3nica Miranda Alonso\",\"description\":\"Profesora de escritura creativa y coordinadora de talleres literarios, editora y correctora literaria, rese\u00f1adora y cr\u00edtica literaria.\",\"sameAs\":[\"https:\\\/\\\/www.taller-palabras.com\"],\"url\":\"https:\\\/\\\/www.taller-palabras.com\\\/WordPress_06\\\/author\\\/patricia\\\/\"}]}<\/script>\n<!-- \/ Yoast SEO plugin. -->","yoast_head_json":{"title":"Casi me siento mejor - Red Literaria","robots":{"index":"index","follow":"follow","max-snippet":"max-snippet:-1","max-image-preview":"max-image-preview:large","max-video-preview":"max-video-preview:-1"},"canonical":"https:\/\/www.taller-palabras.com\/WordPress_06\/lectura\/casi-me-siento-mejor\/","og_locale":"es_ES","og_type":"article","og_title":"Casi me siento mejor - Red Literaria","og_description":"Pienso en todos los poetas, vivos y muertos, ellos alguna vez se imaginaron as\u00ed, como te encuentras hoy...","og_url":"https:\/\/www.taller-palabras.com\/WordPress_06\/lectura\/casi-me-siento-mejor\/","og_site_name":"Red Literaria","article_publisher":"https:\/\/www.facebook.com\/profile.php?id=100001537279728","article_published_time":"2021-01-01T15:20:24+00:00","article_modified_time":"2023-10-08T17:04:04+00:00","og_image":[{"width":504,"height":283,"url":"https:\/\/www.taller-palabras.com\/WordPress_06\/wp-content\/uploads\/2021\/01\/la-poesia-es-liberacion.jpg","type":"image\/jpeg"}],"author":"Patricia M\u00f3nica Miranda Alonso","twitter_card":"summary_large_image","twitter_misc":{"Escrito por":"Patricia M\u00f3nica Miranda Alonso","Tiempo de lectura":"5 minutos"},"schema":{"@context":"https:\/\/schema.org","@graph":[{"@type":"NewsArticle","@id":"https:\/\/www.taller-palabras.com\/WordPress_06\/lectura\/casi-me-siento-mejor\/#article","isPartOf":{"@id":"https:\/\/www.taller-palabras.com\/WordPress_06\/lectura\/casi-me-siento-mejor\/"},"author":{"name":"Patricia M\u00f3nica Miranda Alonso","@id":"https:\/\/www.taller-palabras.com\/WordPress_06\/#\/schema\/person\/a774f3e56bddd007723be732994cadd4"},"headline":"Casi me siento mejor","datePublished":"2021-01-01T15:20:24+00:00","dateModified":"2023-10-08T17:04:04+00:00","mainEntityOfPage":{"@id":"https:\/\/www.taller-palabras.com\/WordPress_06\/lectura\/casi-me-siento-mejor\/"},"wordCount":975,"publisher":{"@id":"https:\/\/www.taller-palabras.com\/WordPress_06\/#organization"},"image":{"@id":"https:\/\/www.taller-palabras.com\/WordPress_06\/lectura\/casi-me-siento-mejor\/#primaryimage"},"thumbnailUrl":"https:\/\/www.taller-palabras.com\/WordPress_06\/wp-content\/uploads\/2021\/01\/la-poesia-es-liberacion.jpg","keywords":["Benedetti","escritura creativa","Lorca","Miguel Hernandez","Poema","Poesia","Verso"],"articleSection":["Escritura","Lectura"],"inLanguage":"es"},{"@type":["WebPage","ItemPage"],"@id":"https:\/\/www.taller-palabras.com\/WordPress_06\/lectura\/casi-me-siento-mejor\/","url":"https:\/\/www.taller-palabras.com\/WordPress_06\/lectura\/casi-me-siento-mejor\/","name":"Casi me siento mejor - Red Literaria","isPartOf":{"@id":"https:\/\/www.taller-palabras.com\/WordPress_06\/#website"},"primaryImageOfPage":{"@id":"https:\/\/www.taller-palabras.com\/WordPress_06\/lectura\/casi-me-siento-mejor\/#primaryimage"},"image":{"@id":"https:\/\/www.taller-palabras.com\/WordPress_06\/lectura\/casi-me-siento-mejor\/#primaryimage"},"thumbnailUrl":"https:\/\/www.taller-palabras.com\/WordPress_06\/wp-content\/uploads\/2021\/01\/la-poesia-es-liberacion.jpg","datePublished":"2021-01-01T15:20:24+00:00","dateModified":"2023-10-08T17:04:04+00:00","breadcrumb":{"@id":"https:\/\/www.taller-palabras.com\/WordPress_06\/lectura\/casi-me-siento-mejor\/#breadcrumb"},"inLanguage":"es","potentialAction":[{"@type":"ReadAction","target":["https:\/\/www.taller-palabras.com\/WordPress_06\/lectura\/casi-me-siento-mejor\/"]}]},{"@type":"ImageObject","inLanguage":"es","@id":"https:\/\/www.taller-palabras.com\/WordPress_06\/lectura\/casi-me-siento-mejor\/#primaryimage","url":"https:\/\/www.taller-palabras.com\/WordPress_06\/wp-content\/uploads\/2021\/01\/la-poesia-es-liberacion.jpg","contentUrl":"https:\/\/www.taller-palabras.com\/WordPress_06\/wp-content\/uploads\/2021\/01\/la-poesia-es-liberacion.jpg","width":504,"height":283},{"@type":"BreadcrumbList","@id":"https:\/\/www.taller-palabras.com\/WordPress_06\/lectura\/casi-me-siento-mejor\/#breadcrumb","itemListElement":[{"@type":"ListItem","position":1,"name":"Portada","item":"https:\/\/www.taller-palabras.com\/WordPress_06\/"},{"@type":"ListItem","position":2,"name":"Casi me siento mejor"}]},{"@type":"WebSite","@id":"https:\/\/www.taller-palabras.com\/WordPress_06\/#website","url":"https:\/\/www.taller-palabras.com\/WordPress_06\/","name":"Red Literaria","description":"Red de lectura y escritura","publisher":{"@id":"https:\/\/www.taller-palabras.com\/WordPress_06\/#organization"},"potentialAction":[{"@type":"SearchAction","target":{"@type":"EntryPoint","urlTemplate":"https:\/\/www.taller-palabras.com\/WordPress_06\/?s={search_term_string}"},"query-input":{"@type":"PropertyValueSpecification","valueRequired":true,"valueName":"search_term_string"}}],"inLanguage":"es"},{"@type":"Organization","@id":"https:\/\/www.taller-palabras.com\/WordPress_06\/#organization","name":"Redescribir","url":"https:\/\/www.taller-palabras.com\/WordPress_06\/","logo":{"@type":"ImageObject","inLanguage":"es","@id":"https:\/\/www.taller-palabras.com\/WordPress_06\/#\/schema\/logo\/image\/","url":"https:\/\/www.taller-palabras.com\/WordPress_06\/wp-content\/uploads\/2021\/07\/redactar_icon.png","contentUrl":"https:\/\/www.taller-palabras.com\/WordPress_06\/wp-content\/uploads\/2021\/07\/redactar_icon.png","width":25,"height":25,"caption":"Redescribir"},"image":{"@id":"https:\/\/www.taller-palabras.com\/WordPress_06\/#\/schema\/logo\/image\/"},"sameAs":["https:\/\/www.facebook.com\/profile.php?id=100001537279728"]},{"@type":"Person","@id":"https:\/\/www.taller-palabras.com\/WordPress_06\/#\/schema\/person\/a774f3e56bddd007723be732994cadd4","name":"Patricia M\u00f3nica Miranda Alonso","description":"Profesora de escritura creativa y coordinadora de talleres literarios, editora y correctora literaria, rese\u00f1adora y cr\u00edtica literaria.","sameAs":["https:\/\/www.taller-palabras.com"],"url":"https:\/\/www.taller-palabras.com\/WordPress_06\/author\/patricia\/"}]}},"_links":{"self":[{"href":"https:\/\/www.taller-palabras.com\/WordPress_06\/wp-json\/wp\/v2\/posts\/1302","targetHints":{"allow":["GET"]}}],"collection":[{"href":"https:\/\/www.taller-palabras.com\/WordPress_06\/wp-json\/wp\/v2\/posts"}],"about":[{"href":"https:\/\/www.taller-palabras.com\/WordPress_06\/wp-json\/wp\/v2\/types\/post"}],"author":[{"embeddable":true,"href":"https:\/\/www.taller-palabras.com\/WordPress_06\/wp-json\/wp\/v2\/users\/83"}],"replies":[{"embeddable":true,"href":"https:\/\/www.taller-palabras.com\/WordPress_06\/wp-json\/wp\/v2\/comments?post=1302"}],"version-history":[{"count":2,"href":"https:\/\/www.taller-palabras.com\/WordPress_06\/wp-json\/wp\/v2\/posts\/1302\/revisions"}],"predecessor-version":[{"id":1498,"href":"https:\/\/www.taller-palabras.com\/WordPress_06\/wp-json\/wp\/v2\/posts\/1302\/revisions\/1498"}],"wp:featuredmedia":[{"embeddable":true,"href":"https:\/\/www.taller-palabras.com\/WordPress_06\/wp-json\/wp\/v2\/media\/1304"}],"wp:attachment":[{"href":"https:\/\/www.taller-palabras.com\/WordPress_06\/wp-json\/wp\/v2\/media?parent=1302"}],"wp:term":[{"taxonomy":"category","embeddable":true,"href":"https:\/\/www.taller-palabras.com\/WordPress_06\/wp-json\/wp\/v2\/categories?post=1302"},{"taxonomy":"post_tag","embeddable":true,"href":"https:\/\/www.taller-palabras.com\/WordPress_06\/wp-json\/wp\/v2\/tags?post=1302"}],"curies":[{"name":"wp","href":"https:\/\/api.w.org\/{rel}","templated":true}]}}