{"id":1318,"date":"2023-10-02T19:00:23","date_gmt":"2023-10-02T22:00:23","guid":{"rendered":"https:\/\/www.taller-palabras.com\/WordPress_06\/?p=1318"},"modified":"2026-01-19T08:41:00","modified_gmt":"2026-01-19T11:41:00","slug":"se-hizo-querer","status":"publish","type":"post","link":"https:\/\/www.taller-palabras.com\/WordPress_06\/curiosidaes\/se-hizo-querer\/","title":{"rendered":"Se hizo querer"},"content":{"rendered":"\n<p>Palabras de <strong>Gabriel Garc\u00eda M\u00e1rquez<\/strong> en referencia a <strong>Julio Cort\u00e1zar<\/strong>.<\/p>\n\n\n\n<p>Discurso pronunciado por Gabriel Garc\u00eda M\u00e1rquez en Ciudad de M\u00e9xico, M\u00e9xico, el 12 de febrero de 1994 en el Palacio de Bellas Artes durante la conmemoraci\u00f3n de los diez a\u00f1os de la muerte de Julio Cort\u00e1zar.<\/p>\n\n\n\n<p><em>Fui a Praga por \u00faltima vez en el hist\u00f3rico a\u00f1o de 1968, con Carlos Fuentes y Julio Cort\u00e1zar. Viaj\u00e1bamos en tren desde Par\u00eds porque los tres \u00e9ramos solidarios en nuestro miedo al avi\u00f3n y hab\u00edamos hablado de todo mientras atraves\u00e1bamos la noche dividida de las Alemanias, sus oc\u00e9anos de remolacha, sus inmensas f\u00e1bricas de todo, sus estragos de guerras atroces y amores desaforados.<br>A la hora de dormir, a Carlos Fuentes se le ocurri\u00f3 preguntarle a Cort\u00e1zar c\u00f3mo y en qu\u00e9 momento y por iniciativa de qui\u00e9n se hab\u00eda introducido el piano en la orquesta de jazz. La pregunta era casual y no pretend\u00eda conocer nada m\u00e1s que una fecha y un nombre, pero la respuesta fue una c\u00e1tedra deslumbrante que se prolong\u00f3 hasta el amanecer, entre enormes vasos de cerveza y salchichas de perro con papas heladas. Cort\u00e1zar, que sab\u00eda medir muy bien sus palabras, nos hizo una recomposici\u00f3n hist\u00f3rica y est\u00e9tica con una versaci\u00f3n y una sencillez apenas cre\u00edbles, que culmin\u00f3 con las primeras luces en una apolog\u00eda hom\u00e9rica de Thelonius Monk. No s\u00f3lo hablaba con una profunda voz de \u00f3rgano de erres arrastradas, sino tambi\u00e9n con sus manos de huesos grandes como no recuerdo otras m\u00e1s expresivas. Ni Carlos Fuentes ni yo olvidar\u00edamos jam\u00e1s el asombro de aquella noche irrepetible.<br>Doce a\u00f1os despu\u00e9s vi a Julio Cort\u00e1zar enfrentado a una muchedumbre en un parque de Managua, sin m\u00e1s armas que su voz hermosa y un cuento suyo de los m\u00e1s dif\u00edciles: <strong>\u201cLa noche de Mantequilla\u201d.<\/strong> Es la historia de un boxeador en desgracia contada por \u00e9l mismo en lunfardo, el dialecto de los bajos fondos de Buenos Aires, cuya comprensi\u00f3n nos estar\u00eda vedada por completo al resto de los mortales si no la hubi\u00e9ramos vislumbrado a trav\u00e9s de tanto tango malevo; sin embargo, fue ese el cuento que el propio Cort\u00e1zar escog\u00eda para leerlo en una tarima frente a la muchedumbre de un vasto jard\u00edn iluminado, entre la cual hab\u00eda de todo, desde poetas consagrados y alba\u00f1iles cesantes, hasta comandantes de la revoluci\u00f3n y sus contrarios. Fue otra experiencia deslumbrante. Aunque en rigor no era f\u00e1cil seguir el sentido del relato, a\u00fan para los m\u00e1s entrenados en la jerga lunfarda, uno sent\u00eda y le dol\u00edan los golpes que recib\u00eda el pobre boxeador en la soledad del cuadril\u00e1tero, y daban ganas de llorar por sus ilusiones y su miseria, pues Cort\u00e1zar hab\u00eda logrado una comunicaci\u00f3n tan entra\u00f1able con su auditorio que ya no le importaba a nadie lo que quer\u00edan decir o no decir las palabras, sino que la muchedumbre sentada en la hierba parec\u00eda levitar en estado de gracia por el hechizo de una voz que no parec\u00eda de este mundo.<\/em><\/p>\n\n\n\n<p><em>Estos dos recuerdos de Cort\u00e1zar que tanto me afectaron me parecen tambi\u00e9n las que mejor lo defin\u00edan. Eran los dos extremos de su personalidad. En privado, como en el tren de Praga, lograba seducir por su elocuencia, por su erudici\u00f3n viva, por su memoria milim\u00e9trica, por su humor peligroso, por todo lo que hizo de \u00e9l un intelectual de los grandes en el buen sentido de otros tiempos. En p\u00fablico, a pesar de su reticencia a convertirse en un espect\u00e1culo, fascinaba al auditorio con una presencia ineludible que ten\u00eda algo de sobrenatural, al mismo tiempo tierno y extra\u00f1o. En ambos casos fue el ser humano m\u00e1s impresionante que he tenido la suerte de conocer.<br>Desde el primer momento, a fines del oto\u00f1o triste de 1956, en un caf\u00e9 de Par\u00eds con nombre ingl\u00e9s, adonde \u00e9l sol\u00eda ir de vez en cuando a escribir en una mesa del rinc\u00f3n, como Jean Paul Sartre lo hac\u00eda a trescientos metros de all\u00ed, en un cuaderno de escolar y con una pluma fuente de tinta leg\u00edtima que manchaba los dedos. Yo hab\u00eda le\u00eddo <strong>\u201cBestiario\u201d,<\/strong> su primer libro de cuentos, en un hotel de lance de Barranquilla donde dorm\u00eda por un peso con cincuenta, entre peloteros m\u00e1s mal pagados y putas felices, y desde la primera p\u00e1gina me di cuenta de que aquel era un escritor como el que yo hubiera querido ser cuando fuera grande. Alguien me dijo en Par\u00eds que \u00e9l escrib\u00eda en el caf\u00e9 Old Navy, del boulevard Saint Germain, y all\u00ed lo esper\u00e9 varias semanas, hasta que lo vi entrar como una aparici\u00f3n. Era el hombre m\u00e1s alto que se pod\u00eda imaginar, con una cara de ni\u00f1o perverso dentro de un interminable abrigo negro que m\u00e1s bien parec\u00eda la sotana de un viudo, y ten\u00eda los ojos muy separados, como los de un novillo, y tan oblicuos y di\u00e1fanos que habr\u00edan podido ser los del diablo si no hubieran estado sometidos al dominio del coraz\u00f3n.<br>A\u00f1os despu\u00e9s, cuando ya \u00e9ramos viejos amigos, cre\u00ed volver a verlo como lo vi aquel d\u00eda, pues me parece que se recre\u00f3 a s\u00ed mismo en uno de los cuentos mejor acabados, <strong>\u201cEl otro cielo\u201d<\/strong>, en el personaje de un latinoamericano en Par\u00eds que asist\u00eda de puro curioso a las ejecuciones en la guillotina. Como si lo hubiera hecho frente a un espejo, Cort\u00e1zar lo describi\u00f3 as\u00ed:<\/em><\/p>\n\n\n\n<p><em>\u201cTen\u00eda una expresi\u00f3n distante y a la vez curiosamente fija, la cara de alguien que se ha inmovilizado en un momento de su sue\u00f1o y reh\u00fasa a dar el paso que lo devolver\u00e1 a la vigilia.\u201d.<\/em><\/p>\n\n\n\n<p><em>Su personaje andaba envuelto en una hopalanda negra y larga, como el abrigo del propio Cort\u00e1zar cuando lo vi por primera vez, pero el narrador del cuento no se atrev\u00eda a acerc\u00e1rsele para preguntarle su origen, por temor a la fr\u00eda c\u00f3lera con que \u00e9l mismo hubiera recibido una interpelaci\u00f3n semejante. Lo raro es que yo tampoco me hab\u00eda atrevido a acercarme a Cort\u00e1zar aquella tarde del Old Navy, y por el mismo temor. Lo vi escribir durante m\u00e1s de una hora, sin una pausa para pensar, sin tomar nada m\u00e1s que medio vaso de agua mineral, hasta que empez\u00f3 a oscurecer en la calle y guard\u00f3 la pluma en el bolsillo y sali\u00f3 con el cuaderno debajo del brazo como el escolar m\u00e1s alto y m\u00e1s flaco del mundo. En las muchas veces que nos vimos a\u00f1os despu\u00e9s, lo \u00fanico que hab\u00eda cambiado en \u00e9l era la barba densa y oscura, pues hasta dos semanas antes de su muerte parec\u00eda cierta la leyenda de que era inmortal, porque nunca hab\u00eda dejado de crecer y se mantuvo siempre en la misma edad con que hab\u00eda nacido. Nunca me atrev\u00ed a preguntarle si era verdad, como tampoco le cont\u00e9 que en el oto\u00f1o triste de 1956 lo hab\u00eda visto, sin atreverme a decirle nada, en su rinc\u00f3n del Old Navy, y s\u00e9 que dondequiera que est\u00e9 ahora estar\u00e1 ment\u00e1ndome la madre por mi timidez.<\/em><\/p>\n\n\n\n<p><em>Los \u00eddolos infunden respeto, admiraci\u00f3n, cari\u00f1o y, por supuesto, grandes envidias. Cort\u00e1zar inspiraba todos esos sentimientos como muy pocos escritores, pero inspiraba adem\u00e1s otro menos frecuente: la devoci\u00f3n. Fue, tal vez sin propon\u00e9rselo, el argentino que se hizo querer de todo el mundo. Sin embargo, me atrevo a pensar que si los muertos se mueren, Cort\u00e1zar debe estar muri\u00e9ndose otra vez de verg\u00fcenza por la consternaci\u00f3n mundial que ha causado su muerte. Nadie le tem\u00eda m\u00e1s que \u00e9l, ni en la vida real ni en los libros, a los honores p\u00f3stumos y a los fastos funerarios. M\u00e1s a\u00fan: siempre pens\u00e9 que la muerte misma le parec\u00eda indecente. En alguna parte de La vuelta al d\u00eda en ochenta mundos un grupo de amigos no puede soportar la risa ante la evidencia de que un amigo com\u00fan ha incurrido en la ridiculez de morirse. Por eso, porque lo conoc\u00ed y lo quise tanto, me resist\u00ed a participar en los lamentos y eleg\u00edas por Julio Cort\u00e1zar.<br>Prefer\u00ed seguir pensando en \u00e9l como sin duda \u00e9l lo quer\u00eda, con el j\u00fabilo inmenso de que haya existido, con la alegr\u00eda entra\u00f1able de haberlo conocido, y la gratitud de que nos haya dejado para el mundo una obra tal vez inconclusa pero tan bella e indestructible como su recuerdo.<\/em><\/p>\n\n\n\n<p>La indiscutible valoraci\u00f3n, la invaluable apreciaci\u00f3n de un grande hacia otro grande nos deja sin aliento y nos ense\u00f1a que en el mundo de las letras hay lugar para todos, solo hace falta que te hagas un lugarcito en tu rinc\u00f3n de lectura para conocerlos. Vale la pena.<\/p>\n\n\n\n\n\n\n<hr class=\"wp-block-separator\"\/>\n\n\n\n\n\n<ul class=\"wp-block-list\"><li><strong><a rel=\"noreferrer noopener\" href=\"https:\/\/www.taller-palabras.com\/WordPress_03\/?p=888\" target=\"_blank\">La noche de Mantequilla<\/a><\/strong> &#8211; Julio Cort\u00e1zar &#8211; Biblioteca P\u00fablica<\/li><li><strong><a rel=\"noreferrer noopener\" href=\"https:\/\/www.taller-palabras.com\/WordPress_03\/?p=888\" target=\"_blank\">El otro cielo<\/a><\/strong> &#8211; Julio Cort\u00e1zar &#8211; Biblioteca P\u00fablica<\/li><li><strong><a href=\"https:\/\/www.taller-palabras.com\/WordPress_04\/?s=Julio+Cortazar&amp;post_type=product&amp;v=d72a48a8ebd2\" target=\"_blank\" rel=\"noreferrer noopener\">Bestiario<\/a><\/strong> &#8211; Julio Cort\u00e1zar<\/li><li><strong><a rel=\"noreferrer noopener\" href=\"https:\/\/www.taller-palabras.com\/WordPress_04\/?s=Julio+Cort%C3%A1zar&amp;post_type=product&amp;v=d72a48a8ebd2\" target=\"_blank\">Alguien que anda por ah\u00ed<\/a><\/strong> \u2013 Julio Cort\u00e1zar&nbsp;<\/li><li><strong><a rel=\"noreferrer noopener\" href=\"https:\/\/www.taller-palabras.com\/WordPress_04\/?s=Julio+Cort%C3%A1zar&amp;post_type=product&amp;v=d72a48a8ebd2\" target=\"_blank\">El perseguidor y otros relatos<\/a><\/strong> \u2013 Julio Cort\u00e1zar<\/li><\/ul>\n\n\n\n<hr class=\"wp-block-separator\"\/>\n\n\n\n<h4 class=\"wp-block-heading\" id=\"cursos-de-formacion-via-email-en\">Cursos de Formaci\u00f3n v\u00eda email en<br><a href=\"https:\/\/taller-palabras.com\/cursos.html\" target=\"_blank\" rel=\"noreferrer noopener\">Escritura Creativa<\/a><\/h4>\n\n\n\n<hr class=\"wp-block-separator\"\/>\n","protected":false},"excerpt":{"rendered":"<p>Discurso de Gabriel Garc\u00eda M\u00e1rquez durante la conmemoraci\u00f3n de los diez a\u00f1os de la muerte de Julio Cort\u00e1zar&#8230;<\/p>\n","protected":false},"author":83,"featured_media":1320,"comment_status":"closed","ping_status":"open","sticky":false,"template":"","format":"standard","meta":{"footnotes":""},"categories":[85],"tags":[189,37,170],"class_list":["post-1318","post","type-post","status-publish","format-standard","has-post-thumbnail","hentry","category-curiosidaes","tag-gabriel-garcia-marquez","tag-grandes-autores","tag-julio-cortazar"],"yoast_head":"<!-- This site is optimized with the Yoast SEO plugin v27.4 - https:\/\/yoast.com\/product\/yoast-seo-wordpress\/ -->\n<title>Se hizo querer - Red Literaria<\/title>\n<meta name=\"robots\" content=\"index, follow, max-snippet:-1, max-image-preview:large, max-video-preview:-1\" \/>\n<link rel=\"canonical\" href=\"https:\/\/www.taller-palabras.com\/WordPress_06\/curiosidaes\/se-hizo-querer\/\" \/>\n<meta property=\"og:locale\" content=\"es_ES\" \/>\n<meta property=\"og:type\" content=\"article\" \/>\n<meta property=\"og:title\" content=\"Se hizo querer - Red Literaria\" \/>\n<meta property=\"og:description\" content=\"Discurso de Gabriel Garc\u00eda M\u00e1rquez durante la conmemoraci\u00f3n de los diez a\u00f1os de la muerte de Julio Cort\u00e1zar...\" \/>\n<meta property=\"og:url\" content=\"https:\/\/www.taller-palabras.com\/WordPress_06\/curiosidaes\/se-hizo-querer\/\" \/>\n<meta property=\"og:site_name\" content=\"Red Literaria\" \/>\n<meta property=\"article:publisher\" content=\"https:\/\/www.facebook.com\/profile.php?id=100001537279728\" \/>\n<meta property=\"article:published_time\" content=\"2023-10-02T22:00:23+00:00\" \/>\n<meta property=\"article:modified_time\" content=\"2026-01-19T11:41:00+00:00\" \/>\n<meta property=\"og:image\" content=\"https:\/\/www.taller-palabras.com\/WordPress_06\/wp-content\/uploads\/2021\/02\/cortazar_marquez.jpg\" \/>\n\t<meta property=\"og:image:width\" content=\"397\" \/>\n\t<meta property=\"og:image:height\" content=\"283\" \/>\n\t<meta property=\"og:image:type\" content=\"image\/jpeg\" \/>\n<meta name=\"author\" content=\"Patricia M\u00f3nica Miranda Alonso\" \/>\n<meta name=\"twitter:card\" content=\"summary_large_image\" \/>\n<meta name=\"twitter:label1\" content=\"Escrito por\" \/>\n\t<meta name=\"twitter:data1\" content=\"Patricia M\u00f3nica Miranda Alonso\" \/>\n\t<meta name=\"twitter:label2\" content=\"Tiempo de lectura\" \/>\n\t<meta name=\"twitter:data2\" content=\"21 minutos\" \/>\n<script type=\"application\/ld+json\" class=\"yoast-schema-graph\">{\"@context\":\"https:\\\/\\\/schema.org\",\"@graph\":[{\"@type\":\"NewsArticle\",\"@id\":\"https:\\\/\\\/www.taller-palabras.com\\\/WordPress_06\\\/curiosidaes\\\/se-hizo-querer\\\/#article\",\"isPartOf\":{\"@id\":\"https:\\\/\\\/www.taller-palabras.com\\\/WordPress_06\\\/curiosidaes\\\/se-hizo-querer\\\/\"},\"author\":{\"name\":\"Patricia M\u00f3nica Miranda Alonso\",\"@id\":\"https:\\\/\\\/www.taller-palabras.com\\\/WordPress_06\\\/#\\\/schema\\\/person\\\/a774f3e56bddd007723be732994cadd4\"},\"headline\":\"Se hizo querer\",\"datePublished\":\"2023-10-02T22:00:23+00:00\",\"dateModified\":\"2026-01-19T11:41:00+00:00\",\"mainEntityOfPage\":{\"@id\":\"https:\\\/\\\/www.taller-palabras.com\\\/WordPress_06\\\/curiosidaes\\\/se-hizo-querer\\\/\"},\"wordCount\":1620,\"publisher\":{\"@id\":\"https:\\\/\\\/www.taller-palabras.com\\\/WordPress_06\\\/#organization\"},\"image\":{\"@id\":\"https:\\\/\\\/www.taller-palabras.com\\\/WordPress_06\\\/curiosidaes\\\/se-hizo-querer\\\/#primaryimage\"},\"thumbnailUrl\":\"https:\\\/\\\/www.taller-palabras.com\\\/WordPress_06\\\/wp-content\\\/uploads\\\/2021\\\/02\\\/cortazar_marquez.jpg\",\"keywords\":[\"Gabriel Garc\u00eda M\u00e1rquez\",\"Grandes autores\",\"Julio Cortazar\"],\"articleSection\":[\"Curiosidades\"],\"inLanguage\":\"es\"},{\"@type\":[\"WebPage\",\"ItemPage\"],\"@id\":\"https:\\\/\\\/www.taller-palabras.com\\\/WordPress_06\\\/curiosidaes\\\/se-hizo-querer\\\/\",\"url\":\"https:\\\/\\\/www.taller-palabras.com\\\/WordPress_06\\\/curiosidaes\\\/se-hizo-querer\\\/\",\"name\":\"Se hizo querer - Red Literaria\",\"isPartOf\":{\"@id\":\"https:\\\/\\\/www.taller-palabras.com\\\/WordPress_06\\\/#website\"},\"primaryImageOfPage\":{\"@id\":\"https:\\\/\\\/www.taller-palabras.com\\\/WordPress_06\\\/curiosidaes\\\/se-hizo-querer\\\/#primaryimage\"},\"image\":{\"@id\":\"https:\\\/\\\/www.taller-palabras.com\\\/WordPress_06\\\/curiosidaes\\\/se-hizo-querer\\\/#primaryimage\"},\"thumbnailUrl\":\"https:\\\/\\\/www.taller-palabras.com\\\/WordPress_06\\\/wp-content\\\/uploads\\\/2021\\\/02\\\/cortazar_marquez.jpg\",\"datePublished\":\"2023-10-02T22:00:23+00:00\",\"dateModified\":\"2026-01-19T11:41:00+00:00\",\"breadcrumb\":{\"@id\":\"https:\\\/\\\/www.taller-palabras.com\\\/WordPress_06\\\/curiosidaes\\\/se-hizo-querer\\\/#breadcrumb\"},\"inLanguage\":\"es\",\"potentialAction\":[{\"@type\":\"ReadAction\",\"target\":[\"https:\\\/\\\/www.taller-palabras.com\\\/WordPress_06\\\/curiosidaes\\\/se-hizo-querer\\\/\"]}]},{\"@type\":\"ImageObject\",\"inLanguage\":\"es\",\"@id\":\"https:\\\/\\\/www.taller-palabras.com\\\/WordPress_06\\\/curiosidaes\\\/se-hizo-querer\\\/#primaryimage\",\"url\":\"https:\\\/\\\/www.taller-palabras.com\\\/WordPress_06\\\/wp-content\\\/uploads\\\/2021\\\/02\\\/cortazar_marquez.jpg\",\"contentUrl\":\"https:\\\/\\\/www.taller-palabras.com\\\/WordPress_06\\\/wp-content\\\/uploads\\\/2021\\\/02\\\/cortazar_marquez.jpg\",\"width\":397,\"height\":283},{\"@type\":\"BreadcrumbList\",\"@id\":\"https:\\\/\\\/www.taller-palabras.com\\\/WordPress_06\\\/curiosidaes\\\/se-hizo-querer\\\/#breadcrumb\",\"itemListElement\":[{\"@type\":\"ListItem\",\"position\":1,\"name\":\"Portada\",\"item\":\"https:\\\/\\\/www.taller-palabras.com\\\/WordPress_06\\\/\"},{\"@type\":\"ListItem\",\"position\":2,\"name\":\"Se hizo querer\"}]},{\"@type\":\"WebSite\",\"@id\":\"https:\\\/\\\/www.taller-palabras.com\\\/WordPress_06\\\/#website\",\"url\":\"https:\\\/\\\/www.taller-palabras.com\\\/WordPress_06\\\/\",\"name\":\"Red Literaria\",\"description\":\"Red de lectura y escritura\",\"publisher\":{\"@id\":\"https:\\\/\\\/www.taller-palabras.com\\\/WordPress_06\\\/#organization\"},\"potentialAction\":[{\"@type\":\"SearchAction\",\"target\":{\"@type\":\"EntryPoint\",\"urlTemplate\":\"https:\\\/\\\/www.taller-palabras.com\\\/WordPress_06\\\/?s={search_term_string}\"},\"query-input\":{\"@type\":\"PropertyValueSpecification\",\"valueRequired\":true,\"valueName\":\"search_term_string\"}}],\"inLanguage\":\"es\"},{\"@type\":\"Organization\",\"@id\":\"https:\\\/\\\/www.taller-palabras.com\\\/WordPress_06\\\/#organization\",\"name\":\"Redescribir\",\"url\":\"https:\\\/\\\/www.taller-palabras.com\\\/WordPress_06\\\/\",\"logo\":{\"@type\":\"ImageObject\",\"inLanguage\":\"es\",\"@id\":\"https:\\\/\\\/www.taller-palabras.com\\\/WordPress_06\\\/#\\\/schema\\\/logo\\\/image\\\/\",\"url\":\"https:\\\/\\\/www.taller-palabras.com\\\/WordPress_06\\\/wp-content\\\/uploads\\\/2021\\\/07\\\/redactar_icon.png\",\"contentUrl\":\"https:\\\/\\\/www.taller-palabras.com\\\/WordPress_06\\\/wp-content\\\/uploads\\\/2021\\\/07\\\/redactar_icon.png\",\"width\":25,\"height\":25,\"caption\":\"Redescribir\"},\"image\":{\"@id\":\"https:\\\/\\\/www.taller-palabras.com\\\/WordPress_06\\\/#\\\/schema\\\/logo\\\/image\\\/\"},\"sameAs\":[\"https:\\\/\\\/www.facebook.com\\\/profile.php?id=100001537279728\"]},{\"@type\":\"Person\",\"@id\":\"https:\\\/\\\/www.taller-palabras.com\\\/WordPress_06\\\/#\\\/schema\\\/person\\\/a774f3e56bddd007723be732994cadd4\",\"name\":\"Patricia M\u00f3nica Miranda Alonso\",\"description\":\"Profesora de escritura creativa y coordinadora de talleres literarios, editora y correctora literaria, rese\u00f1adora y cr\u00edtica literaria.\",\"sameAs\":[\"https:\\\/\\\/www.taller-palabras.com\"],\"url\":\"https:\\\/\\\/www.taller-palabras.com\\\/WordPress_06\\\/author\\\/patricia\\\/\"}]}<\/script>\n<!-- \/ Yoast SEO plugin. -->","yoast_head_json":{"title":"Se hizo querer - Red Literaria","robots":{"index":"index","follow":"follow","max-snippet":"max-snippet:-1","max-image-preview":"max-image-preview:large","max-video-preview":"max-video-preview:-1"},"canonical":"https:\/\/www.taller-palabras.com\/WordPress_06\/curiosidaes\/se-hizo-querer\/","og_locale":"es_ES","og_type":"article","og_title":"Se hizo querer - Red Literaria","og_description":"Discurso de Gabriel Garc\u00eda M\u00e1rquez durante la conmemoraci\u00f3n de los diez a\u00f1os de la muerte de Julio Cort\u00e1zar...","og_url":"https:\/\/www.taller-palabras.com\/WordPress_06\/curiosidaes\/se-hizo-querer\/","og_site_name":"Red Literaria","article_publisher":"https:\/\/www.facebook.com\/profile.php?id=100001537279728","article_published_time":"2023-10-02T22:00:23+00:00","article_modified_time":"2026-01-19T11:41:00+00:00","og_image":[{"width":397,"height":283,"url":"https:\/\/www.taller-palabras.com\/WordPress_06\/wp-content\/uploads\/2021\/02\/cortazar_marquez.jpg","type":"image\/jpeg"}],"author":"Patricia M\u00f3nica Miranda Alonso","twitter_card":"summary_large_image","twitter_misc":{"Escrito por":"Patricia M\u00f3nica Miranda Alonso","Tiempo de lectura":"21 minutos"},"schema":{"@context":"https:\/\/schema.org","@graph":[{"@type":"NewsArticle","@id":"https:\/\/www.taller-palabras.com\/WordPress_06\/curiosidaes\/se-hizo-querer\/#article","isPartOf":{"@id":"https:\/\/www.taller-palabras.com\/WordPress_06\/curiosidaes\/se-hizo-querer\/"},"author":{"name":"Patricia M\u00f3nica Miranda Alonso","@id":"https:\/\/www.taller-palabras.com\/WordPress_06\/#\/schema\/person\/a774f3e56bddd007723be732994cadd4"},"headline":"Se hizo querer","datePublished":"2023-10-02T22:00:23+00:00","dateModified":"2026-01-19T11:41:00+00:00","mainEntityOfPage":{"@id":"https:\/\/www.taller-palabras.com\/WordPress_06\/curiosidaes\/se-hizo-querer\/"},"wordCount":1620,"publisher":{"@id":"https:\/\/www.taller-palabras.com\/WordPress_06\/#organization"},"image":{"@id":"https:\/\/www.taller-palabras.com\/WordPress_06\/curiosidaes\/se-hizo-querer\/#primaryimage"},"thumbnailUrl":"https:\/\/www.taller-palabras.com\/WordPress_06\/wp-content\/uploads\/2021\/02\/cortazar_marquez.jpg","keywords":["Gabriel Garc\u00eda M\u00e1rquez","Grandes autores","Julio Cortazar"],"articleSection":["Curiosidades"],"inLanguage":"es"},{"@type":["WebPage","ItemPage"],"@id":"https:\/\/www.taller-palabras.com\/WordPress_06\/curiosidaes\/se-hizo-querer\/","url":"https:\/\/www.taller-palabras.com\/WordPress_06\/curiosidaes\/se-hizo-querer\/","name":"Se hizo querer - Red Literaria","isPartOf":{"@id":"https:\/\/www.taller-palabras.com\/WordPress_06\/#website"},"primaryImageOfPage":{"@id":"https:\/\/www.taller-palabras.com\/WordPress_06\/curiosidaes\/se-hizo-querer\/#primaryimage"},"image":{"@id":"https:\/\/www.taller-palabras.com\/WordPress_06\/curiosidaes\/se-hizo-querer\/#primaryimage"},"thumbnailUrl":"https:\/\/www.taller-palabras.com\/WordPress_06\/wp-content\/uploads\/2021\/02\/cortazar_marquez.jpg","datePublished":"2023-10-02T22:00:23+00:00","dateModified":"2026-01-19T11:41:00+00:00","breadcrumb":{"@id":"https:\/\/www.taller-palabras.com\/WordPress_06\/curiosidaes\/se-hizo-querer\/#breadcrumb"},"inLanguage":"es","potentialAction":[{"@type":"ReadAction","target":["https:\/\/www.taller-palabras.com\/WordPress_06\/curiosidaes\/se-hizo-querer\/"]}]},{"@type":"ImageObject","inLanguage":"es","@id":"https:\/\/www.taller-palabras.com\/WordPress_06\/curiosidaes\/se-hizo-querer\/#primaryimage","url":"https:\/\/www.taller-palabras.com\/WordPress_06\/wp-content\/uploads\/2021\/02\/cortazar_marquez.jpg","contentUrl":"https:\/\/www.taller-palabras.com\/WordPress_06\/wp-content\/uploads\/2021\/02\/cortazar_marquez.jpg","width":397,"height":283},{"@type":"BreadcrumbList","@id":"https:\/\/www.taller-palabras.com\/WordPress_06\/curiosidaes\/se-hizo-querer\/#breadcrumb","itemListElement":[{"@type":"ListItem","position":1,"name":"Portada","item":"https:\/\/www.taller-palabras.com\/WordPress_06\/"},{"@type":"ListItem","position":2,"name":"Se hizo querer"}]},{"@type":"WebSite","@id":"https:\/\/www.taller-palabras.com\/WordPress_06\/#website","url":"https:\/\/www.taller-palabras.com\/WordPress_06\/","name":"Red Literaria","description":"Red de lectura y escritura","publisher":{"@id":"https:\/\/www.taller-palabras.com\/WordPress_06\/#organization"},"potentialAction":[{"@type":"SearchAction","target":{"@type":"EntryPoint","urlTemplate":"https:\/\/www.taller-palabras.com\/WordPress_06\/?s={search_term_string}"},"query-input":{"@type":"PropertyValueSpecification","valueRequired":true,"valueName":"search_term_string"}}],"inLanguage":"es"},{"@type":"Organization","@id":"https:\/\/www.taller-palabras.com\/WordPress_06\/#organization","name":"Redescribir","url":"https:\/\/www.taller-palabras.com\/WordPress_06\/","logo":{"@type":"ImageObject","inLanguage":"es","@id":"https:\/\/www.taller-palabras.com\/WordPress_06\/#\/schema\/logo\/image\/","url":"https:\/\/www.taller-palabras.com\/WordPress_06\/wp-content\/uploads\/2021\/07\/redactar_icon.png","contentUrl":"https:\/\/www.taller-palabras.com\/WordPress_06\/wp-content\/uploads\/2021\/07\/redactar_icon.png","width":25,"height":25,"caption":"Redescribir"},"image":{"@id":"https:\/\/www.taller-palabras.com\/WordPress_06\/#\/schema\/logo\/image\/"},"sameAs":["https:\/\/www.facebook.com\/profile.php?id=100001537279728"]},{"@type":"Person","@id":"https:\/\/www.taller-palabras.com\/WordPress_06\/#\/schema\/person\/a774f3e56bddd007723be732994cadd4","name":"Patricia M\u00f3nica Miranda Alonso","description":"Profesora de escritura creativa y coordinadora de talleres literarios, editora y correctora literaria, rese\u00f1adora y cr\u00edtica literaria.","sameAs":["https:\/\/www.taller-palabras.com"],"url":"https:\/\/www.taller-palabras.com\/WordPress_06\/author\/patricia\/"}]}},"_links":{"self":[{"href":"https:\/\/www.taller-palabras.com\/WordPress_06\/wp-json\/wp\/v2\/posts\/1318","targetHints":{"allow":["GET"]}}],"collection":[{"href":"https:\/\/www.taller-palabras.com\/WordPress_06\/wp-json\/wp\/v2\/posts"}],"about":[{"href":"https:\/\/www.taller-palabras.com\/WordPress_06\/wp-json\/wp\/v2\/types\/post"}],"author":[{"embeddable":true,"href":"https:\/\/www.taller-palabras.com\/WordPress_06\/wp-json\/wp\/v2\/users\/83"}],"replies":[{"embeddable":true,"href":"https:\/\/www.taller-palabras.com\/WordPress_06\/wp-json\/wp\/v2\/comments?post=1318"}],"version-history":[{"count":5,"href":"https:\/\/www.taller-palabras.com\/WordPress_06\/wp-json\/wp\/v2\/posts\/1318\/revisions"}],"predecessor-version":[{"id":1496,"href":"https:\/\/www.taller-palabras.com\/WordPress_06\/wp-json\/wp\/v2\/posts\/1318\/revisions\/1496"}],"wp:featuredmedia":[{"embeddable":true,"href":"https:\/\/www.taller-palabras.com\/WordPress_06\/wp-json\/wp\/v2\/media\/1320"}],"wp:attachment":[{"href":"https:\/\/www.taller-palabras.com\/WordPress_06\/wp-json\/wp\/v2\/media?parent=1318"}],"wp:term":[{"taxonomy":"category","embeddable":true,"href":"https:\/\/www.taller-palabras.com\/WordPress_06\/wp-json\/wp\/v2\/categories?post=1318"},{"taxonomy":"post_tag","embeddable":true,"href":"https:\/\/www.taller-palabras.com\/WordPress_06\/wp-json\/wp\/v2\/tags?post=1318"}],"curies":[{"name":"wp","href":"https:\/\/api.w.org\/{rel}","templated":true}]}}