{"id":1447,"date":"2021-04-15T17:34:27","date_gmt":"2021-04-15T20:34:27","guid":{"rendered":"https:\/\/www.taller-palabras.com\/WordPress_06\/?p=1447"},"modified":"2023-10-08T14:03:57","modified_gmt":"2023-10-08T17:03:57","slug":"me-estoy-yendo","status":"publish","type":"post","link":"https:\/\/www.taller-palabras.com\/WordPress_06\/curiosidaes\/me-estoy-yendo\/","title":{"rendered":"Me estoy yendo"},"content":{"rendered":"\n<p><em>El Estado es una conspiraci\u00f3n, <\/em>le escribi\u00f3 a un amigo<em>. \u00abDe ahora en adelante, no volver\u00e9 nunca a servir a ning\u00fan gobierno de ning\u00fan lugar\u00bb, <\/em>afirm\u00f3<em>. <\/em>\u00c9l habr\u00eda sido el primero en alentarnos a cuestionar los dogmas y las convicciones fundamentales con las que nos criaron. Huir de los convencionalismos fue quiz\u00e1s la primera de sus fugas.<\/p>\n\n\n\n<p><em>\u00abLos reyes son los esclavos de la historia<\/em>\u00ab, dijo, y quiz\u00e1s por eso quiso fugarse de una vida privilegiada renunciando a su condici\u00f3n social acomodada.<br>Ten\u00eda una capacidad inusual de empatizar, poni\u00e9ndose en el lugar de la gente cuyas vidas eran tremendamente diferentes a la suya. En la d\u00e9cada de 1860, no s\u00f3lo comenz\u00f3 a vestirse como campesino sino que empez\u00f3 a trabajar con los recientemente emancipados labradores, arando los campos en sus propiedades y reparando casas con sus propias manos. Para un conde de sangre azul, tales acciones eran extraordinarias, pero le permit\u00edan huir de la \u00e9lite literaria y aristocr\u00e1tica de las ciudades.<\/p>\n\n\n\n<p>Tras una crisis nerviosa a finales de la d\u00e9cada de 1870, rechaz\u00f3 todas las religiones organizadas, y as\u00ed se fug\u00f3 de la Iglesia ortodoxa con la que hab\u00eda crecido. Adopt\u00f3 una rama revolucionaria del cristianismo basada en la austeridad material y espiritual. Dej\u00f3 de tomar, fumar y se volvi\u00f3 vegetariano. Adem\u00e1s, inspir\u00f3 la creaci\u00f3n de comunidades ut\u00f3picas de vida sencilla y autosuficiente, en la que la propiedad era un bien com\u00fan.<br>No obstante, no predic\u00f3 con el ejemplo ya que vivi\u00f3 hasta una edad avanzada en una gran casa con sirvientes.<\/p>\n\n\n\n<p>Cuando en 1901, empez\u00f3 a circular el rumor de que le iban a conceder el Nobel, se indign\u00f3 y asegur\u00f3 que entregar\u00eda el dinero a los perseguidos pol\u00edticos. En sus \u00faltimos a\u00f1os, y poniendo en pr\u00e1ctica su siguiente fuga, logra (contra los deseos de su familia) renunciar a los derechos de autor de una gran parte de sus obras literarias, sacrificando una fortuna.<\/p>\n\n\n\n<p><em>\u00abEl matrimonio, tal como hoy existe, es la peor de todas las mentiras: La forma suprema del ego\u00edsmo<\/em>\u00ab, afirm\u00f3, y tal vez por eso se fug\u00f3 tambi\u00e9n de su matrimonio con Sofia Andreievna. \u00c9l la amaba, pero a su manera, que no era una manera demasiado ortodoxa. Aunque en su breve autobiograf\u00eda Sof\u00eda hable de amor por el genio que ten\u00eda por marido y de su felicidad, no fue completamente sincera. Su marido a menudo la minusvaloraba y mientras que ella viv\u00eda apasionadamente la escritura de \u00e9l, \u00e9l nunca se interes\u00f3 por las dos aficiones de ella, que eran la pintura y la fotograf\u00eda. La carg\u00f3 de hijos (13, de los que s\u00f3lo 8 sobrevivieron a la infancia) y nunca se preocup\u00f3 demasiado de los temas dom\u00e9sticos. A veces da la sensaci\u00f3n de que la trataba como a un ama de llaves ennoblecida. Una vez, cuando llevaban algo m\u00e1s de un a\u00f1o de casados, ella escribi\u00f3 en su diario: \u00ab<em>Me quedo sola ma\u00f1ana, tarde y noche. Estoy para gratificar su placer y cuidar a su hijo. No soy una pieza de mobiliario. Soy una mujer<\/em>\u00ab.<br>Es probable que esta fuga haya sido una de sus m\u00e1s saludables decisiones, para su esposa al menos. Y es que no todo era color de rosa para quienes lo rodeaban, su esposa sufri\u00f3 un verdadero calvario y porque lo amaba, podemos decir que fue un calvario por amor. \u00ab<em>Todas las cosas que predica por la felicidad de la humanidad s\u00f3lo complican la vida hasta el punto en que me resulta cada vez m\u00e1s dif\u00edcil vivir. Su dieta vegetariana implica la complicaci\u00f3n de preparar dos cenas, lo que significa el doble de gasto y el doble de trabajo. Sus sermones sobre el amor y la bondad le han hecho indiferente a su familia, e implican la intrusi\u00f3n de todo tipo de rifirrafes en nuestra vida familiar. Y su renuncia (puramente verbal) a los bienes mundanos le han hecho criticar sin parar y mostrar su desaprobaci\u00f3n a los dem\u00e1s<\/em>\u00ab.<\/p>\n\n\n\n<p>En resumen, en su esfuerzo por redimir a la Humanidad, convirti\u00f3 en un sufrimiento la vida de los que le rodeaban. Nadie negar\u00e1 que su propia vida era un martirio y quiz\u00e1s algunos de sus pensamientos, de sus conceptos, no corr\u00edan parejos con el siglo donde le toc\u00f3 nacer. No era un ser acorde con su presente tal vez se hubiese sentido m\u00e1s c\u00f3modo un siglo despu\u00e9s, tal vez en nuestros d\u00edas lo hubi\u00e9semos comprendido mejor y podr\u00eda haberse evitado varias fugas.<br>Lo cierto es que renunci\u00f3 al mundo con la esperanza de que aquello le permitiera ser m\u00e1s feliz. Pero si hay alguna certeza sobre sus \u00faltimos a\u00f1os, es que no fueron muy dichosos. Al contrario, fue empujado al borde de la locura por el comportamiento de la gente que lo rodeaba, que lo persegu\u00eda precisamente a causa de sus renuncias.<\/p>\n\n\n\n<p>Por eso quiz\u00e1s a los 82 a\u00f1os emprende su pen\u00faltima fuga. Deja una carta de despedida a su esposa y se marcha bajo la nieve. Su hija Sasha lo acompa\u00f1a. La idea es simple: subir a un tren, alquilar una casa rural en cualquier parte y vivir sus \u00faltimos d\u00edas como un campesino. Diez d\u00edas despu\u00e9s, llegan a la estaci\u00f3n de trenes de Astropovo donde lleva a cabo su \u00faltima fuga, que as\u00ed anunciaba: \u00ab<em>Me voy a alguna parte, as\u00ed nadie me encontrar\u00e1\u2026 Dejadme tranquilo\u2026 Hay que escapar a alguna parte\u00bb. <\/em>Esas fueron las \u00faltimas palabras de <strong>Leon Tolstoi,<\/strong> la noche del 6 al 7 de noviembre de 1910 en esa estaci\u00f3n, la noche de su muerte.<\/p>\n\n\n\n<p>Una vida de fugas es casi un sino insoportable por eso no ser\u00eda de extra\u00f1ar que su \u00faltima escapada haya sido casi una bendici\u00f3n, irse a un lugar donde nadie lo encontrara ser\u00eda el final deseado por cualquier eterno fugitivo. Y as\u00ed lo hizo. Quiz\u00e1s ahora est\u00e9 en su lugar favorito donde las riquezas ya no pueden acobardarlo, donde la fama de gran escritor no lo perseguir\u00e1, donde tal vez la igualdad y la equidad por la que bregaba exista y en donde su amada Sof\u00eda sin duda se le habr\u00e1 unido para seguir acompa\u00f1\u00e1ndolo como lo hiciera en vida.<\/p>\n\n\n\n<p>Fugarse acaso como se fugan los que est\u00e1n destinados a ser grandes, tan grandes que su existencia terrenal no alcanza. Fugarse, m\u00e1s all\u00e1 de una individualidad hacia ese yo libre y aut\u00e9ntico que procur\u00f3 ser vida. Fugarse para perdurar, para permanecer en las estanter\u00edas de la literatura universal como uno de los m\u00e1s grandes autores rusos de todos los tiempos.<\/p>\n\n\n\n<hr class=\"wp-block-separator\"\/>\n\n\n\n\n\n<ul class=\"wp-block-list\"><li><a href=\"https:\/\/www.taller-palabras.com\/WordPress_04\/?s=Leon+Tolstoi&amp;post_type=product&amp;v=d72a48a8ebd2\" target=\"_blank\" rel=\"noreferrer noopener\">Leon Tolstoi<\/a><\/li><\/ul>\n\n\n\n<hr class=\"wp-block-separator\"\/>\n\n\n\n<h4 class=\"wp-block-heading\">Cursos de escritura <br><a href=\"https:\/\/taller-palabras.com\/cursos.html\" target=\"_blank\" rel=\"noreferrer noopener\">Autobiograf\u00eda<\/a><\/h4>\n","protected":false},"excerpt":{"rendered":"<p>Fugarse acaso como se fugan los que est\u00e1n destinados a ser grandes, tan grandes que su existencia terrenal no alcanza&#8230;<\/p>\n","protected":false},"author":83,"featured_media":1448,"comment_status":"closed","ping_status":"open","sticky":false,"template":"","format":"standard","meta":{"footnotes":""},"categories":[85],"tags":[160,37,63],"class_list":["post-1447","post","type-post","status-publish","format-standard","has-post-thumbnail","hentry","category-curiosidaes","tag-autobiografia","tag-grandes-autores","tag-libros-y-sus-autores"],"yoast_head":"<!-- This site is optimized with the Yoast SEO plugin v27.4 - https:\/\/yoast.com\/product\/yoast-seo-wordpress\/ -->\n<title>Me estoy yendo - Red Literaria<\/title>\n<meta name=\"robots\" content=\"index, follow, max-snippet:-1, max-image-preview:large, max-video-preview:-1\" \/>\n<link rel=\"canonical\" href=\"https:\/\/www.taller-palabras.com\/WordPress_06\/curiosidaes\/me-estoy-yendo\/\" \/>\n<meta property=\"og:locale\" content=\"es_ES\" \/>\n<meta property=\"og:type\" content=\"article\" \/>\n<meta property=\"og:title\" content=\"Me estoy yendo - Red Literaria\" \/>\n<meta property=\"og:description\" content=\"Fugarse acaso como se fugan los que est\u00e1n destinados a ser grandes, tan grandes que su existencia terrenal no alcanza...\" \/>\n<meta property=\"og:url\" content=\"https:\/\/www.taller-palabras.com\/WordPress_06\/curiosidaes\/me-estoy-yendo\/\" \/>\n<meta property=\"og:site_name\" content=\"Red Literaria\" \/>\n<meta property=\"article:publisher\" content=\"https:\/\/www.facebook.com\/profile.php?id=100001537279728\" \/>\n<meta property=\"article:published_time\" content=\"2021-04-15T20:34:27+00:00\" \/>\n<meta property=\"article:modified_time\" content=\"2023-10-08T17:03:57+00:00\" \/>\n<meta property=\"og:image\" content=\"https:\/\/www.taller-palabras.com\/WordPress_06\/wp-content\/uploads\/2021\/04\/muerteTolstoi.jpg\" \/>\n\t<meta property=\"og:image:width\" content=\"470\" \/>\n\t<meta property=\"og:image:height\" content=\"312\" \/>\n\t<meta property=\"og:image:type\" content=\"image\/jpeg\" \/>\n<meta name=\"author\" content=\"Patricia M\u00f3nica Miranda Alonso\" \/>\n<meta name=\"twitter:card\" content=\"summary_large_image\" \/>\n<meta name=\"twitter:label1\" content=\"Escrito por\" \/>\n\t<meta name=\"twitter:data1\" content=\"Patricia M\u00f3nica Miranda Alonso\" \/>\n\t<meta name=\"twitter:label2\" content=\"Tiempo de lectura\" \/>\n\t<meta name=\"twitter:data2\" content=\"6 minutos\" \/>\n<script type=\"application\/ld+json\" class=\"yoast-schema-graph\">{\"@context\":\"https:\\\/\\\/schema.org\",\"@graph\":[{\"@type\":\"NewsArticle\",\"@id\":\"https:\\\/\\\/www.taller-palabras.com\\\/WordPress_06\\\/curiosidaes\\\/me-estoy-yendo\\\/#article\",\"isPartOf\":{\"@id\":\"https:\\\/\\\/www.taller-palabras.com\\\/WordPress_06\\\/curiosidaes\\\/me-estoy-yendo\\\/\"},\"author\":{\"name\":\"Patricia M\u00f3nica Miranda Alonso\",\"@id\":\"https:\\\/\\\/www.taller-palabras.com\\\/WordPress_06\\\/#\\\/schema\\\/person\\\/a774f3e56bddd007723be732994cadd4\"},\"headline\":\"Me estoy yendo\",\"datePublished\":\"2021-04-15T20:34:27+00:00\",\"dateModified\":\"2023-10-08T17:03:57+00:00\",\"mainEntityOfPage\":{\"@id\":\"https:\\\/\\\/www.taller-palabras.com\\\/WordPress_06\\\/curiosidaes\\\/me-estoy-yendo\\\/\"},\"wordCount\":1139,\"publisher\":{\"@id\":\"https:\\\/\\\/www.taller-palabras.com\\\/WordPress_06\\\/#organization\"},\"image\":{\"@id\":\"https:\\\/\\\/www.taller-palabras.com\\\/WordPress_06\\\/curiosidaes\\\/me-estoy-yendo\\\/#primaryimage\"},\"thumbnailUrl\":\"https:\\\/\\\/www.taller-palabras.com\\\/WordPress_06\\\/wp-content\\\/uploads\\\/2021\\\/04\\\/muerteTolstoi.jpg\",\"keywords\":[\"Autobiograf\u00eda\",\"Grandes autores\",\"Libros y sus Autores\"],\"articleSection\":[\"Curiosidades\"],\"inLanguage\":\"es\"},{\"@type\":[\"WebPage\",\"ItemPage\"],\"@id\":\"https:\\\/\\\/www.taller-palabras.com\\\/WordPress_06\\\/curiosidaes\\\/me-estoy-yendo\\\/\",\"url\":\"https:\\\/\\\/www.taller-palabras.com\\\/WordPress_06\\\/curiosidaes\\\/me-estoy-yendo\\\/\",\"name\":\"Me estoy yendo - Red Literaria\",\"isPartOf\":{\"@id\":\"https:\\\/\\\/www.taller-palabras.com\\\/WordPress_06\\\/#website\"},\"primaryImageOfPage\":{\"@id\":\"https:\\\/\\\/www.taller-palabras.com\\\/WordPress_06\\\/curiosidaes\\\/me-estoy-yendo\\\/#primaryimage\"},\"image\":{\"@id\":\"https:\\\/\\\/www.taller-palabras.com\\\/WordPress_06\\\/curiosidaes\\\/me-estoy-yendo\\\/#primaryimage\"},\"thumbnailUrl\":\"https:\\\/\\\/www.taller-palabras.com\\\/WordPress_06\\\/wp-content\\\/uploads\\\/2021\\\/04\\\/muerteTolstoi.jpg\",\"datePublished\":\"2021-04-15T20:34:27+00:00\",\"dateModified\":\"2023-10-08T17:03:57+00:00\",\"breadcrumb\":{\"@id\":\"https:\\\/\\\/www.taller-palabras.com\\\/WordPress_06\\\/curiosidaes\\\/me-estoy-yendo\\\/#breadcrumb\"},\"inLanguage\":\"es\",\"potentialAction\":[{\"@type\":\"ReadAction\",\"target\":[\"https:\\\/\\\/www.taller-palabras.com\\\/WordPress_06\\\/curiosidaes\\\/me-estoy-yendo\\\/\"]}]},{\"@type\":\"ImageObject\",\"inLanguage\":\"es\",\"@id\":\"https:\\\/\\\/www.taller-palabras.com\\\/WordPress_06\\\/curiosidaes\\\/me-estoy-yendo\\\/#primaryimage\",\"url\":\"https:\\\/\\\/www.taller-palabras.com\\\/WordPress_06\\\/wp-content\\\/uploads\\\/2021\\\/04\\\/muerteTolstoi.jpg\",\"contentUrl\":\"https:\\\/\\\/www.taller-palabras.com\\\/WordPress_06\\\/wp-content\\\/uploads\\\/2021\\\/04\\\/muerteTolstoi.jpg\",\"width\":470,\"height\":312},{\"@type\":\"BreadcrumbList\",\"@id\":\"https:\\\/\\\/www.taller-palabras.com\\\/WordPress_06\\\/curiosidaes\\\/me-estoy-yendo\\\/#breadcrumb\",\"itemListElement\":[{\"@type\":\"ListItem\",\"position\":1,\"name\":\"Portada\",\"item\":\"https:\\\/\\\/www.taller-palabras.com\\\/WordPress_06\\\/\"},{\"@type\":\"ListItem\",\"position\":2,\"name\":\"Me estoy yendo\"}]},{\"@type\":\"WebSite\",\"@id\":\"https:\\\/\\\/www.taller-palabras.com\\\/WordPress_06\\\/#website\",\"url\":\"https:\\\/\\\/www.taller-palabras.com\\\/WordPress_06\\\/\",\"name\":\"Red Literaria\",\"description\":\"Red de lectura y escritura\",\"publisher\":{\"@id\":\"https:\\\/\\\/www.taller-palabras.com\\\/WordPress_06\\\/#organization\"},\"potentialAction\":[{\"@type\":\"SearchAction\",\"target\":{\"@type\":\"EntryPoint\",\"urlTemplate\":\"https:\\\/\\\/www.taller-palabras.com\\\/WordPress_06\\\/?s={search_term_string}\"},\"query-input\":{\"@type\":\"PropertyValueSpecification\",\"valueRequired\":true,\"valueName\":\"search_term_string\"}}],\"inLanguage\":\"es\"},{\"@type\":\"Organization\",\"@id\":\"https:\\\/\\\/www.taller-palabras.com\\\/WordPress_06\\\/#organization\",\"name\":\"Redescribir\",\"url\":\"https:\\\/\\\/www.taller-palabras.com\\\/WordPress_06\\\/\",\"logo\":{\"@type\":\"ImageObject\",\"inLanguage\":\"es\",\"@id\":\"https:\\\/\\\/www.taller-palabras.com\\\/WordPress_06\\\/#\\\/schema\\\/logo\\\/image\\\/\",\"url\":\"https:\\\/\\\/www.taller-palabras.com\\\/WordPress_06\\\/wp-content\\\/uploads\\\/2021\\\/07\\\/redactar_icon.png\",\"contentUrl\":\"https:\\\/\\\/www.taller-palabras.com\\\/WordPress_06\\\/wp-content\\\/uploads\\\/2021\\\/07\\\/redactar_icon.png\",\"width\":25,\"height\":25,\"caption\":\"Redescribir\"},\"image\":{\"@id\":\"https:\\\/\\\/www.taller-palabras.com\\\/WordPress_06\\\/#\\\/schema\\\/logo\\\/image\\\/\"},\"sameAs\":[\"https:\\\/\\\/www.facebook.com\\\/profile.php?id=100001537279728\"]},{\"@type\":\"Person\",\"@id\":\"https:\\\/\\\/www.taller-palabras.com\\\/WordPress_06\\\/#\\\/schema\\\/person\\\/a774f3e56bddd007723be732994cadd4\",\"name\":\"Patricia M\u00f3nica Miranda Alonso\",\"description\":\"Profesora de escritura creativa y coordinadora de talleres literarios, editora y correctora literaria, rese\u00f1adora y cr\u00edtica literaria.\",\"sameAs\":[\"https:\\\/\\\/www.taller-palabras.com\"],\"url\":\"https:\\\/\\\/www.taller-palabras.com\\\/WordPress_06\\\/author\\\/patricia\\\/\"}]}<\/script>\n<!-- \/ Yoast SEO plugin. -->","yoast_head_json":{"title":"Me estoy yendo - Red Literaria","robots":{"index":"index","follow":"follow","max-snippet":"max-snippet:-1","max-image-preview":"max-image-preview:large","max-video-preview":"max-video-preview:-1"},"canonical":"https:\/\/www.taller-palabras.com\/WordPress_06\/curiosidaes\/me-estoy-yendo\/","og_locale":"es_ES","og_type":"article","og_title":"Me estoy yendo - Red Literaria","og_description":"Fugarse acaso como se fugan los que est\u00e1n destinados a ser grandes, tan grandes que su existencia terrenal no alcanza...","og_url":"https:\/\/www.taller-palabras.com\/WordPress_06\/curiosidaes\/me-estoy-yendo\/","og_site_name":"Red Literaria","article_publisher":"https:\/\/www.facebook.com\/profile.php?id=100001537279728","article_published_time":"2021-04-15T20:34:27+00:00","article_modified_time":"2023-10-08T17:03:57+00:00","og_image":[{"width":470,"height":312,"url":"https:\/\/www.taller-palabras.com\/WordPress_06\/wp-content\/uploads\/2021\/04\/muerteTolstoi.jpg","type":"image\/jpeg"}],"author":"Patricia M\u00f3nica Miranda Alonso","twitter_card":"summary_large_image","twitter_misc":{"Escrito por":"Patricia M\u00f3nica Miranda Alonso","Tiempo de lectura":"6 minutos"},"schema":{"@context":"https:\/\/schema.org","@graph":[{"@type":"NewsArticle","@id":"https:\/\/www.taller-palabras.com\/WordPress_06\/curiosidaes\/me-estoy-yendo\/#article","isPartOf":{"@id":"https:\/\/www.taller-palabras.com\/WordPress_06\/curiosidaes\/me-estoy-yendo\/"},"author":{"name":"Patricia M\u00f3nica Miranda Alonso","@id":"https:\/\/www.taller-palabras.com\/WordPress_06\/#\/schema\/person\/a774f3e56bddd007723be732994cadd4"},"headline":"Me estoy yendo","datePublished":"2021-04-15T20:34:27+00:00","dateModified":"2023-10-08T17:03:57+00:00","mainEntityOfPage":{"@id":"https:\/\/www.taller-palabras.com\/WordPress_06\/curiosidaes\/me-estoy-yendo\/"},"wordCount":1139,"publisher":{"@id":"https:\/\/www.taller-palabras.com\/WordPress_06\/#organization"},"image":{"@id":"https:\/\/www.taller-palabras.com\/WordPress_06\/curiosidaes\/me-estoy-yendo\/#primaryimage"},"thumbnailUrl":"https:\/\/www.taller-palabras.com\/WordPress_06\/wp-content\/uploads\/2021\/04\/muerteTolstoi.jpg","keywords":["Autobiograf\u00eda","Grandes autores","Libros y sus Autores"],"articleSection":["Curiosidades"],"inLanguage":"es"},{"@type":["WebPage","ItemPage"],"@id":"https:\/\/www.taller-palabras.com\/WordPress_06\/curiosidaes\/me-estoy-yendo\/","url":"https:\/\/www.taller-palabras.com\/WordPress_06\/curiosidaes\/me-estoy-yendo\/","name":"Me estoy yendo - Red Literaria","isPartOf":{"@id":"https:\/\/www.taller-palabras.com\/WordPress_06\/#website"},"primaryImageOfPage":{"@id":"https:\/\/www.taller-palabras.com\/WordPress_06\/curiosidaes\/me-estoy-yendo\/#primaryimage"},"image":{"@id":"https:\/\/www.taller-palabras.com\/WordPress_06\/curiosidaes\/me-estoy-yendo\/#primaryimage"},"thumbnailUrl":"https:\/\/www.taller-palabras.com\/WordPress_06\/wp-content\/uploads\/2021\/04\/muerteTolstoi.jpg","datePublished":"2021-04-15T20:34:27+00:00","dateModified":"2023-10-08T17:03:57+00:00","breadcrumb":{"@id":"https:\/\/www.taller-palabras.com\/WordPress_06\/curiosidaes\/me-estoy-yendo\/#breadcrumb"},"inLanguage":"es","potentialAction":[{"@type":"ReadAction","target":["https:\/\/www.taller-palabras.com\/WordPress_06\/curiosidaes\/me-estoy-yendo\/"]}]},{"@type":"ImageObject","inLanguage":"es","@id":"https:\/\/www.taller-palabras.com\/WordPress_06\/curiosidaes\/me-estoy-yendo\/#primaryimage","url":"https:\/\/www.taller-palabras.com\/WordPress_06\/wp-content\/uploads\/2021\/04\/muerteTolstoi.jpg","contentUrl":"https:\/\/www.taller-palabras.com\/WordPress_06\/wp-content\/uploads\/2021\/04\/muerteTolstoi.jpg","width":470,"height":312},{"@type":"BreadcrumbList","@id":"https:\/\/www.taller-palabras.com\/WordPress_06\/curiosidaes\/me-estoy-yendo\/#breadcrumb","itemListElement":[{"@type":"ListItem","position":1,"name":"Portada","item":"https:\/\/www.taller-palabras.com\/WordPress_06\/"},{"@type":"ListItem","position":2,"name":"Me estoy yendo"}]},{"@type":"WebSite","@id":"https:\/\/www.taller-palabras.com\/WordPress_06\/#website","url":"https:\/\/www.taller-palabras.com\/WordPress_06\/","name":"Red Literaria","description":"Red de lectura y escritura","publisher":{"@id":"https:\/\/www.taller-palabras.com\/WordPress_06\/#organization"},"potentialAction":[{"@type":"SearchAction","target":{"@type":"EntryPoint","urlTemplate":"https:\/\/www.taller-palabras.com\/WordPress_06\/?s={search_term_string}"},"query-input":{"@type":"PropertyValueSpecification","valueRequired":true,"valueName":"search_term_string"}}],"inLanguage":"es"},{"@type":"Organization","@id":"https:\/\/www.taller-palabras.com\/WordPress_06\/#organization","name":"Redescribir","url":"https:\/\/www.taller-palabras.com\/WordPress_06\/","logo":{"@type":"ImageObject","inLanguage":"es","@id":"https:\/\/www.taller-palabras.com\/WordPress_06\/#\/schema\/logo\/image\/","url":"https:\/\/www.taller-palabras.com\/WordPress_06\/wp-content\/uploads\/2021\/07\/redactar_icon.png","contentUrl":"https:\/\/www.taller-palabras.com\/WordPress_06\/wp-content\/uploads\/2021\/07\/redactar_icon.png","width":25,"height":25,"caption":"Redescribir"},"image":{"@id":"https:\/\/www.taller-palabras.com\/WordPress_06\/#\/schema\/logo\/image\/"},"sameAs":["https:\/\/www.facebook.com\/profile.php?id=100001537279728"]},{"@type":"Person","@id":"https:\/\/www.taller-palabras.com\/WordPress_06\/#\/schema\/person\/a774f3e56bddd007723be732994cadd4","name":"Patricia M\u00f3nica Miranda Alonso","description":"Profesora de escritura creativa y coordinadora de talleres literarios, editora y correctora literaria, rese\u00f1adora y cr\u00edtica literaria.","sameAs":["https:\/\/www.taller-palabras.com"],"url":"https:\/\/www.taller-palabras.com\/WordPress_06\/author\/patricia\/"}]}},"_links":{"self":[{"href":"https:\/\/www.taller-palabras.com\/WordPress_06\/wp-json\/wp\/v2\/posts\/1447","targetHints":{"allow":["GET"]}}],"collection":[{"href":"https:\/\/www.taller-palabras.com\/WordPress_06\/wp-json\/wp\/v2\/posts"}],"about":[{"href":"https:\/\/www.taller-palabras.com\/WordPress_06\/wp-json\/wp\/v2\/types\/post"}],"author":[{"embeddable":true,"href":"https:\/\/www.taller-palabras.com\/WordPress_06\/wp-json\/wp\/v2\/users\/83"}],"replies":[{"embeddable":true,"href":"https:\/\/www.taller-palabras.com\/WordPress_06\/wp-json\/wp\/v2\/comments?post=1447"}],"version-history":[{"count":2,"href":"https:\/\/www.taller-palabras.com\/WordPress_06\/wp-json\/wp\/v2\/posts\/1447\/revisions"}],"predecessor-version":[{"id":1451,"href":"https:\/\/www.taller-palabras.com\/WordPress_06\/wp-json\/wp\/v2\/posts\/1447\/revisions\/1451"}],"wp:featuredmedia":[{"embeddable":true,"href":"https:\/\/www.taller-palabras.com\/WordPress_06\/wp-json\/wp\/v2\/media\/1448"}],"wp:attachment":[{"href":"https:\/\/www.taller-palabras.com\/WordPress_06\/wp-json\/wp\/v2\/media?parent=1447"}],"wp:term":[{"taxonomy":"category","embeddable":true,"href":"https:\/\/www.taller-palabras.com\/WordPress_06\/wp-json\/wp\/v2\/categories?post=1447"},{"taxonomy":"post_tag","embeddable":true,"href":"https:\/\/www.taller-palabras.com\/WordPress_06\/wp-json\/wp\/v2\/tags?post=1447"}],"curies":[{"name":"wp","href":"https:\/\/api.w.org\/{rel}","templated":true}]}}