{"id":1461,"date":"2023-10-02T19:00:19","date_gmt":"2023-10-02T22:00:19","guid":{"rendered":"https:\/\/www.taller-palabras.com\/WordPress_06\/?p=1461"},"modified":"2023-10-08T13:58:54","modified_gmt":"2023-10-08T16:58:54","slug":"dia-del-libro","status":"publish","type":"post","link":"https:\/\/www.taller-palabras.com\/WordPress_06\/noticias\/dia-del-libro\/","title":{"rendered":"D\u00eda del Libro"},"content":{"rendered":"\n<p>El 23 de abril de 1616 fue un d\u00eda donde tres grandes de las letras se dieron la mano y decidieron emprender el camino de la inmortalidad. Conocedores o no de que la posteridad ensalzar\u00eda sus obras y las leer\u00eda 400 a\u00f1os despu\u00e9s, estos tres grandes son creadores de un estilo, de un corpus literario, de una forma de encarar la literatura que cuando menos es la base de nuestra bibliograf\u00eda presente y lo ser\u00e1 de la futura. Gracias a estos magos de las letras hoy leemos lo que leemos, hoy descartamos lo que no es literatura, hoy somos lo que somos como escritores y sobre todo como lectores.<br><strong>Miguel de Cervantes Saavedra, William Shakespeare <\/strong>y<strong> el Inca Garcilaso de la Vega <\/strong>murieron un 23 de abril y como si su legado fuera poco extendemos la magia de las palabras a cientos, a miles de autores que los sucedieron y a los cientos, a los miles de libros que despu\u00e9s de ellos llegaron y a los que seguir\u00e1n llegando.<br>En honor a esos tres grandes y a quienes siguieron el camino de las palabras es que festejamos en todo el mundo el D\u00eda del libro.<br>Y es que al parecer, el 23 de abril es una fecha m\u00e1gica (o una fecha libresca) porque tambi\u00e9n coincide con el nacimiento o la muerte de otros autores destacados como <strong>Maurice Druon, Haldor K. Laxness, Vladimir Nabokov, Josep Pla <\/strong>y<strong> Manuel Mej\u00eda Vallejo.<br><\/strong>Es por eso que cada a\u00f1o, la Unesco y la Uni\u00f3n Internacional de Editores, la Federaci\u00f3n Internacional de Libreros y la Federaci\u00f3n Internacional de Asociaciones e Instituciones Bibliotecarias seleccionan una capital mundial del libro. Este a\u00f1o (2021), la ciudad designada es Tiflis, Georgia.<\/p>\n\n\n\n<p>La idea original de la celebraci\u00f3n del D\u00eda del Libro parti\u00f3 de Catalu\u00f1a, del escritor valenciano Vicente Clavel Andr\u00e9s, proponi\u00e9ndola a la C\u00e1mara Oficial del Libro de Barcelona en 1923 y aprobada por el rey Alfonso XIII de Espa\u00f1a en 1926. La publicaci\u00f3n de novedades y la organizaci\u00f3n de actos de firmas de ejemplares con los autores en esa fecha es una tradici\u00f3n que ha llegado hasta nuestros d\u00edas.<br>En 1995 hubo otra iniciativa que sali\u00f3 de la Conferencia General de la UNESCO, en Par\u00eds, donde se determin\u00f3 declarar el 23 de abril como \u00abD\u00eda Mundial del Libro y del Derecho de Autor\u00bb, ahora conocido como D\u00eda Internacional del Libro.<br>La ciudad emblem\u00e1tica de este festejo es Catalu\u00f1a. All\u00ed la tradici\u00f3n de la Fiesta del D\u00eda del Libro, se vive en cada rinc\u00f3n y sobre todo en la Rambla de Catalunya en Barcelona donde florecen miles de puestos de libreros y floristas que envuelven la ciudad de cultura a trav\u00e9s de los libros y las emblem\u00e1ticas rosas rojas. Al festejo se unen las asociaciones, instituciones, bibliotecas, escritores de todo el mundo firmando sus obras, ilustradores, medios de comunicaci\u00f3n, etc. Pero tambi\u00e9n en Ciudad de M\u00e9xico, Caracas, Bogot\u00e1, Santiago, Valencia, La Victoria, Buenos Aires, Maracaibo, Barquisimeto, Quito, Managua, Maracay, New York, Los \u00c1ngeles, Medell\u00edn, Ciudad de Guatemala, Valpara\u00edso y muchas ciudades europeas, americanas, asi\u00e1ticas, africanas, incluso en Vietnam se celebra el D\u00eda del libro a escala nacional.<\/p>\n\n\n\n<p>El mejor homenaje que podemos rendirle a ese amigo fiel que siempre est\u00e1 dispuesto a acompa\u00f1arnos es: entrar a ese extraordinario mundo impreso, perdernos en las llanuras de palabras, navegar oc\u00e9anos de letras, imaginar sonidos, olores, paisajes, transformar las frases en im\u00e1genes y volar surcando un aire distinto al aire que respiramos d\u00eda a d\u00eda, ser libres y conscientes de que esos mundos ser\u00e1n parte de nosotros mismos para siempre. <\/p>\n\n\n\n<p>El mejor homenaje que podemos rendirle al libro es simple: <strong>leer<\/strong>.<\/p>\n\n\n\n<hr class=\"wp-block-separator has-css-opacity\"\/>\n\n\n\n\n\n\n<hr class=\"wp-block-separator has-css-opacity\"\/>\n\n\n\n<h3 class=\"wp-block-heading\">Rese\u00f1as de Novelas<\/h3>\n\n\n\n<h4 class=\"wp-block-heading\"><a href=\"https:\/\/www.taller-palabras.com\/WordPress_05\/\" target=\"_blank\" rel=\"noreferrer noopener\">Blog de lectura<\/a><\/h4>\n\n\n\n<hr class=\"wp-block-separator has-css-opacity\"\/>\n\n\n\n<h4 class=\"wp-block-heading\">Servicios Editoriales<\/h4>\n\n\n\n<h4 class=\"wp-block-heading\" id=\"taller-literario-online\"><a href=\"https:\/\/taller-palabras.com\/servicios.html\" target=\"_blank\" rel=\"noreferrer noopener\">Servicio de correcci\u00f3n literaria<br>Servicio de edici\u00f3n gr\u00e1fica<br>Servicio de publicaci\u00f3n<\/a><\/h4>\n\n\n\n<hr class=\"wp-block-separator has-css-opacity\"\/>\n","protected":false},"excerpt":{"rendered":"<p>El mejor homenaje que podemos rendirle al libro es simple&#8230;<\/p>\n","protected":false},"author":83,"featured_media":1462,"comment_status":"closed","ping_status":"open","sticky":false,"template":"","format":"standard","meta":{"footnotes":""},"categories":[45],"tags":[193,40,36,141],"class_list":["post-1461","post","type-post","status-publish","format-standard","has-post-thumbnail","hentry","category-noticias","tag-dia-del-libro","tag-escritura-creativa","tag-lectura","tag-leer-mucho"],"yoast_head":"<!-- This site is optimized with the Yoast SEO plugin v27.4 - https:\/\/yoast.com\/product\/yoast-seo-wordpress\/ -->\n<title>D\u00eda del Libro - Red Literaria<\/title>\n<meta name=\"robots\" content=\"index, follow, max-snippet:-1, max-image-preview:large, max-video-preview:-1\" \/>\n<link rel=\"canonical\" href=\"https:\/\/www.taller-palabras.com\/WordPress_06\/noticias\/dia-del-libro\/\" \/>\n<meta property=\"og:locale\" content=\"es_ES\" \/>\n<meta property=\"og:type\" content=\"article\" \/>\n<meta property=\"og:title\" content=\"D\u00eda del Libro - Red Literaria\" \/>\n<meta property=\"og:description\" content=\"El mejor homenaje que podemos rendirle al libro es simple...\" \/>\n<meta property=\"og:url\" content=\"https:\/\/www.taller-palabras.com\/WordPress_06\/noticias\/dia-del-libro\/\" \/>\n<meta property=\"og:site_name\" content=\"Red Literaria\" \/>\n<meta property=\"article:publisher\" content=\"https:\/\/www.facebook.com\/profile.php?id=100001537279728\" \/>\n<meta property=\"article:published_time\" content=\"2023-10-02T22:00:19+00:00\" \/>\n<meta property=\"article:modified_time\" content=\"2023-10-08T16:58:54+00:00\" \/>\n<meta property=\"og:image\" content=\"https:\/\/www.taller-palabras.com\/WordPress_06\/wp-content\/uploads\/2021\/04\/dialibro.jpg\" \/>\n\t<meta property=\"og:image:width\" content=\"283\" \/>\n\t<meta property=\"og:image:height\" content=\"401\" \/>\n\t<meta property=\"og:image:type\" content=\"image\/jpeg\" \/>\n<meta name=\"author\" content=\"Patricia M\u00f3nica Miranda Alonso\" \/>\n<meta name=\"twitter:card\" content=\"summary_large_image\" \/>\n<meta name=\"twitter:label1\" content=\"Escrito por\" \/>\n\t<meta name=\"twitter:data1\" content=\"Patricia M\u00f3nica Miranda Alonso\" \/>\n\t<meta name=\"twitter:label2\" content=\"Tiempo de lectura\" \/>\n\t<meta name=\"twitter:data2\" content=\"3 minutos\" \/>\n<script type=\"application\/ld+json\" class=\"yoast-schema-graph\">{\"@context\":\"https:\\\/\\\/schema.org\",\"@graph\":[{\"@type\":\"NewsArticle\",\"@id\":\"https:\\\/\\\/www.taller-palabras.com\\\/WordPress_06\\\/noticias\\\/dia-del-libro\\\/#article\",\"isPartOf\":{\"@id\":\"https:\\\/\\\/www.taller-palabras.com\\\/WordPress_06\\\/noticias\\\/dia-del-libro\\\/\"},\"author\":{\"name\":\"Patricia M\u00f3nica Miranda Alonso\",\"@id\":\"https:\\\/\\\/www.taller-palabras.com\\\/WordPress_06\\\/#\\\/schema\\\/person\\\/a774f3e56bddd007723be732994cadd4\"},\"headline\":\"D\u00eda del Libro\",\"datePublished\":\"2023-10-02T22:00:19+00:00\",\"dateModified\":\"2023-10-08T16:58:54+00:00\",\"mainEntityOfPage\":{\"@id\":\"https:\\\/\\\/www.taller-palabras.com\\\/WordPress_06\\\/noticias\\\/dia-del-libro\\\/\"},\"wordCount\":645,\"publisher\":{\"@id\":\"https:\\\/\\\/www.taller-palabras.com\\\/WordPress_06\\\/#organization\"},\"image\":{\"@id\":\"https:\\\/\\\/www.taller-palabras.com\\\/WordPress_06\\\/noticias\\\/dia-del-libro\\\/#primaryimage\"},\"thumbnailUrl\":\"https:\\\/\\\/www.taller-palabras.com\\\/WordPress_06\\\/wp-content\\\/uploads\\\/2021\\\/04\\\/dialibro.jpg\",\"keywords\":[\"D\u00eda del libro\",\"escritura creativa\",\"lectura\",\"Leer mucho\"],\"articleSection\":[\"Noticias\"],\"inLanguage\":\"es\"},{\"@type\":[\"WebPage\",\"ItemPage\"],\"@id\":\"https:\\\/\\\/www.taller-palabras.com\\\/WordPress_06\\\/noticias\\\/dia-del-libro\\\/\",\"url\":\"https:\\\/\\\/www.taller-palabras.com\\\/WordPress_06\\\/noticias\\\/dia-del-libro\\\/\",\"name\":\"D\u00eda del Libro - Red Literaria\",\"isPartOf\":{\"@id\":\"https:\\\/\\\/www.taller-palabras.com\\\/WordPress_06\\\/#website\"},\"primaryImageOfPage\":{\"@id\":\"https:\\\/\\\/www.taller-palabras.com\\\/WordPress_06\\\/noticias\\\/dia-del-libro\\\/#primaryimage\"},\"image\":{\"@id\":\"https:\\\/\\\/www.taller-palabras.com\\\/WordPress_06\\\/noticias\\\/dia-del-libro\\\/#primaryimage\"},\"thumbnailUrl\":\"https:\\\/\\\/www.taller-palabras.com\\\/WordPress_06\\\/wp-content\\\/uploads\\\/2021\\\/04\\\/dialibro.jpg\",\"datePublished\":\"2023-10-02T22:00:19+00:00\",\"dateModified\":\"2023-10-08T16:58:54+00:00\",\"breadcrumb\":{\"@id\":\"https:\\\/\\\/www.taller-palabras.com\\\/WordPress_06\\\/noticias\\\/dia-del-libro\\\/#breadcrumb\"},\"inLanguage\":\"es\",\"potentialAction\":[{\"@type\":\"ReadAction\",\"target\":[\"https:\\\/\\\/www.taller-palabras.com\\\/WordPress_06\\\/noticias\\\/dia-del-libro\\\/\"]}]},{\"@type\":\"ImageObject\",\"inLanguage\":\"es\",\"@id\":\"https:\\\/\\\/www.taller-palabras.com\\\/WordPress_06\\\/noticias\\\/dia-del-libro\\\/#primaryimage\",\"url\":\"https:\\\/\\\/www.taller-palabras.com\\\/WordPress_06\\\/wp-content\\\/uploads\\\/2021\\\/04\\\/dialibro.jpg\",\"contentUrl\":\"https:\\\/\\\/www.taller-palabras.com\\\/WordPress_06\\\/wp-content\\\/uploads\\\/2021\\\/04\\\/dialibro.jpg\",\"width\":283,\"height\":401},{\"@type\":\"BreadcrumbList\",\"@id\":\"https:\\\/\\\/www.taller-palabras.com\\\/WordPress_06\\\/noticias\\\/dia-del-libro\\\/#breadcrumb\",\"itemListElement\":[{\"@type\":\"ListItem\",\"position\":1,\"name\":\"Portada\",\"item\":\"https:\\\/\\\/www.taller-palabras.com\\\/WordPress_06\\\/\"},{\"@type\":\"ListItem\",\"position\":2,\"name\":\"D\u00eda del Libro\"}]},{\"@type\":\"WebSite\",\"@id\":\"https:\\\/\\\/www.taller-palabras.com\\\/WordPress_06\\\/#website\",\"url\":\"https:\\\/\\\/www.taller-palabras.com\\\/WordPress_06\\\/\",\"name\":\"Red Literaria\",\"description\":\"Red de lectura y escritura\",\"publisher\":{\"@id\":\"https:\\\/\\\/www.taller-palabras.com\\\/WordPress_06\\\/#organization\"},\"potentialAction\":[{\"@type\":\"SearchAction\",\"target\":{\"@type\":\"EntryPoint\",\"urlTemplate\":\"https:\\\/\\\/www.taller-palabras.com\\\/WordPress_06\\\/?s={search_term_string}\"},\"query-input\":{\"@type\":\"PropertyValueSpecification\",\"valueRequired\":true,\"valueName\":\"search_term_string\"}}],\"inLanguage\":\"es\"},{\"@type\":\"Organization\",\"@id\":\"https:\\\/\\\/www.taller-palabras.com\\\/WordPress_06\\\/#organization\",\"name\":\"Redescribir\",\"url\":\"https:\\\/\\\/www.taller-palabras.com\\\/WordPress_06\\\/\",\"logo\":{\"@type\":\"ImageObject\",\"inLanguage\":\"es\",\"@id\":\"https:\\\/\\\/www.taller-palabras.com\\\/WordPress_06\\\/#\\\/schema\\\/logo\\\/image\\\/\",\"url\":\"https:\\\/\\\/www.taller-palabras.com\\\/WordPress_06\\\/wp-content\\\/uploads\\\/2021\\\/07\\\/redactar_icon.png\",\"contentUrl\":\"https:\\\/\\\/www.taller-palabras.com\\\/WordPress_06\\\/wp-content\\\/uploads\\\/2021\\\/07\\\/redactar_icon.png\",\"width\":25,\"height\":25,\"caption\":\"Redescribir\"},\"image\":{\"@id\":\"https:\\\/\\\/www.taller-palabras.com\\\/WordPress_06\\\/#\\\/schema\\\/logo\\\/image\\\/\"},\"sameAs\":[\"https:\\\/\\\/www.facebook.com\\\/profile.php?id=100001537279728\"]},{\"@type\":\"Person\",\"@id\":\"https:\\\/\\\/www.taller-palabras.com\\\/WordPress_06\\\/#\\\/schema\\\/person\\\/a774f3e56bddd007723be732994cadd4\",\"name\":\"Patricia M\u00f3nica Miranda Alonso\",\"description\":\"Profesora de escritura creativa y coordinadora de talleres literarios, editora y correctora literaria, rese\u00f1adora y cr\u00edtica literaria.\",\"sameAs\":[\"https:\\\/\\\/www.taller-palabras.com\"],\"url\":\"https:\\\/\\\/www.taller-palabras.com\\\/WordPress_06\\\/author\\\/patricia\\\/\"}]}<\/script>\n<!-- \/ Yoast SEO plugin. -->","yoast_head_json":{"title":"D\u00eda del Libro - Red Literaria","robots":{"index":"index","follow":"follow","max-snippet":"max-snippet:-1","max-image-preview":"max-image-preview:large","max-video-preview":"max-video-preview:-1"},"canonical":"https:\/\/www.taller-palabras.com\/WordPress_06\/noticias\/dia-del-libro\/","og_locale":"es_ES","og_type":"article","og_title":"D\u00eda del Libro - Red Literaria","og_description":"El mejor homenaje que podemos rendirle al libro es simple...","og_url":"https:\/\/www.taller-palabras.com\/WordPress_06\/noticias\/dia-del-libro\/","og_site_name":"Red Literaria","article_publisher":"https:\/\/www.facebook.com\/profile.php?id=100001537279728","article_published_time":"2023-10-02T22:00:19+00:00","article_modified_time":"2023-10-08T16:58:54+00:00","og_image":[{"width":283,"height":401,"url":"https:\/\/www.taller-palabras.com\/WordPress_06\/wp-content\/uploads\/2021\/04\/dialibro.jpg","type":"image\/jpeg"}],"author":"Patricia M\u00f3nica Miranda Alonso","twitter_card":"summary_large_image","twitter_misc":{"Escrito por":"Patricia M\u00f3nica Miranda Alonso","Tiempo de lectura":"3 minutos"},"schema":{"@context":"https:\/\/schema.org","@graph":[{"@type":"NewsArticle","@id":"https:\/\/www.taller-palabras.com\/WordPress_06\/noticias\/dia-del-libro\/#article","isPartOf":{"@id":"https:\/\/www.taller-palabras.com\/WordPress_06\/noticias\/dia-del-libro\/"},"author":{"name":"Patricia M\u00f3nica Miranda Alonso","@id":"https:\/\/www.taller-palabras.com\/WordPress_06\/#\/schema\/person\/a774f3e56bddd007723be732994cadd4"},"headline":"D\u00eda del Libro","datePublished":"2023-10-02T22:00:19+00:00","dateModified":"2023-10-08T16:58:54+00:00","mainEntityOfPage":{"@id":"https:\/\/www.taller-palabras.com\/WordPress_06\/noticias\/dia-del-libro\/"},"wordCount":645,"publisher":{"@id":"https:\/\/www.taller-palabras.com\/WordPress_06\/#organization"},"image":{"@id":"https:\/\/www.taller-palabras.com\/WordPress_06\/noticias\/dia-del-libro\/#primaryimage"},"thumbnailUrl":"https:\/\/www.taller-palabras.com\/WordPress_06\/wp-content\/uploads\/2021\/04\/dialibro.jpg","keywords":["D\u00eda del libro","escritura creativa","lectura","Leer mucho"],"articleSection":["Noticias"],"inLanguage":"es"},{"@type":["WebPage","ItemPage"],"@id":"https:\/\/www.taller-palabras.com\/WordPress_06\/noticias\/dia-del-libro\/","url":"https:\/\/www.taller-palabras.com\/WordPress_06\/noticias\/dia-del-libro\/","name":"D\u00eda del Libro - Red Literaria","isPartOf":{"@id":"https:\/\/www.taller-palabras.com\/WordPress_06\/#website"},"primaryImageOfPage":{"@id":"https:\/\/www.taller-palabras.com\/WordPress_06\/noticias\/dia-del-libro\/#primaryimage"},"image":{"@id":"https:\/\/www.taller-palabras.com\/WordPress_06\/noticias\/dia-del-libro\/#primaryimage"},"thumbnailUrl":"https:\/\/www.taller-palabras.com\/WordPress_06\/wp-content\/uploads\/2021\/04\/dialibro.jpg","datePublished":"2023-10-02T22:00:19+00:00","dateModified":"2023-10-08T16:58:54+00:00","breadcrumb":{"@id":"https:\/\/www.taller-palabras.com\/WordPress_06\/noticias\/dia-del-libro\/#breadcrumb"},"inLanguage":"es","potentialAction":[{"@type":"ReadAction","target":["https:\/\/www.taller-palabras.com\/WordPress_06\/noticias\/dia-del-libro\/"]}]},{"@type":"ImageObject","inLanguage":"es","@id":"https:\/\/www.taller-palabras.com\/WordPress_06\/noticias\/dia-del-libro\/#primaryimage","url":"https:\/\/www.taller-palabras.com\/WordPress_06\/wp-content\/uploads\/2021\/04\/dialibro.jpg","contentUrl":"https:\/\/www.taller-palabras.com\/WordPress_06\/wp-content\/uploads\/2021\/04\/dialibro.jpg","width":283,"height":401},{"@type":"BreadcrumbList","@id":"https:\/\/www.taller-palabras.com\/WordPress_06\/noticias\/dia-del-libro\/#breadcrumb","itemListElement":[{"@type":"ListItem","position":1,"name":"Portada","item":"https:\/\/www.taller-palabras.com\/WordPress_06\/"},{"@type":"ListItem","position":2,"name":"D\u00eda del Libro"}]},{"@type":"WebSite","@id":"https:\/\/www.taller-palabras.com\/WordPress_06\/#website","url":"https:\/\/www.taller-palabras.com\/WordPress_06\/","name":"Red Literaria","description":"Red de lectura y escritura","publisher":{"@id":"https:\/\/www.taller-palabras.com\/WordPress_06\/#organization"},"potentialAction":[{"@type":"SearchAction","target":{"@type":"EntryPoint","urlTemplate":"https:\/\/www.taller-palabras.com\/WordPress_06\/?s={search_term_string}"},"query-input":{"@type":"PropertyValueSpecification","valueRequired":true,"valueName":"search_term_string"}}],"inLanguage":"es"},{"@type":"Organization","@id":"https:\/\/www.taller-palabras.com\/WordPress_06\/#organization","name":"Redescribir","url":"https:\/\/www.taller-palabras.com\/WordPress_06\/","logo":{"@type":"ImageObject","inLanguage":"es","@id":"https:\/\/www.taller-palabras.com\/WordPress_06\/#\/schema\/logo\/image\/","url":"https:\/\/www.taller-palabras.com\/WordPress_06\/wp-content\/uploads\/2021\/07\/redactar_icon.png","contentUrl":"https:\/\/www.taller-palabras.com\/WordPress_06\/wp-content\/uploads\/2021\/07\/redactar_icon.png","width":25,"height":25,"caption":"Redescribir"},"image":{"@id":"https:\/\/www.taller-palabras.com\/WordPress_06\/#\/schema\/logo\/image\/"},"sameAs":["https:\/\/www.facebook.com\/profile.php?id=100001537279728"]},{"@type":"Person","@id":"https:\/\/www.taller-palabras.com\/WordPress_06\/#\/schema\/person\/a774f3e56bddd007723be732994cadd4","name":"Patricia M\u00f3nica Miranda Alonso","description":"Profesora de escritura creativa y coordinadora de talleres literarios, editora y correctora literaria, rese\u00f1adora y cr\u00edtica literaria.","sameAs":["https:\/\/www.taller-palabras.com"],"url":"https:\/\/www.taller-palabras.com\/WordPress_06\/author\/patricia\/"}]}},"_links":{"self":[{"href":"https:\/\/www.taller-palabras.com\/WordPress_06\/wp-json\/wp\/v2\/posts\/1461","targetHints":{"allow":["GET"]}}],"collection":[{"href":"https:\/\/www.taller-palabras.com\/WordPress_06\/wp-json\/wp\/v2\/posts"}],"about":[{"href":"https:\/\/www.taller-palabras.com\/WordPress_06\/wp-json\/wp\/v2\/types\/post"}],"author":[{"embeddable":true,"href":"https:\/\/www.taller-palabras.com\/WordPress_06\/wp-json\/wp\/v2\/users\/83"}],"replies":[{"embeddable":true,"href":"https:\/\/www.taller-palabras.com\/WordPress_06\/wp-json\/wp\/v2\/comments?post=1461"}],"version-history":[{"count":13,"href":"https:\/\/www.taller-palabras.com\/WordPress_06\/wp-json\/wp\/v2\/posts\/1461\/revisions"}],"predecessor-version":[{"id":3837,"href":"https:\/\/www.taller-palabras.com\/WordPress_06\/wp-json\/wp\/v2\/posts\/1461\/revisions\/3837"}],"wp:featuredmedia":[{"embeddable":true,"href":"https:\/\/www.taller-palabras.com\/WordPress_06\/wp-json\/wp\/v2\/media\/1462"}],"wp:attachment":[{"href":"https:\/\/www.taller-palabras.com\/WordPress_06\/wp-json\/wp\/v2\/media?parent=1461"}],"wp:term":[{"taxonomy":"category","embeddable":true,"href":"https:\/\/www.taller-palabras.com\/WordPress_06\/wp-json\/wp\/v2\/categories?post=1461"},{"taxonomy":"post_tag","embeddable":true,"href":"https:\/\/www.taller-palabras.com\/WordPress_06\/wp-json\/wp\/v2\/tags?post=1461"}],"curies":[{"name":"wp","href":"https:\/\/api.w.org\/{rel}","templated":true}]}}