{"id":1636,"date":"2021-05-26T10:42:43","date_gmt":"2021-05-26T13:42:43","guid":{"rendered":"https:\/\/www.taller-palabras.com\/WordPress_06\/?p=1636"},"modified":"2023-10-08T14:03:55","modified_gmt":"2023-10-08T17:03:55","slug":"tierra-de-eloy-moreno","status":"publish","type":"post","link":"https:\/\/www.taller-palabras.com\/WordPress_06\/noticias\/tierra-de-eloy-moreno\/","title":{"rendered":"Tierra \u2013 de Eloy Moreno"},"content":{"rendered":"\n<figure class=\"wp-block-image size-large is-resized\"><img loading=\"lazy\" decoding=\"async\" src=\"https:\/\/www.taller-palabras.com\/WordPress_06\/wp-content\/uploads\/2021\/05\/libro.jpg\" alt=\"\" class=\"wp-image-1638\" width=\"160\" height=\"256\" srcset=\"https:\/\/www.taller-palabras.com\/WordPress_06\/wp-content\/uploads\/2021\/05\/libro.jpg 283w, https:\/\/www.taller-palabras.com\/WordPress_06\/wp-content\/uploads\/2021\/05\/libro-187x300.jpg 187w\" sizes=\"auto, (max-width: 160px) 100vw, 160px\" \/><figcaption>El escritor espa\u00f1ol Eloy Moreno present\u00f3 su \u00faltima novela <em>Tierra<\/em>, una historia sobre dos hermanos y la promesa que les hace su padre. La trama desvela el extravagante mundo detr\u00e1s de la televisi\u00f3n y el entretenimiento en un programa visto por todo el planeta. El autor se vale de una narrativa atrapante para mostrar la relaci\u00f3n entre ambas historias.<\/figcaption><\/figure>\n\n\n\n<p>Eloy Moreno es un ingeniero t\u00e9cnico en inform\u00e1tica de gesti\u00f3n nacido el 12 de enero de 1976 en Castell\u00f3 de La Plana, Comunidad Valenciana, Espa\u00f1a. Es egresado de la Universidad Jaume I de su ciudad natal. Si bien apenas se gradu\u00f3 comenz\u00f3 a trabajar en el sector inform\u00e1tico, su vida la ha dedicado a la literatura.<\/p>\n\n\n\n<p>En 2011, su pasi\u00f3n lo llev\u00f3 a incursionar en el mundo de las letras con el lanzamiento de su primer libro (<strong>autopublicado<\/strong>), El bol\u00edgrafo de gel verde. Este texto se convirti\u00f3 en un debut literario de \u00e9xito inesperado, lo cual le facilit\u00f3 la difusi\u00f3n de sus siguientes publicaciones.<br>Por otro lado, el autor se ha hecho famoso \u2014aparte de su fuerte presencia en las redes sociales\u2014 porque dise\u00f1\u00f3 rutas literarias. Moreno, dos o tres veces al a\u00f1o, hace recorridos para personas en los lugares en que ambient\u00f3 sus novelas.<br>Despu\u00e9s de El bol\u00edgrafo de gel verde (2011), Eloy Moreno public\u00f3 Lo que encontr\u00e9 bajo el sof\u00e1 (2013), otro \u00e9xito editorial traducido a varios idiomas. Luego, el autor castellonense volvi\u00f3 a la <strong>autoedici\u00f3n<\/strong> para publicar Cuentos para entender el mundo (2015), del cual, lanz\u00f3 una segunda y tercera parte, en 2016 y 2018, respectivamente.<\/p>\n\n\n\n<p>Su \u00faltima novela <em>Tierra<\/em> no solo cuenta una historia entrecruzada con otras m\u00e1s, sino que propone un constante estado reflexivo sobre la realidad actual. Asimismo, el estilo narrativo estructurado en cap\u00edtulos cortos con historias alternadas, incrementa la curiosidad de los lectores por los eventos que acontecer\u00e1n en la siguiente p\u00e1gina. Eloy Moreno consigue con creces su prop\u00f3sito de mantener al espectador en ascuas.<\/p>\n\n\n\n<p><em>Tierra<\/em>, un libro sobre el presente de la humanidad. Veremos c\u00f3mo funciona.<\/p>\n\n\n\n<hr class=\"wp-block-separator\"\/>\n\n\n\n<h4 class=\"wp-block-heading\">Visita la p\u00e1gina de la:<br><a rel=\"noreferrer noopener\" href=\"https:\/\/www.taller-palabras.com\/servicios.html\" data-type=\"URL\" data-id=\"https:\/\/www.taller-palabras.com\/servicios.html\" target=\"_blank\">Editorial &#8211; Taller P<\/a><a rel=\"noreferrer noopener\" href=\"https:\/\/www.taller-palabras.com\/sevicios.html\" target=\"_blank\">a<\/a><a rel=\"noreferrer noopener\" href=\"https:\/\/www.taller-palabras.com\/servicios.html\" target=\"_blank\">labra<\/a><a rel=\"noreferrer noopener\" href=\"https:\/\/www.taller-palabras.com\/WordPress_04\/?product=el-guardian-entre-el-centeno-j-d-salinger\" target=\"_blank\">s<\/a><\/h4>\n\n\n\n<hr class=\"wp-block-separator\"\/>\n","protected":false},"excerpt":{"rendered":"<p>La \u00faltima novela del Espa\u00f1ol Eloy Moreno&#8230;<\/p>\n","protected":false},"author":83,"featured_media":1637,"comment_status":"closed","ping_status":"open","sticky":false,"template":"","format":"standard","meta":{"footnotes":""},"categories":[45],"tags":[201,200,202],"class_list":["post-1636","post","type-post","status-publish","format-standard","has-post-thumbnail","hentry","category-noticias","tag-eloy-moreno","tag-nuevos-autores","tag-tierra"],"yoast_head":"<!-- This site is optimized with the Yoast SEO plugin v27.4 - https:\/\/yoast.com\/product\/yoast-seo-wordpress\/ -->\n<title>Tierra \u2013 de Eloy Moreno - Red Literaria<\/title>\n<meta name=\"description\" content=\"El escritor espa\u00f1ol Eloy Moreno present\u00f3 su \u00faltima novela Tierra, una historia sobre dos hermanos y la promesa que les hace su padre.\" \/>\n<meta name=\"robots\" content=\"index, follow, max-snippet:-1, max-image-preview:large, max-video-preview:-1\" \/>\n<link rel=\"canonical\" href=\"https:\/\/www.taller-palabras.com\/WordPress_06\/noticias\/tierra-de-eloy-moreno\/\" \/>\n<meta property=\"og:locale\" content=\"es_ES\" \/>\n<meta property=\"og:type\" content=\"article\" \/>\n<meta property=\"og:title\" content=\"Tierra \u2013 de Eloy Moreno - Red Literaria\" \/>\n<meta property=\"og:description\" content=\"El escritor espa\u00f1ol Eloy Moreno present\u00f3 su \u00faltima novela Tierra, una historia sobre dos hermanos y la promesa que les hace su padre.\" \/>\n<meta property=\"og:url\" content=\"https:\/\/www.taller-palabras.com\/WordPress_06\/noticias\/tierra-de-eloy-moreno\/\" \/>\n<meta property=\"og:site_name\" content=\"Red Literaria\" \/>\n<meta property=\"article:publisher\" content=\"https:\/\/www.facebook.com\/profile.php?id=100001537279728\" \/>\n<meta property=\"article:published_time\" content=\"2021-05-26T13:42:43+00:00\" \/>\n<meta property=\"article:modified_time\" content=\"2023-10-08T17:03:55+00:00\" \/>\n<meta property=\"og:image\" content=\"https:\/\/www.taller-palabras.com\/WordPress_06\/wp-content\/uploads\/2021\/05\/EloyMoreno.jpg\" \/>\n\t<meta property=\"og:image:width\" content=\"409\" \/>\n\t<meta property=\"og:image:height\" content=\"283\" \/>\n\t<meta property=\"og:image:type\" content=\"image\/jpeg\" \/>\n<meta name=\"author\" content=\"Patricia M\u00f3nica Miranda Alonso\" \/>\n<meta name=\"twitter:card\" content=\"summary_large_image\" \/>\n<meta name=\"twitter:label1\" content=\"Escrito por\" \/>\n\t<meta name=\"twitter:data1\" content=\"Patricia M\u00f3nica Miranda Alonso\" \/>\n\t<meta name=\"twitter:label2\" content=\"Tiempo de lectura\" \/>\n\t<meta name=\"twitter:data2\" content=\"2 minutos\" \/>\n<script type=\"application\/ld+json\" class=\"yoast-schema-graph\">{\"@context\":\"https:\\\/\\\/schema.org\",\"@graph\":[{\"@type\":\"NewsArticle\",\"@id\":\"https:\\\/\\\/www.taller-palabras.com\\\/WordPress_06\\\/noticias\\\/tierra-de-eloy-moreno\\\/#article\",\"isPartOf\":{\"@id\":\"https:\\\/\\\/www.taller-palabras.com\\\/WordPress_06\\\/noticias\\\/tierra-de-eloy-moreno\\\/\"},\"author\":{\"name\":\"Patricia M\u00f3nica Miranda Alonso\",\"@id\":\"https:\\\/\\\/www.taller-palabras.com\\\/WordPress_06\\\/#\\\/schema\\\/person\\\/a774f3e56bddd007723be732994cadd4\"},\"headline\":\"Tierra \u2013 de Eloy Moreno\",\"datePublished\":\"2021-05-26T13:42:43+00:00\",\"dateModified\":\"2023-10-08T17:03:55+00:00\",\"mainEntityOfPage\":{\"@id\":\"https:\\\/\\\/www.taller-palabras.com\\\/WordPress_06\\\/noticias\\\/tierra-de-eloy-moreno\\\/\"},\"wordCount\":351,\"publisher\":{\"@id\":\"https:\\\/\\\/www.taller-palabras.com\\\/WordPress_06\\\/#organization\"},\"image\":{\"@id\":\"https:\\\/\\\/www.taller-palabras.com\\\/WordPress_06\\\/noticias\\\/tierra-de-eloy-moreno\\\/#primaryimage\"},\"thumbnailUrl\":\"https:\\\/\\\/www.taller-palabras.com\\\/WordPress_06\\\/wp-content\\\/uploads\\\/2021\\\/05\\\/EloyMoreno.jpg\",\"keywords\":[\"Eloy Moreno\",\"Nuevos autores\",\"Tierra\"],\"articleSection\":[\"Noticias\"],\"inLanguage\":\"es\"},{\"@type\":[\"WebPage\",\"ItemPage\"],\"@id\":\"https:\\\/\\\/www.taller-palabras.com\\\/WordPress_06\\\/noticias\\\/tierra-de-eloy-moreno\\\/\",\"url\":\"https:\\\/\\\/www.taller-palabras.com\\\/WordPress_06\\\/noticias\\\/tierra-de-eloy-moreno\\\/\",\"name\":\"Tierra \u2013 de Eloy Moreno - Red Literaria\",\"isPartOf\":{\"@id\":\"https:\\\/\\\/www.taller-palabras.com\\\/WordPress_06\\\/#website\"},\"primaryImageOfPage\":{\"@id\":\"https:\\\/\\\/www.taller-palabras.com\\\/WordPress_06\\\/noticias\\\/tierra-de-eloy-moreno\\\/#primaryimage\"},\"image\":{\"@id\":\"https:\\\/\\\/www.taller-palabras.com\\\/WordPress_06\\\/noticias\\\/tierra-de-eloy-moreno\\\/#primaryimage\"},\"thumbnailUrl\":\"https:\\\/\\\/www.taller-palabras.com\\\/WordPress_06\\\/wp-content\\\/uploads\\\/2021\\\/05\\\/EloyMoreno.jpg\",\"datePublished\":\"2021-05-26T13:42:43+00:00\",\"dateModified\":\"2023-10-08T17:03:55+00:00\",\"description\":\"El escritor espa\u00f1ol Eloy Moreno present\u00f3 su \u00faltima novela Tierra, una historia sobre dos hermanos y la promesa que les hace su padre.\",\"breadcrumb\":{\"@id\":\"https:\\\/\\\/www.taller-palabras.com\\\/WordPress_06\\\/noticias\\\/tierra-de-eloy-moreno\\\/#breadcrumb\"},\"inLanguage\":\"es\",\"potentialAction\":[{\"@type\":\"ReadAction\",\"target\":[\"https:\\\/\\\/www.taller-palabras.com\\\/WordPress_06\\\/noticias\\\/tierra-de-eloy-moreno\\\/\"]}]},{\"@type\":\"ImageObject\",\"inLanguage\":\"es\",\"@id\":\"https:\\\/\\\/www.taller-palabras.com\\\/WordPress_06\\\/noticias\\\/tierra-de-eloy-moreno\\\/#primaryimage\",\"url\":\"https:\\\/\\\/www.taller-palabras.com\\\/WordPress_06\\\/wp-content\\\/uploads\\\/2021\\\/05\\\/EloyMoreno.jpg\",\"contentUrl\":\"https:\\\/\\\/www.taller-palabras.com\\\/WordPress_06\\\/wp-content\\\/uploads\\\/2021\\\/05\\\/EloyMoreno.jpg\",\"width\":409,\"height\":283},{\"@type\":\"BreadcrumbList\",\"@id\":\"https:\\\/\\\/www.taller-palabras.com\\\/WordPress_06\\\/noticias\\\/tierra-de-eloy-moreno\\\/#breadcrumb\",\"itemListElement\":[{\"@type\":\"ListItem\",\"position\":1,\"name\":\"Portada\",\"item\":\"https:\\\/\\\/www.taller-palabras.com\\\/WordPress_06\\\/\"},{\"@type\":\"ListItem\",\"position\":2,\"name\":\"Tierra \u2013 de Eloy Moreno\"}]},{\"@type\":\"WebSite\",\"@id\":\"https:\\\/\\\/www.taller-palabras.com\\\/WordPress_06\\\/#website\",\"url\":\"https:\\\/\\\/www.taller-palabras.com\\\/WordPress_06\\\/\",\"name\":\"Red Literaria\",\"description\":\"Red de lectura y escritura\",\"publisher\":{\"@id\":\"https:\\\/\\\/www.taller-palabras.com\\\/WordPress_06\\\/#organization\"},\"potentialAction\":[{\"@type\":\"SearchAction\",\"target\":{\"@type\":\"EntryPoint\",\"urlTemplate\":\"https:\\\/\\\/www.taller-palabras.com\\\/WordPress_06\\\/?s={search_term_string}\"},\"query-input\":{\"@type\":\"PropertyValueSpecification\",\"valueRequired\":true,\"valueName\":\"search_term_string\"}}],\"inLanguage\":\"es\"},{\"@type\":\"Organization\",\"@id\":\"https:\\\/\\\/www.taller-palabras.com\\\/WordPress_06\\\/#organization\",\"name\":\"Redescribir\",\"url\":\"https:\\\/\\\/www.taller-palabras.com\\\/WordPress_06\\\/\",\"logo\":{\"@type\":\"ImageObject\",\"inLanguage\":\"es\",\"@id\":\"https:\\\/\\\/www.taller-palabras.com\\\/WordPress_06\\\/#\\\/schema\\\/logo\\\/image\\\/\",\"url\":\"https:\\\/\\\/www.taller-palabras.com\\\/WordPress_06\\\/wp-content\\\/uploads\\\/2021\\\/07\\\/redactar_icon.png\",\"contentUrl\":\"https:\\\/\\\/www.taller-palabras.com\\\/WordPress_06\\\/wp-content\\\/uploads\\\/2021\\\/07\\\/redactar_icon.png\",\"width\":25,\"height\":25,\"caption\":\"Redescribir\"},\"image\":{\"@id\":\"https:\\\/\\\/www.taller-palabras.com\\\/WordPress_06\\\/#\\\/schema\\\/logo\\\/image\\\/\"},\"sameAs\":[\"https:\\\/\\\/www.facebook.com\\\/profile.php?id=100001537279728\"]},{\"@type\":\"Person\",\"@id\":\"https:\\\/\\\/www.taller-palabras.com\\\/WordPress_06\\\/#\\\/schema\\\/person\\\/a774f3e56bddd007723be732994cadd4\",\"name\":\"Patricia M\u00f3nica Miranda Alonso\",\"description\":\"Profesora de escritura creativa y coordinadora de talleres literarios, editora y correctora literaria, rese\u00f1adora y cr\u00edtica literaria.\",\"sameAs\":[\"https:\\\/\\\/www.taller-palabras.com\"],\"url\":\"https:\\\/\\\/www.taller-palabras.com\\\/WordPress_06\\\/author\\\/patricia\\\/\"}]}<\/script>\n<!-- \/ Yoast SEO plugin. -->","yoast_head_json":{"title":"Tierra \u2013 de Eloy Moreno - Red Literaria","description":"El escritor espa\u00f1ol Eloy Moreno present\u00f3 su \u00faltima novela Tierra, una historia sobre dos hermanos y la promesa que les hace su padre.","robots":{"index":"index","follow":"follow","max-snippet":"max-snippet:-1","max-image-preview":"max-image-preview:large","max-video-preview":"max-video-preview:-1"},"canonical":"https:\/\/www.taller-palabras.com\/WordPress_06\/noticias\/tierra-de-eloy-moreno\/","og_locale":"es_ES","og_type":"article","og_title":"Tierra \u2013 de Eloy Moreno - Red Literaria","og_description":"El escritor espa\u00f1ol Eloy Moreno present\u00f3 su \u00faltima novela Tierra, una historia sobre dos hermanos y la promesa que les hace su padre.","og_url":"https:\/\/www.taller-palabras.com\/WordPress_06\/noticias\/tierra-de-eloy-moreno\/","og_site_name":"Red Literaria","article_publisher":"https:\/\/www.facebook.com\/profile.php?id=100001537279728","article_published_time":"2021-05-26T13:42:43+00:00","article_modified_time":"2023-10-08T17:03:55+00:00","og_image":[{"width":409,"height":283,"url":"https:\/\/www.taller-palabras.com\/WordPress_06\/wp-content\/uploads\/2021\/05\/EloyMoreno.jpg","type":"image\/jpeg"}],"author":"Patricia M\u00f3nica Miranda Alonso","twitter_card":"summary_large_image","twitter_misc":{"Escrito por":"Patricia M\u00f3nica Miranda Alonso","Tiempo de lectura":"2 minutos"},"schema":{"@context":"https:\/\/schema.org","@graph":[{"@type":"NewsArticle","@id":"https:\/\/www.taller-palabras.com\/WordPress_06\/noticias\/tierra-de-eloy-moreno\/#article","isPartOf":{"@id":"https:\/\/www.taller-palabras.com\/WordPress_06\/noticias\/tierra-de-eloy-moreno\/"},"author":{"name":"Patricia M\u00f3nica Miranda Alonso","@id":"https:\/\/www.taller-palabras.com\/WordPress_06\/#\/schema\/person\/a774f3e56bddd007723be732994cadd4"},"headline":"Tierra \u2013 de Eloy Moreno","datePublished":"2021-05-26T13:42:43+00:00","dateModified":"2023-10-08T17:03:55+00:00","mainEntityOfPage":{"@id":"https:\/\/www.taller-palabras.com\/WordPress_06\/noticias\/tierra-de-eloy-moreno\/"},"wordCount":351,"publisher":{"@id":"https:\/\/www.taller-palabras.com\/WordPress_06\/#organization"},"image":{"@id":"https:\/\/www.taller-palabras.com\/WordPress_06\/noticias\/tierra-de-eloy-moreno\/#primaryimage"},"thumbnailUrl":"https:\/\/www.taller-palabras.com\/WordPress_06\/wp-content\/uploads\/2021\/05\/EloyMoreno.jpg","keywords":["Eloy Moreno","Nuevos autores","Tierra"],"articleSection":["Noticias"],"inLanguage":"es"},{"@type":["WebPage","ItemPage"],"@id":"https:\/\/www.taller-palabras.com\/WordPress_06\/noticias\/tierra-de-eloy-moreno\/","url":"https:\/\/www.taller-palabras.com\/WordPress_06\/noticias\/tierra-de-eloy-moreno\/","name":"Tierra \u2013 de Eloy Moreno - Red Literaria","isPartOf":{"@id":"https:\/\/www.taller-palabras.com\/WordPress_06\/#website"},"primaryImageOfPage":{"@id":"https:\/\/www.taller-palabras.com\/WordPress_06\/noticias\/tierra-de-eloy-moreno\/#primaryimage"},"image":{"@id":"https:\/\/www.taller-palabras.com\/WordPress_06\/noticias\/tierra-de-eloy-moreno\/#primaryimage"},"thumbnailUrl":"https:\/\/www.taller-palabras.com\/WordPress_06\/wp-content\/uploads\/2021\/05\/EloyMoreno.jpg","datePublished":"2021-05-26T13:42:43+00:00","dateModified":"2023-10-08T17:03:55+00:00","description":"El escritor espa\u00f1ol Eloy Moreno present\u00f3 su \u00faltima novela Tierra, una historia sobre dos hermanos y la promesa que les hace su padre.","breadcrumb":{"@id":"https:\/\/www.taller-palabras.com\/WordPress_06\/noticias\/tierra-de-eloy-moreno\/#breadcrumb"},"inLanguage":"es","potentialAction":[{"@type":"ReadAction","target":["https:\/\/www.taller-palabras.com\/WordPress_06\/noticias\/tierra-de-eloy-moreno\/"]}]},{"@type":"ImageObject","inLanguage":"es","@id":"https:\/\/www.taller-palabras.com\/WordPress_06\/noticias\/tierra-de-eloy-moreno\/#primaryimage","url":"https:\/\/www.taller-palabras.com\/WordPress_06\/wp-content\/uploads\/2021\/05\/EloyMoreno.jpg","contentUrl":"https:\/\/www.taller-palabras.com\/WordPress_06\/wp-content\/uploads\/2021\/05\/EloyMoreno.jpg","width":409,"height":283},{"@type":"BreadcrumbList","@id":"https:\/\/www.taller-palabras.com\/WordPress_06\/noticias\/tierra-de-eloy-moreno\/#breadcrumb","itemListElement":[{"@type":"ListItem","position":1,"name":"Portada","item":"https:\/\/www.taller-palabras.com\/WordPress_06\/"},{"@type":"ListItem","position":2,"name":"Tierra \u2013 de Eloy Moreno"}]},{"@type":"WebSite","@id":"https:\/\/www.taller-palabras.com\/WordPress_06\/#website","url":"https:\/\/www.taller-palabras.com\/WordPress_06\/","name":"Red Literaria","description":"Red de lectura y escritura","publisher":{"@id":"https:\/\/www.taller-palabras.com\/WordPress_06\/#organization"},"potentialAction":[{"@type":"SearchAction","target":{"@type":"EntryPoint","urlTemplate":"https:\/\/www.taller-palabras.com\/WordPress_06\/?s={search_term_string}"},"query-input":{"@type":"PropertyValueSpecification","valueRequired":true,"valueName":"search_term_string"}}],"inLanguage":"es"},{"@type":"Organization","@id":"https:\/\/www.taller-palabras.com\/WordPress_06\/#organization","name":"Redescribir","url":"https:\/\/www.taller-palabras.com\/WordPress_06\/","logo":{"@type":"ImageObject","inLanguage":"es","@id":"https:\/\/www.taller-palabras.com\/WordPress_06\/#\/schema\/logo\/image\/","url":"https:\/\/www.taller-palabras.com\/WordPress_06\/wp-content\/uploads\/2021\/07\/redactar_icon.png","contentUrl":"https:\/\/www.taller-palabras.com\/WordPress_06\/wp-content\/uploads\/2021\/07\/redactar_icon.png","width":25,"height":25,"caption":"Redescribir"},"image":{"@id":"https:\/\/www.taller-palabras.com\/WordPress_06\/#\/schema\/logo\/image\/"},"sameAs":["https:\/\/www.facebook.com\/profile.php?id=100001537279728"]},{"@type":"Person","@id":"https:\/\/www.taller-palabras.com\/WordPress_06\/#\/schema\/person\/a774f3e56bddd007723be732994cadd4","name":"Patricia M\u00f3nica Miranda Alonso","description":"Profesora de escritura creativa y coordinadora de talleres literarios, editora y correctora literaria, rese\u00f1adora y cr\u00edtica literaria.","sameAs":["https:\/\/www.taller-palabras.com"],"url":"https:\/\/www.taller-palabras.com\/WordPress_06\/author\/patricia\/"}]}},"_links":{"self":[{"href":"https:\/\/www.taller-palabras.com\/WordPress_06\/wp-json\/wp\/v2\/posts\/1636","targetHints":{"allow":["GET"]}}],"collection":[{"href":"https:\/\/www.taller-palabras.com\/WordPress_06\/wp-json\/wp\/v2\/posts"}],"about":[{"href":"https:\/\/www.taller-palabras.com\/WordPress_06\/wp-json\/wp\/v2\/types\/post"}],"author":[{"embeddable":true,"href":"https:\/\/www.taller-palabras.com\/WordPress_06\/wp-json\/wp\/v2\/users\/83"}],"replies":[{"embeddable":true,"href":"https:\/\/www.taller-palabras.com\/WordPress_06\/wp-json\/wp\/v2\/comments?post=1636"}],"version-history":[{"count":1,"href":"https:\/\/www.taller-palabras.com\/WordPress_06\/wp-json\/wp\/v2\/posts\/1636\/revisions"}],"predecessor-version":[{"id":1639,"href":"https:\/\/www.taller-palabras.com\/WordPress_06\/wp-json\/wp\/v2\/posts\/1636\/revisions\/1639"}],"wp:featuredmedia":[{"embeddable":true,"href":"https:\/\/www.taller-palabras.com\/WordPress_06\/wp-json\/wp\/v2\/media\/1637"}],"wp:attachment":[{"href":"https:\/\/www.taller-palabras.com\/WordPress_06\/wp-json\/wp\/v2\/media?parent=1636"}],"wp:term":[{"taxonomy":"category","embeddable":true,"href":"https:\/\/www.taller-palabras.com\/WordPress_06\/wp-json\/wp\/v2\/categories?post=1636"},{"taxonomy":"post_tag","embeddable":true,"href":"https:\/\/www.taller-palabras.com\/WordPress_06\/wp-json\/wp\/v2\/tags?post=1636"}],"curies":[{"name":"wp","href":"https:\/\/api.w.org\/{rel}","templated":true}]}}