{"id":1949,"date":"2023-10-02T19:00:46","date_gmt":"2023-10-02T22:00:46","guid":{"rendered":"https:\/\/www.taller-palabras.com\/WordPress_06\/?p=1949"},"modified":"2023-10-08T13:56:24","modified_gmt":"2023-10-08T16:56:24","slug":"ad-aeternum","status":"publish","type":"post","link":"https:\/\/www.taller-palabras.com\/WordPress_06\/lectura\/ad-aeternum\/","title":{"rendered":"Ad aeternum"},"content":{"rendered":"\n<p>Era una tarde nublada de oto\u00f1o. Era mi cumplea\u00f1os. Hace tantos a\u00f1os de eso que sacar la cuenta duele, por eso no voy a decir cu\u00e1ntos. Porque adem\u00e1s lo importante no son los a\u00f1os. Tal vez lo importante es que el tiempo a veces dura toda la eternidad, para siempre, a perpetuidad. Y entonces, cualquier tarde de oto\u00f1o, ad aeternum, disfrutar\u00e9 mi regalo y me recordar\u00e1 aquella otra.<\/p>\n\n\n\n<p>Siempre fue para m\u00ed el mejor de los regalos recibir un libro. Era no solo festejar ese d\u00eda sino festejar las horas, los d\u00edas que en adelante me esperaban cuando me sumergiera entre las p\u00e1ginas de ese regalo. Y ese a\u00f1o, all\u00e1 lejos y hace tiempo, el regalo fue nada m\u00e1s ni nada menos que <em>Cien a\u00f1os de soledad<\/em>.<br>No viene al caso recordar la dedicatoria (aunque era hermosa pero eso me lo guardo para m\u00ed), no tiene peso mencionar qui\u00e9n me hizo el regalo, lo que s\u00ed tiene sentido es contarles que ese d\u00eda se abri\u00f3 una puerta, se abrieron docenas de ventanas, y me asom\u00e9 a un mundo distinto, el mundo de <strong>Gabriel Garc\u00eda M\u00e1rquez.<br><\/strong>Por entonces era demasiado joven para apreciar un libro de tal magnitud, sin embargo hubo algo que me atrap\u00f3 desde que las primeras palabras comenzaron a desfilar ante mis ojos.<\/p>\n\n\n\n<p><em>Muchos a\u00f1os despu\u00e9s, frente al pelot\u00f3n de fusilamiento, el coronel Aureliano Buend\u00eda hab\u00eda de recordar aquella tarde remota en que su padre lo llev\u00f3 a conocer el hielo. Macondo era entonces una aldea de 20 casas de barro y ca\u00f1abrava construidas a la orilla de un r\u00edo de aguas di\u00e1fanas que se precipitaban por un lecho de piedras pulidas, blancas y enormes como huevos prehist\u00f3ricos. El mundo era tan reciente, que muchas cosas carec\u00edan de nombre, y para mencionarlas hab\u00eda que se\u00f1alarlas con el dedo.<\/em><\/p>\n\n\n\n<p>Uno de los comienzos m\u00e1s maravillosos de la literatura de todos los tiempos, esas primeras l\u00edneas que te introducen en Macondo, un lugar adonde he vuelto una y otra vez, tantas como el mismo <strong>Gabo<\/strong> volvi\u00f3 a propon\u00e9rmelo desde sus otras novelas: <em>Los funerales de la Mam\u00e1 Grande, La hojarasca, La mala hora, El coronel no tiene quien le escriba. <\/em>Y me restar\u00eda hablar de sus cuentos, sus maravillosos cuentos en Macondo y m\u00e1s all\u00e1.<br>Pero lo m\u00e1s maravilloso fue abrir esa puerta y encontrar un mundo distinto al nuestro y sin embargo tan parecido, asomarme a las cientos de ventanas fue (y sigue siendo) como respirar un aire cargado de magia, de maravillas: el aire que se respira desde lo real maravilloso, ese g\u00e9nero que mezcla la realidad con la magia y cuya paternidad ad aeternum para m\u00ed la ejerci\u00f3 y la ejercer\u00e1 <strong>Gabriel Garc\u00eda M\u00e1rquez.<br><\/strong>Los a\u00f1os pasaron y con su paso han hecho madurar en m\u00ed la certeza, la convicci\u00f3n: nadie puede negarse el lujo, el placer, la caricia de leer sus historias. Las hay de todo tipo, novelas policiales: <em>Cr\u00f3nica de una muerte anunciada, <\/em>cuentos policiales: <em>La mujer que llegaba a las seis, El rastro de tu sangre en la nieve<\/em>. Novelas hist\u00f3ricas: <em>El coronel no tiene quien le escriba, El general en su laberinto<\/em> y hasta una novela rom\u00e1ntica: <em>El amor en los tiempos del c\u00f3lera,<\/em> que sin duda es soberbia en su g\u00e9nero y c\u00f3mo no serlo, si gracias a la magia de sus palabras entendemos que el amor no conoce l\u00edmites ni siquiera los del tiempo.<br>Razones para leerlo hay una por cada una de sus novelas y una por cada una de sus cuentos, enumerarlos ser\u00eda dram\u00e1ticamente extenso y aburrido, se me ocurre un motivo que no lo encasilla en g\u00e9neros ni en corrientes literarias ni en academicismos, una raz\u00f3n que va m\u00e1s all\u00e1 del hombre letras y lo trasciende: su magia.<br>Pero ojo que Garc\u00eda M\u00e1rquez no es un mago de feria, es una mezcla de hechicero y alquimista que combina lo real con lo imaginado, lo innegable con lo ilusorio y logra hablarnos de una realidad velada por una cortina de m\u00e1gicas invenciones que sin embargo no dejan de ser posibles. <strong>Gabriel Garc\u00eda M\u00e1rquez<\/strong> consolid\u00f3 un estilo, una forma de acercamiento a la realidad.<br>No invent\u00f3 el \u201crealismo m\u00e1gico\u201d ni \u201clo real maravilloso\u201d ni lo \u201cm\u00e1gico realista\u201d. Esas formas ya las hab\u00edan experimentado y utilizado escritores como <strong>Miguel \u00c1ngel Asturias, Alejo Carpentier<\/strong> y hasta el propio <strong>Juan<\/strong> <strong>Rulfo, <\/strong>sino m\u00e1s bien convirti\u00f3 ese estilo en un relato entretenido. Sin cuestionarnos siquiera que exista <em>Un se\u00f1or muy viejo con unas alas enormes <\/em>o que una enigm\u00e1tica mujer tenga los <em>Ojos de perro azul, <\/em>entramos en un mundo extra\u00f1o y tierno; un mundo de mujeres obstinadas y hombres alucinados, como \u00e9l mismo describ\u00eda a sus personajes, un mundo donde la l\u00ednea divisoria entre sue\u00f1o y realidad es difusa y atrapante, un mundo que podemos pronosticar eterno. Eterno es el aire que respiramos, eterna parece la luz del sol que nos alumbra y por lo poco que sabemos de eternidad, <strong>Gabriel Garc\u00eda M\u00e1rquez<\/strong> tambi\u00e9n parece serlo.<\/p>\n\n\n\n<p>Un poeta de la prosa que celebra la vida y nos invita a beberla as\u00ed como se nos da: esquiva y tierna, rebelde y mansa. Un mago perpetuo que parece rebelarnos los secretos del alma con la posibilidad de mirarnos en un espejo de palabras y descubrirnos ad aeternum en cada rengl\u00f3n.<\/p>\n\n\n\n\n\n\n<hr class=\"wp-block-separator\"\/>\n\n\n\n<h3 class=\"wp-block-heading\">Libros en el art\u00edculo<\/h3>\n\n\n\n<ul class=\"wp-block-list\"><li><strong><a href=\"https:\/\/www.taller-palabras.com\/WordPress_04\/?s=Gabriel+Garc%C3%ADa+M%C3%A1rquez&amp;post_type=product&amp;v=d72a48a8ebd2\" target=\"_blank\" rel=\"noreferrer noopener\">Gabriel Garc\u00eda M\u00e1rquez<\/a><\/strong><\/li><\/ul>\n\n\n\n<hr class=\"wp-block-separator\"\/>\n\n\n\n<h4 class=\"wp-block-heading\"> Cursos de formaci\u00f3n <\/h4>\n\n\n\n<h4 class=\"wp-block-heading\"><a rel=\"noreferrer noopener\" href=\"https:\/\/taller-palabras.com\/escuela.html\" target=\"_blank\">Curso de Maestr\u00eda de Cuento y\/o Novela<\/a><\/h4>\n","protected":false},"excerpt":{"rendered":"<p>Un mago perpetuo que parece rebelarnos los secretos del alma&#8230;<\/p>\n","protected":false},"author":83,"featured_media":1953,"comment_status":"closed","ping_status":"open","sticky":false,"template":"","format":"standard","meta":{"footnotes":""},"categories":[17],"tags":[37,36,141,63],"class_list":["post-1949","post","type-post","status-publish","format-standard","has-post-thumbnail","hentry","category-lectura","tag-grandes-autores","tag-lectura","tag-leer-mucho","tag-libros-y-sus-autores"],"yoast_head":"<!-- This site is optimized with the Yoast SEO plugin v27.4 - https:\/\/yoast.com\/product\/yoast-seo-wordpress\/ -->\n<title>Ad aeternum - Red Literaria<\/title>\n<meta name=\"robots\" content=\"index, follow, max-snippet:-1, max-image-preview:large, max-video-preview:-1\" \/>\n<link rel=\"canonical\" href=\"https:\/\/www.taller-palabras.com\/WordPress_06\/lectura\/ad-aeternum\/\" \/>\n<meta property=\"og:locale\" content=\"es_ES\" \/>\n<meta property=\"og:type\" content=\"article\" \/>\n<meta property=\"og:title\" content=\"Ad aeternum - Red Literaria\" \/>\n<meta property=\"og:description\" content=\"Un mago perpetuo que parece rebelarnos los secretos del alma...\" \/>\n<meta property=\"og:url\" content=\"https:\/\/www.taller-palabras.com\/WordPress_06\/lectura\/ad-aeternum\/\" \/>\n<meta property=\"og:site_name\" content=\"Red Literaria\" \/>\n<meta property=\"article:publisher\" content=\"https:\/\/www.facebook.com\/profile.php?id=100001537279728\" \/>\n<meta property=\"article:published_time\" content=\"2023-10-02T22:00:46+00:00\" \/>\n<meta property=\"article:modified_time\" content=\"2023-10-08T16:56:24+00:00\" \/>\n<meta property=\"og:image\" content=\"https:\/\/www.taller-palabras.com\/WordPress_06\/wp-content\/uploads\/2021\/08\/astronomy.jpg\" \/>\n\t<meta property=\"og:image:width\" content=\"543\" \/>\n\t<meta property=\"og:image:height\" content=\"283\" \/>\n\t<meta property=\"og:image:type\" content=\"image\/jpeg\" \/>\n<meta name=\"author\" content=\"Patricia M\u00f3nica Miranda Alonso\" \/>\n<meta name=\"twitter:card\" content=\"summary_large_image\" \/>\n<meta name=\"twitter:label1\" content=\"Escrito por\" \/>\n\t<meta name=\"twitter:data1\" content=\"Patricia M\u00f3nica Miranda Alonso\" \/>\n\t<meta name=\"twitter:label2\" content=\"Tiempo de lectura\" \/>\n\t<meta name=\"twitter:data2\" content=\"5 minutos\" \/>\n<script type=\"application\/ld+json\" class=\"yoast-schema-graph\">{\"@context\":\"https:\\\/\\\/schema.org\",\"@graph\":[{\"@type\":\"NewsArticle\",\"@id\":\"https:\\\/\\\/www.taller-palabras.com\\\/WordPress_06\\\/lectura\\\/ad-aeternum\\\/#article\",\"isPartOf\":{\"@id\":\"https:\\\/\\\/www.taller-palabras.com\\\/WordPress_06\\\/lectura\\\/ad-aeternum\\\/\"},\"author\":{\"name\":\"Patricia M\u00f3nica Miranda Alonso\",\"@id\":\"https:\\\/\\\/www.taller-palabras.com\\\/WordPress_06\\\/#\\\/schema\\\/person\\\/a774f3e56bddd007723be732994cadd4\"},\"headline\":\"Ad aeternum\",\"datePublished\":\"2023-10-02T22:00:46+00:00\",\"dateModified\":\"2023-10-08T16:56:24+00:00\",\"mainEntityOfPage\":{\"@id\":\"https:\\\/\\\/www.taller-palabras.com\\\/WordPress_06\\\/lectura\\\/ad-aeternum\\\/\"},\"wordCount\":953,\"publisher\":{\"@id\":\"https:\\\/\\\/www.taller-palabras.com\\\/WordPress_06\\\/#organization\"},\"image\":{\"@id\":\"https:\\\/\\\/www.taller-palabras.com\\\/WordPress_06\\\/lectura\\\/ad-aeternum\\\/#primaryimage\"},\"thumbnailUrl\":\"https:\\\/\\\/www.taller-palabras.com\\\/WordPress_06\\\/wp-content\\\/uploads\\\/2021\\\/08\\\/astronomy.jpg\",\"keywords\":[\"Grandes autores\",\"lectura\",\"Leer mucho\",\"Libros y sus Autores\"],\"articleSection\":[\"Lectura\"],\"inLanguage\":\"es\"},{\"@type\":[\"WebPage\",\"ItemPage\"],\"@id\":\"https:\\\/\\\/www.taller-palabras.com\\\/WordPress_06\\\/lectura\\\/ad-aeternum\\\/\",\"url\":\"https:\\\/\\\/www.taller-palabras.com\\\/WordPress_06\\\/lectura\\\/ad-aeternum\\\/\",\"name\":\"Ad aeternum - Red Literaria\",\"isPartOf\":{\"@id\":\"https:\\\/\\\/www.taller-palabras.com\\\/WordPress_06\\\/#website\"},\"primaryImageOfPage\":{\"@id\":\"https:\\\/\\\/www.taller-palabras.com\\\/WordPress_06\\\/lectura\\\/ad-aeternum\\\/#primaryimage\"},\"image\":{\"@id\":\"https:\\\/\\\/www.taller-palabras.com\\\/WordPress_06\\\/lectura\\\/ad-aeternum\\\/#primaryimage\"},\"thumbnailUrl\":\"https:\\\/\\\/www.taller-palabras.com\\\/WordPress_06\\\/wp-content\\\/uploads\\\/2021\\\/08\\\/astronomy.jpg\",\"datePublished\":\"2023-10-02T22:00:46+00:00\",\"dateModified\":\"2023-10-08T16:56:24+00:00\",\"breadcrumb\":{\"@id\":\"https:\\\/\\\/www.taller-palabras.com\\\/WordPress_06\\\/lectura\\\/ad-aeternum\\\/#breadcrumb\"},\"inLanguage\":\"es\",\"potentialAction\":[{\"@type\":\"ReadAction\",\"target\":[\"https:\\\/\\\/www.taller-palabras.com\\\/WordPress_06\\\/lectura\\\/ad-aeternum\\\/\"]}]},{\"@type\":\"ImageObject\",\"inLanguage\":\"es\",\"@id\":\"https:\\\/\\\/www.taller-palabras.com\\\/WordPress_06\\\/lectura\\\/ad-aeternum\\\/#primaryimage\",\"url\":\"https:\\\/\\\/www.taller-palabras.com\\\/WordPress_06\\\/wp-content\\\/uploads\\\/2021\\\/08\\\/astronomy.jpg\",\"contentUrl\":\"https:\\\/\\\/www.taller-palabras.com\\\/WordPress_06\\\/wp-content\\\/uploads\\\/2021\\\/08\\\/astronomy.jpg\",\"width\":543,\"height\":283},{\"@type\":\"BreadcrumbList\",\"@id\":\"https:\\\/\\\/www.taller-palabras.com\\\/WordPress_06\\\/lectura\\\/ad-aeternum\\\/#breadcrumb\",\"itemListElement\":[{\"@type\":\"ListItem\",\"position\":1,\"name\":\"Portada\",\"item\":\"https:\\\/\\\/www.taller-palabras.com\\\/WordPress_06\\\/\"},{\"@type\":\"ListItem\",\"position\":2,\"name\":\"Ad aeternum\"}]},{\"@type\":\"WebSite\",\"@id\":\"https:\\\/\\\/www.taller-palabras.com\\\/WordPress_06\\\/#website\",\"url\":\"https:\\\/\\\/www.taller-palabras.com\\\/WordPress_06\\\/\",\"name\":\"Red Literaria\",\"description\":\"Red de lectura y escritura\",\"publisher\":{\"@id\":\"https:\\\/\\\/www.taller-palabras.com\\\/WordPress_06\\\/#organization\"},\"potentialAction\":[{\"@type\":\"SearchAction\",\"target\":{\"@type\":\"EntryPoint\",\"urlTemplate\":\"https:\\\/\\\/www.taller-palabras.com\\\/WordPress_06\\\/?s={search_term_string}\"},\"query-input\":{\"@type\":\"PropertyValueSpecification\",\"valueRequired\":true,\"valueName\":\"search_term_string\"}}],\"inLanguage\":\"es\"},{\"@type\":\"Organization\",\"@id\":\"https:\\\/\\\/www.taller-palabras.com\\\/WordPress_06\\\/#organization\",\"name\":\"Redescribir\",\"url\":\"https:\\\/\\\/www.taller-palabras.com\\\/WordPress_06\\\/\",\"logo\":{\"@type\":\"ImageObject\",\"inLanguage\":\"es\",\"@id\":\"https:\\\/\\\/www.taller-palabras.com\\\/WordPress_06\\\/#\\\/schema\\\/logo\\\/image\\\/\",\"url\":\"https:\\\/\\\/www.taller-palabras.com\\\/WordPress_06\\\/wp-content\\\/uploads\\\/2021\\\/07\\\/redactar_icon.png\",\"contentUrl\":\"https:\\\/\\\/www.taller-palabras.com\\\/WordPress_06\\\/wp-content\\\/uploads\\\/2021\\\/07\\\/redactar_icon.png\",\"width\":25,\"height\":25,\"caption\":\"Redescribir\"},\"image\":{\"@id\":\"https:\\\/\\\/www.taller-palabras.com\\\/WordPress_06\\\/#\\\/schema\\\/logo\\\/image\\\/\"},\"sameAs\":[\"https:\\\/\\\/www.facebook.com\\\/profile.php?id=100001537279728\"]},{\"@type\":\"Person\",\"@id\":\"https:\\\/\\\/www.taller-palabras.com\\\/WordPress_06\\\/#\\\/schema\\\/person\\\/a774f3e56bddd007723be732994cadd4\",\"name\":\"Patricia M\u00f3nica Miranda Alonso\",\"description\":\"Profesora de escritura creativa y coordinadora de talleres literarios, editora y correctora literaria, rese\u00f1adora y cr\u00edtica literaria.\",\"sameAs\":[\"https:\\\/\\\/www.taller-palabras.com\"],\"url\":\"https:\\\/\\\/www.taller-palabras.com\\\/WordPress_06\\\/author\\\/patricia\\\/\"}]}<\/script>\n<!-- \/ Yoast SEO plugin. -->","yoast_head_json":{"title":"Ad aeternum - Red Literaria","robots":{"index":"index","follow":"follow","max-snippet":"max-snippet:-1","max-image-preview":"max-image-preview:large","max-video-preview":"max-video-preview:-1"},"canonical":"https:\/\/www.taller-palabras.com\/WordPress_06\/lectura\/ad-aeternum\/","og_locale":"es_ES","og_type":"article","og_title":"Ad aeternum - Red Literaria","og_description":"Un mago perpetuo que parece rebelarnos los secretos del alma...","og_url":"https:\/\/www.taller-palabras.com\/WordPress_06\/lectura\/ad-aeternum\/","og_site_name":"Red Literaria","article_publisher":"https:\/\/www.facebook.com\/profile.php?id=100001537279728","article_published_time":"2023-10-02T22:00:46+00:00","article_modified_time":"2023-10-08T16:56:24+00:00","og_image":[{"width":543,"height":283,"url":"https:\/\/www.taller-palabras.com\/WordPress_06\/wp-content\/uploads\/2021\/08\/astronomy.jpg","type":"image\/jpeg"}],"author":"Patricia M\u00f3nica Miranda Alonso","twitter_card":"summary_large_image","twitter_misc":{"Escrito por":"Patricia M\u00f3nica Miranda Alonso","Tiempo de lectura":"5 minutos"},"schema":{"@context":"https:\/\/schema.org","@graph":[{"@type":"NewsArticle","@id":"https:\/\/www.taller-palabras.com\/WordPress_06\/lectura\/ad-aeternum\/#article","isPartOf":{"@id":"https:\/\/www.taller-palabras.com\/WordPress_06\/lectura\/ad-aeternum\/"},"author":{"name":"Patricia M\u00f3nica Miranda Alonso","@id":"https:\/\/www.taller-palabras.com\/WordPress_06\/#\/schema\/person\/a774f3e56bddd007723be732994cadd4"},"headline":"Ad aeternum","datePublished":"2023-10-02T22:00:46+00:00","dateModified":"2023-10-08T16:56:24+00:00","mainEntityOfPage":{"@id":"https:\/\/www.taller-palabras.com\/WordPress_06\/lectura\/ad-aeternum\/"},"wordCount":953,"publisher":{"@id":"https:\/\/www.taller-palabras.com\/WordPress_06\/#organization"},"image":{"@id":"https:\/\/www.taller-palabras.com\/WordPress_06\/lectura\/ad-aeternum\/#primaryimage"},"thumbnailUrl":"https:\/\/www.taller-palabras.com\/WordPress_06\/wp-content\/uploads\/2021\/08\/astronomy.jpg","keywords":["Grandes autores","lectura","Leer mucho","Libros y sus Autores"],"articleSection":["Lectura"],"inLanguage":"es"},{"@type":["WebPage","ItemPage"],"@id":"https:\/\/www.taller-palabras.com\/WordPress_06\/lectura\/ad-aeternum\/","url":"https:\/\/www.taller-palabras.com\/WordPress_06\/lectura\/ad-aeternum\/","name":"Ad aeternum - Red Literaria","isPartOf":{"@id":"https:\/\/www.taller-palabras.com\/WordPress_06\/#website"},"primaryImageOfPage":{"@id":"https:\/\/www.taller-palabras.com\/WordPress_06\/lectura\/ad-aeternum\/#primaryimage"},"image":{"@id":"https:\/\/www.taller-palabras.com\/WordPress_06\/lectura\/ad-aeternum\/#primaryimage"},"thumbnailUrl":"https:\/\/www.taller-palabras.com\/WordPress_06\/wp-content\/uploads\/2021\/08\/astronomy.jpg","datePublished":"2023-10-02T22:00:46+00:00","dateModified":"2023-10-08T16:56:24+00:00","breadcrumb":{"@id":"https:\/\/www.taller-palabras.com\/WordPress_06\/lectura\/ad-aeternum\/#breadcrumb"},"inLanguage":"es","potentialAction":[{"@type":"ReadAction","target":["https:\/\/www.taller-palabras.com\/WordPress_06\/lectura\/ad-aeternum\/"]}]},{"@type":"ImageObject","inLanguage":"es","@id":"https:\/\/www.taller-palabras.com\/WordPress_06\/lectura\/ad-aeternum\/#primaryimage","url":"https:\/\/www.taller-palabras.com\/WordPress_06\/wp-content\/uploads\/2021\/08\/astronomy.jpg","contentUrl":"https:\/\/www.taller-palabras.com\/WordPress_06\/wp-content\/uploads\/2021\/08\/astronomy.jpg","width":543,"height":283},{"@type":"BreadcrumbList","@id":"https:\/\/www.taller-palabras.com\/WordPress_06\/lectura\/ad-aeternum\/#breadcrumb","itemListElement":[{"@type":"ListItem","position":1,"name":"Portada","item":"https:\/\/www.taller-palabras.com\/WordPress_06\/"},{"@type":"ListItem","position":2,"name":"Ad aeternum"}]},{"@type":"WebSite","@id":"https:\/\/www.taller-palabras.com\/WordPress_06\/#website","url":"https:\/\/www.taller-palabras.com\/WordPress_06\/","name":"Red Literaria","description":"Red de lectura y escritura","publisher":{"@id":"https:\/\/www.taller-palabras.com\/WordPress_06\/#organization"},"potentialAction":[{"@type":"SearchAction","target":{"@type":"EntryPoint","urlTemplate":"https:\/\/www.taller-palabras.com\/WordPress_06\/?s={search_term_string}"},"query-input":{"@type":"PropertyValueSpecification","valueRequired":true,"valueName":"search_term_string"}}],"inLanguage":"es"},{"@type":"Organization","@id":"https:\/\/www.taller-palabras.com\/WordPress_06\/#organization","name":"Redescribir","url":"https:\/\/www.taller-palabras.com\/WordPress_06\/","logo":{"@type":"ImageObject","inLanguage":"es","@id":"https:\/\/www.taller-palabras.com\/WordPress_06\/#\/schema\/logo\/image\/","url":"https:\/\/www.taller-palabras.com\/WordPress_06\/wp-content\/uploads\/2021\/07\/redactar_icon.png","contentUrl":"https:\/\/www.taller-palabras.com\/WordPress_06\/wp-content\/uploads\/2021\/07\/redactar_icon.png","width":25,"height":25,"caption":"Redescribir"},"image":{"@id":"https:\/\/www.taller-palabras.com\/WordPress_06\/#\/schema\/logo\/image\/"},"sameAs":["https:\/\/www.facebook.com\/profile.php?id=100001537279728"]},{"@type":"Person","@id":"https:\/\/www.taller-palabras.com\/WordPress_06\/#\/schema\/person\/a774f3e56bddd007723be732994cadd4","name":"Patricia M\u00f3nica Miranda Alonso","description":"Profesora de escritura creativa y coordinadora de talleres literarios, editora y correctora literaria, rese\u00f1adora y cr\u00edtica literaria.","sameAs":["https:\/\/www.taller-palabras.com"],"url":"https:\/\/www.taller-palabras.com\/WordPress_06\/author\/patricia\/"}]}},"_links":{"self":[{"href":"https:\/\/www.taller-palabras.com\/WordPress_06\/wp-json\/wp\/v2\/posts\/1949","targetHints":{"allow":["GET"]}}],"collection":[{"href":"https:\/\/www.taller-palabras.com\/WordPress_06\/wp-json\/wp\/v2\/posts"}],"about":[{"href":"https:\/\/www.taller-palabras.com\/WordPress_06\/wp-json\/wp\/v2\/types\/post"}],"author":[{"embeddable":true,"href":"https:\/\/www.taller-palabras.com\/WordPress_06\/wp-json\/wp\/v2\/users\/83"}],"replies":[{"embeddable":true,"href":"https:\/\/www.taller-palabras.com\/WordPress_06\/wp-json\/wp\/v2\/comments?post=1949"}],"version-history":[{"count":1,"href":"https:\/\/www.taller-palabras.com\/WordPress_06\/wp-json\/wp\/v2\/posts\/1949\/revisions"}],"predecessor-version":[{"id":1951,"href":"https:\/\/www.taller-palabras.com\/WordPress_06\/wp-json\/wp\/v2\/posts\/1949\/revisions\/1951"}],"wp:featuredmedia":[{"embeddable":true,"href":"https:\/\/www.taller-palabras.com\/WordPress_06\/wp-json\/wp\/v2\/media\/1953"}],"wp:attachment":[{"href":"https:\/\/www.taller-palabras.com\/WordPress_06\/wp-json\/wp\/v2\/media?parent=1949"}],"wp:term":[{"taxonomy":"category","embeddable":true,"href":"https:\/\/www.taller-palabras.com\/WordPress_06\/wp-json\/wp\/v2\/categories?post=1949"},{"taxonomy":"post_tag","embeddable":true,"href":"https:\/\/www.taller-palabras.com\/WordPress_06\/wp-json\/wp\/v2\/tags?post=1949"}],"curies":[{"name":"wp","href":"https:\/\/api.w.org\/{rel}","templated":true}]}}