{"id":2061,"date":"2023-10-02T19:00:53","date_gmt":"2023-10-02T22:00:53","guid":{"rendered":"https:\/\/www.taller-palabras.com\/WordPress_06\/?p=2061"},"modified":"2023-10-08T13:56:12","modified_gmt":"2023-10-08T16:56:12","slug":"los-libros-curan","status":"publish","type":"post","link":"https:\/\/www.taller-palabras.com\/WordPress_06\/lectura\/los-libros-curan\/","title":{"rendered":"Los libros curan"},"content":{"rendered":"\n<p>Habr\u00e1n le\u00eddo mil veces la famosa frase que dice: <em>\u201cLos libros curan la m\u00e1s peligrosa de las enfermedades humanas: la ignorancia\u201d.<\/em> Es un dicho popular cuya met\u00e1fora nos indica que solo leyendo, instruy\u00e9ndose, inform\u00e1ndose uno puede vencer el flagelo de la ignorancia que tanto mal acarrea. La ignorancia nos vuelve maleables, d\u00f3ciles, manejables. La ignorancia es el arma m\u00e1s eficaz de los poderosos que despojados de toda virtud altruista solo intentan someter, hacernos agachar la cabeza y responder siempre que s\u00ed. Pero nada es para siempre, nada es inevitable, la ignorancia tampoco.&nbsp; Y para eso los libros son el pilar donde se asienta la soluci\u00f3n a la ignorancia supina, esa que procede de la negligencia por aprender o investigar lo que puede y debe saberse.<br>Pero los libros no solo curan la falta de cultura, tambi\u00e9n la tristeza, el aburrimiento y hasta son capaces de sanar un coraz\u00f3n roto.<\/p>\n\n\n\n<p>La lectura es uno de los h\u00e1bitos m\u00e1s positivos no solo porque se trata de un plan entretenido sino que, desde el punto de vista personal, suma grandes beneficios: incremento de la creatividad, permite mantener la mente activa, produce sentimientos positivos y emociones agradables, un buen libro aporta sensaci\u00f3n de compa\u00f1\u00eda por lo que es un freno ante la soledad.<br>El primer intento de vencer la soledad a trav\u00e9s de los libros, y quiz\u00e1s el m\u00e1s conocido, son los Talleres de lectura, un espacio donde un grupo determinado de personas se re\u00fanen en torno a una lectura comunitaria que enriquece el acto de leer y que adem\u00e1s suma la interacci\u00f3n con quienes comparten una misma pasi\u00f3n: la lectura. Aunque pareciera una actividad nacida en el presente, la lectura colectiva ha recorrido un largo camino.<\/p>\n\n\n\n<p>Si nos remontamos a los primeros siglos de la Roma imperial, (\u2026) <em>\u201cla mayor\u00eda de las obras literarias no fueron conocidas primero a trav\u00e9s de copias escritas, sino por medio de la lectura oral. \u00c9sta se realizaba generalmente en reuniones informales y privadas de los amigos del autor\u201d.<\/em> (\u2026) \u201c<em>Despu\u00e9s se ley\u00f3 en todas partes, y desde Adriano hubo edificios p\u00fablicos que serv\u00edan exclusivamente a este prop\u00f3sito\u201d.<\/em><\/p>\n\n\n\n<p>M\u00e1s tarde, en la Edad Media (siglo XV) se pas\u00f3 a la lectura silenciosa, sin embargo la costumbre de la lectura en voz alta sigui\u00f3 siendo una especie de pretexto para compartir, por medio de la lectura, experiencias personales y para combatir la soledad.<br>En el siglo XVIII era muy com\u00fan una escena dom\u00e9stica donde varias mujeres se re\u00fanen en un espacio habitualmente destinado a las labores de bordado y de punto pero esos espacios no solo estaban destinados a las labores manuales, tambi\u00e9n se le\u00eda en voz alta y se debat\u00eda acerca de las novelas de moda y los autores del momento. Claro que siempre se impuso y se impone la lectura silenciosa que no deja de ser curativa y vamos a entender por qu\u00e9.<\/p>\n\n\n\n<p>La lectura siempre fue un medio no solo de instrucci\u00f3n sino un b\u00e1lsamo y compartirla, comentarla es la correcta posolog\u00eda de administraci\u00f3n para que el medicamento surta efecto.<br>El pasado es siempre un caldo de cultivo donde se cocinan las medicinas que la t\u00e9cnica moderna convierte en infalibles. El libro o m\u00e1s bien la lectura es una de esas medicinas. As\u00ed es como nace la <em>biblioterapia<\/em>. Existe una gama amplia de definiciones de <em>biblioterapia<\/em> que van desde propuestas escuetas como <em>\u201cleer para tratar enfermedades\u201d<\/em> <em>\u201cayudar con libros\u201d, <\/em>etc. Lo cierto es que esta disciplina se enfoca en un proceso central que ocurre en los actos de lectura m\u00e1s significativos: un libro entra en la vida de un individuo; se establece una relaci\u00f3n profunda y la persona cambia como consecuencia de este involucramiento. La <em>biblioterapia<\/em> aborda c\u00f3mo y porqu\u00e9 ocurre esto, as\u00ed como las maneras en que dicho proceso puede ser dirigido de forma que nos ayude a mejorar nuestra vida desde lo individual y como miembros de una sociedad.<br>Pero no crean que esta disciplina es un invento m\u00e1s de las grandes editoriales en su af\u00e1n de marketing. No.<br>El antecedente m\u00e1s remoto de la <em>biblioterapia<\/em>, como concepto, se remonta a las civilizaciones antiguas que colocaban inscripciones sobre las entradas de las bibliotecas indicando que dentro de esos edificios se estaba sanando el alma, una expresi\u00f3n que refleja la filosof\u00eda de Arist\u00f3teles, quien consideraba que la literatura ten\u00eda beneficios curativos, y que leer era una forma de tratar las enfermedades. Es por eso que podemos afirmar que el origen de la <em>biblioterapia<\/em> est\u00e1 directamente relacionado con la historia de la salud.<br>Otros antecedentes los encontramos en la Edad Media cuando a los pacientes se les le\u00edan pasajes de la Biblia para distraerlos del sufrimiento durante las intervenciones quir\u00fargicas. Luego, en el siglo XVIII, en los hospitales psiqui\u00e1tricos de Inglaterra, Escocia, Francia y Alemania se instalaron bibliotecas para pacientes porque los m\u00e9dicos que trataban enfermedades mentales recetaban la lectura como terapia. Pero fue reci\u00e9n en la primera mitad del siglo XIX cuando estas experiencias aisladas se extienden y los servicios bibliotecarios comienzan a formar parte significativa de los programas terap\u00e9uticos para estas patolog\u00edas.<\/p>\n\n\n\n<p>En el siglo XX la <em>biblioterapia<\/em> se consolida como disciplina. Primero, fue reconocida como una rama de la bibliotecolog\u00eda a partir de experiencias realizadas durante la Primera Guerra Mundial, en donde un grupo de bibliotecarios religiosos crearon bibliotecas en los hospitales del ej\u00e9rcito. Hacia el final de la Primera Guerra Mundial se hab\u00edan establecido bibliotecas en muchos hospitales de veteranos y se utiliz\u00f3 la <em>biblioterapia<\/em> para apoyar un aumento de la demanda para tratar a los veteranos militares que sufr\u00edan trauma emocional. Un poco despu\u00e9s, la biblioterapia se consolida como un corpus cient\u00edfico-social especialmente a partir de ciertas investigaciones llevadas a cabo en los Estados Unidos entre los a\u00f1os 1929 y 1960.<br>Hoy se la conoce y reconoce como una disciplina que inicialmente utiliza la relaci\u00f3n de las personas, con la forma y el contenido de libros, como recurso terap\u00e9utico.<\/p>\n\n\n\n<p>El prop\u00f3sito general de la <em>biblioterapia<\/em> es fomentar el cambio del conocimiento personal (insight) y el entendimiento entre las personas: ni\u00f1os, j\u00f3venes, adultos, mujeres y hombres. A trav\u00e9s de la <em>biblioterapia<\/em> se obtiene la oportunidad de aprender de uno mismo, entender el comportamiento humano y encontrar intereses que resultaban ajenos para la persona anteriormente.<br>La segunda finalidad trata de alcanzar la meta \u00edntimamente relacionada con el mejoramiento de la mirada personal sobre uno mismo y sobre el entorno bas\u00e1ndose en la catarsis que ocurre cuando el lector experimenta o siente los sentimientos de los personajes de la historia que est\u00e1 leyendo.<br>Como tercer prop\u00f3sito, algunos <em>biblioterapeutas<\/em> sostienen que la literatura puede ayudar a los ni\u00f1os, adolescentes y adultos a resolver problemas de la vida cotidiana cuando al lector, a trav\u00e9s de la imaginaci\u00f3n, se le da la posibilidad de intentar varias soluciones a los problemas que se presentan en la historia que lee, sin sufrir las consecuencias en su vida real.<\/p>\n\n\n\n<p>En conjunto, el insight, la catarsis y la asistencia en la soluci\u00f3n de problemas que provee la literatura fomentan el cambio en las personas, espec\u00edficamente en la manera en c\u00f3mo interact\u00faan o c\u00f3mo se comportan con otras personas. Esto nos permite desembarcar en la conclusi\u00f3n y raz\u00f3n final de la <em>biblioterapia<\/em>: fomenta las relaciones satisfactorias y efectivas entre individuos y mejora el autoconocimiento.<\/p>\n\n\n\n<p>Leer nos envuelve en un estado especial, y nos transporta a lugares lejos de nuestra realidad, hemos hablado mil veces de eso. El libro nos permite viajar desde nuestro interior, las historias nos predisponen a un cambio de \u00e1nimos. \u00bfPodr\u00edas negarte a un remedio tan efectivo como un libro?<\/p>\n\n\n\n<h4 class=\"wp-block-heading\">Contin\u00faa: <a href=\"https:\/\/www.taller-palabras.com\/WordPress_06\/lectura\/dime-que-te-duele-y-te-dire-que-leer\/\">Siguiente Art\u00edculo<\/a><\/h4>\n\n\n\n<hr class=\"wp-block-separator\"\/>\n\n\n\n\n\n\n<hr class=\"wp-block-separator\"\/>\n\n\n\n<h3 class=\"wp-block-heading\">Rese\u00f1as de Novelas<\/h3>\n\n\n\n<h4 class=\"wp-block-heading\"><a href=\"https:\/\/www.taller-palabras.com\/WordPress_05\/\" target=\"_blank\" rel=\"noreferrer noopener\">Blog de lectura<\/a><\/h4>\n","protected":false},"excerpt":{"rendered":"<p>Los libros curan la m\u00e1s peligrosa de la enfermedades humanas:<\/p>\n","protected":false},"author":83,"featured_media":2062,"comment_status":"closed","ping_status":"open","sticky":false,"template":"","format":"standard","meta":{"footnotes":""},"categories":[17],"tags":[36,141,163],"class_list":["post-2061","post","type-post","status-publish","format-standard","has-post-thumbnail","hentry","category-lectura","tag-lectura","tag-leer-mucho","tag-ser-buen-lector"],"yoast_head":"<!-- This site is optimized with the Yoast SEO plugin v27.4 - https:\/\/yoast.com\/product\/yoast-seo-wordpress\/ -->\n<title>Los libros curan - Red Literaria<\/title>\n<meta name=\"robots\" content=\"index, follow, max-snippet:-1, max-image-preview:large, max-video-preview:-1\" \/>\n<link rel=\"canonical\" href=\"https:\/\/www.taller-palabras.com\/WordPress_06\/lectura\/los-libros-curan\/\" \/>\n<meta property=\"og:locale\" content=\"es_ES\" \/>\n<meta property=\"og:type\" content=\"article\" \/>\n<meta property=\"og:title\" content=\"Los libros curan - Red Literaria\" \/>\n<meta property=\"og:description\" content=\"Los libros curan la m\u00e1s peligrosa de la enfermedades humanas:\" \/>\n<meta property=\"og:url\" content=\"https:\/\/www.taller-palabras.com\/WordPress_06\/lectura\/los-libros-curan\/\" \/>\n<meta property=\"og:site_name\" content=\"Red Literaria\" \/>\n<meta property=\"article:publisher\" content=\"https:\/\/www.facebook.com\/profile.php?id=100001537279728\" \/>\n<meta property=\"article:published_time\" content=\"2023-10-02T22:00:53+00:00\" \/>\n<meta property=\"article:modified_time\" content=\"2023-10-08T16:56:12+00:00\" \/>\n<meta property=\"og:image\" content=\"https:\/\/www.taller-palabras.com\/WordPress_06\/wp-content\/uploads\/2021\/10\/libro-cura.jpg\" \/>\n\t<meta property=\"og:image:width\" content=\"478\" \/>\n\t<meta property=\"og:image:height\" content=\"283\" \/>\n\t<meta property=\"og:image:type\" content=\"image\/jpeg\" \/>\n<meta name=\"author\" content=\"Patricia M\u00f3nica Miranda Alonso\" \/>\n<meta name=\"twitter:card\" content=\"summary_large_image\" \/>\n<meta name=\"twitter:label1\" content=\"Escrito por\" \/>\n\t<meta name=\"twitter:data1\" content=\"Patricia M\u00f3nica Miranda Alonso\" \/>\n\t<meta name=\"twitter:label2\" content=\"Tiempo de lectura\" \/>\n\t<meta name=\"twitter:data2\" content=\"7 minutos\" \/>\n<script type=\"application\/ld+json\" class=\"yoast-schema-graph\">{\"@context\":\"https:\\\/\\\/schema.org\",\"@graph\":[{\"@type\":\"NewsArticle\",\"@id\":\"https:\\\/\\\/www.taller-palabras.com\\\/WordPress_06\\\/lectura\\\/los-libros-curan\\\/#article\",\"isPartOf\":{\"@id\":\"https:\\\/\\\/www.taller-palabras.com\\\/WordPress_06\\\/lectura\\\/los-libros-curan\\\/\"},\"author\":{\"name\":\"Patricia M\u00f3nica Miranda Alonso\",\"@id\":\"https:\\\/\\\/www.taller-palabras.com\\\/WordPress_06\\\/#\\\/schema\\\/person\\\/a774f3e56bddd007723be732994cadd4\"},\"headline\":\"Los libros curan\",\"datePublished\":\"2023-10-02T22:00:53+00:00\",\"dateModified\":\"2023-10-08T16:56:12+00:00\",\"mainEntityOfPage\":{\"@id\":\"https:\\\/\\\/www.taller-palabras.com\\\/WordPress_06\\\/lectura\\\/los-libros-curan\\\/\"},\"wordCount\":1341,\"publisher\":{\"@id\":\"https:\\\/\\\/www.taller-palabras.com\\\/WordPress_06\\\/#organization\"},\"image\":{\"@id\":\"https:\\\/\\\/www.taller-palabras.com\\\/WordPress_06\\\/lectura\\\/los-libros-curan\\\/#primaryimage\"},\"thumbnailUrl\":\"https:\\\/\\\/www.taller-palabras.com\\\/WordPress_06\\\/wp-content\\\/uploads\\\/2021\\\/10\\\/libro-cura.jpg\",\"keywords\":[\"lectura\",\"Leer mucho\",\"ser buen lector\"],\"articleSection\":[\"Lectura\"],\"inLanguage\":\"es\"},{\"@type\":[\"WebPage\",\"ItemPage\"],\"@id\":\"https:\\\/\\\/www.taller-palabras.com\\\/WordPress_06\\\/lectura\\\/los-libros-curan\\\/\",\"url\":\"https:\\\/\\\/www.taller-palabras.com\\\/WordPress_06\\\/lectura\\\/los-libros-curan\\\/\",\"name\":\"Los libros curan - Red Literaria\",\"isPartOf\":{\"@id\":\"https:\\\/\\\/www.taller-palabras.com\\\/WordPress_06\\\/#website\"},\"primaryImageOfPage\":{\"@id\":\"https:\\\/\\\/www.taller-palabras.com\\\/WordPress_06\\\/lectura\\\/los-libros-curan\\\/#primaryimage\"},\"image\":{\"@id\":\"https:\\\/\\\/www.taller-palabras.com\\\/WordPress_06\\\/lectura\\\/los-libros-curan\\\/#primaryimage\"},\"thumbnailUrl\":\"https:\\\/\\\/www.taller-palabras.com\\\/WordPress_06\\\/wp-content\\\/uploads\\\/2021\\\/10\\\/libro-cura.jpg\",\"datePublished\":\"2023-10-02T22:00:53+00:00\",\"dateModified\":\"2023-10-08T16:56:12+00:00\",\"breadcrumb\":{\"@id\":\"https:\\\/\\\/www.taller-palabras.com\\\/WordPress_06\\\/lectura\\\/los-libros-curan\\\/#breadcrumb\"},\"inLanguage\":\"es\",\"potentialAction\":[{\"@type\":\"ReadAction\",\"target\":[\"https:\\\/\\\/www.taller-palabras.com\\\/WordPress_06\\\/lectura\\\/los-libros-curan\\\/\"]}]},{\"@type\":\"ImageObject\",\"inLanguage\":\"es\",\"@id\":\"https:\\\/\\\/www.taller-palabras.com\\\/WordPress_06\\\/lectura\\\/los-libros-curan\\\/#primaryimage\",\"url\":\"https:\\\/\\\/www.taller-palabras.com\\\/WordPress_06\\\/wp-content\\\/uploads\\\/2021\\\/10\\\/libro-cura.jpg\",\"contentUrl\":\"https:\\\/\\\/www.taller-palabras.com\\\/WordPress_06\\\/wp-content\\\/uploads\\\/2021\\\/10\\\/libro-cura.jpg\",\"width\":478,\"height\":283,\"caption\":\"Beautiful stethoscop on book\"},{\"@type\":\"BreadcrumbList\",\"@id\":\"https:\\\/\\\/www.taller-palabras.com\\\/WordPress_06\\\/lectura\\\/los-libros-curan\\\/#breadcrumb\",\"itemListElement\":[{\"@type\":\"ListItem\",\"position\":1,\"name\":\"Portada\",\"item\":\"https:\\\/\\\/www.taller-palabras.com\\\/WordPress_06\\\/\"},{\"@type\":\"ListItem\",\"position\":2,\"name\":\"Los libros curan\"}]},{\"@type\":\"WebSite\",\"@id\":\"https:\\\/\\\/www.taller-palabras.com\\\/WordPress_06\\\/#website\",\"url\":\"https:\\\/\\\/www.taller-palabras.com\\\/WordPress_06\\\/\",\"name\":\"Red Literaria\",\"description\":\"Red de lectura y escritura\",\"publisher\":{\"@id\":\"https:\\\/\\\/www.taller-palabras.com\\\/WordPress_06\\\/#organization\"},\"potentialAction\":[{\"@type\":\"SearchAction\",\"target\":{\"@type\":\"EntryPoint\",\"urlTemplate\":\"https:\\\/\\\/www.taller-palabras.com\\\/WordPress_06\\\/?s={search_term_string}\"},\"query-input\":{\"@type\":\"PropertyValueSpecification\",\"valueRequired\":true,\"valueName\":\"search_term_string\"}}],\"inLanguage\":\"es\"},{\"@type\":\"Organization\",\"@id\":\"https:\\\/\\\/www.taller-palabras.com\\\/WordPress_06\\\/#organization\",\"name\":\"Redescribir\",\"url\":\"https:\\\/\\\/www.taller-palabras.com\\\/WordPress_06\\\/\",\"logo\":{\"@type\":\"ImageObject\",\"inLanguage\":\"es\",\"@id\":\"https:\\\/\\\/www.taller-palabras.com\\\/WordPress_06\\\/#\\\/schema\\\/logo\\\/image\\\/\",\"url\":\"https:\\\/\\\/www.taller-palabras.com\\\/WordPress_06\\\/wp-content\\\/uploads\\\/2021\\\/07\\\/redactar_icon.png\",\"contentUrl\":\"https:\\\/\\\/www.taller-palabras.com\\\/WordPress_06\\\/wp-content\\\/uploads\\\/2021\\\/07\\\/redactar_icon.png\",\"width\":25,\"height\":25,\"caption\":\"Redescribir\"},\"image\":{\"@id\":\"https:\\\/\\\/www.taller-palabras.com\\\/WordPress_06\\\/#\\\/schema\\\/logo\\\/image\\\/\"},\"sameAs\":[\"https:\\\/\\\/www.facebook.com\\\/profile.php?id=100001537279728\"]},{\"@type\":\"Person\",\"@id\":\"https:\\\/\\\/www.taller-palabras.com\\\/WordPress_06\\\/#\\\/schema\\\/person\\\/a774f3e56bddd007723be732994cadd4\",\"name\":\"Patricia M\u00f3nica Miranda Alonso\",\"description\":\"Profesora de escritura creativa y coordinadora de talleres literarios, editora y correctora literaria, rese\u00f1adora y cr\u00edtica literaria.\",\"sameAs\":[\"https:\\\/\\\/www.taller-palabras.com\"],\"url\":\"https:\\\/\\\/www.taller-palabras.com\\\/WordPress_06\\\/author\\\/patricia\\\/\"}]}<\/script>\n<!-- \/ Yoast SEO plugin. -->","yoast_head_json":{"title":"Los libros curan - Red Literaria","robots":{"index":"index","follow":"follow","max-snippet":"max-snippet:-1","max-image-preview":"max-image-preview:large","max-video-preview":"max-video-preview:-1"},"canonical":"https:\/\/www.taller-palabras.com\/WordPress_06\/lectura\/los-libros-curan\/","og_locale":"es_ES","og_type":"article","og_title":"Los libros curan - Red Literaria","og_description":"Los libros curan la m\u00e1s peligrosa de la enfermedades humanas:","og_url":"https:\/\/www.taller-palabras.com\/WordPress_06\/lectura\/los-libros-curan\/","og_site_name":"Red Literaria","article_publisher":"https:\/\/www.facebook.com\/profile.php?id=100001537279728","article_published_time":"2023-10-02T22:00:53+00:00","article_modified_time":"2023-10-08T16:56:12+00:00","og_image":[{"width":478,"height":283,"url":"https:\/\/www.taller-palabras.com\/WordPress_06\/wp-content\/uploads\/2021\/10\/libro-cura.jpg","type":"image\/jpeg"}],"author":"Patricia M\u00f3nica Miranda Alonso","twitter_card":"summary_large_image","twitter_misc":{"Escrito por":"Patricia M\u00f3nica Miranda Alonso","Tiempo de lectura":"7 minutos"},"schema":{"@context":"https:\/\/schema.org","@graph":[{"@type":"NewsArticle","@id":"https:\/\/www.taller-palabras.com\/WordPress_06\/lectura\/los-libros-curan\/#article","isPartOf":{"@id":"https:\/\/www.taller-palabras.com\/WordPress_06\/lectura\/los-libros-curan\/"},"author":{"name":"Patricia M\u00f3nica Miranda Alonso","@id":"https:\/\/www.taller-palabras.com\/WordPress_06\/#\/schema\/person\/a774f3e56bddd007723be732994cadd4"},"headline":"Los libros curan","datePublished":"2023-10-02T22:00:53+00:00","dateModified":"2023-10-08T16:56:12+00:00","mainEntityOfPage":{"@id":"https:\/\/www.taller-palabras.com\/WordPress_06\/lectura\/los-libros-curan\/"},"wordCount":1341,"publisher":{"@id":"https:\/\/www.taller-palabras.com\/WordPress_06\/#organization"},"image":{"@id":"https:\/\/www.taller-palabras.com\/WordPress_06\/lectura\/los-libros-curan\/#primaryimage"},"thumbnailUrl":"https:\/\/www.taller-palabras.com\/WordPress_06\/wp-content\/uploads\/2021\/10\/libro-cura.jpg","keywords":["lectura","Leer mucho","ser buen lector"],"articleSection":["Lectura"],"inLanguage":"es"},{"@type":["WebPage","ItemPage"],"@id":"https:\/\/www.taller-palabras.com\/WordPress_06\/lectura\/los-libros-curan\/","url":"https:\/\/www.taller-palabras.com\/WordPress_06\/lectura\/los-libros-curan\/","name":"Los libros curan - Red Literaria","isPartOf":{"@id":"https:\/\/www.taller-palabras.com\/WordPress_06\/#website"},"primaryImageOfPage":{"@id":"https:\/\/www.taller-palabras.com\/WordPress_06\/lectura\/los-libros-curan\/#primaryimage"},"image":{"@id":"https:\/\/www.taller-palabras.com\/WordPress_06\/lectura\/los-libros-curan\/#primaryimage"},"thumbnailUrl":"https:\/\/www.taller-palabras.com\/WordPress_06\/wp-content\/uploads\/2021\/10\/libro-cura.jpg","datePublished":"2023-10-02T22:00:53+00:00","dateModified":"2023-10-08T16:56:12+00:00","breadcrumb":{"@id":"https:\/\/www.taller-palabras.com\/WordPress_06\/lectura\/los-libros-curan\/#breadcrumb"},"inLanguage":"es","potentialAction":[{"@type":"ReadAction","target":["https:\/\/www.taller-palabras.com\/WordPress_06\/lectura\/los-libros-curan\/"]}]},{"@type":"ImageObject","inLanguage":"es","@id":"https:\/\/www.taller-palabras.com\/WordPress_06\/lectura\/los-libros-curan\/#primaryimage","url":"https:\/\/www.taller-palabras.com\/WordPress_06\/wp-content\/uploads\/2021\/10\/libro-cura.jpg","contentUrl":"https:\/\/www.taller-palabras.com\/WordPress_06\/wp-content\/uploads\/2021\/10\/libro-cura.jpg","width":478,"height":283,"caption":"Beautiful stethoscop on book"},{"@type":"BreadcrumbList","@id":"https:\/\/www.taller-palabras.com\/WordPress_06\/lectura\/los-libros-curan\/#breadcrumb","itemListElement":[{"@type":"ListItem","position":1,"name":"Portada","item":"https:\/\/www.taller-palabras.com\/WordPress_06\/"},{"@type":"ListItem","position":2,"name":"Los libros curan"}]},{"@type":"WebSite","@id":"https:\/\/www.taller-palabras.com\/WordPress_06\/#website","url":"https:\/\/www.taller-palabras.com\/WordPress_06\/","name":"Red Literaria","description":"Red de lectura y escritura","publisher":{"@id":"https:\/\/www.taller-palabras.com\/WordPress_06\/#organization"},"potentialAction":[{"@type":"SearchAction","target":{"@type":"EntryPoint","urlTemplate":"https:\/\/www.taller-palabras.com\/WordPress_06\/?s={search_term_string}"},"query-input":{"@type":"PropertyValueSpecification","valueRequired":true,"valueName":"search_term_string"}}],"inLanguage":"es"},{"@type":"Organization","@id":"https:\/\/www.taller-palabras.com\/WordPress_06\/#organization","name":"Redescribir","url":"https:\/\/www.taller-palabras.com\/WordPress_06\/","logo":{"@type":"ImageObject","inLanguage":"es","@id":"https:\/\/www.taller-palabras.com\/WordPress_06\/#\/schema\/logo\/image\/","url":"https:\/\/www.taller-palabras.com\/WordPress_06\/wp-content\/uploads\/2021\/07\/redactar_icon.png","contentUrl":"https:\/\/www.taller-palabras.com\/WordPress_06\/wp-content\/uploads\/2021\/07\/redactar_icon.png","width":25,"height":25,"caption":"Redescribir"},"image":{"@id":"https:\/\/www.taller-palabras.com\/WordPress_06\/#\/schema\/logo\/image\/"},"sameAs":["https:\/\/www.facebook.com\/profile.php?id=100001537279728"]},{"@type":"Person","@id":"https:\/\/www.taller-palabras.com\/WordPress_06\/#\/schema\/person\/a774f3e56bddd007723be732994cadd4","name":"Patricia M\u00f3nica Miranda Alonso","description":"Profesora de escritura creativa y coordinadora de talleres literarios, editora y correctora literaria, rese\u00f1adora y cr\u00edtica literaria.","sameAs":["https:\/\/www.taller-palabras.com"],"url":"https:\/\/www.taller-palabras.com\/WordPress_06\/author\/patricia\/"}]}},"_links":{"self":[{"href":"https:\/\/www.taller-palabras.com\/WordPress_06\/wp-json\/wp\/v2\/posts\/2061","targetHints":{"allow":["GET"]}}],"collection":[{"href":"https:\/\/www.taller-palabras.com\/WordPress_06\/wp-json\/wp\/v2\/posts"}],"about":[{"href":"https:\/\/www.taller-palabras.com\/WordPress_06\/wp-json\/wp\/v2\/types\/post"}],"author":[{"embeddable":true,"href":"https:\/\/www.taller-palabras.com\/WordPress_06\/wp-json\/wp\/v2\/users\/83"}],"replies":[{"embeddable":true,"href":"https:\/\/www.taller-palabras.com\/WordPress_06\/wp-json\/wp\/v2\/comments?post=2061"}],"version-history":[{"count":7,"href":"https:\/\/www.taller-palabras.com\/WordPress_06\/wp-json\/wp\/v2\/posts\/2061\/revisions"}],"predecessor-version":[{"id":2079,"href":"https:\/\/www.taller-palabras.com\/WordPress_06\/wp-json\/wp\/v2\/posts\/2061\/revisions\/2079"}],"wp:featuredmedia":[{"embeddable":true,"href":"https:\/\/www.taller-palabras.com\/WordPress_06\/wp-json\/wp\/v2\/media\/2062"}],"wp:attachment":[{"href":"https:\/\/www.taller-palabras.com\/WordPress_06\/wp-json\/wp\/v2\/media?parent=2061"}],"wp:term":[{"taxonomy":"category","embeddable":true,"href":"https:\/\/www.taller-palabras.com\/WordPress_06\/wp-json\/wp\/v2\/categories?post=2061"},{"taxonomy":"post_tag","embeddable":true,"href":"https:\/\/www.taller-palabras.com\/WordPress_06\/wp-json\/wp\/v2\/tags?post=2061"}],"curies":[{"name":"wp","href":"https:\/\/api.w.org\/{rel}","templated":true}]}}