{"id":2490,"date":"2022-04-23T11:10:09","date_gmt":"2022-04-23T14:10:09","guid":{"rendered":"https:\/\/www.taller-palabras.com\/WordPress_06\/?p=2490"},"modified":"2023-10-08T14:01:42","modified_gmt":"2023-10-08T17:01:42","slug":"dia-del-libro-2","status":"publish","type":"post","link":"https:\/\/www.taller-palabras.com\/WordPress_06\/noticias\/dia-del-libro-2\/","title":{"rendered":"Feliz d\u00eda amigo"},"content":{"rendered":"\n<p>Cada a\u00f1o, el D\u00eda Internacional del Libro se celebra el 23 de abril en conmemoraci\u00f3n de la muerte de <strong>Miguel de Cervantes<\/strong> y de <strong>William Shakespeare <\/strong>acaecida el 23 de abril de 1616.<\/p>\n\n\n\n<p>El ingl\u00e9s y el espa\u00f1ol fueron contempor\u00e1neos pero como en aquel entonces no exist\u00eda la globalizaci\u00f3n y el libro apenas comenzaba a dar sus primeros pasos, era bastante dif\u00edcil la distribuci\u00f3n. Asimismo, la relaci\u00f3n entre ambas literaturas era tan intensa como unilateral: los ingleses le\u00edan profusamente a los espa\u00f1oles, los espa\u00f1oles con igual ah\u00ednco pusieron empe\u00f1o en ignorarlo todo acerca de sus sempiternos enemigos.<\/p>\n\n\n\n<h4 class=\"wp-block-heading\"><strong>Controversias<\/strong><\/h4>\n\n\n\n<p>A pesar de transitar este mundo en la misma fecha, ambos autores no se conocieron aunque se sabe que <strong>Shakespeare<\/strong> ley\u00f3 el <em>Quijote<\/em> y escribi\u00f3, en colaboraci\u00f3n con el joven <strong>John Fletcher<\/strong> (dramaturgo ingl\u00e9s), una obra de teatro, hoy perdida, titulada <em>Cardenio<\/em>, o tal vez <em>La historia de Cardenio<\/em>, basada en un episodio de la primera parte del Quijote. Para <strong>Cervantes<\/strong>, en cambio, <strong>Shakespeare<\/strong> nunca existi\u00f3.<br>Tambi\u00e9n la fecha de la muerte de ambos es controversial. <strong>Miguel de Cervantes Saavedra<\/strong> no muri\u00f3 el 23 de abril, sino que lo enterraron ese d\u00eda. En realidad, muri\u00f3 el d\u00eda antes, el 22 de abril de 1616 y si tenemos en cuenta que Inglaterra y Espa\u00f1a se reg\u00edan por calendarios distintos, el juliano y el gregoriano respectivamente: el m\u00e1s celebrado de los escritores ingleses muri\u00f3 diez d\u00edas despu\u00e9s de su colega espa\u00f1ol.<\/p>\n\n\n\n<h4 class=\"wp-block-heading\"><strong>Conformidades<\/strong><\/h4>\n\n\n\n<p>Sin embargo, se toma el 23 de abril como fecha coincidente aunque no es lo \u00fanico que los une. Ambos ten\u00edan \u201capodos\u201d con los que son conocidos por todo el mundo. As\u00ed, <strong>Cervantes<\/strong> es llamado \u201cel manco de Lepanto\u201d y <strong>Shakespeare<\/strong> \u201cel bardo de Avon\u201d.<br>Parece ser que ambos tuvieron matrimonios desdichados. No existe descendencia de ninguno de los dos autores. Del espa\u00f1ol porque no tuvo hijos y del ingl\u00e9s tampoco porque su hijo falleci\u00f3 siendo un ni\u00f1o y porque sus dos hijas no llegaron a tener nietos. Otro dato es que ambos fueron enterrados en iglesias consagradas a la Sant\u00edsima Trinidad: Holy Trinity Church de Stratford-upon-Avon para <strong>Shakespeare<\/strong>, y la iglesia de las Trinitarias de Madrid para <strong>Cervantes<\/strong>.<\/p>\n\n\n\n<h4 class=\"wp-block-heading\"><strong>Diferencias<\/strong><\/h4>\n\n\n\n<p>A pesar de las grandes teor\u00edas que los hermanaron tambi\u00e9n hab\u00eda entre ambos grandes diferencias. La fecha de la muerte acomodada es una de ellas. El escritor espa\u00f1ol fue principalmente novelista, mientras que el ingl\u00e9s fue dramaturgo. <strong>William Shakespeare<\/strong> opta por el verso, <strong>Miguel de Cervantes<\/strong> por la prosa. El lenguaje de <strong>Shakespeare<\/strong> es m\u00e1s po\u00e9tico y de mayor complejidad, el de <strong>Cervantes<\/strong> se caracteriza por su sencillez y naturalidad.<\/p>\n\n\n\n<h4 class=\"wp-block-heading\"><strong>Similitudes<\/strong><\/h4>\n\n\n\n<p>Sin embargo, hay detalles que los equiparan aunque nunca se hayan conocido.<br>Cada uno desde una lengua distinta, desde sociedades dispares y antag\u00f3nicas, como siempre lo fueron la espa\u00f1ola y la inglesa, tanto uno como el otro vivieron \u00e9pocas similares y fueron pilares fundamentales de la literatura anglosajona y espa\u00f1ola. Ambos se muestran, igualmente, muy cr\u00edticos contra los abusos del poder y la nobleza, ocup\u00e1ndose de temas controvertidos cuyo tratamiento legitiman desde el marco de la ficci\u00f3n, y configuran los dos personajes m\u00e1s ic\u00f3nicos de las letras universales.<br>Ambos comparten la destreza en la caracterizaci\u00f3n de sus personajes: <strong>Shakespeare<\/strong> les dota de una naturalidad casi coloquial. Los di\u00e1logos entre Don Quijote y Sancho presentan algo similar, con la brillante alternancia entre el discurso caballeresco, el culto y el coloquial. Es tambi\u00e9n compartido el uso del humor y el inter\u00e9s por el tema de la locura como exploraci\u00f3n de la mente humana y s\u00edmbolo de la libertad art\u00edstica. As\u00ed mismo, la tem\u00e1tica del conflicto entre la realidad y la apariencia, la historia y la ficci\u00f3n.<\/p>\n\n\n\n<p>Y sobre todo, ambos se han convertido en cl\u00e1sicos de la literatura universal porque tienen la particularidad de hablarnos a trav\u00e9s de los siglos, de los mismos vicios de una sociedad, de los mismos miedos del alma humana, de las mismas desdichas y de iguales dichas del ser humano y en ambos sigue habiendo una contemporaneidad, fuera de los detalles de la \u00e9poca en la que vivieron y escribieron, que trasciende y trascender\u00e1 los siglos de los siglos para ser siempre actual.<\/p>\n\n\n\n<h4 class=\"wp-block-heading\"><strong>D\u00eda del Libro<\/strong><\/h4>\n\n\n\n<p>Por eso y porque son pilares del teatro uno y de la novela el otro, es que estos dos autores son considerados los padres de la literatura, los padres del libro. Por eso este 23 de Abril de 2022, seguimos celebrando el D\u00eda Internacional del Libro como el mejor homenaje a estos dos maestros de la palabra, a estos dos artistas que han dado el puntapi\u00e9 inicial para que el libro sea lo que hoy nos permite entender el mundo en que vivimos, entendernos un poco mejor a nosotros mismos.<\/p>\n\n\n\n<hr class=\"wp-block-separator\"\/>\n\n\n\n<h3 class=\"wp-block-heading\">Libros en el art\u00edculo<\/h3>\n\n\n\n<ul class=\"wp-block-list\"><li><strong><a href=\"https:\/\/www.taller-palabras.com\/WordPress_04\/producto\/don-quijote-de-la-mancha-miguel-de-cervantes-ebook?v=d72a48a8ebd2\" target=\"_blank\" rel=\"noreferrer noopener\">Miguel de Cervantes&nbsp;Saavedra<\/a><\/strong> (Alcal\u00e1 de Henares,\u200b 29 de septiembre de 1547 &#8211; Madrid, 22 de abril\u200b de 1616)<\/li><li><strong><a href=\"https:\/\/www.taller-palabras.com\/WordPress_04\/?s=shakespeare&amp;post_type=product&amp;v=d72a48a8ebd2\" target=\"_blank\" rel=\"noreferrer noopener\">William Shakespeare<\/a><\/strong> (Stratford-upon-Avon, Warwickshire, Reino de Inglaterra, 23 de abril de 1564 &#8211; Stratford-upon-Avon, Warwickshire, Reino de Inglaterra, 23 de abril de 1616)<\/li><\/ul>\n\n\n\n<hr class=\"wp-block-separator\"\/>\n\n\n\n<h4 class=\"wp-block-heading\">Curso de formaci\u00f3n cultural<\/h4>\n\n\n\n<h4 class=\"wp-block-heading\"><a rel=\"noreferrer noopener\" href=\"https:\/\/taller-palabras.com\/historiaUyL.html\" target=\"_blank\">Cursos de Historia de la Literatura Universal y Latinoamericana<\/a><\/h4>\n\n\n\n<hr class=\"wp-block-separator\"\/>\n\n\n\n<h4 class=\"wp-block-heading\" id=\"cursos-de-formacion-via-email-en\">Cursos de Formaci\u00f3n v\u00eda email en<br><a href=\"https:\/\/taller-palabras.com\/cursos.html\" target=\"_blank\" rel=\"noreferrer noopener\">Escritura Creativa<\/a><\/h4>\n\n\n\n<hr class=\"wp-block-separator\"\/>\n","protected":false},"excerpt":{"rendered":"<p>Miguel de Cervantes y William Shakespeare son considerados los padres de la literatura, los padres del libro&#8230;<\/p>\n","protected":false},"author":83,"featured_media":2498,"comment_status":"closed","ping_status":"open","sticky":false,"template":"","format":"standard","meta":{"footnotes":""},"categories":[45],"tags":[52,50,69],"class_list":["post-2490","post","type-post","status-publish","format-standard","has-post-thumbnail","hentry","category-noticias","tag-noticias","tag-noticias-culturales","tag-noticias-literarias"],"yoast_head":"<!-- This site is optimized with the Yoast SEO plugin v27.4 - https:\/\/yoast.com\/product\/yoast-seo-wordpress\/ -->\n<title>Feliz d\u00eda amigo - Red Literaria<\/title>\n<meta name=\"description\" content=\"Miguel de Cervantes y William Shakespeare son considerados los padres de la literatura, los padres del libro...\" \/>\n<meta name=\"robots\" content=\"index, follow, max-snippet:-1, max-image-preview:large, max-video-preview:-1\" \/>\n<link rel=\"canonical\" href=\"https:\/\/www.taller-palabras.com\/WordPress_06\/noticias\/dia-del-libro-2\/\" \/>\n<meta property=\"og:locale\" content=\"es_ES\" \/>\n<meta property=\"og:type\" content=\"article\" \/>\n<meta property=\"og:title\" content=\"Feliz d\u00eda amigo - Red Literaria\" \/>\n<meta property=\"og:description\" content=\"Miguel de Cervantes y William Shakespeare son considerados los padres de la literatura, los padres del libro...\" \/>\n<meta property=\"og:url\" content=\"https:\/\/www.taller-palabras.com\/WordPress_06\/noticias\/dia-del-libro-2\/\" \/>\n<meta property=\"og:site_name\" content=\"Red Literaria\" \/>\n<meta property=\"article:publisher\" content=\"https:\/\/www.facebook.com\/profile.php?id=100001537279728\" \/>\n<meta property=\"article:published_time\" content=\"2022-04-23T14:10:09+00:00\" \/>\n<meta property=\"article:modified_time\" content=\"2023-10-08T17:01:42+00:00\" \/>\n<meta property=\"og:image\" content=\"https:\/\/www.taller-palabras.com\/WordPress_06\/wp-content\/uploads\/2022\/04\/dia-del-libro.jpg\" \/>\n\t<meta property=\"og:image:width\" content=\"425\" \/>\n\t<meta property=\"og:image:height\" content=\"283\" \/>\n\t<meta property=\"og:image:type\" content=\"image\/jpeg\" \/>\n<meta name=\"author\" content=\"Patricia M\u00f3nica Miranda Alonso\" \/>\n<meta name=\"twitter:card\" content=\"summary_large_image\" \/>\n<meta name=\"twitter:label1\" content=\"Escrito por\" \/>\n\t<meta name=\"twitter:data1\" content=\"Patricia M\u00f3nica Miranda Alonso\" \/>\n\t<meta name=\"twitter:label2\" content=\"Tiempo de lectura\" \/>\n\t<meta name=\"twitter:data2\" content=\"4 minutos\" \/>\n<script type=\"application\/ld+json\" class=\"yoast-schema-graph\">{\"@context\":\"https:\\\/\\\/schema.org\",\"@graph\":[{\"@type\":\"NewsArticle\",\"@id\":\"https:\\\/\\\/www.taller-palabras.com\\\/WordPress_06\\\/noticias\\\/dia-del-libro-2\\\/#article\",\"isPartOf\":{\"@id\":\"https:\\\/\\\/www.taller-palabras.com\\\/WordPress_06\\\/noticias\\\/dia-del-libro-2\\\/\"},\"author\":{\"name\":\"Patricia M\u00f3nica Miranda Alonso\",\"@id\":\"https:\\\/\\\/www.taller-palabras.com\\\/WordPress_06\\\/#\\\/schema\\\/person\\\/a774f3e56bddd007723be732994cadd4\"},\"headline\":\"Feliz d\u00eda amigo\",\"datePublished\":\"2022-04-23T14:10:09+00:00\",\"dateModified\":\"2023-10-08T17:01:42+00:00\",\"mainEntityOfPage\":{\"@id\":\"https:\\\/\\\/www.taller-palabras.com\\\/WordPress_06\\\/noticias\\\/dia-del-libro-2\\\/\"},\"wordCount\":868,\"publisher\":{\"@id\":\"https:\\\/\\\/www.taller-palabras.com\\\/WordPress_06\\\/#organization\"},\"image\":{\"@id\":\"https:\\\/\\\/www.taller-palabras.com\\\/WordPress_06\\\/noticias\\\/dia-del-libro-2\\\/#primaryimage\"},\"thumbnailUrl\":\"https:\\\/\\\/www.taller-palabras.com\\\/WordPress_06\\\/wp-content\\\/uploads\\\/2022\\\/04\\\/dia-del-libro.jpg\",\"keywords\":[\"noticias\",\"noticias culturales\",\"noticias literarias\"],\"articleSection\":[\"Noticias\"],\"inLanguage\":\"es\"},{\"@type\":[\"WebPage\",\"ItemPage\"],\"@id\":\"https:\\\/\\\/www.taller-palabras.com\\\/WordPress_06\\\/noticias\\\/dia-del-libro-2\\\/\",\"url\":\"https:\\\/\\\/www.taller-palabras.com\\\/WordPress_06\\\/noticias\\\/dia-del-libro-2\\\/\",\"name\":\"Feliz d\u00eda amigo - Red Literaria\",\"isPartOf\":{\"@id\":\"https:\\\/\\\/www.taller-palabras.com\\\/WordPress_06\\\/#website\"},\"primaryImageOfPage\":{\"@id\":\"https:\\\/\\\/www.taller-palabras.com\\\/WordPress_06\\\/noticias\\\/dia-del-libro-2\\\/#primaryimage\"},\"image\":{\"@id\":\"https:\\\/\\\/www.taller-palabras.com\\\/WordPress_06\\\/noticias\\\/dia-del-libro-2\\\/#primaryimage\"},\"thumbnailUrl\":\"https:\\\/\\\/www.taller-palabras.com\\\/WordPress_06\\\/wp-content\\\/uploads\\\/2022\\\/04\\\/dia-del-libro.jpg\",\"datePublished\":\"2022-04-23T14:10:09+00:00\",\"dateModified\":\"2023-10-08T17:01:42+00:00\",\"description\":\"Miguel de Cervantes y William Shakespeare son considerados los padres de la literatura, los padres del libro...\",\"breadcrumb\":{\"@id\":\"https:\\\/\\\/www.taller-palabras.com\\\/WordPress_06\\\/noticias\\\/dia-del-libro-2\\\/#breadcrumb\"},\"inLanguage\":\"es\",\"potentialAction\":[{\"@type\":\"ReadAction\",\"target\":[\"https:\\\/\\\/www.taller-palabras.com\\\/WordPress_06\\\/noticias\\\/dia-del-libro-2\\\/\"]}]},{\"@type\":\"ImageObject\",\"inLanguage\":\"es\",\"@id\":\"https:\\\/\\\/www.taller-palabras.com\\\/WordPress_06\\\/noticias\\\/dia-del-libro-2\\\/#primaryimage\",\"url\":\"https:\\\/\\\/www.taller-palabras.com\\\/WordPress_06\\\/wp-content\\\/uploads\\\/2022\\\/04\\\/dia-del-libro.jpg\",\"contentUrl\":\"https:\\\/\\\/www.taller-palabras.com\\\/WordPress_06\\\/wp-content\\\/uploads\\\/2022\\\/04\\\/dia-del-libro.jpg\",\"width\":425,\"height\":283},{\"@type\":\"BreadcrumbList\",\"@id\":\"https:\\\/\\\/www.taller-palabras.com\\\/WordPress_06\\\/noticias\\\/dia-del-libro-2\\\/#breadcrumb\",\"itemListElement\":[{\"@type\":\"ListItem\",\"position\":1,\"name\":\"Portada\",\"item\":\"https:\\\/\\\/www.taller-palabras.com\\\/WordPress_06\\\/\"},{\"@type\":\"ListItem\",\"position\":2,\"name\":\"Feliz d\u00eda amigo\"}]},{\"@type\":\"WebSite\",\"@id\":\"https:\\\/\\\/www.taller-palabras.com\\\/WordPress_06\\\/#website\",\"url\":\"https:\\\/\\\/www.taller-palabras.com\\\/WordPress_06\\\/\",\"name\":\"Red Literaria\",\"description\":\"Red de lectura y escritura\",\"publisher\":{\"@id\":\"https:\\\/\\\/www.taller-palabras.com\\\/WordPress_06\\\/#organization\"},\"potentialAction\":[{\"@type\":\"SearchAction\",\"target\":{\"@type\":\"EntryPoint\",\"urlTemplate\":\"https:\\\/\\\/www.taller-palabras.com\\\/WordPress_06\\\/?s={search_term_string}\"},\"query-input\":{\"@type\":\"PropertyValueSpecification\",\"valueRequired\":true,\"valueName\":\"search_term_string\"}}],\"inLanguage\":\"es\"},{\"@type\":\"Organization\",\"@id\":\"https:\\\/\\\/www.taller-palabras.com\\\/WordPress_06\\\/#organization\",\"name\":\"Redescribir\",\"url\":\"https:\\\/\\\/www.taller-palabras.com\\\/WordPress_06\\\/\",\"logo\":{\"@type\":\"ImageObject\",\"inLanguage\":\"es\",\"@id\":\"https:\\\/\\\/www.taller-palabras.com\\\/WordPress_06\\\/#\\\/schema\\\/logo\\\/image\\\/\",\"url\":\"https:\\\/\\\/www.taller-palabras.com\\\/WordPress_06\\\/wp-content\\\/uploads\\\/2021\\\/07\\\/redactar_icon.png\",\"contentUrl\":\"https:\\\/\\\/www.taller-palabras.com\\\/WordPress_06\\\/wp-content\\\/uploads\\\/2021\\\/07\\\/redactar_icon.png\",\"width\":25,\"height\":25,\"caption\":\"Redescribir\"},\"image\":{\"@id\":\"https:\\\/\\\/www.taller-palabras.com\\\/WordPress_06\\\/#\\\/schema\\\/logo\\\/image\\\/\"},\"sameAs\":[\"https:\\\/\\\/www.facebook.com\\\/profile.php?id=100001537279728\"]},{\"@type\":\"Person\",\"@id\":\"https:\\\/\\\/www.taller-palabras.com\\\/WordPress_06\\\/#\\\/schema\\\/person\\\/a774f3e56bddd007723be732994cadd4\",\"name\":\"Patricia M\u00f3nica Miranda Alonso\",\"description\":\"Profesora de escritura creativa y coordinadora de talleres literarios, editora y correctora literaria, rese\u00f1adora y cr\u00edtica literaria.\",\"sameAs\":[\"https:\\\/\\\/www.taller-palabras.com\"],\"url\":\"https:\\\/\\\/www.taller-palabras.com\\\/WordPress_06\\\/author\\\/patricia\\\/\"}]}<\/script>\n<!-- \/ Yoast SEO plugin. -->","yoast_head_json":{"title":"Feliz d\u00eda amigo - Red Literaria","description":"Miguel de Cervantes y William Shakespeare son considerados los padres de la literatura, los padres del libro...","robots":{"index":"index","follow":"follow","max-snippet":"max-snippet:-1","max-image-preview":"max-image-preview:large","max-video-preview":"max-video-preview:-1"},"canonical":"https:\/\/www.taller-palabras.com\/WordPress_06\/noticias\/dia-del-libro-2\/","og_locale":"es_ES","og_type":"article","og_title":"Feliz d\u00eda amigo - Red Literaria","og_description":"Miguel de Cervantes y William Shakespeare son considerados los padres de la literatura, los padres del libro...","og_url":"https:\/\/www.taller-palabras.com\/WordPress_06\/noticias\/dia-del-libro-2\/","og_site_name":"Red Literaria","article_publisher":"https:\/\/www.facebook.com\/profile.php?id=100001537279728","article_published_time":"2022-04-23T14:10:09+00:00","article_modified_time":"2023-10-08T17:01:42+00:00","og_image":[{"width":425,"height":283,"url":"https:\/\/www.taller-palabras.com\/WordPress_06\/wp-content\/uploads\/2022\/04\/dia-del-libro.jpg","type":"image\/jpeg"}],"author":"Patricia M\u00f3nica Miranda Alonso","twitter_card":"summary_large_image","twitter_misc":{"Escrito por":"Patricia M\u00f3nica Miranda Alonso","Tiempo de lectura":"4 minutos"},"schema":{"@context":"https:\/\/schema.org","@graph":[{"@type":"NewsArticle","@id":"https:\/\/www.taller-palabras.com\/WordPress_06\/noticias\/dia-del-libro-2\/#article","isPartOf":{"@id":"https:\/\/www.taller-palabras.com\/WordPress_06\/noticias\/dia-del-libro-2\/"},"author":{"name":"Patricia M\u00f3nica Miranda Alonso","@id":"https:\/\/www.taller-palabras.com\/WordPress_06\/#\/schema\/person\/a774f3e56bddd007723be732994cadd4"},"headline":"Feliz d\u00eda amigo","datePublished":"2022-04-23T14:10:09+00:00","dateModified":"2023-10-08T17:01:42+00:00","mainEntityOfPage":{"@id":"https:\/\/www.taller-palabras.com\/WordPress_06\/noticias\/dia-del-libro-2\/"},"wordCount":868,"publisher":{"@id":"https:\/\/www.taller-palabras.com\/WordPress_06\/#organization"},"image":{"@id":"https:\/\/www.taller-palabras.com\/WordPress_06\/noticias\/dia-del-libro-2\/#primaryimage"},"thumbnailUrl":"https:\/\/www.taller-palabras.com\/WordPress_06\/wp-content\/uploads\/2022\/04\/dia-del-libro.jpg","keywords":["noticias","noticias culturales","noticias literarias"],"articleSection":["Noticias"],"inLanguage":"es"},{"@type":["WebPage","ItemPage"],"@id":"https:\/\/www.taller-palabras.com\/WordPress_06\/noticias\/dia-del-libro-2\/","url":"https:\/\/www.taller-palabras.com\/WordPress_06\/noticias\/dia-del-libro-2\/","name":"Feliz d\u00eda amigo - Red Literaria","isPartOf":{"@id":"https:\/\/www.taller-palabras.com\/WordPress_06\/#website"},"primaryImageOfPage":{"@id":"https:\/\/www.taller-palabras.com\/WordPress_06\/noticias\/dia-del-libro-2\/#primaryimage"},"image":{"@id":"https:\/\/www.taller-palabras.com\/WordPress_06\/noticias\/dia-del-libro-2\/#primaryimage"},"thumbnailUrl":"https:\/\/www.taller-palabras.com\/WordPress_06\/wp-content\/uploads\/2022\/04\/dia-del-libro.jpg","datePublished":"2022-04-23T14:10:09+00:00","dateModified":"2023-10-08T17:01:42+00:00","description":"Miguel de Cervantes y William Shakespeare son considerados los padres de la literatura, los padres del libro...","breadcrumb":{"@id":"https:\/\/www.taller-palabras.com\/WordPress_06\/noticias\/dia-del-libro-2\/#breadcrumb"},"inLanguage":"es","potentialAction":[{"@type":"ReadAction","target":["https:\/\/www.taller-palabras.com\/WordPress_06\/noticias\/dia-del-libro-2\/"]}]},{"@type":"ImageObject","inLanguage":"es","@id":"https:\/\/www.taller-palabras.com\/WordPress_06\/noticias\/dia-del-libro-2\/#primaryimage","url":"https:\/\/www.taller-palabras.com\/WordPress_06\/wp-content\/uploads\/2022\/04\/dia-del-libro.jpg","contentUrl":"https:\/\/www.taller-palabras.com\/WordPress_06\/wp-content\/uploads\/2022\/04\/dia-del-libro.jpg","width":425,"height":283},{"@type":"BreadcrumbList","@id":"https:\/\/www.taller-palabras.com\/WordPress_06\/noticias\/dia-del-libro-2\/#breadcrumb","itemListElement":[{"@type":"ListItem","position":1,"name":"Portada","item":"https:\/\/www.taller-palabras.com\/WordPress_06\/"},{"@type":"ListItem","position":2,"name":"Feliz d\u00eda amigo"}]},{"@type":"WebSite","@id":"https:\/\/www.taller-palabras.com\/WordPress_06\/#website","url":"https:\/\/www.taller-palabras.com\/WordPress_06\/","name":"Red Literaria","description":"Red de lectura y escritura","publisher":{"@id":"https:\/\/www.taller-palabras.com\/WordPress_06\/#organization"},"potentialAction":[{"@type":"SearchAction","target":{"@type":"EntryPoint","urlTemplate":"https:\/\/www.taller-palabras.com\/WordPress_06\/?s={search_term_string}"},"query-input":{"@type":"PropertyValueSpecification","valueRequired":true,"valueName":"search_term_string"}}],"inLanguage":"es"},{"@type":"Organization","@id":"https:\/\/www.taller-palabras.com\/WordPress_06\/#organization","name":"Redescribir","url":"https:\/\/www.taller-palabras.com\/WordPress_06\/","logo":{"@type":"ImageObject","inLanguage":"es","@id":"https:\/\/www.taller-palabras.com\/WordPress_06\/#\/schema\/logo\/image\/","url":"https:\/\/www.taller-palabras.com\/WordPress_06\/wp-content\/uploads\/2021\/07\/redactar_icon.png","contentUrl":"https:\/\/www.taller-palabras.com\/WordPress_06\/wp-content\/uploads\/2021\/07\/redactar_icon.png","width":25,"height":25,"caption":"Redescribir"},"image":{"@id":"https:\/\/www.taller-palabras.com\/WordPress_06\/#\/schema\/logo\/image\/"},"sameAs":["https:\/\/www.facebook.com\/profile.php?id=100001537279728"]},{"@type":"Person","@id":"https:\/\/www.taller-palabras.com\/WordPress_06\/#\/schema\/person\/a774f3e56bddd007723be732994cadd4","name":"Patricia M\u00f3nica Miranda Alonso","description":"Profesora de escritura creativa y coordinadora de talleres literarios, editora y correctora literaria, rese\u00f1adora y cr\u00edtica literaria.","sameAs":["https:\/\/www.taller-palabras.com"],"url":"https:\/\/www.taller-palabras.com\/WordPress_06\/author\/patricia\/"}]}},"_links":{"self":[{"href":"https:\/\/www.taller-palabras.com\/WordPress_06\/wp-json\/wp\/v2\/posts\/2490","targetHints":{"allow":["GET"]}}],"collection":[{"href":"https:\/\/www.taller-palabras.com\/WordPress_06\/wp-json\/wp\/v2\/posts"}],"about":[{"href":"https:\/\/www.taller-palabras.com\/WordPress_06\/wp-json\/wp\/v2\/types\/post"}],"author":[{"embeddable":true,"href":"https:\/\/www.taller-palabras.com\/WordPress_06\/wp-json\/wp\/v2\/users\/83"}],"replies":[{"embeddable":true,"href":"https:\/\/www.taller-palabras.com\/WordPress_06\/wp-json\/wp\/v2\/comments?post=2490"}],"version-history":[{"count":3,"href":"https:\/\/www.taller-palabras.com\/WordPress_06\/wp-json\/wp\/v2\/posts\/2490\/revisions"}],"predecessor-version":[{"id":2495,"href":"https:\/\/www.taller-palabras.com\/WordPress_06\/wp-json\/wp\/v2\/posts\/2490\/revisions\/2495"}],"wp:featuredmedia":[{"embeddable":true,"href":"https:\/\/www.taller-palabras.com\/WordPress_06\/wp-json\/wp\/v2\/media\/2498"}],"wp:attachment":[{"href":"https:\/\/www.taller-palabras.com\/WordPress_06\/wp-json\/wp\/v2\/media?parent=2490"}],"wp:term":[{"taxonomy":"category","embeddable":true,"href":"https:\/\/www.taller-palabras.com\/WordPress_06\/wp-json\/wp\/v2\/categories?post=2490"},{"taxonomy":"post_tag","embeddable":true,"href":"https:\/\/www.taller-palabras.com\/WordPress_06\/wp-json\/wp\/v2\/tags?post=2490"}],"curies":[{"name":"wp","href":"https:\/\/api.w.org\/{rel}","templated":true}]}}