{"id":2691,"date":"2023-10-02T19:03:09","date_gmt":"2023-10-02T22:03:09","guid":{"rendered":"https:\/\/www.taller-palabras.com\/WordPress_06\/?p=2691"},"modified":"2023-10-08T13:53:06","modified_gmt":"2023-10-08T16:53:06","slug":"voz-narrativa","status":"publish","type":"post","link":"https:\/\/www.taller-palabras.com\/WordPress_06\/escritura\/voz-narrativa\/","title":{"rendered":"Esa voz que me susurra"},"content":{"rendered":"\n<p>Muchos de nosotros nos hemos emocionado escuchando una sinfon\u00eda, esa sensaci\u00f3n de que la m\u00fasica nos envuelve y nos hamaca, de que nos transporta a un mundo de sensaciones nuevas. Y aunque cualquier composici\u00f3n musical es compleja, como oyentes solo percibimos la m\u00fasica, la melod\u00eda como un todo, es decir, no escuchamos la trompeta o el clarinete por separado, sino el resultado de la amalgama de muchos instrumentos como si fuera una sola voz que enhebra sonidos. Eso es posible solo mediante la compleja t\u00e9cnica de la m\u00fasica que no es tan sencilla como parece.<\/p>\n\n\n\n<p>Ahora bien, si nos pasamos a la literatura, cuando entramos de lleno en la lectura de un libro, cuando ya estamos dentro de ese mundo que h\u00e1bilmente el autor re-crea, la historia se nos presenta como un universo completo, coherente, un todo que va armando una historia. Y sin embargo, como en el caso de una sinfon\u00eda, ese resultado tampoco es simple sino que es producto de la t\u00e9cnica que combina las diferentes voces que participan en una historia de manera que suene en nuestros o\u00eddos una sola voz.<br><span style=\"background-color:#fff3d4\" class=\"has-background\">Esa vocecita que nos susurra, que nos cuenta lo que sucede en una historia, es ni m\u00e1s ni menos que <strong>la voz del narrador<\/strong><\/span>. Como lectores, se nos permite no prestar atenci\u00f3n al engranaje y composici\u00f3n de las voces, pero los escritores deben ser conscientes de ellas y saber construirlas por separado para que la voz del narrador resulte cre\u00edble.<br>Es importante que <strong>no confundamos narrador con autor<\/strong>, puesto que sus voces son diferentes.<br>La voz del narrador es aquella que <em>narra<\/em>, valga la redundancia, lo que sucede en la historia. Si hablamos de un narrador en tercera persona, entonces esta voz ser\u00e1 diferente a las voces de los personajes, ya que los narradores en tercera persona no participan activamente en la acci\u00f3n de la historia; vendr\u00edan a ser unos entes superiores (voz omnisciente) que solo la <em>narran<\/em>. El autor est\u00e1 por fuera de esas voces y vendr\u00eda a ser el equivalente en un concierto, al director que marca el ritmo, las pausas, la entrada de un instrumento y de otro; solo que el autor adem\u00e1s de dirigir participa del concierto. Entonces quien escribe una historia se convierte casi en un mago que, adem\u00e1s de darle voz al narrador se la da a los personajes.<\/p>\n\n\n\n<p>Una de las herramientas m\u00e1s poderosas de que disponemos como escritores no es el dominio del l\u00e9xico, tampoco el conocimiento de la gram\u00e1tica, ni la creatividad o el ingenio. Sino que es esa voz. Como escritores no podemos desconocer esta t\u00e9cnica porque es el alma del libro que estamos escribiendo. Y como lectores podemos descubrir esa voz que narra y separarla de la voz de los personajes, hacer ese ejercicio como lectores enriquecer\u00e1 la emoci\u00f3n ante cualquier historia que caiga en nuestras manos.<br>Esa amalgama \u00fanica de descripciones, personajes y estilos que permiten al autor hablarle al lector a trav\u00e9s de la palabra impresa es la voz del texto.<\/p>\n\n\n\n<p>Sin la voz, un manuscrito puede tener un argumento atrayente, personajes interesantes y un final sorpresa, pero es posible que sintamos que algo le falta. La voz es lo que provoca que el lector se acurruque mientras escucha susurrar al libro: \u201c<em>Atenci\u00f3n, voy a contarte una historia\u201d.<\/em><\/p>\n\n\n\n<p>Qu\u00e9 o cu\u00e1l es la voz del autor es algo que no puede ense\u00f1arse, <strong>pero que puede conseguirse con la pr\u00e1ctica<\/strong>, experimentando, encontr\u00e1ndose a gusto con una forma de narrar. Viviendo ese estado, en el que la escritura fluye y la pluma o el teclado vuelan, y al escribir parece como si estuvi\u00e9ramos en otro espacio y otro tiempo. Y eso simplemente se logra porque el escritor est\u00e1 dotado para hacerlo, pero s\u00ed y solo s\u00ed ese autor antes de sentarse a escribir se ha sentado a leer. <strong>Por eso es tan importante ponerse de un lado y del otro para entender el todo.<\/strong><\/p>\n\n\n\n<p>Muchos escritores principiantes luchan por escribir tal y como ellos creen que escribe un \u201cescritor\u201d. Se zambullen en los diccionarios de sin\u00f3nimos buscando sustitutos a las palabras m\u00e1s sencillas; crean frases complicadas que explotan en descripciones floridas. Olvidan que su misi\u00f3n es comunicarse con un ni\u00f1o, el ni\u00f1o en el que todo lector se transforma al leer. Pero cuando en lugar de hablarle a ese ni\u00f1o, el escritor se enamora de c\u00f3mo lucen sus palabras impresas en la p\u00e1gina, se regodea en un lenguaje pulcro, cuidado, barroco, <strong>lo que est\u00e1 logrando es justamente el efecto contrario<\/strong>: alejarse del lector.<br>Quiz\u00e1s te haya sucedido el caso de tener entre manos una historia que no te conmueve, que no toca tu fibra \u00edntima y est\u00e1 bueno que sepas que si eso sucede es que el escritor est\u00e1 apuntando hacia otro lado, que bien puede ser demostrar su erudici\u00f3n o que se haya equivocado de g\u00e9nero y necesite escribir un ensayo o simplemente, es que no ha encontrado la voz que sea capaz de susurrar en tu o\u00eddo querido lector.<\/p>\n\n\n\n<p>Y es que las palabras por s\u00ed solas no son importantes, lo importante es c\u00f3mo se encadenan esas palabras. La mayor preocupaci\u00f3n de un maestro de escritores como <strong>Josep Pla<\/strong> era encontrar el adjetivo preciso en sus frases y purgarlas de todo lo que sobrase. As\u00ed es como el catal\u00e1n se ha convertido en un art\u00edfice, un maestro del adjetivo: <em>\u00abSi fumo es para encontrar adjetivos\u00bb,<\/em> confesaba para dar a entender que el tiempo en que dura un cigarro no era tiempo perdido sino m\u00e1s bien ganado. As\u00ed es como su novela autobiogr\u00e1fica <em>Viaje en autob\u00fas<\/em> se convierte en una obra maestra al respecto.<br>Y es que <strong>Pla<\/strong> ten\u00eda raz\u00f3n, la sobreabundancia de adjetivaci\u00f3n solo habla de pobreza de lenguaje, de grandilocuencia fatua y presumida. La adjetivaci\u00f3n calificativa, a\u00f1ade matices, denota intenciones por eso adjetivar demasiado solo aporta redundancia y para el lector sin lugar a dudas es casi un somn\u00edfero a la hora de leer.<\/p>\n\n\n\n<p>La esencia de la historia se nos va revelando tanto a lectores como a escritores. En el caso del segundo, encontrarla implica ir quitando capas con cada revisi\u00f3n hasta llegar al coraz\u00f3n de lo que realmente se le quiere contar al lector. Para ese lector, que ir\u00e1 descubriendo un mundo completo, cerrado, dentro de los l\u00edmites de una historia, y entonces sabremos que estamos dentro de una historia que nos susurra o\u00eddo.<br>Escribir tal como uno habla es lo que nunca deber\u00edamos olvidar, tanto si escribimos como si leemos. <strong>La forma propia de hablar de cada uno nos llevar\u00e1 a encontrar la voz de cada uno como escritor.<\/strong> La claridad es algo que deber\u00edamos apuntarnos como intenci\u00f3n primera. La simpleza es lo que sigue, un vocabulario sencillo despojado de falsas grandilocuencias. Luego la historia y los personajes y as\u00ed ya se tendr\u00e1 la mitad del camino recorrido.<\/p>\n\n\n\n<p><strong>P\u00e9rez Reverte <\/strong>por ejemplo, tiene una clara y aut\u00e9ntica voz de escritor. Sus descripciones est\u00e1n llenas de palabras normales, pero colocadas de manera que permiten al lector entrar en la cabeza del personaje y ver exactamente qu\u00e9 es lo que el personaje ve. El lector se siente como si estuviera all\u00ed, dentro de la historia. A las pruebas me remito con este fragmento de <em>La Piel del Tambor<\/em>:<\/p>\n\n\n\n<p><em>Se deslizaba el sol despacio sobre el Guadalquivir, sin un soplo de brisa y en la otra orilla las palmeras parec\u00edan centinelas inm\u00f3viles mont\u00e1ndole guardia a la Maestranza [&#8230;] A Don Ibrah\u00edm, sentado a la mesa del comedor, un aroma de huevos fritos con morcilla le ven\u00eda desde la cocina con la canci\u00f3n que tarareaba la Ni\u00f1a Pu\u00f1ales. [&#8230;] Aprob\u00f3 un par de veces con la cabeza el falso letrado, moviendo silenciosamente los labios bajo el mostacho para acompa\u00f1ar la letra que la Ni\u00f1a iba desgranando bajito, con su voz ronca de aguardiente mientras, rasera en mano y delantal sobre el vestido de lunares, fre\u00eda los huevos con muchas puntillas, como le gustaban a Don Ibrah\u00edm.<\/em><\/p>\n\n\n\n<p>Como lector me he sentido a orillas del Guadalquivir y hasta he sentido junto a Don Ibrah\u00edm el aroma de los huevos fritos.<\/p>\n\n\n\n<p>De ahora en m\u00e1s si como lector te sucede que est\u00e1s viviendo como propia una historia, presta atenci\u00f3n a esa voz y d\u00e9jate llevar, y si como escritor en ciernes deseas alcanzar esa excelencia, no dejes de leer y reconocerla en quienes nos precedieron como maestros de la palabra. Porque con voz, un libro se convierte en algo m\u00e1s que palabras impresas en una p\u00e1gina; se convierte en una historia. La voz, que ahora sabemos, es una compleja amalgama de voces que suenan como una sola y se convierte en esa brisa que le insufla vida y alma a un libro.<\/p>\n\n\n\n\n\n<p>Comparte la experiencia  \ud83d\ude09<br \/>\n<div class=\"heateor_sss_sharing_container heateor_sss_horizontal_sharing\" data-heateor-ss-offset=\"0\" data-heateor-sss-href='https:\/\/www.taller-palabras.com\/WordPress_06\/escritura\/voz-narrativa\/'><div class=\"heateor_sss_sharing_ul\"><a aria-label=\"Facebook\" class=\"heateor_sss_facebook\" href=\"https:\/\/www.facebook.com\/sharer\/sharer.php?u=https%3A%2F%2Fwww.taller-palabras.com%2FWordPress_06%2F%3Fp%3D2691\" title=\"Facebook\" rel=\"nofollow noopener\" target=\"_blank\" style=\"font-size:32px!important;box-shadow:none;display:inline-block;vertical-align:middle\"><span class=\"heateor_sss_svg\" style=\"background-color:#0765FE;width:34px;height:34px;border-radius:999px;display:inline-block;opacity:1;float:left;font-size:32px;box-shadow:none;display:inline-block;font-size:16px;padding:0 4px;vertical-align:middle;background-repeat:repeat;overflow:hidden;padding:0;cursor:pointer;box-sizing:content-box\"><svg style=\"display:block;border-radius:999px;\" focusable=\"false\" aria-hidden=\"true\" xmlns=\"http:\/\/www.w3.org\/2000\/svg\" width=\"100%\" height=\"100%\" viewBox=\"0 0 32 32\"><path fill=\"#fff\" d=\"M28 16c0-6.627-5.373-12-12-12S4 9.373 4 16c0 5.628 3.875 10.35 9.101 11.647v-7.98h-2.474V16H13.1v-1.58c0-4.085 1.849-5.978 5.859-5.978.76 0 2.072.15 2.608.298v3.325c-.283-.03-.775-.045-1.386-.045-1.967 0-2.728.745-2.728 2.683V16h3.92l-.673 3.667h-3.247v8.245C23.395 27.195 28 22.135 28 16Z\"><\/path><\/svg><\/span><\/a><a aria-label=\"Whatsapp\" class=\"heateor_sss_whatsapp\" href=\"https:\/\/api.whatsapp.com\/send?text=Esa%20voz%20que%20me%20susurra%20https%3A%2F%2Fwww.taller-palabras.com%2FWordPress_06%2F%3Fp%3D2691\" title=\"Whatsapp\" rel=\"nofollow noopener\" target=\"_blank\" style=\"font-size:32px!important;box-shadow:none;display:inline-block;vertical-align:middle\"><span class=\"heateor_sss_svg\" style=\"background-color:#55eb4c;width:34px;height:34px;border-radius:999px;display:inline-block;opacity:1;float:left;font-size:32px;box-shadow:none;display:inline-block;font-size:16px;padding:0 4px;vertical-align:middle;background-repeat:repeat;overflow:hidden;padding:0;cursor:pointer;box-sizing:content-box\"><svg style=\"display:block;border-radius:999px;\" focusable=\"false\" aria-hidden=\"true\" xmlns=\"http:\/\/www.w3.org\/2000\/svg\" width=\"100%\" height=\"100%\" viewBox=\"-6 -5 40 40\"><path class=\"heateor_sss_svg_stroke heateor_sss_no_fill\" stroke=\"#fff\" stroke-width=\"2\" fill=\"none\" d=\"M 11.579798566743314 24.396926207859085 A 10 10 0 1 0 6.808479557110079 20.73576436351046\"><\/path><path d=\"M 7 19 l -1 6 l 6 -1\" class=\"heateor_sss_no_fill heateor_sss_svg_stroke\" stroke=\"#fff\" stroke-width=\"2\" fill=\"none\"><\/path><path d=\"M 10 10 q -1 8 8 11 c 5 -1 0 -6 -1 -3 q -4 -3 -5 -5 c 4 -2 -1 -5 -1 -4\" fill=\"#fff\"><\/path><\/svg><\/span><\/a><a aria-label=\"Pinterest\" class=\"heateor_sss_button_pinterest\" href=\"https:\/\/www.taller-palabras.com\/WordPress_06\/?p=2691\" onclick=\"event.preventDefault();javascript:void( (function() {var e=document.createElement('script' );e.setAttribute('type','text\/javascript' );e.setAttribute('charset','UTF-8' );e.setAttribute('src','\/\/assets.pinterest.com\/js\/pinmarklet.js?r='+Math.random()*99999999);document.body.appendChild(e)})());\" title=\"Pinterest\" rel=\"noopener\" style=\"font-size:32px!important;box-shadow:none;display:inline-block;vertical-align:middle\"><span class=\"heateor_sss_svg heateor_sss_s__default heateor_sss_s_pinterest\" style=\"background-color:#cc2329;width:34px;height:34px;border-radius:999px;display:inline-block;opacity:1;float:left;font-size:32px;box-shadow:none;display:inline-block;font-size:16px;padding:0 4px;vertical-align:middle;background-repeat:repeat;overflow:hidden;padding:0;cursor:pointer;box-sizing:content-box\"><svg style=\"display:block;border-radius:999px;\" focusable=\"false\" aria-hidden=\"true\" xmlns=\"http:\/\/www.w3.org\/2000\/svg\" width=\"100%\" height=\"100%\" viewBox=\"-2 -2 35 35\"><path fill=\"#fff\" d=\"M16.539 4.5c-6.277 0-9.442 4.5-9.442 8.253 0 2.272.86 4.293 2.705 5.046.303.125.574.005.662-.33.061-.231.205-.816.27-1.06.088-.331.053-.447-.191-.736-.532-.627-.873-1.439-.873-2.591 0-3.338 2.498-6.327 6.505-6.327 3.548 0 5.497 2.168 5.497 5.062 0 3.81-1.686 7.025-4.188 7.025-1.382 0-2.416-1.142-2.085-2.545.397-1.674 1.166-3.48 1.166-4.689 0-1.081-.581-1.983-1.782-1.983-1.413 0-2.548 1.462-2.548 3.419 0 1.247.421 2.091.421 2.091l-1.699 7.199c-.505 2.137-.076 4.755-.039 5.019.021.158.223.196.314.077.13-.17 1.813-2.247 2.384-4.324.162-.587.929-3.631.929-3.631.46.876 1.801 1.646 3.227 1.646 4.247 0 7.128-3.871 7.128-9.053.003-3.918-3.317-7.568-8.361-7.568z\"\/><\/svg><\/span><\/a><a aria-label=\"Instagram\" class=\"heateor_sss_button_instagram\" href=\"https:\/\/www.instagram.com\/\" title=\"Instagram\" rel=\"nofollow noopener\" target=\"_blank\" style=\"font-size:32px!important;box-shadow:none;display:inline-block;vertical-align:middle\"><span class=\"heateor_sss_svg\" style=\"background-color:#53beee;width:34px;height:34px;border-radius:999px;display:inline-block;opacity:1;float:left;font-size:32px;box-shadow:none;display:inline-block;font-size:16px;padding:0 4px;vertical-align:middle;background-repeat:repeat;overflow:hidden;padding:0;cursor:pointer;box-sizing:content-box\"><svg style=\"display:block;border-radius:999px;\" version=\"1.1\" viewBox=\"-10 -10 148 148\" width=\"100%\" height=\"100%\" xml:space=\"preserve\" xmlns=\"http:\/\/www.w3.org\/2000\/svg\" xmlns:xlink=\"http:\/\/www.w3.org\/1999\/xlink\"><g><g><path d=\"M86,112H42c-14.336,0-26-11.663-26-26V42c0-14.337,11.664-26,26-26h44c14.337,0,26,11.663,26,26v44 C112,100.337,100.337,112,86,112z M42,24c-9.925,0-18,8.074-18,18v44c0,9.925,8.075,18,18,18h44c9.926,0,18-8.075,18-18V42 c0-9.926-8.074-18-18-18H42z\" fill=\"#fff\"><\/path><\/g><g><path d=\"M64,88c-13.234,0-24-10.767-24-24c0-13.234,10.766-24,24-24s24,10.766,24,24C88,77.233,77.234,88,64,88z M64,48c-8.822,0-16,7.178-16,16s7.178,16,16,16c8.822,0,16-7.178,16-16S72.822,48,64,48z\" fill=\"#fff\"><\/path><\/g><g><circle cx=\"89.5\" cy=\"38.5\" fill=\"#fff\" r=\"5.5\"><\/circle><\/g><\/g><\/svg><\/span><\/a><a aria-label=\"X\" class=\"heateor_sss_button_x\" href=\"https:\/\/twitter.com\/intent\/tweet?text=Esa%20voz%20que%20me%20susurra&url=https%3A%2F%2Fwww.taller-palabras.com%2FWordPress_06%2F%3Fp%3D2691\" title=\"X\" rel=\"nofollow noopener\" target=\"_blank\" style=\"font-size:32px!important;box-shadow:none;display:inline-block;vertical-align:middle\"><span class=\"heateor_sss_svg heateor_sss_s__default heateor_sss_s_x\" style=\"background-color:#2a2a2a;width:34px;height:34px;border-radius:999px;display:inline-block;opacity:1;float:left;font-size:32px;box-shadow:none;display:inline-block;font-size:16px;padding:0 4px;vertical-align:middle;background-repeat:repeat;overflow:hidden;padding:0;cursor:pointer;box-sizing:content-box\"><svg width=\"100%\" height=\"100%\" style=\"display:block;border-radius:999px;\" focusable=\"false\" aria-hidden=\"true\" xmlns=\"http:\/\/www.w3.org\/2000\/svg\" viewBox=\"0 0 32 32\"><path fill=\"#fff\" d=\"M21.751 7h3.067l-6.7 7.658L26 25.078h-6.172l-4.833-6.32-5.531 6.32h-3.07l7.167-8.19L6 7h6.328l4.37 5.777L21.75 7Zm-1.076 16.242h1.7L11.404 8.74H9.58l11.094 14.503Z\"><\/path><\/svg><\/span><\/a><a aria-label=\"Linkedin\" class=\"heateor_sss_button_linkedin\" href=\"https:\/\/www.linkedin.com\/sharing\/share-offsite\/?url=https%3A%2F%2Fwww.taller-palabras.com%2FWordPress_06%2F%3Fp%3D2691\" title=\"Linkedin\" rel=\"nofollow noopener\" target=\"_blank\" style=\"font-size:32px!important;box-shadow:none;display:inline-block;vertical-align:middle\"><span class=\"heateor_sss_svg heateor_sss_s__default heateor_sss_s_linkedin\" style=\"background-color:#0077b5;width:34px;height:34px;border-radius:999px;display:inline-block;opacity:1;float:left;font-size:32px;box-shadow:none;display:inline-block;font-size:16px;padding:0 4px;vertical-align:middle;background-repeat:repeat;overflow:hidden;padding:0;cursor:pointer;box-sizing:content-box\"><svg style=\"display:block;border-radius:999px;\" focusable=\"false\" aria-hidden=\"true\" xmlns=\"http:\/\/www.w3.org\/2000\/svg\" width=\"100%\" height=\"100%\" viewBox=\"0 0 32 32\"><path d=\"M6.227 12.61h4.19v13.48h-4.19V12.61zm2.095-6.7a2.43 2.43 0 0 1 0 4.86c-1.344 0-2.428-1.09-2.428-2.43s1.084-2.43 2.428-2.43m4.72 6.7h4.02v1.84h.058c.56-1.058 1.927-2.176 3.965-2.176 4.238 0 5.02 2.792 5.02 6.42v7.395h-4.183v-6.56c0-1.564-.03-3.574-2.178-3.574-2.18 0-2.514 1.7-2.514 3.46v6.668h-4.187V12.61z\" fill=\"#fff\"><\/path><\/svg><\/span><\/a><\/div><div class=\"heateorSssClear\"><\/div><\/div><\/p>\n\n\n\n<hr class=\"wp-block-separator has-alpha-channel-opacity\"\/>\n\n\n\n<h3 class=\"wp-block-heading\">Libros en el art\u00edculo<\/h3>\n\n\n\n<ul class=\"wp-block-list\" style=\"font-size:17px\">\n<li><strong><a href=\"https:\/\/www.taller-palabras.com\/WordPress_04\/producto\/la-piel-del-tambor-arturo-perez-reverte-ebook\" target=\"_blank\" rel=\"noreferrer noopener\">La piel del tambor<\/a><\/strong> &#8211; Arturo P\u00e9rez Reverte<\/li>\n\n\n\n<li><strong><a href=\"https:\/\/www.taller-palabras.com\/WordPress_04\/producto\/viaje-en-autobus-josep-pla-i-casadevall-ebook\" target=\"_blank\" rel=\"noreferrer noopener\">Viaje en autob\u00fas<\/a><\/strong> &#8211; Josep Pla i Casadevall<\/li>\n<\/ul>\n\n\n\n<hr class=\"wp-block-separator has-alpha-channel-opacity\"\/>\n\n\n\n<h4 class=\"wp-block-heading\" id=\"cursos-de-formacion-via-email-en\">Cursos de Formaci\u00f3n v\u00eda email en<br><a href=\"https:\/\/taller-palabras.com\/cursos.html\" target=\"_blank\" rel=\"noreferrer noopener\">Escritura Creativa<\/a><\/h4>\n\n\n\n<hr class=\"wp-block-separator has-alpha-channel-opacity\"\/>\n\n\n\n<h4 class=\"wp-block-heading\">Servicios Editoriales<\/h4>\n\n\n\n<h4 class=\"wp-block-heading\" id=\"taller-literario-online\"><a href=\"https:\/\/taller-palabras.com\/servicios.html\" target=\"_blank\" rel=\"noreferrer noopener\">Servicio de correcci\u00f3n literaria<br>Servicio de edici\u00f3n gr\u00e1fica<br>Servicio de publicaci\u00f3n<\/a><\/h4>\n\n\n\n<hr class=\"wp-block-separator has-alpha-channel-opacity\"\/>\n\n\n\n<h4 class=\"wp-block-heading\">Servicio Editorial<\/h4>\n\n\n\n<h4 class=\"wp-block-heading\"><a href=\"https:\/\/taller-palabras.com\/servicios.html\" target=\"_blank\" rel=\"noreferrer noopener\">Edici\u00f3n y Programaci\u00f3n Digital<\/a><\/h4>\n\n\n\n<hr class=\"wp-block-separator has-alpha-channel-opacity\"\/>\n","protected":false},"excerpt":{"rendered":"<p>Es importante que no confundamos narrador con autor, puesto que sus voces son diferentes&#8230;<\/p>\n","protected":false},"author":83,"featured_media":2692,"comment_status":"closed","ping_status":"open","sticky":false,"template":"","format":"standard","meta":{"footnotes":""},"categories":[18,17],"tags":[40,77,36],"class_list":["post-2691","post","type-post","status-publish","format-standard","has-post-thumbnail","hentry","category-escritura","category-lectura","tag-escritura-creativa","tag-estudios-de-escritura","tag-lectura"],"yoast_head":"<!-- This site is optimized with the Yoast SEO plugin v27.4 - https:\/\/yoast.com\/product\/yoast-seo-wordpress\/ -->\n<title>Esa voz que me susurra - Red Literaria<\/title>\n<meta name=\"description\" content=\"Al leer o al escribir ficci\u00f3n, es importante que no confundamos narrador con autor, puesto que sus voces son diferentes...\" \/>\n<meta name=\"robots\" content=\"index, follow, max-snippet:-1, max-image-preview:large, max-video-preview:-1\" \/>\n<link rel=\"canonical\" href=\"https:\/\/www.taller-palabras.com\/WordPress_06\/escritura\/voz-narrativa\/\" \/>\n<meta property=\"og:locale\" content=\"es_ES\" \/>\n<meta property=\"og:type\" content=\"article\" \/>\n<meta property=\"og:title\" content=\"Esa voz que me susurra - Red Literaria\" \/>\n<meta property=\"og:description\" content=\"Al leer o al escribir ficci\u00f3n, es importante que no confundamos narrador con autor, puesto que sus voces son diferentes...\" \/>\n<meta property=\"og:url\" content=\"https:\/\/www.taller-palabras.com\/WordPress_06\/escritura\/voz-narrativa\/\" \/>\n<meta property=\"og:site_name\" content=\"Red Literaria\" \/>\n<meta property=\"article:publisher\" content=\"https:\/\/www.facebook.com\/profile.php?id=100001537279728\" \/>\n<meta property=\"article:published_time\" content=\"2023-10-02T22:03:09+00:00\" \/>\n<meta property=\"article:modified_time\" content=\"2023-10-08T16:53:06+00:00\" \/>\n<meta property=\"og:image\" content=\"https:\/\/www.taller-palabras.com\/WordPress_06\/wp-content\/uploads\/2022\/08\/oreja.jpg\" \/>\n\t<meta property=\"og:image:width\" content=\"287\" \/>\n\t<meta property=\"og:image:height\" content=\"175\" \/>\n\t<meta property=\"og:image:type\" content=\"image\/jpeg\" \/>\n<meta name=\"author\" content=\"Patricia M\u00f3nica Miranda Alonso\" \/>\n<meta name=\"twitter:card\" content=\"summary_large_image\" \/>\n<meta name=\"twitter:label1\" content=\"Escrito por\" \/>\n\t<meta name=\"twitter:data1\" content=\"Patricia M\u00f3nica Miranda Alonso\" \/>\n\t<meta name=\"twitter:label2\" content=\"Tiempo de lectura\" \/>\n\t<meta name=\"twitter:data2\" content=\"7 minutos\" \/>\n<script type=\"application\/ld+json\" class=\"yoast-schema-graph\">{\"@context\":\"https:\\\/\\\/schema.org\",\"@graph\":[{\"@type\":\"NewsArticle\",\"@id\":\"https:\\\/\\\/www.taller-palabras.com\\\/WordPress_06\\\/escritura\\\/voz-narrativa\\\/#article\",\"isPartOf\":{\"@id\":\"https:\\\/\\\/www.taller-palabras.com\\\/WordPress_06\\\/escritura\\\/voz-narrativa\\\/\"},\"author\":{\"name\":\"Patricia M\u00f3nica Miranda Alonso\",\"@id\":\"https:\\\/\\\/www.taller-palabras.com\\\/WordPress_06\\\/#\\\/schema\\\/person\\\/a774f3e56bddd007723be732994cadd4\"},\"headline\":\"Esa voz que me susurra\",\"datePublished\":\"2023-10-02T22:03:09+00:00\",\"dateModified\":\"2023-10-08T16:53:06+00:00\",\"mainEntityOfPage\":{\"@id\":\"https:\\\/\\\/www.taller-palabras.com\\\/WordPress_06\\\/escritura\\\/voz-narrativa\\\/\"},\"wordCount\":1552,\"publisher\":{\"@id\":\"https:\\\/\\\/www.taller-palabras.com\\\/WordPress_06\\\/#organization\"},\"image\":{\"@id\":\"https:\\\/\\\/www.taller-palabras.com\\\/WordPress_06\\\/escritura\\\/voz-narrativa\\\/#primaryimage\"},\"thumbnailUrl\":\"https:\\\/\\\/www.taller-palabras.com\\\/WordPress_06\\\/wp-content\\\/uploads\\\/2022\\\/08\\\/oreja.jpg\",\"keywords\":[\"escritura creativa\",\"Estudios de Escritura\",\"lectura\"],\"articleSection\":[\"Escritura\",\"Lectura\"],\"inLanguage\":\"es\"},{\"@type\":[\"WebPage\",\"ItemPage\"],\"@id\":\"https:\\\/\\\/www.taller-palabras.com\\\/WordPress_06\\\/escritura\\\/voz-narrativa\\\/\",\"url\":\"https:\\\/\\\/www.taller-palabras.com\\\/WordPress_06\\\/escritura\\\/voz-narrativa\\\/\",\"name\":\"Esa voz que me susurra - Red Literaria\",\"isPartOf\":{\"@id\":\"https:\\\/\\\/www.taller-palabras.com\\\/WordPress_06\\\/#website\"},\"primaryImageOfPage\":{\"@id\":\"https:\\\/\\\/www.taller-palabras.com\\\/WordPress_06\\\/escritura\\\/voz-narrativa\\\/#primaryimage\"},\"image\":{\"@id\":\"https:\\\/\\\/www.taller-palabras.com\\\/WordPress_06\\\/escritura\\\/voz-narrativa\\\/#primaryimage\"},\"thumbnailUrl\":\"https:\\\/\\\/www.taller-palabras.com\\\/WordPress_06\\\/wp-content\\\/uploads\\\/2022\\\/08\\\/oreja.jpg\",\"datePublished\":\"2023-10-02T22:03:09+00:00\",\"dateModified\":\"2023-10-08T16:53:06+00:00\",\"description\":\"Al leer o al escribir ficci\u00f3n, es importante que no confundamos narrador con autor, puesto que sus voces son diferentes...\",\"breadcrumb\":{\"@id\":\"https:\\\/\\\/www.taller-palabras.com\\\/WordPress_06\\\/escritura\\\/voz-narrativa\\\/#breadcrumb\"},\"inLanguage\":\"es\",\"potentialAction\":[{\"@type\":\"ReadAction\",\"target\":[\"https:\\\/\\\/www.taller-palabras.com\\\/WordPress_06\\\/escritura\\\/voz-narrativa\\\/\"]}]},{\"@type\":\"ImageObject\",\"inLanguage\":\"es\",\"@id\":\"https:\\\/\\\/www.taller-palabras.com\\\/WordPress_06\\\/escritura\\\/voz-narrativa\\\/#primaryimage\",\"url\":\"https:\\\/\\\/www.taller-palabras.com\\\/WordPress_06\\\/wp-content\\\/uploads\\\/2022\\\/08\\\/oreja.jpg\",\"contentUrl\":\"https:\\\/\\\/www.taller-palabras.com\\\/WordPress_06\\\/wp-content\\\/uploads\\\/2022\\\/08\\\/oreja.jpg\",\"width\":287,\"height\":175},{\"@type\":\"BreadcrumbList\",\"@id\":\"https:\\\/\\\/www.taller-palabras.com\\\/WordPress_06\\\/escritura\\\/voz-narrativa\\\/#breadcrumb\",\"itemListElement\":[{\"@type\":\"ListItem\",\"position\":1,\"name\":\"Portada\",\"item\":\"https:\\\/\\\/www.taller-palabras.com\\\/WordPress_06\\\/\"},{\"@type\":\"ListItem\",\"position\":2,\"name\":\"Esa voz que me susurra\"}]},{\"@type\":\"WebSite\",\"@id\":\"https:\\\/\\\/www.taller-palabras.com\\\/WordPress_06\\\/#website\",\"url\":\"https:\\\/\\\/www.taller-palabras.com\\\/WordPress_06\\\/\",\"name\":\"Red Literaria\",\"description\":\"Red de lectura y escritura\",\"publisher\":{\"@id\":\"https:\\\/\\\/www.taller-palabras.com\\\/WordPress_06\\\/#organization\"},\"potentialAction\":[{\"@type\":\"SearchAction\",\"target\":{\"@type\":\"EntryPoint\",\"urlTemplate\":\"https:\\\/\\\/www.taller-palabras.com\\\/WordPress_06\\\/?s={search_term_string}\"},\"query-input\":{\"@type\":\"PropertyValueSpecification\",\"valueRequired\":true,\"valueName\":\"search_term_string\"}}],\"inLanguage\":\"es\"},{\"@type\":\"Organization\",\"@id\":\"https:\\\/\\\/www.taller-palabras.com\\\/WordPress_06\\\/#organization\",\"name\":\"Redescribir\",\"url\":\"https:\\\/\\\/www.taller-palabras.com\\\/WordPress_06\\\/\",\"logo\":{\"@type\":\"ImageObject\",\"inLanguage\":\"es\",\"@id\":\"https:\\\/\\\/www.taller-palabras.com\\\/WordPress_06\\\/#\\\/schema\\\/logo\\\/image\\\/\",\"url\":\"https:\\\/\\\/www.taller-palabras.com\\\/WordPress_06\\\/wp-content\\\/uploads\\\/2021\\\/07\\\/redactar_icon.png\",\"contentUrl\":\"https:\\\/\\\/www.taller-palabras.com\\\/WordPress_06\\\/wp-content\\\/uploads\\\/2021\\\/07\\\/redactar_icon.png\",\"width\":25,\"height\":25,\"caption\":\"Redescribir\"},\"image\":{\"@id\":\"https:\\\/\\\/www.taller-palabras.com\\\/WordPress_06\\\/#\\\/schema\\\/logo\\\/image\\\/\"},\"sameAs\":[\"https:\\\/\\\/www.facebook.com\\\/profile.php?id=100001537279728\"]},{\"@type\":\"Person\",\"@id\":\"https:\\\/\\\/www.taller-palabras.com\\\/WordPress_06\\\/#\\\/schema\\\/person\\\/a774f3e56bddd007723be732994cadd4\",\"name\":\"Patricia M\u00f3nica Miranda Alonso\",\"description\":\"Profesora de escritura creativa y coordinadora de talleres literarios, editora y correctora literaria, rese\u00f1adora y cr\u00edtica literaria.\",\"sameAs\":[\"https:\\\/\\\/www.taller-palabras.com\"],\"url\":\"https:\\\/\\\/www.taller-palabras.com\\\/WordPress_06\\\/author\\\/patricia\\\/\"}]}<\/script>\n<!-- \/ Yoast SEO plugin. -->","yoast_head_json":{"title":"Esa voz que me susurra - Red Literaria","description":"Al leer o al escribir ficci\u00f3n, es importante que no confundamos narrador con autor, puesto que sus voces son diferentes...","robots":{"index":"index","follow":"follow","max-snippet":"max-snippet:-1","max-image-preview":"max-image-preview:large","max-video-preview":"max-video-preview:-1"},"canonical":"https:\/\/www.taller-palabras.com\/WordPress_06\/escritura\/voz-narrativa\/","og_locale":"es_ES","og_type":"article","og_title":"Esa voz que me susurra - Red Literaria","og_description":"Al leer o al escribir ficci\u00f3n, es importante que no confundamos narrador con autor, puesto que sus voces son diferentes...","og_url":"https:\/\/www.taller-palabras.com\/WordPress_06\/escritura\/voz-narrativa\/","og_site_name":"Red Literaria","article_publisher":"https:\/\/www.facebook.com\/profile.php?id=100001537279728","article_published_time":"2023-10-02T22:03:09+00:00","article_modified_time":"2023-10-08T16:53:06+00:00","og_image":[{"width":287,"height":175,"url":"https:\/\/www.taller-palabras.com\/WordPress_06\/wp-content\/uploads\/2022\/08\/oreja.jpg","type":"image\/jpeg"}],"author":"Patricia M\u00f3nica Miranda Alonso","twitter_card":"summary_large_image","twitter_misc":{"Escrito por":"Patricia M\u00f3nica Miranda Alonso","Tiempo de lectura":"7 minutos"},"schema":{"@context":"https:\/\/schema.org","@graph":[{"@type":"NewsArticle","@id":"https:\/\/www.taller-palabras.com\/WordPress_06\/escritura\/voz-narrativa\/#article","isPartOf":{"@id":"https:\/\/www.taller-palabras.com\/WordPress_06\/escritura\/voz-narrativa\/"},"author":{"name":"Patricia M\u00f3nica Miranda Alonso","@id":"https:\/\/www.taller-palabras.com\/WordPress_06\/#\/schema\/person\/a774f3e56bddd007723be732994cadd4"},"headline":"Esa voz que me susurra","datePublished":"2023-10-02T22:03:09+00:00","dateModified":"2023-10-08T16:53:06+00:00","mainEntityOfPage":{"@id":"https:\/\/www.taller-palabras.com\/WordPress_06\/escritura\/voz-narrativa\/"},"wordCount":1552,"publisher":{"@id":"https:\/\/www.taller-palabras.com\/WordPress_06\/#organization"},"image":{"@id":"https:\/\/www.taller-palabras.com\/WordPress_06\/escritura\/voz-narrativa\/#primaryimage"},"thumbnailUrl":"https:\/\/www.taller-palabras.com\/WordPress_06\/wp-content\/uploads\/2022\/08\/oreja.jpg","keywords":["escritura creativa","Estudios de Escritura","lectura"],"articleSection":["Escritura","Lectura"],"inLanguage":"es"},{"@type":["WebPage","ItemPage"],"@id":"https:\/\/www.taller-palabras.com\/WordPress_06\/escritura\/voz-narrativa\/","url":"https:\/\/www.taller-palabras.com\/WordPress_06\/escritura\/voz-narrativa\/","name":"Esa voz que me susurra - Red Literaria","isPartOf":{"@id":"https:\/\/www.taller-palabras.com\/WordPress_06\/#website"},"primaryImageOfPage":{"@id":"https:\/\/www.taller-palabras.com\/WordPress_06\/escritura\/voz-narrativa\/#primaryimage"},"image":{"@id":"https:\/\/www.taller-palabras.com\/WordPress_06\/escritura\/voz-narrativa\/#primaryimage"},"thumbnailUrl":"https:\/\/www.taller-palabras.com\/WordPress_06\/wp-content\/uploads\/2022\/08\/oreja.jpg","datePublished":"2023-10-02T22:03:09+00:00","dateModified":"2023-10-08T16:53:06+00:00","description":"Al leer o al escribir ficci\u00f3n, es importante que no confundamos narrador con autor, puesto que sus voces son diferentes...","breadcrumb":{"@id":"https:\/\/www.taller-palabras.com\/WordPress_06\/escritura\/voz-narrativa\/#breadcrumb"},"inLanguage":"es","potentialAction":[{"@type":"ReadAction","target":["https:\/\/www.taller-palabras.com\/WordPress_06\/escritura\/voz-narrativa\/"]}]},{"@type":"ImageObject","inLanguage":"es","@id":"https:\/\/www.taller-palabras.com\/WordPress_06\/escritura\/voz-narrativa\/#primaryimage","url":"https:\/\/www.taller-palabras.com\/WordPress_06\/wp-content\/uploads\/2022\/08\/oreja.jpg","contentUrl":"https:\/\/www.taller-palabras.com\/WordPress_06\/wp-content\/uploads\/2022\/08\/oreja.jpg","width":287,"height":175},{"@type":"BreadcrumbList","@id":"https:\/\/www.taller-palabras.com\/WordPress_06\/escritura\/voz-narrativa\/#breadcrumb","itemListElement":[{"@type":"ListItem","position":1,"name":"Portada","item":"https:\/\/www.taller-palabras.com\/WordPress_06\/"},{"@type":"ListItem","position":2,"name":"Esa voz que me susurra"}]},{"@type":"WebSite","@id":"https:\/\/www.taller-palabras.com\/WordPress_06\/#website","url":"https:\/\/www.taller-palabras.com\/WordPress_06\/","name":"Red Literaria","description":"Red de lectura y escritura","publisher":{"@id":"https:\/\/www.taller-palabras.com\/WordPress_06\/#organization"},"potentialAction":[{"@type":"SearchAction","target":{"@type":"EntryPoint","urlTemplate":"https:\/\/www.taller-palabras.com\/WordPress_06\/?s={search_term_string}"},"query-input":{"@type":"PropertyValueSpecification","valueRequired":true,"valueName":"search_term_string"}}],"inLanguage":"es"},{"@type":"Organization","@id":"https:\/\/www.taller-palabras.com\/WordPress_06\/#organization","name":"Redescribir","url":"https:\/\/www.taller-palabras.com\/WordPress_06\/","logo":{"@type":"ImageObject","inLanguage":"es","@id":"https:\/\/www.taller-palabras.com\/WordPress_06\/#\/schema\/logo\/image\/","url":"https:\/\/www.taller-palabras.com\/WordPress_06\/wp-content\/uploads\/2021\/07\/redactar_icon.png","contentUrl":"https:\/\/www.taller-palabras.com\/WordPress_06\/wp-content\/uploads\/2021\/07\/redactar_icon.png","width":25,"height":25,"caption":"Redescribir"},"image":{"@id":"https:\/\/www.taller-palabras.com\/WordPress_06\/#\/schema\/logo\/image\/"},"sameAs":["https:\/\/www.facebook.com\/profile.php?id=100001537279728"]},{"@type":"Person","@id":"https:\/\/www.taller-palabras.com\/WordPress_06\/#\/schema\/person\/a774f3e56bddd007723be732994cadd4","name":"Patricia M\u00f3nica Miranda Alonso","description":"Profesora de escritura creativa y coordinadora de talleres literarios, editora y correctora literaria, rese\u00f1adora y cr\u00edtica literaria.","sameAs":["https:\/\/www.taller-palabras.com"],"url":"https:\/\/www.taller-palabras.com\/WordPress_06\/author\/patricia\/"}]}},"_links":{"self":[{"href":"https:\/\/www.taller-palabras.com\/WordPress_06\/wp-json\/wp\/v2\/posts\/2691","targetHints":{"allow":["GET"]}}],"collection":[{"href":"https:\/\/www.taller-palabras.com\/WordPress_06\/wp-json\/wp\/v2\/posts"}],"about":[{"href":"https:\/\/www.taller-palabras.com\/WordPress_06\/wp-json\/wp\/v2\/types\/post"}],"author":[{"embeddable":true,"href":"https:\/\/www.taller-palabras.com\/WordPress_06\/wp-json\/wp\/v2\/users\/83"}],"replies":[{"embeddable":true,"href":"https:\/\/www.taller-palabras.com\/WordPress_06\/wp-json\/wp\/v2\/comments?post=2691"}],"version-history":[{"count":4,"href":"https:\/\/www.taller-palabras.com\/WordPress_06\/wp-json\/wp\/v2\/posts\/2691\/revisions"}],"predecessor-version":[{"id":2978,"href":"https:\/\/www.taller-palabras.com\/WordPress_06\/wp-json\/wp\/v2\/posts\/2691\/revisions\/2978"}],"wp:featuredmedia":[{"embeddable":true,"href":"https:\/\/www.taller-palabras.com\/WordPress_06\/wp-json\/wp\/v2\/media\/2692"}],"wp:attachment":[{"href":"https:\/\/www.taller-palabras.com\/WordPress_06\/wp-json\/wp\/v2\/media?parent=2691"}],"wp:term":[{"taxonomy":"category","embeddable":true,"href":"https:\/\/www.taller-palabras.com\/WordPress_06\/wp-json\/wp\/v2\/categories?post=2691"},{"taxonomy":"post_tag","embeddable":true,"href":"https:\/\/www.taller-palabras.com\/WordPress_06\/wp-json\/wp\/v2\/tags?post=2691"}],"curies":[{"name":"wp","href":"https:\/\/api.w.org\/{rel}","templated":true}]}}