{"id":2783,"date":"2023-10-02T19:04:18","date_gmt":"2023-10-02T22:04:18","guid":{"rendered":"https:\/\/www.taller-palabras.com\/WordPress_06\/?p=2783"},"modified":"2023-10-08T13:50:51","modified_gmt":"2023-10-08T16:50:51","slug":"por-que-escribo","status":"publish","type":"post","link":"https:\/\/www.taller-palabras.com\/WordPress_06\/escritura\/por-que-escribo\/","title":{"rendered":"Nada es porque s\u00ed"},"content":{"rendered":"\n<p>Cuando se le pregunta a alguien si le gusta escribir y qu\u00e9 escribe, la respuesta abarca los m\u00e1s variados t\u00f3picos. Muchos entender\u00e1n la pregunta en el inevitable sentido de escribir cuentos poemas, novelas. Otro pensar\u00e1 en cartas, ensayos, manuscritos, notas. Todos concluiremos diciendo que quien m\u00e1s quien menos todos escribimos, que sin duda nos gustar\u00eda a muchos de nosotros hacerlo de una manera m\u00e1s profesional esa ser\u00eda la respuesta de quien est\u00e1 comprometido verdaderamente con la literatura, con el arte de escribir. Lo cierto es que escribir suele ser al comienzo una aventura, m\u00e1s tarde un desaf\u00edo y con el tiempo una necesidad. A nuestro Taller de escritura llegan todo ese abanico de escritores y muchos m\u00e1s. La pregunta es una sola: \u00bfpor qu\u00e9 escribir? \u00bfLas respuestas? Tantas como escritores hay. Para saber, para conocer, para amar y que te amen, por vivir otras vidas o revivir la propia, porque nunca se acaba de escribir bien, para sentirse vivo, porque no se puede vivir de otra manera, porque, al fin y al cabo, en el principio fue la palabra. Seguramente conocer\u00e1n a <strong>Georges Orwell<\/strong> aunque no s\u00e9 si sabr\u00e1n su respuesta a la pregunta que hoy nos convoca, all\u00e1 va: \u201c<em>Cuando me siento a escribir un libro, no me digo: Voy a producir una obra de arte. Lo escribo porque deseo exponer alguna mentira, o alg\u00fan hecho sobre el que quiero llamar la atenci\u00f3n, y lo que me preocupa es ser escuchado\u201d.<\/em><\/p>\n\n\n\n<p>Es muy com\u00fan pensar que un escritor es como alguien tocado por la gracia, un ser que por una especie de mandato divino cuando toma la pluma o el teclado de una computadora hace surgir cuentos, poemas y novelas, como por arte de magia, sin trabajo alguno.<br>Nada m\u00e1s equivocado: los escritores tienen, como en cualquier oficio, tambi\u00e9n un arduo trabajo para escribir. Se hacen amigos o se pelean con la gram\u00e1tica, pero la estudian, por lo general a partir de los cl\u00e1sicos de nuestra lengua. Ellos leen, leen mucho, releen, como una pr\u00e1ctica \u00edntimamente relacionada con la escritura.<br>Menos com\u00fan, salvo que uno se dedique al arte de escribir, es preguntarse \u00bfPor qu\u00e9 escribo?<br>Escribir es un camino para aprender, no una demostraci\u00f3n de lo aprendido. Escribir es un proceso importante, no meramente un producto.<br>La experiencia de escribir y aprender es efectiva, deja una huella real, cuando afecta el conocimiento, las habilidades y las creencias del que escribe en su experiencia pasada y presente. Esto deber\u00eda ocurrir durante el proceso de escribir. M\u00e1s tarde, al mostrar lo escrito, al discutirlo con maestros, se avanza hacia una realidad mayor, y luego se pasa al momento que nuestro escrito afecta a un lector o a una audiencia mayor, es decir, que el producto tiene una influencia en el pensamiento de otros.<\/p>\n\n\n\n<p>Leer a Vargas llosa es siempre una experiencia vivificante, se renueva historia tras historia. Pero, \u00bfsabe <strong>Vargas Llosa<\/strong> por qu\u00e9 escribe? A sus palabras me remito: <em>Creo que el novelista es ante todo aquel que no est\u00e1 satisfecho con la realidad, aquel hombre que tiene con el mundo una relaci\u00f3n viciada, un hombre que por alguna raz\u00f3n, en determinado momento de su vida, ha sentido que surg\u00eda entre \u00e9l y la realidad una especie de desacuerdo, de incompatibilidad. Si estuviera satisfecho, si se sintiera reconciliado con el mundo, si la realidad lo colmara, es evidente que no intentar\u00eda esa empresa de crear nuevas realidades, de crear realidades imaginarias y ficticias.<\/em><br><em>As\u00ed, la primera comprobaci\u00f3n que har\u00eda yo desde el punto de vista del novelista es la de que ese hombre es un rebelde, es un hombre en desacuerdo con su sociedad, con su tiempo, o con su clase, un hombre que no est\u00e1 satisfecho con el mundo.<\/em><\/p>\n\n\n\n<p>La respuesta de \u00bfPor qu\u00e9 escribimos? puede ser un disparador para escribir. Y hay tantas respuestas como escritores, vaya solo una muestra:<\/p>\n\n\n\n<ul class=\"wp-block-list\"><li>Para divertirse, para jugar con las palabras, ordenarlas, desordenarlas.<\/li><li>Para ser eterno.<\/li><li>Para comprenderse a uno mismo. Porque verbalmente no se consigue decir lo que desea o se siente. Adem\u00e1s, lo escrito se puede rectificar, lo oral no.<\/li><li>Para corregir la vida de uno.<\/li><li>Para completar o inventar los mundos que dese\u00e1bamos tener o no tuvimos. Reconstruimos en la p\u00e1gina lo que no hemos podido vivir.<\/li><li>Para comunicarnos. En este sentido, se implica al lector. Suele suceder que un relato, un poema, una par\u00e1bola, le revelan al lector algo que para \u00e9l mismo permaneci\u00f3 oculto hasta el momento de la lectura.<\/li><li>Para resolver conflictos. Escribir es una actividad semejante a so\u00f1ar.<br>Contaba Freud, cuando investigaba el mundo de los sue\u00f1os, que hab\u00eda una vez un pueblo en el que todos los hombres estaban enamorados de la misma mujer. Hasta que un d\u00eda, uno de ellos, un hombrecillo diminuto amaneci\u00f3 diciendo que se sent\u00eda liberado de esa obsesi\u00f3n. Al preguntarle sus vecinos c\u00f3mo lo hab\u00eda conseguido, les respondi\u00f3 que esa noche hab\u00eda so\u00f1ado que la mujer lo amaba. As\u00ed fue como el hombrecillo resolvi\u00f3 el conflicto. Con la escritura podemos lograr id\u00e9nticos resultados.<\/li><\/ul>\n\n\n\n<p>Sucede que el acto de escribir tambi\u00e9n puede llevar impl\u00edcita una raz\u00f3n sublime, <strong>la de aprender.<\/strong><br>Si escribir sirve para aprender, podemos aprender de la escritura escribiendo sobre c\u00f3mo y por qu\u00e9 se escribe. M\u00e1s bien se trata de explorar nuestras opiniones, nuestras actitudes y los sentimientos que poseemos sobre la escritura; incluso se trata de encontrarlos si no los tenemos claros. Tomar conciencia de que la realidad es \u00fatil como realidad s\u00f3lo para comprender ciertas y determinadas cosas, aquellas que merecen mi atenci\u00f3n en el momento de la reflexi\u00f3n. Por \u00faltimo y con la escritura como medio, llegamos a comprendernos mejor a nosotros mismos y llegamos a explicaciones de ciertos hechos que de otra manera parecer\u00edan absurdas. Si est\u00e1s en ese apasionante camino de escribir, en alg\u00fan momento deja de lado las teclas, la lapicera, el l\u00e1piz o lo que sea aquello con lo cual escribes. Si\u00e9ntate bajo un \u00e1rbol, frente al mar, en la cima de una monta\u00f1a, en tu caf\u00e9 favorito. Y preg\u00fantate, \u00bfpor qu\u00e9 escribo? Escucha tu mente pero tambi\u00e9n tus sentimientos, d\u00e9jate guiar por la raz\u00f3n pero sobre todo por el coraz\u00f3n. <br>Y si a\u00fan as\u00ed no hallas respuesta, vuelve a las teclas, al l\u00e1piz, a la lapicera y simplemente\u2026 escribe.<\/p>\n\n\n\n\n\n<p>Comparte la experiencia  \ud83d\ude09<br \/>\n<div class=\"heateor_sss_sharing_container heateor_sss_horizontal_sharing\" data-heateor-ss-offset=\"0\" data-heateor-sss-href='https:\/\/www.taller-palabras.com\/WordPress_06\/escritura\/por-que-escribo\/'><div class=\"heateor_sss_sharing_ul\"><a aria-label=\"Facebook\" class=\"heateor_sss_facebook\" href=\"https:\/\/www.facebook.com\/sharer\/sharer.php?u=https%3A%2F%2Fwww.taller-palabras.com%2FWordPress_06%2F%3Fp%3D2783\" title=\"Facebook\" rel=\"nofollow noopener\" target=\"_blank\" style=\"font-size:32px!important;box-shadow:none;display:inline-block;vertical-align:middle\"><span class=\"heateor_sss_svg\" style=\"background-color:#0765FE;width:34px;height:34px;border-radius:999px;display:inline-block;opacity:1;float:left;font-size:32px;box-shadow:none;display:inline-block;font-size:16px;padding:0 4px;vertical-align:middle;background-repeat:repeat;overflow:hidden;padding:0;cursor:pointer;box-sizing:content-box\"><svg style=\"display:block;border-radius:999px;\" focusable=\"false\" aria-hidden=\"true\" xmlns=\"http:\/\/www.w3.org\/2000\/svg\" width=\"100%\" height=\"100%\" viewBox=\"0 0 32 32\"><path fill=\"#fff\" d=\"M28 16c0-6.627-5.373-12-12-12S4 9.373 4 16c0 5.628 3.875 10.35 9.101 11.647v-7.98h-2.474V16H13.1v-1.58c0-4.085 1.849-5.978 5.859-5.978.76 0 2.072.15 2.608.298v3.325c-.283-.03-.775-.045-1.386-.045-1.967 0-2.728.745-2.728 2.683V16h3.92l-.673 3.667h-3.247v8.245C23.395 27.195 28 22.135 28 16Z\"><\/path><\/svg><\/span><\/a><a aria-label=\"Whatsapp\" class=\"heateor_sss_whatsapp\" href=\"https:\/\/api.whatsapp.com\/send?text=Nada%20es%20porque%20s%C3%AD%20https%3A%2F%2Fwww.taller-palabras.com%2FWordPress_06%2F%3Fp%3D2783\" title=\"Whatsapp\" rel=\"nofollow noopener\" target=\"_blank\" style=\"font-size:32px!important;box-shadow:none;display:inline-block;vertical-align:middle\"><span class=\"heateor_sss_svg\" style=\"background-color:#55eb4c;width:34px;height:34px;border-radius:999px;display:inline-block;opacity:1;float:left;font-size:32px;box-shadow:none;display:inline-block;font-size:16px;padding:0 4px;vertical-align:middle;background-repeat:repeat;overflow:hidden;padding:0;cursor:pointer;box-sizing:content-box\"><svg style=\"display:block;border-radius:999px;\" focusable=\"false\" aria-hidden=\"true\" xmlns=\"http:\/\/www.w3.org\/2000\/svg\" width=\"100%\" height=\"100%\" viewBox=\"-6 -5 40 40\"><path class=\"heateor_sss_svg_stroke heateor_sss_no_fill\" stroke=\"#fff\" stroke-width=\"2\" fill=\"none\" d=\"M 11.579798566743314 24.396926207859085 A 10 10 0 1 0 6.808479557110079 20.73576436351046\"><\/path><path d=\"M 7 19 l -1 6 l 6 -1\" class=\"heateor_sss_no_fill heateor_sss_svg_stroke\" stroke=\"#fff\" stroke-width=\"2\" fill=\"none\"><\/path><path d=\"M 10 10 q -1 8 8 11 c 5 -1 0 -6 -1 -3 q -4 -3 -5 -5 c 4 -2 -1 -5 -1 -4\" fill=\"#fff\"><\/path><\/svg><\/span><\/a><a aria-label=\"Pinterest\" class=\"heateor_sss_button_pinterest\" href=\"https:\/\/www.taller-palabras.com\/WordPress_06\/?p=2783\" onclick=\"event.preventDefault();javascript:void( (function() {var e=document.createElement('script' );e.setAttribute('type','text\/javascript' );e.setAttribute('charset','UTF-8' );e.setAttribute('src','\/\/assets.pinterest.com\/js\/pinmarklet.js?r='+Math.random()*99999999);document.body.appendChild(e)})());\" title=\"Pinterest\" rel=\"noopener\" style=\"font-size:32px!important;box-shadow:none;display:inline-block;vertical-align:middle\"><span class=\"heateor_sss_svg heateor_sss_s__default heateor_sss_s_pinterest\" style=\"background-color:#cc2329;width:34px;height:34px;border-radius:999px;display:inline-block;opacity:1;float:left;font-size:32px;box-shadow:none;display:inline-block;font-size:16px;padding:0 4px;vertical-align:middle;background-repeat:repeat;overflow:hidden;padding:0;cursor:pointer;box-sizing:content-box\"><svg style=\"display:block;border-radius:999px;\" focusable=\"false\" aria-hidden=\"true\" xmlns=\"http:\/\/www.w3.org\/2000\/svg\" width=\"100%\" height=\"100%\" viewBox=\"-2 -2 35 35\"><path fill=\"#fff\" d=\"M16.539 4.5c-6.277 0-9.442 4.5-9.442 8.253 0 2.272.86 4.293 2.705 5.046.303.125.574.005.662-.33.061-.231.205-.816.27-1.06.088-.331.053-.447-.191-.736-.532-.627-.873-1.439-.873-2.591 0-3.338 2.498-6.327 6.505-6.327 3.548 0 5.497 2.168 5.497 5.062 0 3.81-1.686 7.025-4.188 7.025-1.382 0-2.416-1.142-2.085-2.545.397-1.674 1.166-3.48 1.166-4.689 0-1.081-.581-1.983-1.782-1.983-1.413 0-2.548 1.462-2.548 3.419 0 1.247.421 2.091.421 2.091l-1.699 7.199c-.505 2.137-.076 4.755-.039 5.019.021.158.223.196.314.077.13-.17 1.813-2.247 2.384-4.324.162-.587.929-3.631.929-3.631.46.876 1.801 1.646 3.227 1.646 4.247 0 7.128-3.871 7.128-9.053.003-3.918-3.317-7.568-8.361-7.568z\"\/><\/svg><\/span><\/a><a aria-label=\"Instagram\" class=\"heateor_sss_button_instagram\" href=\"https:\/\/www.instagram.com\/\" title=\"Instagram\" rel=\"nofollow noopener\" target=\"_blank\" style=\"font-size:32px!important;box-shadow:none;display:inline-block;vertical-align:middle\"><span class=\"heateor_sss_svg\" style=\"background-color:#53beee;width:34px;height:34px;border-radius:999px;display:inline-block;opacity:1;float:left;font-size:32px;box-shadow:none;display:inline-block;font-size:16px;padding:0 4px;vertical-align:middle;background-repeat:repeat;overflow:hidden;padding:0;cursor:pointer;box-sizing:content-box\"><svg style=\"display:block;border-radius:999px;\" version=\"1.1\" viewBox=\"-10 -10 148 148\" width=\"100%\" height=\"100%\" xml:space=\"preserve\" xmlns=\"http:\/\/www.w3.org\/2000\/svg\" xmlns:xlink=\"http:\/\/www.w3.org\/1999\/xlink\"><g><g><path d=\"M86,112H42c-14.336,0-26-11.663-26-26V42c0-14.337,11.664-26,26-26h44c14.337,0,26,11.663,26,26v44 C112,100.337,100.337,112,86,112z M42,24c-9.925,0-18,8.074-18,18v44c0,9.925,8.075,18,18,18h44c9.926,0,18-8.075,18-18V42 c0-9.926-8.074-18-18-18H42z\" fill=\"#fff\"><\/path><\/g><g><path d=\"M64,88c-13.234,0-24-10.767-24-24c0-13.234,10.766-24,24-24s24,10.766,24,24C88,77.233,77.234,88,64,88z M64,48c-8.822,0-16,7.178-16,16s7.178,16,16,16c8.822,0,16-7.178,16-16S72.822,48,64,48z\" fill=\"#fff\"><\/path><\/g><g><circle cx=\"89.5\" cy=\"38.5\" fill=\"#fff\" r=\"5.5\"><\/circle><\/g><\/g><\/svg><\/span><\/a><a aria-label=\"X\" class=\"heateor_sss_button_x\" href=\"https:\/\/twitter.com\/intent\/tweet?text=Nada%20es%20porque%20s%C3%AD&url=https%3A%2F%2Fwww.taller-palabras.com%2FWordPress_06%2F%3Fp%3D2783\" title=\"X\" rel=\"nofollow noopener\" target=\"_blank\" style=\"font-size:32px!important;box-shadow:none;display:inline-block;vertical-align:middle\"><span class=\"heateor_sss_svg heateor_sss_s__default heateor_sss_s_x\" style=\"background-color:#2a2a2a;width:34px;height:34px;border-radius:999px;display:inline-block;opacity:1;float:left;font-size:32px;box-shadow:none;display:inline-block;font-size:16px;padding:0 4px;vertical-align:middle;background-repeat:repeat;overflow:hidden;padding:0;cursor:pointer;box-sizing:content-box\"><svg width=\"100%\" height=\"100%\" style=\"display:block;border-radius:999px;\" focusable=\"false\" aria-hidden=\"true\" xmlns=\"http:\/\/www.w3.org\/2000\/svg\" viewBox=\"0 0 32 32\"><path fill=\"#fff\" d=\"M21.751 7h3.067l-6.7 7.658L26 25.078h-6.172l-4.833-6.32-5.531 6.32h-3.07l7.167-8.19L6 7h6.328l4.37 5.777L21.75 7Zm-1.076 16.242h1.7L11.404 8.74H9.58l11.094 14.503Z\"><\/path><\/svg><\/span><\/a><a aria-label=\"Linkedin\" class=\"heateor_sss_button_linkedin\" href=\"https:\/\/www.linkedin.com\/sharing\/share-offsite\/?url=https%3A%2F%2Fwww.taller-palabras.com%2FWordPress_06%2F%3Fp%3D2783\" title=\"Linkedin\" rel=\"nofollow noopener\" target=\"_blank\" style=\"font-size:32px!important;box-shadow:none;display:inline-block;vertical-align:middle\"><span class=\"heateor_sss_svg heateor_sss_s__default heateor_sss_s_linkedin\" style=\"background-color:#0077b5;width:34px;height:34px;border-radius:999px;display:inline-block;opacity:1;float:left;font-size:32px;box-shadow:none;display:inline-block;font-size:16px;padding:0 4px;vertical-align:middle;background-repeat:repeat;overflow:hidden;padding:0;cursor:pointer;box-sizing:content-box\"><svg style=\"display:block;border-radius:999px;\" focusable=\"false\" aria-hidden=\"true\" xmlns=\"http:\/\/www.w3.org\/2000\/svg\" width=\"100%\" height=\"100%\" viewBox=\"0 0 32 32\"><path d=\"M6.227 12.61h4.19v13.48h-4.19V12.61zm2.095-6.7a2.43 2.43 0 0 1 0 4.86c-1.344 0-2.428-1.09-2.428-2.43s1.084-2.43 2.428-2.43m4.72 6.7h4.02v1.84h.058c.56-1.058 1.927-2.176 3.965-2.176 4.238 0 5.02 2.792 5.02 6.42v7.395h-4.183v-6.56c0-1.564-.03-3.574-2.178-3.574-2.18 0-2.514 1.7-2.514 3.46v6.668h-4.187V12.61z\" fill=\"#fff\"><\/path><\/svg><\/span><\/a><\/div><div class=\"heateorSssClear\"><\/div><\/div><\/p>\n\n\n\n<hr class=\"wp-block-separator has-alpha-channel-opacity\"\/>\n\n\n\n<h4 class=\"wp-block-heading\">Servicios Editoriales<\/h4>\n\n\n\n<h4 class=\"wp-block-heading\" id=\"taller-literario-online\"><a href=\"https:\/\/taller-palabras.com\/servicios.html\" target=\"_blank\" rel=\"noreferrer noopener\">Servicio de correcci\u00f3n literaria<br>Servicio de edici\u00f3n gr\u00e1fica<br>Servicio de publicaci\u00f3n<\/a><\/h4>\n\n\n\n<hr class=\"wp-block-separator has-css-opacity\"\/>\n\n\n\n<h4 class=\"wp-block-heading\">Cursos v\u00eda email de<br><a rel=\"noreferrer noopener\" href=\"https:\/\/taller-palabras.com\/cursos.html\" target=\"_blank\">Novela Rom\u00e1ntica<\/a><\/h4>\n\n\n\n<hr class=\"wp-block-separator has-alpha-channel-opacity\"\/>\n\n\n\n<h4 class=\"wp-block-heading\">Cursos de escritura <br><a href=\"https:\/\/taller-palabras.com\/cursos.html\" target=\"_blank\" rel=\"noreferrer noopener\">Autobiograf\u00eda<\/a><\/h4>\n\n\n\n<hr class=\"wp-block-separator has-alpha-channel-opacity\"\/>\n\n\n\n<p><\/p>\n","protected":false},"excerpt":{"rendered":"<p>Escribir es un camino para aprender, no una demostraci\u00f3n de lo aprendido. Escribir es un proceso importante, no meramente un producto&#8230;<\/p>\n","protected":false},"author":83,"featured_media":2784,"comment_status":"closed","ping_status":"open","sticky":false,"template":"","format":"standard","meta":{"footnotes":""},"categories":[18],"tags":[33,38,34,40],"class_list":["post-2783","post","type-post","status-publish","format-standard","has-post-thumbnail","hentry","category-escritura","tag-aprender-a-escribir","tag-escribir-ficcion","tag-escribir-un-libro","tag-escritura-creativa"],"yoast_head":"<!-- This site is optimized with the Yoast SEO plugin v27.4 - https:\/\/yoast.com\/product\/yoast-seo-wordpress\/ -->\n<title>Nada es porque s\u00ed - Red Literaria<\/title>\n<meta name=\"description\" content=\"El acto de escribir tambi\u00e9n puede llevar impl\u00edcita una raz\u00f3n sublime, la de aprender. Podemos aprender de la escritura escribiendo...\" \/>\n<meta name=\"robots\" content=\"index, follow, max-snippet:-1, max-image-preview:large, max-video-preview:-1\" \/>\n<link rel=\"canonical\" href=\"https:\/\/www.taller-palabras.com\/WordPress_06\/escritura\/por-que-escribo\/\" \/>\n<meta property=\"og:locale\" content=\"es_ES\" \/>\n<meta property=\"og:type\" content=\"article\" \/>\n<meta property=\"og:title\" content=\"Nada es porque s\u00ed - Red Literaria\" \/>\n<meta property=\"og:description\" content=\"El acto de escribir tambi\u00e9n puede llevar impl\u00edcita una raz\u00f3n sublime, la de aprender. Podemos aprender de la escritura escribiendo...\" \/>\n<meta property=\"og:url\" content=\"https:\/\/www.taller-palabras.com\/WordPress_06\/escritura\/por-que-escribo\/\" \/>\n<meta property=\"og:site_name\" content=\"Red Literaria\" \/>\n<meta property=\"article:publisher\" content=\"https:\/\/www.facebook.com\/profile.php?id=100001537279728\" \/>\n<meta property=\"article:published_time\" content=\"2023-10-02T22:04:18+00:00\" \/>\n<meta property=\"article:modified_time\" content=\"2023-10-08T16:50:51+00:00\" \/>\n<meta property=\"og:image\" content=\"https:\/\/www.taller-palabras.com\/WordPress_06\/wp-content\/uploads\/2022\/09\/porque.jpg\" \/>\n\t<meta property=\"og:image:width\" content=\"504\" \/>\n\t<meta property=\"og:image:height\" content=\"283\" \/>\n\t<meta property=\"og:image:type\" content=\"image\/jpeg\" \/>\n<meta name=\"author\" content=\"Patricia M\u00f3nica Miranda Alonso\" \/>\n<meta name=\"twitter:card\" content=\"summary_large_image\" \/>\n<meta name=\"twitter:label1\" content=\"Escrito por\" \/>\n\t<meta name=\"twitter:data1\" content=\"Patricia M\u00f3nica Miranda Alonso\" \/>\n\t<meta name=\"twitter:label2\" content=\"Tiempo de lectura\" \/>\n\t<meta name=\"twitter:data2\" content=\"5 minutos\" \/>\n<script type=\"application\/ld+json\" class=\"yoast-schema-graph\">{\"@context\":\"https:\\\/\\\/schema.org\",\"@graph\":[{\"@type\":\"NewsArticle\",\"@id\":\"https:\\\/\\\/www.taller-palabras.com\\\/WordPress_06\\\/escritura\\\/por-que-escribo\\\/#article\",\"isPartOf\":{\"@id\":\"https:\\\/\\\/www.taller-palabras.com\\\/WordPress_06\\\/escritura\\\/por-que-escribo\\\/\"},\"author\":{\"name\":\"Patricia M\u00f3nica Miranda Alonso\",\"@id\":\"https:\\\/\\\/www.taller-palabras.com\\\/WordPress_06\\\/#\\\/schema\\\/person\\\/a774f3e56bddd007723be732994cadd4\"},\"headline\":\"Nada es porque s\u00ed\",\"datePublished\":\"2023-10-02T22:04:18+00:00\",\"dateModified\":\"2023-10-08T16:50:51+00:00\",\"mainEntityOfPage\":{\"@id\":\"https:\\\/\\\/www.taller-palabras.com\\\/WordPress_06\\\/escritura\\\/por-que-escribo\\\/\"},\"wordCount\":1117,\"publisher\":{\"@id\":\"https:\\\/\\\/www.taller-palabras.com\\\/WordPress_06\\\/#organization\"},\"image\":{\"@id\":\"https:\\\/\\\/www.taller-palabras.com\\\/WordPress_06\\\/escritura\\\/por-que-escribo\\\/#primaryimage\"},\"thumbnailUrl\":\"https:\\\/\\\/www.taller-palabras.com\\\/WordPress_06\\\/wp-content\\\/uploads\\\/2022\\\/09\\\/porque.jpg\",\"keywords\":[\"aprender a escribir\",\"Escribir ficcion\",\"escribir un libro\",\"escritura creativa\"],\"articleSection\":[\"Escritura\"],\"inLanguage\":\"es\"},{\"@type\":[\"WebPage\",\"ItemPage\"],\"@id\":\"https:\\\/\\\/www.taller-palabras.com\\\/WordPress_06\\\/escritura\\\/por-que-escribo\\\/\",\"url\":\"https:\\\/\\\/www.taller-palabras.com\\\/WordPress_06\\\/escritura\\\/por-que-escribo\\\/\",\"name\":\"Nada es porque s\u00ed - Red Literaria\",\"isPartOf\":{\"@id\":\"https:\\\/\\\/www.taller-palabras.com\\\/WordPress_06\\\/#website\"},\"primaryImageOfPage\":{\"@id\":\"https:\\\/\\\/www.taller-palabras.com\\\/WordPress_06\\\/escritura\\\/por-que-escribo\\\/#primaryimage\"},\"image\":{\"@id\":\"https:\\\/\\\/www.taller-palabras.com\\\/WordPress_06\\\/escritura\\\/por-que-escribo\\\/#primaryimage\"},\"thumbnailUrl\":\"https:\\\/\\\/www.taller-palabras.com\\\/WordPress_06\\\/wp-content\\\/uploads\\\/2022\\\/09\\\/porque.jpg\",\"datePublished\":\"2023-10-02T22:04:18+00:00\",\"dateModified\":\"2023-10-08T16:50:51+00:00\",\"description\":\"El acto de escribir tambi\u00e9n puede llevar impl\u00edcita una raz\u00f3n sublime, la de aprender. Podemos aprender de la escritura escribiendo...\",\"breadcrumb\":{\"@id\":\"https:\\\/\\\/www.taller-palabras.com\\\/WordPress_06\\\/escritura\\\/por-que-escribo\\\/#breadcrumb\"},\"inLanguage\":\"es\",\"potentialAction\":[{\"@type\":\"ReadAction\",\"target\":[\"https:\\\/\\\/www.taller-palabras.com\\\/WordPress_06\\\/escritura\\\/por-que-escribo\\\/\"]}]},{\"@type\":\"ImageObject\",\"inLanguage\":\"es\",\"@id\":\"https:\\\/\\\/www.taller-palabras.com\\\/WordPress_06\\\/escritura\\\/por-que-escribo\\\/#primaryimage\",\"url\":\"https:\\\/\\\/www.taller-palabras.com\\\/WordPress_06\\\/wp-content\\\/uploads\\\/2022\\\/09\\\/porque.jpg\",\"contentUrl\":\"https:\\\/\\\/www.taller-palabras.com\\\/WordPress_06\\\/wp-content\\\/uploads\\\/2022\\\/09\\\/porque.jpg\",\"width\":504,\"height\":283},{\"@type\":\"BreadcrumbList\",\"@id\":\"https:\\\/\\\/www.taller-palabras.com\\\/WordPress_06\\\/escritura\\\/por-que-escribo\\\/#breadcrumb\",\"itemListElement\":[{\"@type\":\"ListItem\",\"position\":1,\"name\":\"Portada\",\"item\":\"https:\\\/\\\/www.taller-palabras.com\\\/WordPress_06\\\/\"},{\"@type\":\"ListItem\",\"position\":2,\"name\":\"Nada es porque s\u00ed\"}]},{\"@type\":\"WebSite\",\"@id\":\"https:\\\/\\\/www.taller-palabras.com\\\/WordPress_06\\\/#website\",\"url\":\"https:\\\/\\\/www.taller-palabras.com\\\/WordPress_06\\\/\",\"name\":\"Red Literaria\",\"description\":\"Red de lectura y escritura\",\"publisher\":{\"@id\":\"https:\\\/\\\/www.taller-palabras.com\\\/WordPress_06\\\/#organization\"},\"potentialAction\":[{\"@type\":\"SearchAction\",\"target\":{\"@type\":\"EntryPoint\",\"urlTemplate\":\"https:\\\/\\\/www.taller-palabras.com\\\/WordPress_06\\\/?s={search_term_string}\"},\"query-input\":{\"@type\":\"PropertyValueSpecification\",\"valueRequired\":true,\"valueName\":\"search_term_string\"}}],\"inLanguage\":\"es\"},{\"@type\":\"Organization\",\"@id\":\"https:\\\/\\\/www.taller-palabras.com\\\/WordPress_06\\\/#organization\",\"name\":\"Redescribir\",\"url\":\"https:\\\/\\\/www.taller-palabras.com\\\/WordPress_06\\\/\",\"logo\":{\"@type\":\"ImageObject\",\"inLanguage\":\"es\",\"@id\":\"https:\\\/\\\/www.taller-palabras.com\\\/WordPress_06\\\/#\\\/schema\\\/logo\\\/image\\\/\",\"url\":\"https:\\\/\\\/www.taller-palabras.com\\\/WordPress_06\\\/wp-content\\\/uploads\\\/2021\\\/07\\\/redactar_icon.png\",\"contentUrl\":\"https:\\\/\\\/www.taller-palabras.com\\\/WordPress_06\\\/wp-content\\\/uploads\\\/2021\\\/07\\\/redactar_icon.png\",\"width\":25,\"height\":25,\"caption\":\"Redescribir\"},\"image\":{\"@id\":\"https:\\\/\\\/www.taller-palabras.com\\\/WordPress_06\\\/#\\\/schema\\\/logo\\\/image\\\/\"},\"sameAs\":[\"https:\\\/\\\/www.facebook.com\\\/profile.php?id=100001537279728\"]},{\"@type\":\"Person\",\"@id\":\"https:\\\/\\\/www.taller-palabras.com\\\/WordPress_06\\\/#\\\/schema\\\/person\\\/a774f3e56bddd007723be732994cadd4\",\"name\":\"Patricia M\u00f3nica Miranda Alonso\",\"description\":\"Profesora de escritura creativa y coordinadora de talleres literarios, editora y correctora literaria, rese\u00f1adora y cr\u00edtica literaria.\",\"sameAs\":[\"https:\\\/\\\/www.taller-palabras.com\"],\"url\":\"https:\\\/\\\/www.taller-palabras.com\\\/WordPress_06\\\/author\\\/patricia\\\/\"}]}<\/script>\n<!-- \/ Yoast SEO plugin. -->","yoast_head_json":{"title":"Nada es porque s\u00ed - Red Literaria","description":"El acto de escribir tambi\u00e9n puede llevar impl\u00edcita una raz\u00f3n sublime, la de aprender. Podemos aprender de la escritura escribiendo...","robots":{"index":"index","follow":"follow","max-snippet":"max-snippet:-1","max-image-preview":"max-image-preview:large","max-video-preview":"max-video-preview:-1"},"canonical":"https:\/\/www.taller-palabras.com\/WordPress_06\/escritura\/por-que-escribo\/","og_locale":"es_ES","og_type":"article","og_title":"Nada es porque s\u00ed - Red Literaria","og_description":"El acto de escribir tambi\u00e9n puede llevar impl\u00edcita una raz\u00f3n sublime, la de aprender. Podemos aprender de la escritura escribiendo...","og_url":"https:\/\/www.taller-palabras.com\/WordPress_06\/escritura\/por-que-escribo\/","og_site_name":"Red Literaria","article_publisher":"https:\/\/www.facebook.com\/profile.php?id=100001537279728","article_published_time":"2023-10-02T22:04:18+00:00","article_modified_time":"2023-10-08T16:50:51+00:00","og_image":[{"width":504,"height":283,"url":"https:\/\/www.taller-palabras.com\/WordPress_06\/wp-content\/uploads\/2022\/09\/porque.jpg","type":"image\/jpeg"}],"author":"Patricia M\u00f3nica Miranda Alonso","twitter_card":"summary_large_image","twitter_misc":{"Escrito por":"Patricia M\u00f3nica Miranda Alonso","Tiempo de lectura":"5 minutos"},"schema":{"@context":"https:\/\/schema.org","@graph":[{"@type":"NewsArticle","@id":"https:\/\/www.taller-palabras.com\/WordPress_06\/escritura\/por-que-escribo\/#article","isPartOf":{"@id":"https:\/\/www.taller-palabras.com\/WordPress_06\/escritura\/por-que-escribo\/"},"author":{"name":"Patricia M\u00f3nica Miranda Alonso","@id":"https:\/\/www.taller-palabras.com\/WordPress_06\/#\/schema\/person\/a774f3e56bddd007723be732994cadd4"},"headline":"Nada es porque s\u00ed","datePublished":"2023-10-02T22:04:18+00:00","dateModified":"2023-10-08T16:50:51+00:00","mainEntityOfPage":{"@id":"https:\/\/www.taller-palabras.com\/WordPress_06\/escritura\/por-que-escribo\/"},"wordCount":1117,"publisher":{"@id":"https:\/\/www.taller-palabras.com\/WordPress_06\/#organization"},"image":{"@id":"https:\/\/www.taller-palabras.com\/WordPress_06\/escritura\/por-que-escribo\/#primaryimage"},"thumbnailUrl":"https:\/\/www.taller-palabras.com\/WordPress_06\/wp-content\/uploads\/2022\/09\/porque.jpg","keywords":["aprender a escribir","Escribir ficcion","escribir un libro","escritura creativa"],"articleSection":["Escritura"],"inLanguage":"es"},{"@type":["WebPage","ItemPage"],"@id":"https:\/\/www.taller-palabras.com\/WordPress_06\/escritura\/por-que-escribo\/","url":"https:\/\/www.taller-palabras.com\/WordPress_06\/escritura\/por-que-escribo\/","name":"Nada es porque s\u00ed - Red Literaria","isPartOf":{"@id":"https:\/\/www.taller-palabras.com\/WordPress_06\/#website"},"primaryImageOfPage":{"@id":"https:\/\/www.taller-palabras.com\/WordPress_06\/escritura\/por-que-escribo\/#primaryimage"},"image":{"@id":"https:\/\/www.taller-palabras.com\/WordPress_06\/escritura\/por-que-escribo\/#primaryimage"},"thumbnailUrl":"https:\/\/www.taller-palabras.com\/WordPress_06\/wp-content\/uploads\/2022\/09\/porque.jpg","datePublished":"2023-10-02T22:04:18+00:00","dateModified":"2023-10-08T16:50:51+00:00","description":"El acto de escribir tambi\u00e9n puede llevar impl\u00edcita una raz\u00f3n sublime, la de aprender. Podemos aprender de la escritura escribiendo...","breadcrumb":{"@id":"https:\/\/www.taller-palabras.com\/WordPress_06\/escritura\/por-que-escribo\/#breadcrumb"},"inLanguage":"es","potentialAction":[{"@type":"ReadAction","target":["https:\/\/www.taller-palabras.com\/WordPress_06\/escritura\/por-que-escribo\/"]}]},{"@type":"ImageObject","inLanguage":"es","@id":"https:\/\/www.taller-palabras.com\/WordPress_06\/escritura\/por-que-escribo\/#primaryimage","url":"https:\/\/www.taller-palabras.com\/WordPress_06\/wp-content\/uploads\/2022\/09\/porque.jpg","contentUrl":"https:\/\/www.taller-palabras.com\/WordPress_06\/wp-content\/uploads\/2022\/09\/porque.jpg","width":504,"height":283},{"@type":"BreadcrumbList","@id":"https:\/\/www.taller-palabras.com\/WordPress_06\/escritura\/por-que-escribo\/#breadcrumb","itemListElement":[{"@type":"ListItem","position":1,"name":"Portada","item":"https:\/\/www.taller-palabras.com\/WordPress_06\/"},{"@type":"ListItem","position":2,"name":"Nada es porque s\u00ed"}]},{"@type":"WebSite","@id":"https:\/\/www.taller-palabras.com\/WordPress_06\/#website","url":"https:\/\/www.taller-palabras.com\/WordPress_06\/","name":"Red Literaria","description":"Red de lectura y escritura","publisher":{"@id":"https:\/\/www.taller-palabras.com\/WordPress_06\/#organization"},"potentialAction":[{"@type":"SearchAction","target":{"@type":"EntryPoint","urlTemplate":"https:\/\/www.taller-palabras.com\/WordPress_06\/?s={search_term_string}"},"query-input":{"@type":"PropertyValueSpecification","valueRequired":true,"valueName":"search_term_string"}}],"inLanguage":"es"},{"@type":"Organization","@id":"https:\/\/www.taller-palabras.com\/WordPress_06\/#organization","name":"Redescribir","url":"https:\/\/www.taller-palabras.com\/WordPress_06\/","logo":{"@type":"ImageObject","inLanguage":"es","@id":"https:\/\/www.taller-palabras.com\/WordPress_06\/#\/schema\/logo\/image\/","url":"https:\/\/www.taller-palabras.com\/WordPress_06\/wp-content\/uploads\/2021\/07\/redactar_icon.png","contentUrl":"https:\/\/www.taller-palabras.com\/WordPress_06\/wp-content\/uploads\/2021\/07\/redactar_icon.png","width":25,"height":25,"caption":"Redescribir"},"image":{"@id":"https:\/\/www.taller-palabras.com\/WordPress_06\/#\/schema\/logo\/image\/"},"sameAs":["https:\/\/www.facebook.com\/profile.php?id=100001537279728"]},{"@type":"Person","@id":"https:\/\/www.taller-palabras.com\/WordPress_06\/#\/schema\/person\/a774f3e56bddd007723be732994cadd4","name":"Patricia M\u00f3nica Miranda Alonso","description":"Profesora de escritura creativa y coordinadora de talleres literarios, editora y correctora literaria, rese\u00f1adora y cr\u00edtica literaria.","sameAs":["https:\/\/www.taller-palabras.com"],"url":"https:\/\/www.taller-palabras.com\/WordPress_06\/author\/patricia\/"}]}},"_links":{"self":[{"href":"https:\/\/www.taller-palabras.com\/WordPress_06\/wp-json\/wp\/v2\/posts\/2783","targetHints":{"allow":["GET"]}}],"collection":[{"href":"https:\/\/www.taller-palabras.com\/WordPress_06\/wp-json\/wp\/v2\/posts"}],"about":[{"href":"https:\/\/www.taller-palabras.com\/WordPress_06\/wp-json\/wp\/v2\/types\/post"}],"author":[{"embeddable":true,"href":"https:\/\/www.taller-palabras.com\/WordPress_06\/wp-json\/wp\/v2\/users\/83"}],"replies":[{"embeddable":true,"href":"https:\/\/www.taller-palabras.com\/WordPress_06\/wp-json\/wp\/v2\/comments?post=2783"}],"version-history":[{"count":2,"href":"https:\/\/www.taller-palabras.com\/WordPress_06\/wp-json\/wp\/v2\/posts\/2783\/revisions"}],"predecessor-version":[{"id":2786,"href":"https:\/\/www.taller-palabras.com\/WordPress_06\/wp-json\/wp\/v2\/posts\/2783\/revisions\/2786"}],"wp:featuredmedia":[{"embeddable":true,"href":"https:\/\/www.taller-palabras.com\/WordPress_06\/wp-json\/wp\/v2\/media\/2784"}],"wp:attachment":[{"href":"https:\/\/www.taller-palabras.com\/WordPress_06\/wp-json\/wp\/v2\/media?parent=2783"}],"wp:term":[{"taxonomy":"category","embeddable":true,"href":"https:\/\/www.taller-palabras.com\/WordPress_06\/wp-json\/wp\/v2\/categories?post=2783"},{"taxonomy":"post_tag","embeddable":true,"href":"https:\/\/www.taller-palabras.com\/WordPress_06\/wp-json\/wp\/v2\/tags?post=2783"}],"curies":[{"name":"wp","href":"https:\/\/api.w.org\/{rel}","templated":true}]}}