{"id":3316,"date":"2023-10-02T19:05:16","date_gmt":"2023-10-02T22:05:16","guid":{"rendered":"https:\/\/www.taller-palabras.com\/WordPress_06\/?p=3316"},"modified":"2023-10-08T13:38:29","modified_gmt":"2023-10-08T16:38:29","slug":"palida-luz-en-las-colinas-kazuo-ishiguro","status":"publish","type":"post","link":"https:\/\/www.taller-palabras.com\/WordPress_06\/resenas\/palida-luz-en-las-colinas-kazuo-ishiguro\/","title":{"rendered":"P\u00e1lida luz en las colinas &#8211; Kazuo Ishiguro"},"content":{"rendered":"\n<h2 class=\"wp-block-heading has-text-align-center\">Rese\u00f1a<\/h2>\n\n\n\n<p>Una prosa suave, serena y profunda. Una habilidad sorprendente para mostrar mucho sin decir nada. Me encant\u00f3 porque en esa ida y vuelta al pasado Ishiguro tambi\u00e9n nos muestra t\u00e9cnicamente lo se puede hacer en esos casos. Como muchas veces vemos en el <a href=\"https:\/\/www.taller-palabras.com\" target=\"_blank\" rel=\"noreferrer noopener\"><strong><u>Taller Literario<\/u><\/strong><\/a>, espacios activos, cambio de cap\u00edtulos y sobre todo introductores de tiempo que ubican inmediatamente al lector en el tiempo que se va narrando.<\/p>\n\n\n\n<p>Por un lado la tem\u00e1tica en s\u00ed que habla de diferencias. Diferencia entre las generaciones, diferencia entre las culturas (japonesa y estadounidense principalmente) marcada diferencia entre las clases sociales en el mismo Jap\u00f3n despu\u00e9s de la guerra. Es una pintura maravillosa de las tradiciones que van muriendo en el Jap\u00f3n de postguerra y que entrevista como a trav\u00e9s de una neblina nos llega desde los recuerdos de Etzuko, la protagonista. El estilo en general me recuerda a esas acuarelas japonesas donde los trazos sutiles van armando una escena total con la magia de lo velado. Es decir, en el libro los silencios son lo m\u00e1s importante. Lo que no se dice, dice m\u00e1s que lo manifestado. As\u00ed por ejemplo Etzuko deja en suspenso muchos detalles de su vida que en realidad son importantes solo de manera subjetiva, para ella misma. Pero, lo que ha querido mostrar Ishiguro es no tanto lo individual, sino lo colectivo de un Jap\u00f3n de postguerra, de c\u00f3mo en forma global la vida de los japoneses se va acomodando al nuevo ritmo y de c\u00f3mo las tradiciones van cediendo paso (muy a pesar de los ancianos) a una vida totalmente diferente&#8230; mejor? peor?&#8230; solo el tiempo podr\u00e1 decirlo y eso tambi\u00e9n lo sugiere Ishiguro con ese esfuerzo de adaptaci\u00f3n de Etzuko por comprender a su hija Niki, revelado al final de la novela. El personaje principal y eje de toda la historia es sin lugar a dudas Etzuko. Desde ella se presentan y desarrollan las diferentes escenas, la mayor\u00eda como evocaci\u00f3n de un pasado. Desde ese pasado llegan como personajes secundarios Ogata-San o Jiro suegro y exmarido de la protagonista. Ellos sostienen el engranaje de los conflictos de post-guerra y articulan un buen n\u00famero de situaciones de enfrentamientos generacionales que es otro de los temas de importancia dentro de la novela. Desde ese pasado est\u00e1n tambi\u00e9n Sachiko y Mariko, \u00e9stas funcionan a manera de espejo y de alguna manera Etzuko las evoca en su presente como una forma indirecta de contar su propia vida. Es decir Mariko y Sachiko son de alguna manera los alter ego de Etzuko y Keiko. Finalmente instaladas en el presente de la narraci\u00f3n aparecen las dos hijas de Etzuko, Keiko que acaba de suicidarse reci\u00e9n comenzada la historia y que de alguna manera nos muestra una de las caras y\/o consecuencias de la guerra y Niki. <br>Niki es un personaje secundario pero de alguna manera trascendental en tanto y cuanto es la otra cara de la post guerra y el resultado de lo que desde su pasado Etzuko se planteaba como ese cambio que se avecinaba y al cual tanto ella como el resto de sus cong\u00e9neres no pod\u00edan negarse pero s\u00ed sufrirlo. Un cambio que como todos planteaba la incertidumbre. Un cambio inevitable que en la vida de Etzuko mostrar\u00eda con tajante crueldad esas dos caras: por un lado el cambio traer\u00eda aparejada la muerte (Keiko) y por el otro una adaptaci\u00f3n, un vivir entre dos culturas, representada en el presente por Niki. <br>La t\u00e9cnica que Ishiguro utiliza para mostrar a sus personajes es potente, y est\u00e1 basada en una perfecta caracterizaci\u00f3n psicol\u00f3gica, el uso de los di\u00e1logos (que abundan en toda la historia) colabora justamente a que el personaje muestre su forma de ser, su psicolog\u00eda, sin necesidad de apelar a interpretaciones desde una tercera persona que casi siempre objetivizan y no brindan el sentir directo del personaje en cuesti\u00f3n.<\/p>\n\n\n<div class=\"wp-block-image\">\n<figure class=\"alignleft size-full is-resized\"><img loading=\"lazy\" decoding=\"async\" src=\"https:\/\/www.taller-palabras.com\/WordPress_06\/wp-content\/uploads\/2023\/06\/cover_palida_luz.jpg\" alt=\"\" class=\"wp-image-3319\" style=\"width:102px;height:163px\" width=\"102\" height=\"163\"\/><\/figure><\/div>\n\n\n<p>Una historia despojada de sentimentalismos in\u00fatiles aunque plagada de sentimientos profundos y por eso le saco el sombrero a Ishiguro que sin caer en el melodrama nos supo mostrar el drama m\u00e1s fuerte, el que se experimenta dentro del alma y se lleva a cuestas hasta la muerte. Un libro atrayente y ese estilo atrapante de Ishiguro que convierte a P\u00e1lida luz sobre las colinas en una historia que lejos de alejarnos del dolor diario nos lo muestra y nos dice que a\u00fan con el dolor se puede seguir adelante.<\/p>\n\n\n\n\n\n<p>Comparte la experiencia  \ud83d\ude09<br \/>\n<div class=\"heateor_sss_sharing_container heateor_sss_horizontal_sharing\" data-heateor-ss-offset=\"0\" data-heateor-sss-href='https:\/\/www.taller-palabras.com\/WordPress_06\/resenas\/palida-luz-en-las-colinas-kazuo-ishiguro\/'><div class=\"heateor_sss_sharing_ul\"><a aria-label=\"Facebook\" class=\"heateor_sss_facebook\" href=\"https:\/\/www.facebook.com\/sharer\/sharer.php?u=https%3A%2F%2Fwww.taller-palabras.com%2FWordPress_06%2F%3Fp%3D3316\" title=\"Facebook\" rel=\"nofollow noopener\" target=\"_blank\" style=\"font-size:32px!important;box-shadow:none;display:inline-block;vertical-align:middle\"><span class=\"heateor_sss_svg\" style=\"background-color:#0765FE;width:34px;height:34px;border-radius:999px;display:inline-block;opacity:1;float:left;font-size:32px;box-shadow:none;display:inline-block;font-size:16px;padding:0 4px;vertical-align:middle;background-repeat:repeat;overflow:hidden;padding:0;cursor:pointer;box-sizing:content-box\"><svg style=\"display:block;border-radius:999px;\" focusable=\"false\" aria-hidden=\"true\" xmlns=\"http:\/\/www.w3.org\/2000\/svg\" width=\"100%\" height=\"100%\" viewBox=\"0 0 32 32\"><path fill=\"#fff\" d=\"M28 16c0-6.627-5.373-12-12-12S4 9.373 4 16c0 5.628 3.875 10.35 9.101 11.647v-7.98h-2.474V16H13.1v-1.58c0-4.085 1.849-5.978 5.859-5.978.76 0 2.072.15 2.608.298v3.325c-.283-.03-.775-.045-1.386-.045-1.967 0-2.728.745-2.728 2.683V16h3.92l-.673 3.667h-3.247v8.245C23.395 27.195 28 22.135 28 16Z\"><\/path><\/svg><\/span><\/a><a aria-label=\"Whatsapp\" class=\"heateor_sss_whatsapp\" href=\"https:\/\/api.whatsapp.com\/send?text=P%C3%A1lida%20luz%20en%20las%20colinas%20-%20Kazuo%20Ishiguro%20https%3A%2F%2Fwww.taller-palabras.com%2FWordPress_06%2F%3Fp%3D3316\" title=\"Whatsapp\" rel=\"nofollow noopener\" target=\"_blank\" style=\"font-size:32px!important;box-shadow:none;display:inline-block;vertical-align:middle\"><span class=\"heateor_sss_svg\" style=\"background-color:#55eb4c;width:34px;height:34px;border-radius:999px;display:inline-block;opacity:1;float:left;font-size:32px;box-shadow:none;display:inline-block;font-size:16px;padding:0 4px;vertical-align:middle;background-repeat:repeat;overflow:hidden;padding:0;cursor:pointer;box-sizing:content-box\"><svg style=\"display:block;border-radius:999px;\" focusable=\"false\" aria-hidden=\"true\" xmlns=\"http:\/\/www.w3.org\/2000\/svg\" width=\"100%\" height=\"100%\" viewBox=\"-6 -5 40 40\"><path class=\"heateor_sss_svg_stroke heateor_sss_no_fill\" stroke=\"#fff\" stroke-width=\"2\" fill=\"none\" d=\"M 11.579798566743314 24.396926207859085 A 10 10 0 1 0 6.808479557110079 20.73576436351046\"><\/path><path d=\"M 7 19 l -1 6 l 6 -1\" class=\"heateor_sss_no_fill heateor_sss_svg_stroke\" stroke=\"#fff\" stroke-width=\"2\" fill=\"none\"><\/path><path d=\"M 10 10 q -1 8 8 11 c 5 -1 0 -6 -1 -3 q -4 -3 -5 -5 c 4 -2 -1 -5 -1 -4\" fill=\"#fff\"><\/path><\/svg><\/span><\/a><a aria-label=\"Pinterest\" class=\"heateor_sss_button_pinterest\" href=\"https:\/\/www.taller-palabras.com\/WordPress_06\/?p=3316\" onclick=\"event.preventDefault();javascript:void( (function() {var e=document.createElement('script' );e.setAttribute('type','text\/javascript' );e.setAttribute('charset','UTF-8' );e.setAttribute('src','\/\/assets.pinterest.com\/js\/pinmarklet.js?r='+Math.random()*99999999);document.body.appendChild(e)})());\" title=\"Pinterest\" rel=\"noopener\" style=\"font-size:32px!important;box-shadow:none;display:inline-block;vertical-align:middle\"><span class=\"heateor_sss_svg heateor_sss_s__default heateor_sss_s_pinterest\" style=\"background-color:#cc2329;width:34px;height:34px;border-radius:999px;display:inline-block;opacity:1;float:left;font-size:32px;box-shadow:none;display:inline-block;font-size:16px;padding:0 4px;vertical-align:middle;background-repeat:repeat;overflow:hidden;padding:0;cursor:pointer;box-sizing:content-box\"><svg style=\"display:block;border-radius:999px;\" focusable=\"false\" aria-hidden=\"true\" xmlns=\"http:\/\/www.w3.org\/2000\/svg\" width=\"100%\" height=\"100%\" viewBox=\"-2 -2 35 35\"><path fill=\"#fff\" d=\"M16.539 4.5c-6.277 0-9.442 4.5-9.442 8.253 0 2.272.86 4.293 2.705 5.046.303.125.574.005.662-.33.061-.231.205-.816.27-1.06.088-.331.053-.447-.191-.736-.532-.627-.873-1.439-.873-2.591 0-3.338 2.498-6.327 6.505-6.327 3.548 0 5.497 2.168 5.497 5.062 0 3.81-1.686 7.025-4.188 7.025-1.382 0-2.416-1.142-2.085-2.545.397-1.674 1.166-3.48 1.166-4.689 0-1.081-.581-1.983-1.782-1.983-1.413 0-2.548 1.462-2.548 3.419 0 1.247.421 2.091.421 2.091l-1.699 7.199c-.505 2.137-.076 4.755-.039 5.019.021.158.223.196.314.077.13-.17 1.813-2.247 2.384-4.324.162-.587.929-3.631.929-3.631.46.876 1.801 1.646 3.227 1.646 4.247 0 7.128-3.871 7.128-9.053.003-3.918-3.317-7.568-8.361-7.568z\"\/><\/svg><\/span><\/a><a aria-label=\"Instagram\" class=\"heateor_sss_button_instagram\" href=\"https:\/\/www.instagram.com\/\" title=\"Instagram\" rel=\"nofollow noopener\" target=\"_blank\" style=\"font-size:32px!important;box-shadow:none;display:inline-block;vertical-align:middle\"><span class=\"heateor_sss_svg\" style=\"background-color:#53beee;width:34px;height:34px;border-radius:999px;display:inline-block;opacity:1;float:left;font-size:32px;box-shadow:none;display:inline-block;font-size:16px;padding:0 4px;vertical-align:middle;background-repeat:repeat;overflow:hidden;padding:0;cursor:pointer;box-sizing:content-box\"><svg style=\"display:block;border-radius:999px;\" version=\"1.1\" viewBox=\"-10 -10 148 148\" width=\"100%\" height=\"100%\" xml:space=\"preserve\" xmlns=\"http:\/\/www.w3.org\/2000\/svg\" xmlns:xlink=\"http:\/\/www.w3.org\/1999\/xlink\"><g><g><path d=\"M86,112H42c-14.336,0-26-11.663-26-26V42c0-14.337,11.664-26,26-26h44c14.337,0,26,11.663,26,26v44 C112,100.337,100.337,112,86,112z M42,24c-9.925,0-18,8.074-18,18v44c0,9.925,8.075,18,18,18h44c9.926,0,18-8.075,18-18V42 c0-9.926-8.074-18-18-18H42z\" fill=\"#fff\"><\/path><\/g><g><path d=\"M64,88c-13.234,0-24-10.767-24-24c0-13.234,10.766-24,24-24s24,10.766,24,24C88,77.233,77.234,88,64,88z M64,48c-8.822,0-16,7.178-16,16s7.178,16,16,16c8.822,0,16-7.178,16-16S72.822,48,64,48z\" fill=\"#fff\"><\/path><\/g><g><circle cx=\"89.5\" cy=\"38.5\" fill=\"#fff\" r=\"5.5\"><\/circle><\/g><\/g><\/svg><\/span><\/a><a aria-label=\"X\" class=\"heateor_sss_button_x\" href=\"https:\/\/twitter.com\/intent\/tweet?text=P%C3%A1lida%20luz%20en%20las%20colinas%20-%20Kazuo%20Ishiguro&url=https%3A%2F%2Fwww.taller-palabras.com%2FWordPress_06%2F%3Fp%3D3316\" title=\"X\" rel=\"nofollow noopener\" target=\"_blank\" style=\"font-size:32px!important;box-shadow:none;display:inline-block;vertical-align:middle\"><span class=\"heateor_sss_svg heateor_sss_s__default heateor_sss_s_x\" style=\"background-color:#2a2a2a;width:34px;height:34px;border-radius:999px;display:inline-block;opacity:1;float:left;font-size:32px;box-shadow:none;display:inline-block;font-size:16px;padding:0 4px;vertical-align:middle;background-repeat:repeat;overflow:hidden;padding:0;cursor:pointer;box-sizing:content-box\"><svg width=\"100%\" height=\"100%\" style=\"display:block;border-radius:999px;\" focusable=\"false\" aria-hidden=\"true\" xmlns=\"http:\/\/www.w3.org\/2000\/svg\" viewBox=\"0 0 32 32\"><path fill=\"#fff\" d=\"M21.751 7h3.067l-6.7 7.658L26 25.078h-6.172l-4.833-6.32-5.531 6.32h-3.07l7.167-8.19L6 7h6.328l4.37 5.777L21.75 7Zm-1.076 16.242h1.7L11.404 8.74H9.58l11.094 14.503Z\"><\/path><\/svg><\/span><\/a><a aria-label=\"Linkedin\" class=\"heateor_sss_button_linkedin\" href=\"https:\/\/www.linkedin.com\/sharing\/share-offsite\/?url=https%3A%2F%2Fwww.taller-palabras.com%2FWordPress_06%2F%3Fp%3D3316\" title=\"Linkedin\" rel=\"nofollow noopener\" target=\"_blank\" style=\"font-size:32px!important;box-shadow:none;display:inline-block;vertical-align:middle\"><span class=\"heateor_sss_svg heateor_sss_s__default heateor_sss_s_linkedin\" style=\"background-color:#0077b5;width:34px;height:34px;border-radius:999px;display:inline-block;opacity:1;float:left;font-size:32px;box-shadow:none;display:inline-block;font-size:16px;padding:0 4px;vertical-align:middle;background-repeat:repeat;overflow:hidden;padding:0;cursor:pointer;box-sizing:content-box\"><svg style=\"display:block;border-radius:999px;\" focusable=\"false\" aria-hidden=\"true\" xmlns=\"http:\/\/www.w3.org\/2000\/svg\" width=\"100%\" height=\"100%\" viewBox=\"0 0 32 32\"><path d=\"M6.227 12.61h4.19v13.48h-4.19V12.61zm2.095-6.7a2.43 2.43 0 0 1 0 4.86c-1.344 0-2.428-1.09-2.428-2.43s1.084-2.43 2.428-2.43m4.72 6.7h4.02v1.84h.058c.56-1.058 1.927-2.176 3.965-2.176 4.238 0 5.02 2.792 5.02 6.42v7.395h-4.183v-6.56c0-1.564-.03-3.574-2.178-3.574-2.18 0-2.514 1.7-2.514 3.46v6.668h-4.187V12.61z\" fill=\"#fff\"><\/path><\/svg><\/span><\/a><\/div><div class=\"heateorSssClear\"><\/div><\/div><\/p>\n\n\n\n<hr class=\"wp-block-separator has-alpha-channel-opacity\"\/>\n\n\n\n<h3 class=\"wp-block-heading\">Libros en el art\u00edculo<\/h3>\n\n\n\n<ul class=\"wp-block-list\" style=\"font-size:17px\">\n<li><strong><a href=\"https:\/\/www.taller-palabras.com\/WordPress_04\/?s=en+las+colinas&amp;post_type=product&amp;v=d72a48a8ebd2\" target=\"_blank\" rel=\"noreferrer noopener\">P\u00e1lida luz en las colinas <\/a><\/strong>&#8211; Kazuo Ishiguro<\/li>\n<\/ul>\n\n\n\n<hr class=\"wp-block-separator has-alpha-channel-opacity\"\/>\n\n\n\n<h4 class=\"wp-block-heading\">Cursos de escritura <br><a href=\"https:\/\/taller-palabras.com\/cursos.html\" target=\"_blank\" rel=\"noreferrer noopener\">Autobiograf\u00eda<\/a><\/h4>\n\n\n\n<hr class=\"wp-block-separator has-alpha-channel-opacity\"\/>\n\n\n\n<h3 class=\"wp-block-heading\" id=\"cursos-especializados\">Cursos especializados<\/h3>\n\n\n\n<h4 class=\"wp-block-heading\" id=\"taller-de-poesia\"><a rel=\"noreferrer noopener\" href=\"https:\/\/taller-palabras.com\/cursos.html\" target=\"_blank\">Taller de Poes\u00eda<\/a><\/h4>\n\n\n\n<hr class=\"wp-block-separator has-alpha-channel-opacity\"\/>\n\n\n\n<h4 class=\"wp-block-heading\">Servicios Editoriales<\/h4>\n\n\n\n<h4 class=\"wp-block-heading\" id=\"taller-literario-online\"><a href=\"https:\/\/taller-palabras.com\/servicios.html\" target=\"_blank\" rel=\"noreferrer noopener\">Servicio de correcci\u00f3n literaria<br>Servicio de edici\u00f3n gr\u00e1fica<br>Servicio de publicaci\u00f3n<\/a><\/h4>\n\n\n\n<hr class=\"wp-block-separator has-alpha-channel-opacity\"\/>\n","protected":false},"excerpt":{"rendered":"<p>Despu\u00e9s del suicidio de su hija mayor, Etsuko, una japonesa de cincuenta a\u00f1os instalada en Inglaterra, rememora momentos de su vida&#8230;<\/p>\n","protected":false},"author":83,"featured_media":0,"comment_status":"closed","ping_status":"open","sticky":false,"template":"","format":"standard","meta":{"footnotes":""},"categories":[56],"tags":[36,63,54,163],"class_list":["post-3316","post","type-post","status-publish","format-standard","hentry","category-resenas","tag-lectura","tag-libros-y-sus-autores","tag-resenas","tag-ser-buen-lector"],"yoast_head":"<!-- This site is optimized with the Yoast SEO plugin v27.4 - https:\/\/yoast.com\/product\/yoast-seo-wordpress\/ -->\n<title>P\u00e1lida luz en las colinas - Kazuo Ishiguro - Red Literaria<\/title>\n<meta name=\"description\" content=\"La explicaci\u00f3n de esta tragedia familiar se encuentra en aquel Jap\u00f3n que se recuperaba del traumatismo de la bomba at\u00f3mica...\" \/>\n<meta name=\"robots\" content=\"index, follow, max-snippet:-1, max-image-preview:large, max-video-preview:-1\" \/>\n<link rel=\"canonical\" href=\"https:\/\/www.taller-palabras.com\/WordPress_06\/resenas\/palida-luz-en-las-colinas-kazuo-ishiguro\/\" \/>\n<meta property=\"og:locale\" content=\"es_ES\" \/>\n<meta property=\"og:type\" content=\"article\" \/>\n<meta property=\"og:title\" content=\"P\u00e1lida luz en las colinas - Kazuo Ishiguro - Red Literaria\" \/>\n<meta property=\"og:description\" content=\"La explicaci\u00f3n de esta tragedia familiar se encuentra en aquel Jap\u00f3n que se recuperaba del traumatismo de la bomba at\u00f3mica...\" \/>\n<meta property=\"og:url\" content=\"https:\/\/www.taller-palabras.com\/WordPress_06\/resenas\/palida-luz-en-las-colinas-kazuo-ishiguro\/\" \/>\n<meta property=\"og:site_name\" content=\"Red Literaria\" \/>\n<meta property=\"article:publisher\" content=\"https:\/\/www.facebook.com\/profile.php?id=100001537279728\" \/>\n<meta property=\"article:published_time\" content=\"2023-10-02T22:05:16+00:00\" \/>\n<meta property=\"article:modified_time\" content=\"2023-10-08T16:38:29+00:00\" \/>\n<meta property=\"og:image\" content=\"https:\/\/www.taller-palabras.com\/WordPress_06\/wp-content\/uploads\/2023\/06\/Palida-luz.jpg\" \/>\n\t<meta property=\"og:image:width\" content=\"464\" \/>\n\t<meta property=\"og:image:height\" content=\"283\" \/>\n\t<meta property=\"og:image:type\" content=\"image\/jpeg\" \/>\n<meta name=\"author\" content=\"Patricia M\u00f3nica Miranda Alonso\" \/>\n<meta name=\"twitter:card\" content=\"summary_large_image\" \/>\n<meta name=\"twitter:label1\" content=\"Escrito por\" \/>\n\t<meta name=\"twitter:data1\" content=\"Patricia M\u00f3nica Miranda Alonso\" \/>\n\t<meta name=\"twitter:label2\" content=\"Tiempo de lectura\" \/>\n\t<meta name=\"twitter:data2\" content=\"4 minutos\" \/>\n<script type=\"application\/ld+json\" class=\"yoast-schema-graph\">{\"@context\":\"https:\\\/\\\/schema.org\",\"@graph\":[{\"@type\":\"NewsArticle\",\"@id\":\"https:\\\/\\\/www.taller-palabras.com\\\/WordPress_06\\\/resenas\\\/palida-luz-en-las-colinas-kazuo-ishiguro\\\/#article\",\"isPartOf\":{\"@id\":\"https:\\\/\\\/www.taller-palabras.com\\\/WordPress_06\\\/resenas\\\/palida-luz-en-las-colinas-kazuo-ishiguro\\\/\"},\"author\":{\"name\":\"Patricia M\u00f3nica Miranda Alonso\",\"@id\":\"https:\\\/\\\/www.taller-palabras.com\\\/WordPress_06\\\/#\\\/schema\\\/person\\\/a774f3e56bddd007723be732994cadd4\"},\"headline\":\"P\u00e1lida luz en las colinas &#8211; Kazuo Ishiguro\",\"datePublished\":\"2023-10-02T22:05:16+00:00\",\"dateModified\":\"2023-10-08T16:38:29+00:00\",\"mainEntityOfPage\":{\"@id\":\"https:\\\/\\\/www.taller-palabras.com\\\/WordPress_06\\\/resenas\\\/palida-luz-en-las-colinas-kazuo-ishiguro\\\/\"},\"wordCount\":794,\"publisher\":{\"@id\":\"https:\\\/\\\/www.taller-palabras.com\\\/WordPress_06\\\/#organization\"},\"image\":{\"@id\":\"https:\\\/\\\/www.taller-palabras.com\\\/WordPress_06\\\/resenas\\\/palida-luz-en-las-colinas-kazuo-ishiguro\\\/#primaryimage\"},\"thumbnailUrl\":\"https:\\\/\\\/www.taller-palabras.com\\\/WordPress_06\\\/wp-content\\\/uploads\\\/2023\\\/06\\\/cover_palida_luz.jpg\",\"keywords\":[\"lectura\",\"Libros y sus Autores\",\"rese\u00f1as\",\"ser buen lector\"],\"articleSection\":[\"Rese\u00f1as\"],\"inLanguage\":\"es\"},{\"@type\":[\"WebPage\",\"ItemPage\"],\"@id\":\"https:\\\/\\\/www.taller-palabras.com\\\/WordPress_06\\\/resenas\\\/palida-luz-en-las-colinas-kazuo-ishiguro\\\/\",\"url\":\"https:\\\/\\\/www.taller-palabras.com\\\/WordPress_06\\\/resenas\\\/palida-luz-en-las-colinas-kazuo-ishiguro\\\/\",\"name\":\"P\u00e1lida luz en las colinas - Kazuo Ishiguro - Red Literaria\",\"isPartOf\":{\"@id\":\"https:\\\/\\\/www.taller-palabras.com\\\/WordPress_06\\\/#website\"},\"primaryImageOfPage\":{\"@id\":\"https:\\\/\\\/www.taller-palabras.com\\\/WordPress_06\\\/resenas\\\/palida-luz-en-las-colinas-kazuo-ishiguro\\\/#primaryimage\"},\"image\":{\"@id\":\"https:\\\/\\\/www.taller-palabras.com\\\/WordPress_06\\\/resenas\\\/palida-luz-en-las-colinas-kazuo-ishiguro\\\/#primaryimage\"},\"thumbnailUrl\":\"https:\\\/\\\/www.taller-palabras.com\\\/WordPress_06\\\/wp-content\\\/uploads\\\/2023\\\/06\\\/cover_palida_luz.jpg\",\"datePublished\":\"2023-10-02T22:05:16+00:00\",\"dateModified\":\"2023-10-08T16:38:29+00:00\",\"description\":\"La explicaci\u00f3n de esta tragedia familiar se encuentra en aquel Jap\u00f3n que se recuperaba del traumatismo de la bomba at\u00f3mica...\",\"breadcrumb\":{\"@id\":\"https:\\\/\\\/www.taller-palabras.com\\\/WordPress_06\\\/resenas\\\/palida-luz-en-las-colinas-kazuo-ishiguro\\\/#breadcrumb\"},\"inLanguage\":\"es\",\"potentialAction\":[{\"@type\":\"ReadAction\",\"target\":[\"https:\\\/\\\/www.taller-palabras.com\\\/WordPress_06\\\/resenas\\\/palida-luz-en-las-colinas-kazuo-ishiguro\\\/\"]}]},{\"@type\":\"ImageObject\",\"inLanguage\":\"es\",\"@id\":\"https:\\\/\\\/www.taller-palabras.com\\\/WordPress_06\\\/resenas\\\/palida-luz-en-las-colinas-kazuo-ishiguro\\\/#primaryimage\",\"url\":\"https:\\\/\\\/www.taller-palabras.com\\\/WordPress_06\\\/wp-content\\\/uploads\\\/2023\\\/06\\\/cover_palida_luz.jpg\",\"contentUrl\":\"https:\\\/\\\/www.taller-palabras.com\\\/WordPress_06\\\/wp-content\\\/uploads\\\/2023\\\/06\\\/cover_palida_luz.jpg\",\"width\":166,\"height\":265},{\"@type\":\"BreadcrumbList\",\"@id\":\"https:\\\/\\\/www.taller-palabras.com\\\/WordPress_06\\\/resenas\\\/palida-luz-en-las-colinas-kazuo-ishiguro\\\/#breadcrumb\",\"itemListElement\":[{\"@type\":\"ListItem\",\"position\":1,\"name\":\"Portada\",\"item\":\"https:\\\/\\\/www.taller-palabras.com\\\/WordPress_06\\\/\"},{\"@type\":\"ListItem\",\"position\":2,\"name\":\"P\u00e1lida luz en las colinas &#8211; Kazuo Ishiguro\"}]},{\"@type\":\"WebSite\",\"@id\":\"https:\\\/\\\/www.taller-palabras.com\\\/WordPress_06\\\/#website\",\"url\":\"https:\\\/\\\/www.taller-palabras.com\\\/WordPress_06\\\/\",\"name\":\"Red Literaria\",\"description\":\"Red de lectura y escritura\",\"publisher\":{\"@id\":\"https:\\\/\\\/www.taller-palabras.com\\\/WordPress_06\\\/#organization\"},\"potentialAction\":[{\"@type\":\"SearchAction\",\"target\":{\"@type\":\"EntryPoint\",\"urlTemplate\":\"https:\\\/\\\/www.taller-palabras.com\\\/WordPress_06\\\/?s={search_term_string}\"},\"query-input\":{\"@type\":\"PropertyValueSpecification\",\"valueRequired\":true,\"valueName\":\"search_term_string\"}}],\"inLanguage\":\"es\"},{\"@type\":\"Organization\",\"@id\":\"https:\\\/\\\/www.taller-palabras.com\\\/WordPress_06\\\/#organization\",\"name\":\"Redescribir\",\"url\":\"https:\\\/\\\/www.taller-palabras.com\\\/WordPress_06\\\/\",\"logo\":{\"@type\":\"ImageObject\",\"inLanguage\":\"es\",\"@id\":\"https:\\\/\\\/www.taller-palabras.com\\\/WordPress_06\\\/#\\\/schema\\\/logo\\\/image\\\/\",\"url\":\"https:\\\/\\\/www.taller-palabras.com\\\/WordPress_06\\\/wp-content\\\/uploads\\\/2021\\\/07\\\/redactar_icon.png\",\"contentUrl\":\"https:\\\/\\\/www.taller-palabras.com\\\/WordPress_06\\\/wp-content\\\/uploads\\\/2021\\\/07\\\/redactar_icon.png\",\"width\":25,\"height\":25,\"caption\":\"Redescribir\"},\"image\":{\"@id\":\"https:\\\/\\\/www.taller-palabras.com\\\/WordPress_06\\\/#\\\/schema\\\/logo\\\/image\\\/\"},\"sameAs\":[\"https:\\\/\\\/www.facebook.com\\\/profile.php?id=100001537279728\"]},{\"@type\":\"Person\",\"@id\":\"https:\\\/\\\/www.taller-palabras.com\\\/WordPress_06\\\/#\\\/schema\\\/person\\\/a774f3e56bddd007723be732994cadd4\",\"name\":\"Patricia M\u00f3nica Miranda Alonso\",\"description\":\"Profesora de escritura creativa y coordinadora de talleres literarios, editora y correctora literaria, rese\u00f1adora y cr\u00edtica literaria.\",\"sameAs\":[\"https:\\\/\\\/www.taller-palabras.com\"],\"url\":\"https:\\\/\\\/www.taller-palabras.com\\\/WordPress_06\\\/author\\\/patricia\\\/\"}]}<\/script>\n<!-- \/ Yoast SEO plugin. -->","yoast_head_json":{"title":"P\u00e1lida luz en las colinas - Kazuo Ishiguro - Red Literaria","description":"La explicaci\u00f3n de esta tragedia familiar se encuentra en aquel Jap\u00f3n que se recuperaba del traumatismo de la bomba at\u00f3mica...","robots":{"index":"index","follow":"follow","max-snippet":"max-snippet:-1","max-image-preview":"max-image-preview:large","max-video-preview":"max-video-preview:-1"},"canonical":"https:\/\/www.taller-palabras.com\/WordPress_06\/resenas\/palida-luz-en-las-colinas-kazuo-ishiguro\/","og_locale":"es_ES","og_type":"article","og_title":"P\u00e1lida luz en las colinas - Kazuo Ishiguro - Red Literaria","og_description":"La explicaci\u00f3n de esta tragedia familiar se encuentra en aquel Jap\u00f3n que se recuperaba del traumatismo de la bomba at\u00f3mica...","og_url":"https:\/\/www.taller-palabras.com\/WordPress_06\/resenas\/palida-luz-en-las-colinas-kazuo-ishiguro\/","og_site_name":"Red Literaria","article_publisher":"https:\/\/www.facebook.com\/profile.php?id=100001537279728","article_published_time":"2023-10-02T22:05:16+00:00","article_modified_time":"2023-10-08T16:38:29+00:00","og_image":[{"width":464,"height":283,"url":"https:\/\/www.taller-palabras.com\/WordPress_06\/wp-content\/uploads\/2023\/06\/Palida-luz.jpg","type":"image\/jpeg"}],"author":"Patricia M\u00f3nica Miranda Alonso","twitter_card":"summary_large_image","twitter_misc":{"Escrito por":"Patricia M\u00f3nica Miranda Alonso","Tiempo de lectura":"4 minutos"},"schema":{"@context":"https:\/\/schema.org","@graph":[{"@type":"NewsArticle","@id":"https:\/\/www.taller-palabras.com\/WordPress_06\/resenas\/palida-luz-en-las-colinas-kazuo-ishiguro\/#article","isPartOf":{"@id":"https:\/\/www.taller-palabras.com\/WordPress_06\/resenas\/palida-luz-en-las-colinas-kazuo-ishiguro\/"},"author":{"name":"Patricia M\u00f3nica Miranda Alonso","@id":"https:\/\/www.taller-palabras.com\/WordPress_06\/#\/schema\/person\/a774f3e56bddd007723be732994cadd4"},"headline":"P\u00e1lida luz en las colinas &#8211; Kazuo Ishiguro","datePublished":"2023-10-02T22:05:16+00:00","dateModified":"2023-10-08T16:38:29+00:00","mainEntityOfPage":{"@id":"https:\/\/www.taller-palabras.com\/WordPress_06\/resenas\/palida-luz-en-las-colinas-kazuo-ishiguro\/"},"wordCount":794,"publisher":{"@id":"https:\/\/www.taller-palabras.com\/WordPress_06\/#organization"},"image":{"@id":"https:\/\/www.taller-palabras.com\/WordPress_06\/resenas\/palida-luz-en-las-colinas-kazuo-ishiguro\/#primaryimage"},"thumbnailUrl":"https:\/\/www.taller-palabras.com\/WordPress_06\/wp-content\/uploads\/2023\/06\/cover_palida_luz.jpg","keywords":["lectura","Libros y sus Autores","rese\u00f1as","ser buen lector"],"articleSection":["Rese\u00f1as"],"inLanguage":"es"},{"@type":["WebPage","ItemPage"],"@id":"https:\/\/www.taller-palabras.com\/WordPress_06\/resenas\/palida-luz-en-las-colinas-kazuo-ishiguro\/","url":"https:\/\/www.taller-palabras.com\/WordPress_06\/resenas\/palida-luz-en-las-colinas-kazuo-ishiguro\/","name":"P\u00e1lida luz en las colinas - Kazuo Ishiguro - Red Literaria","isPartOf":{"@id":"https:\/\/www.taller-palabras.com\/WordPress_06\/#website"},"primaryImageOfPage":{"@id":"https:\/\/www.taller-palabras.com\/WordPress_06\/resenas\/palida-luz-en-las-colinas-kazuo-ishiguro\/#primaryimage"},"image":{"@id":"https:\/\/www.taller-palabras.com\/WordPress_06\/resenas\/palida-luz-en-las-colinas-kazuo-ishiguro\/#primaryimage"},"thumbnailUrl":"https:\/\/www.taller-palabras.com\/WordPress_06\/wp-content\/uploads\/2023\/06\/cover_palida_luz.jpg","datePublished":"2023-10-02T22:05:16+00:00","dateModified":"2023-10-08T16:38:29+00:00","description":"La explicaci\u00f3n de esta tragedia familiar se encuentra en aquel Jap\u00f3n que se recuperaba del traumatismo de la bomba at\u00f3mica...","breadcrumb":{"@id":"https:\/\/www.taller-palabras.com\/WordPress_06\/resenas\/palida-luz-en-las-colinas-kazuo-ishiguro\/#breadcrumb"},"inLanguage":"es","potentialAction":[{"@type":"ReadAction","target":["https:\/\/www.taller-palabras.com\/WordPress_06\/resenas\/palida-luz-en-las-colinas-kazuo-ishiguro\/"]}]},{"@type":"ImageObject","inLanguage":"es","@id":"https:\/\/www.taller-palabras.com\/WordPress_06\/resenas\/palida-luz-en-las-colinas-kazuo-ishiguro\/#primaryimage","url":"https:\/\/www.taller-palabras.com\/WordPress_06\/wp-content\/uploads\/2023\/06\/cover_palida_luz.jpg","contentUrl":"https:\/\/www.taller-palabras.com\/WordPress_06\/wp-content\/uploads\/2023\/06\/cover_palida_luz.jpg","width":166,"height":265},{"@type":"BreadcrumbList","@id":"https:\/\/www.taller-palabras.com\/WordPress_06\/resenas\/palida-luz-en-las-colinas-kazuo-ishiguro\/#breadcrumb","itemListElement":[{"@type":"ListItem","position":1,"name":"Portada","item":"https:\/\/www.taller-palabras.com\/WordPress_06\/"},{"@type":"ListItem","position":2,"name":"P\u00e1lida luz en las colinas &#8211; Kazuo Ishiguro"}]},{"@type":"WebSite","@id":"https:\/\/www.taller-palabras.com\/WordPress_06\/#website","url":"https:\/\/www.taller-palabras.com\/WordPress_06\/","name":"Red Literaria","description":"Red de lectura y escritura","publisher":{"@id":"https:\/\/www.taller-palabras.com\/WordPress_06\/#organization"},"potentialAction":[{"@type":"SearchAction","target":{"@type":"EntryPoint","urlTemplate":"https:\/\/www.taller-palabras.com\/WordPress_06\/?s={search_term_string}"},"query-input":{"@type":"PropertyValueSpecification","valueRequired":true,"valueName":"search_term_string"}}],"inLanguage":"es"},{"@type":"Organization","@id":"https:\/\/www.taller-palabras.com\/WordPress_06\/#organization","name":"Redescribir","url":"https:\/\/www.taller-palabras.com\/WordPress_06\/","logo":{"@type":"ImageObject","inLanguage":"es","@id":"https:\/\/www.taller-palabras.com\/WordPress_06\/#\/schema\/logo\/image\/","url":"https:\/\/www.taller-palabras.com\/WordPress_06\/wp-content\/uploads\/2021\/07\/redactar_icon.png","contentUrl":"https:\/\/www.taller-palabras.com\/WordPress_06\/wp-content\/uploads\/2021\/07\/redactar_icon.png","width":25,"height":25,"caption":"Redescribir"},"image":{"@id":"https:\/\/www.taller-palabras.com\/WordPress_06\/#\/schema\/logo\/image\/"},"sameAs":["https:\/\/www.facebook.com\/profile.php?id=100001537279728"]},{"@type":"Person","@id":"https:\/\/www.taller-palabras.com\/WordPress_06\/#\/schema\/person\/a774f3e56bddd007723be732994cadd4","name":"Patricia M\u00f3nica Miranda Alonso","description":"Profesora de escritura creativa y coordinadora de talleres literarios, editora y correctora literaria, rese\u00f1adora y cr\u00edtica literaria.","sameAs":["https:\/\/www.taller-palabras.com"],"url":"https:\/\/www.taller-palabras.com\/WordPress_06\/author\/patricia\/"}]}},"_links":{"self":[{"href":"https:\/\/www.taller-palabras.com\/WordPress_06\/wp-json\/wp\/v2\/posts\/3316","targetHints":{"allow":["GET"]}}],"collection":[{"href":"https:\/\/www.taller-palabras.com\/WordPress_06\/wp-json\/wp\/v2\/posts"}],"about":[{"href":"https:\/\/www.taller-palabras.com\/WordPress_06\/wp-json\/wp\/v2\/types\/post"}],"author":[{"embeddable":true,"href":"https:\/\/www.taller-palabras.com\/WordPress_06\/wp-json\/wp\/v2\/users\/83"}],"replies":[{"embeddable":true,"href":"https:\/\/www.taller-palabras.com\/WordPress_06\/wp-json\/wp\/v2\/comments?post=3316"}],"version-history":[{"count":11,"href":"https:\/\/www.taller-palabras.com\/WordPress_06\/wp-json\/wp\/v2\/posts\/3316\/revisions"}],"predecessor-version":[{"id":3835,"href":"https:\/\/www.taller-palabras.com\/WordPress_06\/wp-json\/wp\/v2\/posts\/3316\/revisions\/3835"}],"wp:attachment":[{"href":"https:\/\/www.taller-palabras.com\/WordPress_06\/wp-json\/wp\/v2\/media?parent=3316"}],"wp:term":[{"taxonomy":"category","embeddable":true,"href":"https:\/\/www.taller-palabras.com\/WordPress_06\/wp-json\/wp\/v2\/categories?post=3316"},{"taxonomy":"post_tag","embeddable":true,"href":"https:\/\/www.taller-palabras.com\/WordPress_06\/wp-json\/wp\/v2\/tags?post=3316"}],"curies":[{"name":"wp","href":"https:\/\/api.w.org\/{rel}","templated":true}]}}