{"id":4375,"date":"2024-07-28T12:39:04","date_gmt":"2024-07-28T15:39:04","guid":{"rendered":"https:\/\/www.taller-palabras.com\/WordPress_06\/?p=4375"},"modified":"2024-08-24T12:02:28","modified_gmt":"2024-08-24T15:02:28","slug":"selma-lagerlof","status":"publish","type":"post","link":"https:\/\/www.taller-palabras.com\/WordPress_06\/historia\/selma-lagerlof\/","title":{"rendered":"Narradora de Sue\u00f1os y Realidades"},"content":{"rendered":"\n<p>La habilidad para contar historias. El talento para engendrar personajes impregnados de una humanidad profunda y una compasi\u00f3n universal que trasciende las barreras del tiempo y el espacio. La capacidad para explorar temas complejos como la fe, la identidad y el sacrificio, desde una narrativa accesible y emocionalmente resonante. La pericia para fusionar lo cotidiano con lo fant\u00e1stico, creando mundos donde lo improbable se convierte en parte integral de la realidad. Capturar la esencia misma del alma humana en lucha constante entre el bien y el mal. La belleza, la simplicidad, la cotidianeidad.<\/p>\n\n\n\n<p>Quiz\u00e1s lo \u00fanico que hace falta es mencionar su nombre: <strong>Selma Lagerl\u00f6f<\/strong>.<br>Para muchos una desconocida, quienes tuvieron la suerte de toparse con sus personajes impregnados de una humanidad profunda y una compasi\u00f3n universal, sabr\u00e1n que trascendiendo las barreras del tiempo y el espacio, en sus escritos encontramos historias donde la sempiterna lucha contra el bien y el mal se resuelve con la simpleza de la cotidianeidad donde se conjugan la redenci\u00f3n y la libertad.<\/p>\n\n\n\n<p>Selma Lagerl\u00f6f es una de esas raras figuras literarias que no solo captur\u00f3 la imaginaci\u00f3n de su tiempo, sino que tambi\u00e9n dej\u00f3 una huella imborrable en la narrativa universal. Nacida el 20 de noviembre de 1858 en M\u00e5rbacka, Suecia, Lagerl\u00f6f creci\u00f3 en un ambiente rural que influir\u00eda profundamente en su obra, impregnando sus historias con una rica mezcla de folklore, paisajes y personajes entra\u00f1ables.<\/p>\n\n\n\n<p>Desde temprana edad mostr\u00f3 una inclinaci\u00f3n por la literatura, absorbiendo cuentos y leyendas que m\u00e1s tarde se convertir\u00edan en la piedra angular de su trabajo. Su debut literario lleg\u00f3 con <a href=\"https:\/\/www.taller-palabras.com\/WordPress_04\/producto\/la-leyenda-de-gosta-berling-selma-lagerlof-ebook?\"><strong><em>La leyenda de G\u00f6sta Berling<\/em><\/strong><\/a>, una novela que no solo anunci\u00f3 su llegada como una narradora excepcional, sino que tambi\u00e9n estableci\u00f3 su estilo \u00fanico, caracterizado por una mezcla de realismo m\u00e1gico y una profunda empat\u00eda por la condici\u00f3n humana.<br>El reconocimiento internacional le lleg\u00f3 con <a href=\"https:\/\/www.taller-palabras.com\/WordPress_04\/producto\/el-maravilloso-viaje-de-nils-holgerson-selma-lagerlof-ebook?\"><strong><em>El maravilloso viaje de Nils Holgersson a trav\u00e9s de Suecia<\/em><\/strong><\/a>, una obra encargada originalmente como un libro de lectura para las escuelas suecas. Lo que podr\u00eda haber sido un simple texto educativo se transform\u00f3 en una epopeya m\u00e1gica, donde un ni\u00f1o travieso es convertido en un duende y recorre Suecia a lomos de un ganso. A trav\u00e9s de esta narraci\u00f3n no solo ofrece una geograf\u00eda detallada de su patria, sino tambi\u00e9n una exploraci\u00f3n de la redenci\u00f3n y la transformaci\u00f3n personal.<\/p>\n\n\n\n<p>La profundidad de Lagerl\u00f6f como escritora se revela en obras como <a href=\"https:\/\/www.taller-palabras.com\/WordPress_04\/producto\/jerusalem-selma-lagerlof-ebook?\"><strong><em>Jerusal\u00e9n<\/em><\/strong><\/a>, una saga que entrelaza la vida de los habitantes de una peque\u00f1a aldea sueca con la de una comunidad en Tierra Santa. Su habilidad para explorar temas tan complejos como la fe, la identidad y el sacrificio, resuenan con una potencia inusitada sin duda porque ha descendido el elevado pedestal donde se ubican autores de su \u00e9poca apostando por una narrativa accesible que la torna emocionalmente resonante.<\/p>\n\n\n\n<p>Si eres de esos amantes de la literatura fant\u00e1stica, esta autora se convertir\u00e1 inmediatamente en tu autora amiga. Su capacidad para fusionar lo cotidiano con lo fant\u00e1stico, creando mundos donde lo improbable se convierte en parte integral de la realidad, es el lazo indisoluble que sellar\u00e1 esa amistad. Su prosa, a menudo l\u00edrica y evocadora, te permitir\u00e1 sumergirte en escenarios donde los mitos cobran vida y los personajes, aunque a menudo enfrentados a desaf\u00edos extraordinarios, reflejan las luchas y aspiraciones universales de la humanidad. Sus luchas pronto ser\u00e1n las tuyas y tardar\u00e1s un buen tiempo en desprenderte de ese halo deliciosamente delicado que las recubre.<\/p>\n\n\n\n<p>Adem\u00e1s de su contribuci\u00f3n literaria, <strong>Lagerl\u00f6f<\/strong> fue una pionera en muchos sentidos. Fue la primera mujer en recibir el <em>Premio Nobel de Literatura en 1909<\/em>, un reconocimiento que no solo celebr\u00f3 su talento, sino que tambi\u00e9n abri\u00f3 las puertas para futuras generaciones de escritoras, tambi\u00e9n fue una firme defensora de los derechos de las mujeres y particip\u00f3 activamente en la lucha por el sufragio femenino en Suecia.<br>El legado de Selma Lagerl\u00f6f va m\u00e1s all\u00e1 de sus escritos. Su vida y obra contin\u00faan inspirando a lectores y escritores por igual, record\u00e1ndonos el poder de la imaginaci\u00f3n y la importancia de contar historias que reflejen la complejidad y la belleza de la experiencia humana como en su obra <a href=\"https:\/\/www.taller-palabras.com\/WordPress_04\/producto\/la-casa-de-liljecrona-selma-lagerlof-ebook-copia?\"><strong><em>La casa de Liljecrona<\/em><\/strong><\/a> o <a href=\"https:\/\/www.taller-palabras.com\/WordPress_04\/producto\/el-carretero-de-la-muerte-selma-lagerlof-ebook-copia-copia?\"><strong><em>El carretero de la muerte<\/em><\/strong><\/a>.<\/p>\n\n\n\n<p>En un mundo cada vez m\u00e1s interconectado y a menudo tumultuoso, las narraciones de Lagerl\u00f6f ofrecen un refugio y una fuente de reflexi\u00f3n, invit\u00e1ndonos a ver m\u00e1s all\u00e1 de la superficie y a encontrar la magia en lo mundano.<br>Una gigante de la literatura, casi una gu\u00eda espiritual que, a trav\u00e9s de sus cuentos, nos muestra que la redenci\u00f3n, la esperanza y la transformaci\u00f3n est\u00e1n al alcance de todos, siempre y cuando tengamos el coraje de embarcarnos en un viaje hacia lo maravilloso de nuestras almas.<\/p>\n\n\n\n\n\n<p>Comparte la experiencia  \ud83d\ude09<br \/>\n<div class=\"heateor_sss_sharing_container heateor_sss_horizontal_sharing\" data-heateor-ss-offset=\"0\" data-heateor-sss-href='https:\/\/www.taller-palabras.com\/WordPress_06\/historia\/selma-lagerlof\/'><div class=\"heateor_sss_sharing_ul\"><a aria-label=\"Facebook\" class=\"heateor_sss_facebook\" href=\"https:\/\/www.facebook.com\/sharer\/sharer.php?u=https%3A%2F%2Fwww.taller-palabras.com%2FWordPress_06%2F%3Fp%3D4375\" title=\"Facebook\" rel=\"nofollow noopener\" target=\"_blank\" style=\"font-size:32px!important;box-shadow:none;display:inline-block;vertical-align:middle\"><span class=\"heateor_sss_svg\" style=\"background-color:#0765FE;width:34px;height:34px;border-radius:999px;display:inline-block;opacity:1;float:left;font-size:32px;box-shadow:none;display:inline-block;font-size:16px;padding:0 4px;vertical-align:middle;background-repeat:repeat;overflow:hidden;padding:0;cursor:pointer;box-sizing:content-box\"><svg style=\"display:block;border-radius:999px;\" focusable=\"false\" aria-hidden=\"true\" xmlns=\"http:\/\/www.w3.org\/2000\/svg\" width=\"100%\" height=\"100%\" viewBox=\"0 0 32 32\"><path fill=\"#fff\" d=\"M28 16c0-6.627-5.373-12-12-12S4 9.373 4 16c0 5.628 3.875 10.35 9.101 11.647v-7.98h-2.474V16H13.1v-1.58c0-4.085 1.849-5.978 5.859-5.978.76 0 2.072.15 2.608.298v3.325c-.283-.03-.775-.045-1.386-.045-1.967 0-2.728.745-2.728 2.683V16h3.92l-.673 3.667h-3.247v8.245C23.395 27.195 28 22.135 28 16Z\"><\/path><\/svg><\/span><\/a><a aria-label=\"Whatsapp\" class=\"heateor_sss_whatsapp\" href=\"https:\/\/api.whatsapp.com\/send?text=Narradora%20de%20Sue%C3%B1os%20y%20Realidades%20https%3A%2F%2Fwww.taller-palabras.com%2FWordPress_06%2F%3Fp%3D4375\" title=\"Whatsapp\" rel=\"nofollow noopener\" target=\"_blank\" style=\"font-size:32px!important;box-shadow:none;display:inline-block;vertical-align:middle\"><span class=\"heateor_sss_svg\" style=\"background-color:#55eb4c;width:34px;height:34px;border-radius:999px;display:inline-block;opacity:1;float:left;font-size:32px;box-shadow:none;display:inline-block;font-size:16px;padding:0 4px;vertical-align:middle;background-repeat:repeat;overflow:hidden;padding:0;cursor:pointer;box-sizing:content-box\"><svg style=\"display:block;border-radius:999px;\" focusable=\"false\" aria-hidden=\"true\" xmlns=\"http:\/\/www.w3.org\/2000\/svg\" width=\"100%\" height=\"100%\" viewBox=\"-6 -5 40 40\"><path class=\"heateor_sss_svg_stroke heateor_sss_no_fill\" stroke=\"#fff\" stroke-width=\"2\" fill=\"none\" d=\"M 11.579798566743314 24.396926207859085 A 10 10 0 1 0 6.808479557110079 20.73576436351046\"><\/path><path d=\"M 7 19 l -1 6 l 6 -1\" class=\"heateor_sss_no_fill heateor_sss_svg_stroke\" stroke=\"#fff\" stroke-width=\"2\" fill=\"none\"><\/path><path d=\"M 10 10 q -1 8 8 11 c 5 -1 0 -6 -1 -3 q -4 -3 -5 -5 c 4 -2 -1 -5 -1 -4\" fill=\"#fff\"><\/path><\/svg><\/span><\/a><a aria-label=\"Pinterest\" class=\"heateor_sss_button_pinterest\" href=\"https:\/\/www.taller-palabras.com\/WordPress_06\/?p=4375\" onclick=\"event.preventDefault();javascript:void( (function() {var e=document.createElement('script' );e.setAttribute('type','text\/javascript' );e.setAttribute('charset','UTF-8' );e.setAttribute('src','\/\/assets.pinterest.com\/js\/pinmarklet.js?r='+Math.random()*99999999);document.body.appendChild(e)})());\" title=\"Pinterest\" rel=\"noopener\" style=\"font-size:32px!important;box-shadow:none;display:inline-block;vertical-align:middle\"><span class=\"heateor_sss_svg heateor_sss_s__default heateor_sss_s_pinterest\" style=\"background-color:#cc2329;width:34px;height:34px;border-radius:999px;display:inline-block;opacity:1;float:left;font-size:32px;box-shadow:none;display:inline-block;font-size:16px;padding:0 4px;vertical-align:middle;background-repeat:repeat;overflow:hidden;padding:0;cursor:pointer;box-sizing:content-box\"><svg style=\"display:block;border-radius:999px;\" focusable=\"false\" aria-hidden=\"true\" xmlns=\"http:\/\/www.w3.org\/2000\/svg\" width=\"100%\" height=\"100%\" viewBox=\"-2 -2 35 35\"><path fill=\"#fff\" d=\"M16.539 4.5c-6.277 0-9.442 4.5-9.442 8.253 0 2.272.86 4.293 2.705 5.046.303.125.574.005.662-.33.061-.231.205-.816.27-1.06.088-.331.053-.447-.191-.736-.532-.627-.873-1.439-.873-2.591 0-3.338 2.498-6.327 6.505-6.327 3.548 0 5.497 2.168 5.497 5.062 0 3.81-1.686 7.025-4.188 7.025-1.382 0-2.416-1.142-2.085-2.545.397-1.674 1.166-3.48 1.166-4.689 0-1.081-.581-1.983-1.782-1.983-1.413 0-2.548 1.462-2.548 3.419 0 1.247.421 2.091.421 2.091l-1.699 7.199c-.505 2.137-.076 4.755-.039 5.019.021.158.223.196.314.077.13-.17 1.813-2.247 2.384-4.324.162-.587.929-3.631.929-3.631.46.876 1.801 1.646 3.227 1.646 4.247 0 7.128-3.871 7.128-9.053.003-3.918-3.317-7.568-8.361-7.568z\"\/><\/svg><\/span><\/a><a aria-label=\"Instagram\" class=\"heateor_sss_button_instagram\" href=\"https:\/\/www.instagram.com\/\" title=\"Instagram\" rel=\"nofollow noopener\" target=\"_blank\" style=\"font-size:32px!important;box-shadow:none;display:inline-block;vertical-align:middle\"><span class=\"heateor_sss_svg\" style=\"background-color:#53beee;width:34px;height:34px;border-radius:999px;display:inline-block;opacity:1;float:left;font-size:32px;box-shadow:none;display:inline-block;font-size:16px;padding:0 4px;vertical-align:middle;background-repeat:repeat;overflow:hidden;padding:0;cursor:pointer;box-sizing:content-box\"><svg style=\"display:block;border-radius:999px;\" version=\"1.1\" viewBox=\"-10 -10 148 148\" width=\"100%\" height=\"100%\" xml:space=\"preserve\" xmlns=\"http:\/\/www.w3.org\/2000\/svg\" xmlns:xlink=\"http:\/\/www.w3.org\/1999\/xlink\"><g><g><path d=\"M86,112H42c-14.336,0-26-11.663-26-26V42c0-14.337,11.664-26,26-26h44c14.337,0,26,11.663,26,26v44 C112,100.337,100.337,112,86,112z M42,24c-9.925,0-18,8.074-18,18v44c0,9.925,8.075,18,18,18h44c9.926,0,18-8.075,18-18V42 c0-9.926-8.074-18-18-18H42z\" fill=\"#fff\"><\/path><\/g><g><path d=\"M64,88c-13.234,0-24-10.767-24-24c0-13.234,10.766-24,24-24s24,10.766,24,24C88,77.233,77.234,88,64,88z M64,48c-8.822,0-16,7.178-16,16s7.178,16,16,16c8.822,0,16-7.178,16-16S72.822,48,64,48z\" fill=\"#fff\"><\/path><\/g><g><circle cx=\"89.5\" cy=\"38.5\" fill=\"#fff\" r=\"5.5\"><\/circle><\/g><\/g><\/svg><\/span><\/a><a aria-label=\"X\" class=\"heateor_sss_button_x\" href=\"https:\/\/twitter.com\/intent\/tweet?text=Narradora%20de%20Sue%C3%B1os%20y%20Realidades&url=https%3A%2F%2Fwww.taller-palabras.com%2FWordPress_06%2F%3Fp%3D4375\" title=\"X\" rel=\"nofollow noopener\" target=\"_blank\" style=\"font-size:32px!important;box-shadow:none;display:inline-block;vertical-align:middle\"><span class=\"heateor_sss_svg heateor_sss_s__default heateor_sss_s_x\" style=\"background-color:#2a2a2a;width:34px;height:34px;border-radius:999px;display:inline-block;opacity:1;float:left;font-size:32px;box-shadow:none;display:inline-block;font-size:16px;padding:0 4px;vertical-align:middle;background-repeat:repeat;overflow:hidden;padding:0;cursor:pointer;box-sizing:content-box\"><svg width=\"100%\" height=\"100%\" style=\"display:block;border-radius:999px;\" focusable=\"false\" aria-hidden=\"true\" xmlns=\"http:\/\/www.w3.org\/2000\/svg\" viewBox=\"0 0 32 32\"><path fill=\"#fff\" d=\"M21.751 7h3.067l-6.7 7.658L26 25.078h-6.172l-4.833-6.32-5.531 6.32h-3.07l7.167-8.19L6 7h6.328l4.37 5.777L21.75 7Zm-1.076 16.242h1.7L11.404 8.74H9.58l11.094 14.503Z\"><\/path><\/svg><\/span><\/a><a aria-label=\"Linkedin\" class=\"heateor_sss_button_linkedin\" href=\"https:\/\/www.linkedin.com\/sharing\/share-offsite\/?url=https%3A%2F%2Fwww.taller-palabras.com%2FWordPress_06%2F%3Fp%3D4375\" title=\"Linkedin\" rel=\"nofollow noopener\" target=\"_blank\" style=\"font-size:32px!important;box-shadow:none;display:inline-block;vertical-align:middle\"><span class=\"heateor_sss_svg heateor_sss_s__default heateor_sss_s_linkedin\" style=\"background-color:#0077b5;width:34px;height:34px;border-radius:999px;display:inline-block;opacity:1;float:left;font-size:32px;box-shadow:none;display:inline-block;font-size:16px;padding:0 4px;vertical-align:middle;background-repeat:repeat;overflow:hidden;padding:0;cursor:pointer;box-sizing:content-box\"><svg style=\"display:block;border-radius:999px;\" focusable=\"false\" aria-hidden=\"true\" xmlns=\"http:\/\/www.w3.org\/2000\/svg\" width=\"100%\" height=\"100%\" viewBox=\"0 0 32 32\"><path d=\"M6.227 12.61h4.19v13.48h-4.19V12.61zm2.095-6.7a2.43 2.43 0 0 1 0 4.86c-1.344 0-2.428-1.09-2.428-2.43s1.084-2.43 2.428-2.43m4.72 6.7h4.02v1.84h.058c.56-1.058 1.927-2.176 3.965-2.176 4.238 0 5.02 2.792 5.02 6.42v7.395h-4.183v-6.56c0-1.564-.03-3.574-2.178-3.574-2.18 0-2.514 1.7-2.514 3.46v6.668h-4.187V12.61z\" fill=\"#fff\"><\/path><\/svg><\/span><\/a><\/div><div class=\"heateorSssClear\"><\/div><\/div><\/p>\n\n\n\n<hr class=\"wp-block-separator has-alpha-channel-opacity\"\/>\n\n\n\n<h2 class=\"wp-block-heading\">Libros en el art\u00edculo<\/h2>\n\n\n\n<ul class=\"wp-block-list\">\n<li><strong>Jerusal\u00e9n<\/strong><\/li>\n\n\n\n<li><strong>El carretero de la muerte<\/strong><\/li>\n\n\n\n<li><strong>La casa de Liljecrona<\/strong> <\/li>\n\n\n\n<li><strong>El maravilloso viaje de Nils Holgersson<\/strong><\/li>\n\n\n\n<li><strong>La leyenda de G\u00f6sta Berling<\/strong><\/li>\n<\/ul>\n\n\n\n<figure class=\"wp-block-image size-full is-resized\"><a href=\"https:\/\/www.taller-palabras.com\/WordPress_04\/producto\/libros-en-el-articulo-los-policiales-me-los-como\" target=\"_blank\" rel=\"noreferrer noopener\"><img loading=\"lazy\" decoding=\"async\" width=\"442\" height=\"268\" src=\"https:\/\/www.taller-palabras.com\/WordPress_06\/wp-content\/uploads\/2021\/07\/digital_papel.jpg\" alt=\"\" class=\"wp-image-1744\" style=\"object-fit:cover;width:180px;height:100px\" srcset=\"https:\/\/www.taller-palabras.com\/WordPress_06\/wp-content\/uploads\/2021\/07\/digital_papel.jpg 442w, https:\/\/www.taller-palabras.com\/WordPress_06\/wp-content\/uploads\/2021\/07\/digital_papel-300x182.jpg 300w\" sizes=\"auto, (max-width: 442px) 100vw, 442px\" \/><\/a><\/figure>\n\n\n\n<p><\/p>\n\n\n\n<p style=\"font-size:23px\"><\/p>\n\n\n\n<p style=\"font-size:23px\"><a href=\"https:\/\/www.taller-palabras.com\/WordPress_04\/?s=Selma+Lagerlof&amp;post_type=product&amp;v=d72a48a8ebd2\">Todos en Nuestra Librer\u00eda Literaria<\/a><\/p>\n\n\n\n<hr class=\"wp-block-separator has-alpha-channel-opacity\"\/>\n\n\n\n<h4 class=\"wp-block-heading\">Servicios Editoriales<\/h4>\n\n\n\n<h4 class=\"wp-block-heading\" id=\"taller-literario-online\"><a href=\"https:\/\/taller-palabras.com\/servicios.html\" target=\"_blank\" rel=\"noreferrer noopener\">Servicio de correcci\u00f3n literaria<br>Servicio de edici\u00f3n gr\u00e1fica<br>Servicio de publicaci\u00f3n<\/a><\/h4>\n\n\n\n<hr class=\"wp-block-separator has-alpha-channel-opacity\"\/>\n\n\n\n<h4 class=\"wp-block-heading\" id=\"cursos-de-formacion-via-email-en\">Cursos de Formaci\u00f3n v\u00eda email en<br><a href=\"https:\/\/taller-palabras.com\/cursos.html\" target=\"_blank\" rel=\"noreferrer noopener\">Escritura Creativa<\/a><\/h4>\n\n\n\n<hr class=\"wp-block-separator has-alpha-channel-opacity\"\/>\n\n\n\n<h4 class=\"wp-block-heading\">Cursos de escritura <br><a href=\"https:\/\/taller-palabras.com\/cursos.html\" target=\"_blank\" rel=\"noreferrer noopener\">Autobiograf\u00eda<\/a><\/h4>\n\n\n\n<hr class=\"wp-block-separator has-alpha-channel-opacity\"\/>\n","protected":false},"excerpt":{"rendered":"<p>Una de esas raras figuras literarias que no solo captur\u00f3 la imaginaci\u00f3n de su tiempo, sino que tambi\u00e9n dej\u00f3 una huella imborrable en la narrativa universal&#8230;<\/p>\n","protected":false},"author":83,"featured_media":4379,"comment_status":"closed","ping_status":"open","sticky":false,"template":"","format":"standard","meta":{"footnotes":""},"categories":[245],"tags":[57,246],"class_list":["post-4375","post","type-post","status-publish","format-standard","has-post-thumbnail","hentry","category-historia","tag-historia","tag-historia-literatura"],"yoast_head":"<!-- This site is optimized with the Yoast SEO plugin v27.4 - https:\/\/yoast.com\/product\/yoast-seo-wordpress\/ -->\n<title>Narradora de Sue\u00f1os y Realidades - Red Literaria<\/title>\n<meta name=\"description\" content=\"Selma Lagerl\u00f6f es una de esas raras figuras que captur\u00f3 la imaginaci\u00f3n de su tiempo, una huella imborrable en la narrativa universal...\" \/>\n<meta name=\"robots\" content=\"index, follow, max-snippet:-1, max-image-preview:large, max-video-preview:-1\" \/>\n<link rel=\"canonical\" href=\"https:\/\/www.taller-palabras.com\/WordPress_06\/historia\/selma-lagerlof\/\" \/>\n<meta property=\"og:locale\" content=\"es_ES\" \/>\n<meta property=\"og:type\" content=\"article\" \/>\n<meta property=\"og:title\" content=\"Narradora de Sue\u00f1os y Realidades - Red Literaria\" \/>\n<meta property=\"og:description\" content=\"Selma Lagerl\u00f6f es una de esas raras figuras que captur\u00f3 la imaginaci\u00f3n de su tiempo, una huella imborrable en la narrativa universal...\" \/>\n<meta property=\"og:url\" content=\"https:\/\/www.taller-palabras.com\/WordPress_06\/historia\/selma-lagerlof\/\" \/>\n<meta property=\"og:site_name\" content=\"Red Literaria\" \/>\n<meta property=\"article:publisher\" content=\"https:\/\/www.facebook.com\/profile.php?id=100001537279728\" \/>\n<meta property=\"article:published_time\" content=\"2024-07-28T15:39:04+00:00\" \/>\n<meta property=\"article:modified_time\" content=\"2024-08-24T15:02:28+00:00\" \/>\n<meta property=\"og:image\" content=\"https:\/\/www.taller-palabras.com\/WordPress_06\/wp-content\/uploads\/2024\/07\/Lagerlof-1.jpg\" \/>\n\t<meta property=\"og:image:width\" content=\"504\" \/>\n\t<meta property=\"og:image:height\" content=\"283\" \/>\n\t<meta property=\"og:image:type\" content=\"image\/jpeg\" \/>\n<meta name=\"author\" content=\"Patricia M\u00f3nica Miranda Alonso\" \/>\n<meta name=\"twitter:card\" content=\"summary_large_image\" \/>\n<meta name=\"twitter:label1\" content=\"Escrito por\" \/>\n\t<meta name=\"twitter:data1\" content=\"Patricia M\u00f3nica Miranda Alonso\" \/>\n\t<meta name=\"twitter:label2\" content=\"Tiempo de lectura\" \/>\n\t<meta name=\"twitter:data2\" content=\"5 minutos\" \/>\n<script type=\"application\/ld+json\" class=\"yoast-schema-graph\">{\"@context\":\"https:\\\/\\\/schema.org\",\"@graph\":[{\"@type\":\"NewsArticle\",\"@id\":\"https:\\\/\\\/www.taller-palabras.com\\\/WordPress_06\\\/historia\\\/selma-lagerlof\\\/#article\",\"isPartOf\":{\"@id\":\"https:\\\/\\\/www.taller-palabras.com\\\/WordPress_06\\\/historia\\\/selma-lagerlof\\\/\"},\"author\":{\"name\":\"Patricia M\u00f3nica Miranda Alonso\",\"@id\":\"https:\\\/\\\/www.taller-palabras.com\\\/WordPress_06\\\/#\\\/schema\\\/person\\\/a774f3e56bddd007723be732994cadd4\"},\"headline\":\"Narradora de Sue\u00f1os y Realidades\",\"datePublished\":\"2024-07-28T15:39:04+00:00\",\"dateModified\":\"2024-08-24T15:02:28+00:00\",\"mainEntityOfPage\":{\"@id\":\"https:\\\/\\\/www.taller-palabras.com\\\/WordPress_06\\\/historia\\\/selma-lagerlof\\\/\"},\"wordCount\":890,\"publisher\":{\"@id\":\"https:\\\/\\\/www.taller-palabras.com\\\/WordPress_06\\\/#organization\"},\"image\":{\"@id\":\"https:\\\/\\\/www.taller-palabras.com\\\/WordPress_06\\\/historia\\\/selma-lagerlof\\\/#primaryimage\"},\"thumbnailUrl\":\"https:\\\/\\\/www.taller-palabras.com\\\/WordPress_06\\\/wp-content\\\/uploads\\\/2024\\\/07\\\/Lagerlof-1.jpg\",\"keywords\":[\"historia\",\"Historia de la literatura\"],\"articleSection\":[\"Historia\"],\"inLanguage\":\"es\"},{\"@type\":[\"WebPage\",\"ItemPage\"],\"@id\":\"https:\\\/\\\/www.taller-palabras.com\\\/WordPress_06\\\/historia\\\/selma-lagerlof\\\/\",\"url\":\"https:\\\/\\\/www.taller-palabras.com\\\/WordPress_06\\\/historia\\\/selma-lagerlof\\\/\",\"name\":\"Narradora de Sue\u00f1os y Realidades - Red Literaria\",\"isPartOf\":{\"@id\":\"https:\\\/\\\/www.taller-palabras.com\\\/WordPress_06\\\/#website\"},\"primaryImageOfPage\":{\"@id\":\"https:\\\/\\\/www.taller-palabras.com\\\/WordPress_06\\\/historia\\\/selma-lagerlof\\\/#primaryimage\"},\"image\":{\"@id\":\"https:\\\/\\\/www.taller-palabras.com\\\/WordPress_06\\\/historia\\\/selma-lagerlof\\\/#primaryimage\"},\"thumbnailUrl\":\"https:\\\/\\\/www.taller-palabras.com\\\/WordPress_06\\\/wp-content\\\/uploads\\\/2024\\\/07\\\/Lagerlof-1.jpg\",\"datePublished\":\"2024-07-28T15:39:04+00:00\",\"dateModified\":\"2024-08-24T15:02:28+00:00\",\"description\":\"Selma Lagerl\u00f6f es una de esas raras figuras que captur\u00f3 la imaginaci\u00f3n de su tiempo, una huella imborrable en la narrativa universal...\",\"breadcrumb\":{\"@id\":\"https:\\\/\\\/www.taller-palabras.com\\\/WordPress_06\\\/historia\\\/selma-lagerlof\\\/#breadcrumb\"},\"inLanguage\":\"es\",\"potentialAction\":[{\"@type\":\"ReadAction\",\"target\":[\"https:\\\/\\\/www.taller-palabras.com\\\/WordPress_06\\\/historia\\\/selma-lagerlof\\\/\"]}]},{\"@type\":\"ImageObject\",\"inLanguage\":\"es\",\"@id\":\"https:\\\/\\\/www.taller-palabras.com\\\/WordPress_06\\\/historia\\\/selma-lagerlof\\\/#primaryimage\",\"url\":\"https:\\\/\\\/www.taller-palabras.com\\\/WordPress_06\\\/wp-content\\\/uploads\\\/2024\\\/07\\\/Lagerlof-1.jpg\",\"contentUrl\":\"https:\\\/\\\/www.taller-palabras.com\\\/WordPress_06\\\/wp-content\\\/uploads\\\/2024\\\/07\\\/Lagerlof-1.jpg\",\"width\":504,\"height\":283},{\"@type\":\"BreadcrumbList\",\"@id\":\"https:\\\/\\\/www.taller-palabras.com\\\/WordPress_06\\\/historia\\\/selma-lagerlof\\\/#breadcrumb\",\"itemListElement\":[{\"@type\":\"ListItem\",\"position\":1,\"name\":\"Portada\",\"item\":\"https:\\\/\\\/www.taller-palabras.com\\\/WordPress_06\\\/\"},{\"@type\":\"ListItem\",\"position\":2,\"name\":\"Narradora de Sue\u00f1os y Realidades\"}]},{\"@type\":\"WebSite\",\"@id\":\"https:\\\/\\\/www.taller-palabras.com\\\/WordPress_06\\\/#website\",\"url\":\"https:\\\/\\\/www.taller-palabras.com\\\/WordPress_06\\\/\",\"name\":\"Red Literaria\",\"description\":\"Red de lectura y escritura\",\"publisher\":{\"@id\":\"https:\\\/\\\/www.taller-palabras.com\\\/WordPress_06\\\/#organization\"},\"potentialAction\":[{\"@type\":\"SearchAction\",\"target\":{\"@type\":\"EntryPoint\",\"urlTemplate\":\"https:\\\/\\\/www.taller-palabras.com\\\/WordPress_06\\\/?s={search_term_string}\"},\"query-input\":{\"@type\":\"PropertyValueSpecification\",\"valueRequired\":true,\"valueName\":\"search_term_string\"}}],\"inLanguage\":\"es\"},{\"@type\":\"Organization\",\"@id\":\"https:\\\/\\\/www.taller-palabras.com\\\/WordPress_06\\\/#organization\",\"name\":\"Redescribir\",\"url\":\"https:\\\/\\\/www.taller-palabras.com\\\/WordPress_06\\\/\",\"logo\":{\"@type\":\"ImageObject\",\"inLanguage\":\"es\",\"@id\":\"https:\\\/\\\/www.taller-palabras.com\\\/WordPress_06\\\/#\\\/schema\\\/logo\\\/image\\\/\",\"url\":\"https:\\\/\\\/www.taller-palabras.com\\\/WordPress_06\\\/wp-content\\\/uploads\\\/2021\\\/07\\\/redactar_icon.png\",\"contentUrl\":\"https:\\\/\\\/www.taller-palabras.com\\\/WordPress_06\\\/wp-content\\\/uploads\\\/2021\\\/07\\\/redactar_icon.png\",\"width\":25,\"height\":25,\"caption\":\"Redescribir\"},\"image\":{\"@id\":\"https:\\\/\\\/www.taller-palabras.com\\\/WordPress_06\\\/#\\\/schema\\\/logo\\\/image\\\/\"},\"sameAs\":[\"https:\\\/\\\/www.facebook.com\\\/profile.php?id=100001537279728\"]},{\"@type\":\"Person\",\"@id\":\"https:\\\/\\\/www.taller-palabras.com\\\/WordPress_06\\\/#\\\/schema\\\/person\\\/a774f3e56bddd007723be732994cadd4\",\"name\":\"Patricia M\u00f3nica Miranda Alonso\",\"description\":\"Profesora de escritura creativa y coordinadora de talleres literarios, editora y correctora literaria, rese\u00f1adora y cr\u00edtica literaria.\",\"sameAs\":[\"https:\\\/\\\/www.taller-palabras.com\"],\"url\":\"https:\\\/\\\/www.taller-palabras.com\\\/WordPress_06\\\/author\\\/patricia\\\/\"}]}<\/script>\n<!-- \/ Yoast SEO plugin. -->","yoast_head_json":{"title":"Narradora de Sue\u00f1os y Realidades - Red Literaria","description":"Selma Lagerl\u00f6f es una de esas raras figuras que captur\u00f3 la imaginaci\u00f3n de su tiempo, una huella imborrable en la narrativa universal...","robots":{"index":"index","follow":"follow","max-snippet":"max-snippet:-1","max-image-preview":"max-image-preview:large","max-video-preview":"max-video-preview:-1"},"canonical":"https:\/\/www.taller-palabras.com\/WordPress_06\/historia\/selma-lagerlof\/","og_locale":"es_ES","og_type":"article","og_title":"Narradora de Sue\u00f1os y Realidades - Red Literaria","og_description":"Selma Lagerl\u00f6f es una de esas raras figuras que captur\u00f3 la imaginaci\u00f3n de su tiempo, una huella imborrable en la narrativa universal...","og_url":"https:\/\/www.taller-palabras.com\/WordPress_06\/historia\/selma-lagerlof\/","og_site_name":"Red Literaria","article_publisher":"https:\/\/www.facebook.com\/profile.php?id=100001537279728","article_published_time":"2024-07-28T15:39:04+00:00","article_modified_time":"2024-08-24T15:02:28+00:00","og_image":[{"width":504,"height":283,"url":"https:\/\/www.taller-palabras.com\/WordPress_06\/wp-content\/uploads\/2024\/07\/Lagerlof-1.jpg","type":"image\/jpeg"}],"author":"Patricia M\u00f3nica Miranda Alonso","twitter_card":"summary_large_image","twitter_misc":{"Escrito por":"Patricia M\u00f3nica Miranda Alonso","Tiempo de lectura":"5 minutos"},"schema":{"@context":"https:\/\/schema.org","@graph":[{"@type":"NewsArticle","@id":"https:\/\/www.taller-palabras.com\/WordPress_06\/historia\/selma-lagerlof\/#article","isPartOf":{"@id":"https:\/\/www.taller-palabras.com\/WordPress_06\/historia\/selma-lagerlof\/"},"author":{"name":"Patricia M\u00f3nica Miranda Alonso","@id":"https:\/\/www.taller-palabras.com\/WordPress_06\/#\/schema\/person\/a774f3e56bddd007723be732994cadd4"},"headline":"Narradora de Sue\u00f1os y Realidades","datePublished":"2024-07-28T15:39:04+00:00","dateModified":"2024-08-24T15:02:28+00:00","mainEntityOfPage":{"@id":"https:\/\/www.taller-palabras.com\/WordPress_06\/historia\/selma-lagerlof\/"},"wordCount":890,"publisher":{"@id":"https:\/\/www.taller-palabras.com\/WordPress_06\/#organization"},"image":{"@id":"https:\/\/www.taller-palabras.com\/WordPress_06\/historia\/selma-lagerlof\/#primaryimage"},"thumbnailUrl":"https:\/\/www.taller-palabras.com\/WordPress_06\/wp-content\/uploads\/2024\/07\/Lagerlof-1.jpg","keywords":["historia","Historia de la literatura"],"articleSection":["Historia"],"inLanguage":"es"},{"@type":["WebPage","ItemPage"],"@id":"https:\/\/www.taller-palabras.com\/WordPress_06\/historia\/selma-lagerlof\/","url":"https:\/\/www.taller-palabras.com\/WordPress_06\/historia\/selma-lagerlof\/","name":"Narradora de Sue\u00f1os y Realidades - Red Literaria","isPartOf":{"@id":"https:\/\/www.taller-palabras.com\/WordPress_06\/#website"},"primaryImageOfPage":{"@id":"https:\/\/www.taller-palabras.com\/WordPress_06\/historia\/selma-lagerlof\/#primaryimage"},"image":{"@id":"https:\/\/www.taller-palabras.com\/WordPress_06\/historia\/selma-lagerlof\/#primaryimage"},"thumbnailUrl":"https:\/\/www.taller-palabras.com\/WordPress_06\/wp-content\/uploads\/2024\/07\/Lagerlof-1.jpg","datePublished":"2024-07-28T15:39:04+00:00","dateModified":"2024-08-24T15:02:28+00:00","description":"Selma Lagerl\u00f6f es una de esas raras figuras que captur\u00f3 la imaginaci\u00f3n de su tiempo, una huella imborrable en la narrativa universal...","breadcrumb":{"@id":"https:\/\/www.taller-palabras.com\/WordPress_06\/historia\/selma-lagerlof\/#breadcrumb"},"inLanguage":"es","potentialAction":[{"@type":"ReadAction","target":["https:\/\/www.taller-palabras.com\/WordPress_06\/historia\/selma-lagerlof\/"]}]},{"@type":"ImageObject","inLanguage":"es","@id":"https:\/\/www.taller-palabras.com\/WordPress_06\/historia\/selma-lagerlof\/#primaryimage","url":"https:\/\/www.taller-palabras.com\/WordPress_06\/wp-content\/uploads\/2024\/07\/Lagerlof-1.jpg","contentUrl":"https:\/\/www.taller-palabras.com\/WordPress_06\/wp-content\/uploads\/2024\/07\/Lagerlof-1.jpg","width":504,"height":283},{"@type":"BreadcrumbList","@id":"https:\/\/www.taller-palabras.com\/WordPress_06\/historia\/selma-lagerlof\/#breadcrumb","itemListElement":[{"@type":"ListItem","position":1,"name":"Portada","item":"https:\/\/www.taller-palabras.com\/WordPress_06\/"},{"@type":"ListItem","position":2,"name":"Narradora de Sue\u00f1os y Realidades"}]},{"@type":"WebSite","@id":"https:\/\/www.taller-palabras.com\/WordPress_06\/#website","url":"https:\/\/www.taller-palabras.com\/WordPress_06\/","name":"Red Literaria","description":"Red de lectura y escritura","publisher":{"@id":"https:\/\/www.taller-palabras.com\/WordPress_06\/#organization"},"potentialAction":[{"@type":"SearchAction","target":{"@type":"EntryPoint","urlTemplate":"https:\/\/www.taller-palabras.com\/WordPress_06\/?s={search_term_string}"},"query-input":{"@type":"PropertyValueSpecification","valueRequired":true,"valueName":"search_term_string"}}],"inLanguage":"es"},{"@type":"Organization","@id":"https:\/\/www.taller-palabras.com\/WordPress_06\/#organization","name":"Redescribir","url":"https:\/\/www.taller-palabras.com\/WordPress_06\/","logo":{"@type":"ImageObject","inLanguage":"es","@id":"https:\/\/www.taller-palabras.com\/WordPress_06\/#\/schema\/logo\/image\/","url":"https:\/\/www.taller-palabras.com\/WordPress_06\/wp-content\/uploads\/2021\/07\/redactar_icon.png","contentUrl":"https:\/\/www.taller-palabras.com\/WordPress_06\/wp-content\/uploads\/2021\/07\/redactar_icon.png","width":25,"height":25,"caption":"Redescribir"},"image":{"@id":"https:\/\/www.taller-palabras.com\/WordPress_06\/#\/schema\/logo\/image\/"},"sameAs":["https:\/\/www.facebook.com\/profile.php?id=100001537279728"]},{"@type":"Person","@id":"https:\/\/www.taller-palabras.com\/WordPress_06\/#\/schema\/person\/a774f3e56bddd007723be732994cadd4","name":"Patricia M\u00f3nica Miranda Alonso","description":"Profesora de escritura creativa y coordinadora de talleres literarios, editora y correctora literaria, rese\u00f1adora y cr\u00edtica literaria.","sameAs":["https:\/\/www.taller-palabras.com"],"url":"https:\/\/www.taller-palabras.com\/WordPress_06\/author\/patricia\/"}]}},"_links":{"self":[{"href":"https:\/\/www.taller-palabras.com\/WordPress_06\/wp-json\/wp\/v2\/posts\/4375","targetHints":{"allow":["GET"]}}],"collection":[{"href":"https:\/\/www.taller-palabras.com\/WordPress_06\/wp-json\/wp\/v2\/posts"}],"about":[{"href":"https:\/\/www.taller-palabras.com\/WordPress_06\/wp-json\/wp\/v2\/types\/post"}],"author":[{"embeddable":true,"href":"https:\/\/www.taller-palabras.com\/WordPress_06\/wp-json\/wp\/v2\/users\/83"}],"replies":[{"embeddable":true,"href":"https:\/\/www.taller-palabras.com\/WordPress_06\/wp-json\/wp\/v2\/comments?post=4375"}],"version-history":[{"count":3,"href":"https:\/\/www.taller-palabras.com\/WordPress_06\/wp-json\/wp\/v2\/posts\/4375\/revisions"}],"predecessor-version":[{"id":4448,"href":"https:\/\/www.taller-palabras.com\/WordPress_06\/wp-json\/wp\/v2\/posts\/4375\/revisions\/4448"}],"wp:featuredmedia":[{"embeddable":true,"href":"https:\/\/www.taller-palabras.com\/WordPress_06\/wp-json\/wp\/v2\/media\/4379"}],"wp:attachment":[{"href":"https:\/\/www.taller-palabras.com\/WordPress_06\/wp-json\/wp\/v2\/media?parent=4375"}],"wp:term":[{"taxonomy":"category","embeddable":true,"href":"https:\/\/www.taller-palabras.com\/WordPress_06\/wp-json\/wp\/v2\/categories?post=4375"},{"taxonomy":"post_tag","embeddable":true,"href":"https:\/\/www.taller-palabras.com\/WordPress_06\/wp-json\/wp\/v2\/tags?post=4375"}],"curies":[{"name":"wp","href":"https:\/\/api.w.org\/{rel}","templated":true}]}}