{"id":4510,"date":"2024-10-20T10:46:12","date_gmt":"2024-10-20T13:46:12","guid":{"rendered":"https:\/\/www.taller-palabras.com\/WordPress_06\/?p=4510"},"modified":"2025-11-16T12:21:31","modified_gmt":"2025-11-16T15:21:31","slug":"comienzo-de-novela","status":"publish","type":"post","link":"https:\/\/www.taller-palabras.com\/WordPress_06\/escritura\/comienzo-de-novela\/","title":{"rendered":"Cruzar el umbral"},"content":{"rendered":"\n<p>Cu\u00e1ndo Empieza una Novela?<br><br>La respuesta parece evidente: empieza en la primera l\u00ednea, con la primera palabra. Pero si les contara que no es tan as\u00ed. Para quienes escriben, esa primera l\u00ednea, esa palabra inaugural no resulta tan simple como escribirla sin m\u00e1s.<\/p>\n\n\n\n<p>El inicio de una novela marca un punto de inflexi\u00f3n entre la realidad palpable y el mundo imaginario que se despliega ante el lector, una historia comienza en el momento en que el autor logra captar su inter\u00e9s y lo sumerge en un mundo nuevo de manera efectiva. Esto puede ocurrir desde las primeras l\u00edneas o p\u00e1rrafos, donde se establece el tono, el estilo narrativo y se introduce alg\u00fan elemento intrigante o misterioso que despierta la curiosidad. Si estuvieras viviendo el inicio de tu propia y nueva aventura, ese primer paso ser\u00eda crucial porque establecer\u00e1 tus expectativas, determinar\u00e1 tus pisadas o las detendr\u00e1, te implicar\u00e1s emocionalmente o dejar\u00e1s a un lado ese camino. La novela es como la vida misma, comienza cuando logras conectarte emocionalmente con la historia cuando te sientes atra\u00eddo por lo que vendr\u00e1.<br>Pareciera clara, hasta ac\u00e1 para el lector, el inicio de una novela puede ser el primer p\u00e1rrafo que captura su atenci\u00f3n y despierta su curiosidad, es la puerta que se abre hacia un universo de posibilidades, donde el tiempo y el espacio se transforman a merced de la imaginaci\u00f3n del autor.<br>Pero para el escritor es otra cosa. Si bien, el inicio de una novela es un momento crucial y estrat\u00e9gico el escritor tiene solo palabras pero tiene mucho m\u00e1s, tiene \u201cla idea\u201d que siempre nace mucho antes de esa frase inaugural.<\/p>\n\n\n\n<p>Entonces\u2026 \u00bfd\u00f3nde exactamente comienza una novela? \u00bfEn la primera palabra, la primera l\u00ednea, o en el instante en que la semilla de la historia germina en la mente del autor?<\/p>\n\n\n\n<p>La pregunta que parec\u00eda simple, promueve respuestas tan complejas como las historias mismas que inundan nuestras bibliotecas y librer\u00edas, lo cierto es que aunque como lector pienses que la historia arranca cuando posas tu mirada sobre la primera letra, en realidad la historia comenz\u00f3 un tiempo antes, \u00bfcu\u00e1nto antes? Depende, \u00bfde qu\u00e9 depende?, del cristal con el que la autora\/el autor mire su historia. Veamos los distintos cristales, veamos cu\u00e1ndo para ellos comienza una novela.<br>Algunos podr\u00edan argumentar que una novela nace con la primera idea, ese destello de creatividad que cautiva al escritor y lo impulsa a dar vida a personajes, conflictos y mundos enteros.<br>Otros podr\u00edan se\u00f1alar el momento preciso en que la pluma toca el papel o los dedos danzan sobre el teclado, dando forma a las palabras que eventualmente se convertir\u00e1n en p\u00e1rrafos, cap\u00edtulos y, finalmente, en una obra completa.<br>Pero, \u00bfc\u00f3mo se llega a lograr una novela partiendo aparentemente de la nada?<\/p>\n\n\n\n<p>Enganche inicial, presentaci\u00f3n del mundo y sus personajes, planteamiento del conflicto, tono y estilo y sobre todo, como lectores lo exigimos: curiosidad y expectativas. Pero sobre todo \u201cuna historia\u201d.<\/p>\n\n\n\n<p>Para ver el mundo como lo ven quienes escriben, nada mejor que meterse en sus mundos y entender c\u00f3mo ellos lo miraron, para ver eso que vieron y sobre todo c\u00f3mo logran que t\u00fa lector, veas lo mismo.<\/p>\n\n\n\n<p>Cada novela posee su propio punto de partida \u00fanico:<br><a href=\"https:\/\/www.taller-palabras.com\/WordPress_04\/producto\/1984-george-orwell-ebook?v=909ba4ad2bda\"><em><u><strong>1984<\/strong><\/u><\/em><\/a><em> d<\/em>e <strong>George Orwell<\/strong> comienza as\u00ed:<\/p>\n\n\n\n<p><em>\u00abEra un d\u00eda luminoso y fr\u00edo de abril, y los relojes daban las trece\u00bb.<\/em><\/p>\n\n\n\n<p>Este inicio establece de inmediato un tono fatal y dist\u00f3pico, situando al lector en un mundo controlado y vigilado. No en vano <strong>Orwell<\/strong> busca desde la primera frase reflejar la inquietud de vivir bajo control. Escribi\u00f3 <em>1984<\/em> con un estilo claro y directo, que refleja la severidad y la atm\u00f3sfera opresiva de la sociedad dist\u00f3pica que retrata combinando observaciones agudas sobre el contexto pol\u00edtico de su tiempo, con una visi\u00f3n provocativa sobre el futuro y el potencial oscuro de la tecnolog\u00eda y el poder estatal de su \u00e9poca. Esa primera frase es un inquietante resumen de ese control llevado a extremos impensados. La historia no naci\u00f3 escrita, surgi\u00f3 de sus cavilaciones, de esa forma de mirar su alrededor que solo los escritores poseen. El comienzo es el resultado de lo que leeremos a continuaci\u00f3n, es el resumen de su sensaci\u00f3n del mundo.<\/p>\n\n\n\n<p>En <a href=\"https:\/\/www.taller-palabras.com\/WordPress_04\/producto\/cien-anos-de-soledad-gabriel-garcia-marquez-ebook?v=909ba4ad2bda\"><em><u><strong>Cien a\u00f1os de soledad<\/strong><\/u><\/em><\/a> de <strong>Gabriel Garc\u00eda M\u00e1rquez <\/strong>arranca con la frase:<\/p>\n\n\n\n<p><em>\u00abMuchos a\u00f1os despu\u00e9s, frente al pelot\u00f3n de fusilamiento, el coronel Aureliano Buend\u00eda hab\u00eda de recordar aquella tarde remota en que su padre lo llev\u00f3 a conocer el hielo\u00bb.<\/em><\/p>\n\n\n\n<p>Este comienzo es intrigante y misterioso, combinando elementos de tragedia y magia, que capturan la atenci\u00f3n del lector desde el primer momento. M\u00e1s tarde asistimos a la historia de ese personaje Buend\u00eda que comienza cuando su padre lo llev\u00f3 a conocer el hielo.<br>Lo cierto es que desde ese primer p\u00e1rrafo como lector ya est\u00e1s necesitando conocer a ese ni\u00f1o que termina frente a un pelot\u00f3n de fusilamiento. El enfoque del tiempo y la memoria es central en la novela, la referencia a ese momento \u00edntimo y familiar brinda el perfecto puntapi\u00e9 inicial para el enfoque desde la introspecci\u00f3n,&nbsp; la memoria establece la tonalidad psicol\u00f3gica y reflexiva que caracteriza a muchos de los personajes de la novela y establece uno de los temas centrales de la novela: la exploraci\u00f3n de la vida familiar y personal frente a los eventos hist\u00f3ricos y pol\u00edticos que afectan a los personajes, esa fue la idea general que naci\u00f3 en la mente del colombiano y que resume en su frase inicial\u2026, el resto es la historia misma que a veces se cuenta sola.<\/p>\n\n\n\n<p><em>\u00abEs una verdad universalmente aceptada que todo hombre soltero, poseedor de una gran fortuna, necesita una esposa\u00bb<\/em> .<br>Conocido como pocos, este es el comienzo de <a href=\"https:\/\/www.taller-palabras.com\/WordPress_04\/producto\/orgullo-y-prejuicio-jane-austen-ebook?v=909ba4ad2bda\"><em><u><strong>Orgullo y prejuicio<\/strong><\/u><\/em><\/a> de <strong>Jane Austen<\/strong>.&nbsp; M\u00e1s all\u00e1 de lo que medi\u00e1ticamente pueda conocerse de la obra de <strong>Austen<\/strong>, ella ha sido una escritora de vanguardia y sus novelas plasman ni m\u00e1s ni menos que su idea sobre la sociedad patriarcal donde le toc\u00f3 vivir. Su genialidad radica sobre todo en la iron\u00eda que es la herramienta por antonomasia que la escritora utiliza para mostrar el tema central de la novela: el matrimonio y las expectativas sociales en la Inglaterra del siglo XIX &nbsp;as\u00ed como las complejidades de las relaciones sociales y personales que se exploran a lo largo de la historia. Esa idea movi\u00f3 los hilos de esta y de todas sus historias que claramente nacen de su interpretaci\u00f3n sobre el mundo que la rodea.<\/p>\n\n\n\n<p>El gran sue\u00f1o americano y su corrupci\u00f3n en la b\u00fasqueda de la riqueza y el \u00e9xito. La decadencia moral y espiritual de la sociedad estadounidense en la era del jazz de los a\u00f1os \u201820, el dinero y el materialismo por sobre las relaciones personales y los ideales \u00e9ticos. Esa fue la idea que naci\u00f3 antes de la primera frase:<\/p>\n\n\n\n<p><em>\u00abEn mi juventud, mi padre me dio un consejo que jam\u00e1s he olvidado: &#8216;Cuando sientas ganas de criticar a alguien \u2014me dijo\u2014, recuerda que no todos los seres humanos han tenido las ventajas que t\u00fa has tenido\u201d.<\/em><\/p>\n\n\n\n<p>Si sigues leyendo<strong> <a href=\"https:\/\/www.taller-palabras.com\/WordPress_04\/producto\/el-gran-gatsby-francis-scott-fitzgerald-ebook?v=909ba4ad2bda\"><em><u>El gran Gatsby<\/u><\/em><\/a><\/strong> de <strong>F. Scott Fitzgerald<\/strong> ver\u00e1s que la idea es el leit motiv que hace avanzar la historia, hasta ese final donde la evidente decadencia hace que se desmorone cualquier ideal.<\/p>\n\n\n\n<p>Como ver\u00e1s, &nbsp;aunque al leerla, una novela pareciera empezar por la primera frase, el verdadero comienzo es la b\u00fasqueda del comienzo perfecto que suele suceder bastante antes de la primera palabra impresa. A veces la b\u00fasqueda lleva media vida a veces como en el caso de <strong>J.K. Rowling<\/strong> varios a\u00f1os antes de darle forma al mundo m\u00e1gico de <a href=\"https:\/\/www.taller-palabras.com\/WordPress_04\/producto\/harry-potter-la-coleccion-completa-j-k-rowling-ebook?v=909ba4ad2bda\"><em><u><strong>Harry Potter<\/strong><\/u><\/em><\/a>. &nbsp;<br>La idea inicial surgi\u00f3 mientras J.K. Rowling viajaba en un tren desde Manchester hasta Londres en 1990. Durante ese viaje, la idea de un ni\u00f1o que descubre que es un mago comenz\u00f3 a formarse en su mente. Esta experiencia personal se convirti\u00f3 en el punto de partida para desarrollar &nbsp;su mundo m\u00e1gico. Rowling ten\u00eda la intenci\u00f3n de escribir una historia que apelara a lectores de todas las edades y trasfondos. Esto se refleja en la diversidad de personajes, la exploraci\u00f3n de temas universales como la amistad, el coraje y el poder del amor, y la construcci\u00f3n de un mundo m\u00e1gico que es accesible y convincente para los lectores de todo el mundo. Y vaya si lo logr\u00f3.&nbsp;<\/p>\n\n\n\n<p><strong>Ernest Hemingway <\/strong>era conocido por su meticulosidad en la selecci\u00f3n de las primeras palabras de sus novelas. Su novela <a href=\"https:\/\/www.taller-palabras.com\/WordPress_04\/producto\/el-viejo-y-el-mar-ernest-hemingway-ebook?v=909ba4ad2bda\"><em><u><strong>El viejo y el mar<\/strong><\/u><\/em><\/a> comienza con<em>:<\/em><\/p>\n\n\n\n<p><em>\u00abEra un viejo que pescaba solo en un bote en el Golfo\u00bb.<\/em><\/p>\n\n\n\n<p>Esta frase simple y evocadora establece de inmediato el escenario y presenta al personaje principal. Pero tambi\u00e9n es el anticipo del eje tem\u00e1tico que atraviesa sus p\u00e1ginas: la tenacidad, la resistencia y la dignidad en la adversidad. La novela tambi\u00e9n aborda temas como la soledad, la perseverancia, la conexi\u00f3n con la naturaleza y la dignidad en la vejez. Casi, casi un resumen de la vida del autor\u2026 \u00bfno te parece?<\/p>\n\n\n\n<p>Quiz\u00e1s la verdadera respuesta yace en la magia misma de la creaci\u00f3n literaria. De todas formas, una novela no comienza en un lugar f\u00edsico o temporal definido, sino en el et\u00e9reo reino de las ideas, donde el autor y su musa se encuentran en un baile eterno de inspiraci\u00f3n y expresi\u00f3n. Empieza en el coraz\u00f3n del autor, en el momento en que la imaginaci\u00f3n se convierte en palabras y las palabras se convierten en historias. Es un proceso \u00edntimo y personal, donde la semilla de la narrativa encuentra su tierra f\u00e9rtil y florece con cada palabra escrita solo cuando debe florecer. A nosotros lectores nos es dado traspasar el umbral de esa m\u00edtica frase inicial y permitir que el coraz\u00f3n del autor siga latiendo\u2026<\/p>\n\n\n\n\n\n<p>Comparte la experiencia  \ud83d\ude09<br \/>\n<div class=\"heateor_sss_sharing_container heateor_sss_horizontal_sharing\" data-heateor-ss-offset=\"0\" data-heateor-sss-href='https:\/\/www.taller-palabras.com\/WordPress_06\/escritura\/comienzo-de-novela\/'><div class=\"heateor_sss_sharing_ul\"><a aria-label=\"Facebook\" class=\"heateor_sss_facebook\" href=\"https:\/\/www.facebook.com\/sharer\/sharer.php?u=https%3A%2F%2Fwww.taller-palabras.com%2FWordPress_06%2F%3Fp%3D4510\" title=\"Facebook\" rel=\"nofollow noopener\" target=\"_blank\" style=\"font-size:32px!important;box-shadow:none;display:inline-block;vertical-align:middle\"><span class=\"heateor_sss_svg\" style=\"background-color:#0765FE;width:34px;height:34px;border-radius:999px;display:inline-block;opacity:1;float:left;font-size:32px;box-shadow:none;display:inline-block;font-size:16px;padding:0 4px;vertical-align:middle;background-repeat:repeat;overflow:hidden;padding:0;cursor:pointer;box-sizing:content-box\"><svg style=\"display:block;border-radius:999px;\" focusable=\"false\" aria-hidden=\"true\" xmlns=\"http:\/\/www.w3.org\/2000\/svg\" width=\"100%\" height=\"100%\" viewBox=\"0 0 32 32\"><path fill=\"#fff\" d=\"M28 16c0-6.627-5.373-12-12-12S4 9.373 4 16c0 5.628 3.875 10.35 9.101 11.647v-7.98h-2.474V16H13.1v-1.58c0-4.085 1.849-5.978 5.859-5.978.76 0 2.072.15 2.608.298v3.325c-.283-.03-.775-.045-1.386-.045-1.967 0-2.728.745-2.728 2.683V16h3.92l-.673 3.667h-3.247v8.245C23.395 27.195 28 22.135 28 16Z\"><\/path><\/svg><\/span><\/a><a aria-label=\"Whatsapp\" class=\"heateor_sss_whatsapp\" href=\"https:\/\/api.whatsapp.com\/send?text=Cruzar%20el%20umbral%20https%3A%2F%2Fwww.taller-palabras.com%2FWordPress_06%2F%3Fp%3D4510\" title=\"Whatsapp\" rel=\"nofollow noopener\" target=\"_blank\" style=\"font-size:32px!important;box-shadow:none;display:inline-block;vertical-align:middle\"><span class=\"heateor_sss_svg\" style=\"background-color:#55eb4c;width:34px;height:34px;border-radius:999px;display:inline-block;opacity:1;float:left;font-size:32px;box-shadow:none;display:inline-block;font-size:16px;padding:0 4px;vertical-align:middle;background-repeat:repeat;overflow:hidden;padding:0;cursor:pointer;box-sizing:content-box\"><svg style=\"display:block;border-radius:999px;\" focusable=\"false\" aria-hidden=\"true\" xmlns=\"http:\/\/www.w3.org\/2000\/svg\" width=\"100%\" height=\"100%\" viewBox=\"-6 -5 40 40\"><path class=\"heateor_sss_svg_stroke heateor_sss_no_fill\" stroke=\"#fff\" stroke-width=\"2\" fill=\"none\" d=\"M 11.579798566743314 24.396926207859085 A 10 10 0 1 0 6.808479557110079 20.73576436351046\"><\/path><path d=\"M 7 19 l -1 6 l 6 -1\" class=\"heateor_sss_no_fill heateor_sss_svg_stroke\" stroke=\"#fff\" stroke-width=\"2\" fill=\"none\"><\/path><path d=\"M 10 10 q -1 8 8 11 c 5 -1 0 -6 -1 -3 q -4 -3 -5 -5 c 4 -2 -1 -5 -1 -4\" fill=\"#fff\"><\/path><\/svg><\/span><\/a><a aria-label=\"Pinterest\" class=\"heateor_sss_button_pinterest\" href=\"https:\/\/www.taller-palabras.com\/WordPress_06\/?p=4510\" onclick=\"event.preventDefault();javascript:void( (function() {var e=document.createElement('script' );e.setAttribute('type','text\/javascript' );e.setAttribute('charset','UTF-8' );e.setAttribute('src','\/\/assets.pinterest.com\/js\/pinmarklet.js?r='+Math.random()*99999999);document.body.appendChild(e)})());\" title=\"Pinterest\" rel=\"noopener\" style=\"font-size:32px!important;box-shadow:none;display:inline-block;vertical-align:middle\"><span class=\"heateor_sss_svg heateor_sss_s__default heateor_sss_s_pinterest\" style=\"background-color:#cc2329;width:34px;height:34px;border-radius:999px;display:inline-block;opacity:1;float:left;font-size:32px;box-shadow:none;display:inline-block;font-size:16px;padding:0 4px;vertical-align:middle;background-repeat:repeat;overflow:hidden;padding:0;cursor:pointer;box-sizing:content-box\"><svg style=\"display:block;border-radius:999px;\" focusable=\"false\" aria-hidden=\"true\" xmlns=\"http:\/\/www.w3.org\/2000\/svg\" width=\"100%\" height=\"100%\" viewBox=\"-2 -2 35 35\"><path fill=\"#fff\" d=\"M16.539 4.5c-6.277 0-9.442 4.5-9.442 8.253 0 2.272.86 4.293 2.705 5.046.303.125.574.005.662-.33.061-.231.205-.816.27-1.06.088-.331.053-.447-.191-.736-.532-.627-.873-1.439-.873-2.591 0-3.338 2.498-6.327 6.505-6.327 3.548 0 5.497 2.168 5.497 5.062 0 3.81-1.686 7.025-4.188 7.025-1.382 0-2.416-1.142-2.085-2.545.397-1.674 1.166-3.48 1.166-4.689 0-1.081-.581-1.983-1.782-1.983-1.413 0-2.548 1.462-2.548 3.419 0 1.247.421 2.091.421 2.091l-1.699 7.199c-.505 2.137-.076 4.755-.039 5.019.021.158.223.196.314.077.13-.17 1.813-2.247 2.384-4.324.162-.587.929-3.631.929-3.631.46.876 1.801 1.646 3.227 1.646 4.247 0 7.128-3.871 7.128-9.053.003-3.918-3.317-7.568-8.361-7.568z\"\/><\/svg><\/span><\/a><a aria-label=\"Instagram\" class=\"heateor_sss_button_instagram\" href=\"https:\/\/www.instagram.com\/\" title=\"Instagram\" rel=\"nofollow noopener\" target=\"_blank\" style=\"font-size:32px!important;box-shadow:none;display:inline-block;vertical-align:middle\"><span class=\"heateor_sss_svg\" style=\"background-color:#53beee;width:34px;height:34px;border-radius:999px;display:inline-block;opacity:1;float:left;font-size:32px;box-shadow:none;display:inline-block;font-size:16px;padding:0 4px;vertical-align:middle;background-repeat:repeat;overflow:hidden;padding:0;cursor:pointer;box-sizing:content-box\"><svg style=\"display:block;border-radius:999px;\" version=\"1.1\" viewBox=\"-10 -10 148 148\" width=\"100%\" height=\"100%\" xml:space=\"preserve\" xmlns=\"http:\/\/www.w3.org\/2000\/svg\" xmlns:xlink=\"http:\/\/www.w3.org\/1999\/xlink\"><g><g><path d=\"M86,112H42c-14.336,0-26-11.663-26-26V42c0-14.337,11.664-26,26-26h44c14.337,0,26,11.663,26,26v44 C112,100.337,100.337,112,86,112z M42,24c-9.925,0-18,8.074-18,18v44c0,9.925,8.075,18,18,18h44c9.926,0,18-8.075,18-18V42 c0-9.926-8.074-18-18-18H42z\" fill=\"#fff\"><\/path><\/g><g><path d=\"M64,88c-13.234,0-24-10.767-24-24c0-13.234,10.766-24,24-24s24,10.766,24,24C88,77.233,77.234,88,64,88z M64,48c-8.822,0-16,7.178-16,16s7.178,16,16,16c8.822,0,16-7.178,16-16S72.822,48,64,48z\" fill=\"#fff\"><\/path><\/g><g><circle cx=\"89.5\" cy=\"38.5\" fill=\"#fff\" r=\"5.5\"><\/circle><\/g><\/g><\/svg><\/span><\/a><a aria-label=\"X\" class=\"heateor_sss_button_x\" href=\"https:\/\/twitter.com\/intent\/tweet?text=Cruzar%20el%20umbral&url=https%3A%2F%2Fwww.taller-palabras.com%2FWordPress_06%2F%3Fp%3D4510\" title=\"X\" rel=\"nofollow noopener\" target=\"_blank\" style=\"font-size:32px!important;box-shadow:none;display:inline-block;vertical-align:middle\"><span class=\"heateor_sss_svg heateor_sss_s__default heateor_sss_s_x\" style=\"background-color:#2a2a2a;width:34px;height:34px;border-radius:999px;display:inline-block;opacity:1;float:left;font-size:32px;box-shadow:none;display:inline-block;font-size:16px;padding:0 4px;vertical-align:middle;background-repeat:repeat;overflow:hidden;padding:0;cursor:pointer;box-sizing:content-box\"><svg width=\"100%\" height=\"100%\" style=\"display:block;border-radius:999px;\" focusable=\"false\" aria-hidden=\"true\" xmlns=\"http:\/\/www.w3.org\/2000\/svg\" viewBox=\"0 0 32 32\"><path fill=\"#fff\" d=\"M21.751 7h3.067l-6.7 7.658L26 25.078h-6.172l-4.833-6.32-5.531 6.32h-3.07l7.167-8.19L6 7h6.328l4.37 5.777L21.75 7Zm-1.076 16.242h1.7L11.404 8.74H9.58l11.094 14.503Z\"><\/path><\/svg><\/span><\/a><a aria-label=\"Linkedin\" class=\"heateor_sss_button_linkedin\" href=\"https:\/\/www.linkedin.com\/sharing\/share-offsite\/?url=https%3A%2F%2Fwww.taller-palabras.com%2FWordPress_06%2F%3Fp%3D4510\" title=\"Linkedin\" rel=\"nofollow noopener\" target=\"_blank\" style=\"font-size:32px!important;box-shadow:none;display:inline-block;vertical-align:middle\"><span class=\"heateor_sss_svg heateor_sss_s__default heateor_sss_s_linkedin\" style=\"background-color:#0077b5;width:34px;height:34px;border-radius:999px;display:inline-block;opacity:1;float:left;font-size:32px;box-shadow:none;display:inline-block;font-size:16px;padding:0 4px;vertical-align:middle;background-repeat:repeat;overflow:hidden;padding:0;cursor:pointer;box-sizing:content-box\"><svg style=\"display:block;border-radius:999px;\" focusable=\"false\" aria-hidden=\"true\" xmlns=\"http:\/\/www.w3.org\/2000\/svg\" width=\"100%\" height=\"100%\" viewBox=\"0 0 32 32\"><path d=\"M6.227 12.61h4.19v13.48h-4.19V12.61zm2.095-6.7a2.43 2.43 0 0 1 0 4.86c-1.344 0-2.428-1.09-2.428-2.43s1.084-2.43 2.428-2.43m4.72 6.7h4.02v1.84h.058c.56-1.058 1.927-2.176 3.965-2.176 4.238 0 5.02 2.792 5.02 6.42v7.395h-4.183v-6.56c0-1.564-.03-3.574-2.178-3.574-2.18 0-2.514 1.7-2.514 3.46v6.668h-4.187V12.61z\" fill=\"#fff\"><\/path><\/svg><\/span><\/a><\/div><div class=\"heateorSssClear\"><\/div><\/div><\/p>\n\n\n\n<hr class=\"wp-block-separator has-alpha-channel-opacity\"\/>\n\n\n\n<h3 class=\"wp-block-heading\">Libros en el art\u00edculo<\/h3>\n\n\n\n<ul style=\"font-size:17px\" class=\"wp-block-list\">\n<li><strong><a href=\"https:\/\/www.taller-palabras.com\/WordPress_04\/producto\/1984-george-orwell-ebook?v=909ba4ad2bda\">1984<\/a><\/strong> &#8211; George Orwell<\/li>\n\n\n\n<li><strong><a href=\"https:\/\/www.taller-palabras.com\/WordPress_04\/producto\/cien-anos-de-soledad-gabriel-garcia-marquez-ebook?v=909ba4ad2bda\">Cien a\u00f1os de soledad<\/a><\/strong> &#8211; Gabriel Garc\u00eda M\u00e1rquez<\/li>\n\n\n\n<li><strong><a href=\"https:\/\/www.taller-palabras.com\/WordPress_04\/producto\/orgullo-y-prejuicio-jane-austen-ebook?v=909ba4ad2bda\">Orgullo y prejuicio<\/a><\/strong> &#8211; Jane Austen<\/li>\n\n\n\n<li><strong><a href=\"https:\/\/www.taller-palabras.com\/WordPress_04\/producto\/el-gran-gatsby-francis-scott-fitzgerald-ebook?v=909ba4ad2bda\">El gran Gatsby<\/a><\/strong> &#8211; F. Scott Fitzgerald<\/li>\n\n\n\n<li><strong><a href=\"https:\/\/www.taller-palabras.com\/WordPress_04\/producto\/harry-potter-la-coleccion-completa-j-k-rowling-ebook?v=909ba4ad2bda\">Harry Potter<\/a><\/strong> &#8211; J.K. Rowling<\/li>\n\n\n\n<li><strong><a href=\"https:\/\/www.taller-palabras.com\/WordPress_04\/producto\/el-viejo-y-el-mar-ernest-hemingway-ebook?v=909ba4ad2bda\">El viejo y el mar<\/a><\/strong> &#8211; Ernest Hemingway<\/li>\n<\/ul>\n\n\n\n<figure class=\"wp-block-image size-full is-resized\"><a href=\"https:\/\/www.taller-palabras.com\/WordPress_04\/producto\/libros-en-el-articulo-los-policiales-me-los-como\" target=\"_blank\" rel=\"noreferrer noopener\"><img loading=\"lazy\" decoding=\"async\" width=\"442\" height=\"268\" src=\"https:\/\/www.taller-palabras.com\/WordPress_06\/wp-content\/uploads\/2021\/07\/digital_papel.jpg\" alt=\"\" class=\"wp-image-1744\" style=\"object-fit:cover;width:180px;height:100px\" srcset=\"https:\/\/www.taller-palabras.com\/WordPress_06\/wp-content\/uploads\/2021\/07\/digital_papel.jpg 442w, https:\/\/www.taller-palabras.com\/WordPress_06\/wp-content\/uploads\/2021\/07\/digital_papel-300x182.jpg 300w\" sizes=\"auto, (max-width: 442px) 100vw, 442px\" \/><\/a><\/figure>\n\n\n\n<p><\/p>\n\n\n\n<p style=\"font-size:23px\"><a href=\"https:\/\/www.taller-palabras.com\/WordPress_04\">Todos en Nuestra Librer\u00eda Literaria<\/a><\/p>\n\n\n\n<hr class=\"wp-block-separator has-alpha-channel-opacity\"\/>\n\n\n\n<h4 class=\"wp-block-heading\" id=\"servicios-editoriales\">Servicios Editoriales<\/h4>\n\n\n\n<h4 class=\"wp-block-heading\" id=\"block-06b84c54-0a17-4422-be2a-7821eb6a01fd\"><a rel=\"noreferrer noopener\" href=\"https:\/\/taller-palabras.com\/servicios.html\" target=\"_blank\">Servicio de Correcci\u00f3n Literaria<\/a><\/h4>\n\n\n\n<hr class=\"wp-block-separator has-alpha-channel-opacity\"\/>\n\n\n\n<h4 class=\"wp-block-heading\">Servicio Editorial<\/h4>\n\n\n\n<h4 class=\"wp-block-heading\"><a href=\"https:\/\/taller-palabras.com\/servicios.html\" target=\"_blank\" rel=\"noreferrer noopener\">Edici\u00f3n y Programaci\u00f3n Digital<\/a><\/h4>\n\n\n\n<hr class=\"wp-block-separator has-alpha-channel-opacity\"\/>\n\n\n\n<h4 class=\"wp-block-heading\"> Cursos de formaci\u00f3n <\/h4>\n\n\n\n<h4 class=\"wp-block-heading\"><a rel=\"noreferrer noopener\" href=\"https:\/\/taller-palabras.com\/escuela.html\" target=\"_blank\">Curso de Maestr\u00eda de Cuento y\/o Novela<\/a><\/h4>\n\n\n\n<hr class=\"wp-block-separator has-alpha-channel-opacity\"\/>\n\n\n\n<p><\/p>\n","protected":false},"excerpt":{"rendered":"<p>El inicio de una novela marca un punto de inflexi\u00f3n entre la realidad palpable y el mundo imaginario que se despliega ante el lector&#8230;<\/p>\n","protected":false},"author":83,"featured_media":4511,"comment_status":"closed","ping_status":"open","sticky":false,"template":"","format":"standard","meta":{"footnotes":""},"categories":[18],"tags":[38,34,40,77],"class_list":["post-4510","post","type-post","status-publish","format-standard","has-post-thumbnail","hentry","category-escritura","tag-escribir-ficcion","tag-escribir-un-libro","tag-escritura-creativa","tag-estudios-de-escritura"],"yoast_head":"<!-- This site is optimized with the Yoast SEO plugin v27.4 - https:\/\/yoast.com\/product\/yoast-seo-wordpress\/ -->\n<title>Cruzar el umbral - Red Literaria<\/title>\n<meta name=\"description\" content=\"El inicio de una novela marca un punto de inflexi\u00f3n entre la realidad palpable y el mundo imaginario que se despliega ante el lector...\" \/>\n<meta name=\"robots\" content=\"index, follow, max-snippet:-1, max-image-preview:large, max-video-preview:-1\" \/>\n<link rel=\"canonical\" href=\"https:\/\/www.taller-palabras.com\/WordPress_06\/escritura\/comienzo-de-novela\/\" \/>\n<meta property=\"og:locale\" content=\"es_ES\" \/>\n<meta property=\"og:type\" content=\"article\" \/>\n<meta property=\"og:title\" content=\"Cruzar el umbral - Red Literaria\" \/>\n<meta property=\"og:description\" content=\"El inicio de una novela marca un punto de inflexi\u00f3n entre la realidad palpable y el mundo imaginario que se despliega ante el lector...\" \/>\n<meta property=\"og:url\" content=\"https:\/\/www.taller-palabras.com\/WordPress_06\/escritura\/comienzo-de-novela\/\" \/>\n<meta property=\"og:site_name\" content=\"Red Literaria\" \/>\n<meta property=\"article:publisher\" content=\"https:\/\/www.facebook.com\/profile.php?id=100001537279728\" \/>\n<meta property=\"article:published_time\" content=\"2024-10-20T13:46:12+00:00\" \/>\n<meta property=\"article:modified_time\" content=\"2025-11-16T15:21:31+00:00\" \/>\n<meta property=\"og:image\" content=\"https:\/\/www.taller-palabras.com\/WordPress_06\/wp-content\/uploads\/2024\/10\/hombre-entra-biblioteca.jpg\" \/>\n\t<meta property=\"og:image:width\" content=\"423\" \/>\n\t<meta property=\"og:image:height\" content=\"283\" \/>\n\t<meta property=\"og:image:type\" content=\"image\/jpeg\" \/>\n<meta name=\"author\" content=\"Patricia M\u00f3nica Miranda Alonso\" \/>\n<meta name=\"twitter:card\" content=\"summary_large_image\" \/>\n<meta name=\"twitter:label1\" content=\"Escrito por\" \/>\n\t<meta name=\"twitter:data1\" content=\"Patricia M\u00f3nica Miranda Alonso\" \/>\n\t<meta name=\"twitter:label2\" content=\"Tiempo de lectura\" \/>\n\t<meta name=\"twitter:data2\" content=\"9 minutos\" \/>\n<script type=\"application\/ld+json\" class=\"yoast-schema-graph\">{\"@context\":\"https:\\\/\\\/schema.org\",\"@graph\":[{\"@type\":\"NewsArticle\",\"@id\":\"https:\\\/\\\/www.taller-palabras.com\\\/WordPress_06\\\/escritura\\\/comienzo-de-novela\\\/#article\",\"isPartOf\":{\"@id\":\"https:\\\/\\\/www.taller-palabras.com\\\/WordPress_06\\\/escritura\\\/comienzo-de-novela\\\/\"},\"author\":{\"name\":\"Patricia M\u00f3nica Miranda Alonso\",\"@id\":\"https:\\\/\\\/www.taller-palabras.com\\\/WordPress_06\\\/#\\\/schema\\\/person\\\/a774f3e56bddd007723be732994cadd4\"},\"headline\":\"Cruzar el umbral\",\"datePublished\":\"2024-10-20T13:46:12+00:00\",\"dateModified\":\"2025-11-16T15:21:31+00:00\",\"mainEntityOfPage\":{\"@id\":\"https:\\\/\\\/www.taller-palabras.com\\\/WordPress_06\\\/escritura\\\/comienzo-de-novela\\\/\"},\"wordCount\":1774,\"publisher\":{\"@id\":\"https:\\\/\\\/www.taller-palabras.com\\\/WordPress_06\\\/#organization\"},\"image\":{\"@id\":\"https:\\\/\\\/www.taller-palabras.com\\\/WordPress_06\\\/escritura\\\/comienzo-de-novela\\\/#primaryimage\"},\"thumbnailUrl\":\"https:\\\/\\\/www.taller-palabras.com\\\/WordPress_06\\\/wp-content\\\/uploads\\\/2024\\\/10\\\/hombre-entra-biblioteca.jpg\",\"keywords\":[\"Escribir ficcion\",\"escribir un libro\",\"escritura creativa\",\"Estudios de Escritura\"],\"articleSection\":[\"Escritura\"],\"inLanguage\":\"es\"},{\"@type\":[\"WebPage\",\"ItemPage\"],\"@id\":\"https:\\\/\\\/www.taller-palabras.com\\\/WordPress_06\\\/escritura\\\/comienzo-de-novela\\\/\",\"url\":\"https:\\\/\\\/www.taller-palabras.com\\\/WordPress_06\\\/escritura\\\/comienzo-de-novela\\\/\",\"name\":\"Cruzar el umbral - Red Literaria\",\"isPartOf\":{\"@id\":\"https:\\\/\\\/www.taller-palabras.com\\\/WordPress_06\\\/#website\"},\"primaryImageOfPage\":{\"@id\":\"https:\\\/\\\/www.taller-palabras.com\\\/WordPress_06\\\/escritura\\\/comienzo-de-novela\\\/#primaryimage\"},\"image\":{\"@id\":\"https:\\\/\\\/www.taller-palabras.com\\\/WordPress_06\\\/escritura\\\/comienzo-de-novela\\\/#primaryimage\"},\"thumbnailUrl\":\"https:\\\/\\\/www.taller-palabras.com\\\/WordPress_06\\\/wp-content\\\/uploads\\\/2024\\\/10\\\/hombre-entra-biblioteca.jpg\",\"datePublished\":\"2024-10-20T13:46:12+00:00\",\"dateModified\":\"2025-11-16T15:21:31+00:00\",\"description\":\"El inicio de una novela marca un punto de inflexi\u00f3n entre la realidad palpable y el mundo imaginario que se despliega ante el lector...\",\"breadcrumb\":{\"@id\":\"https:\\\/\\\/www.taller-palabras.com\\\/WordPress_06\\\/escritura\\\/comienzo-de-novela\\\/#breadcrumb\"},\"inLanguage\":\"es\",\"potentialAction\":[{\"@type\":\"ReadAction\",\"target\":[\"https:\\\/\\\/www.taller-palabras.com\\\/WordPress_06\\\/escritura\\\/comienzo-de-novela\\\/\"]}]},{\"@type\":\"ImageObject\",\"inLanguage\":\"es\",\"@id\":\"https:\\\/\\\/www.taller-palabras.com\\\/WordPress_06\\\/escritura\\\/comienzo-de-novela\\\/#primaryimage\",\"url\":\"https:\\\/\\\/www.taller-palabras.com\\\/WordPress_06\\\/wp-content\\\/uploads\\\/2024\\\/10\\\/hombre-entra-biblioteca.jpg\",\"contentUrl\":\"https:\\\/\\\/www.taller-palabras.com\\\/WordPress_06\\\/wp-content\\\/uploads\\\/2024\\\/10\\\/hombre-entra-biblioteca.jpg\",\"width\":423,\"height\":283},{\"@type\":\"BreadcrumbList\",\"@id\":\"https:\\\/\\\/www.taller-palabras.com\\\/WordPress_06\\\/escritura\\\/comienzo-de-novela\\\/#breadcrumb\",\"itemListElement\":[{\"@type\":\"ListItem\",\"position\":1,\"name\":\"Portada\",\"item\":\"https:\\\/\\\/www.taller-palabras.com\\\/WordPress_06\\\/\"},{\"@type\":\"ListItem\",\"position\":2,\"name\":\"Cruzar el umbral\"}]},{\"@type\":\"WebSite\",\"@id\":\"https:\\\/\\\/www.taller-palabras.com\\\/WordPress_06\\\/#website\",\"url\":\"https:\\\/\\\/www.taller-palabras.com\\\/WordPress_06\\\/\",\"name\":\"Red Literaria\",\"description\":\"Red de lectura y escritura\",\"publisher\":{\"@id\":\"https:\\\/\\\/www.taller-palabras.com\\\/WordPress_06\\\/#organization\"},\"potentialAction\":[{\"@type\":\"SearchAction\",\"target\":{\"@type\":\"EntryPoint\",\"urlTemplate\":\"https:\\\/\\\/www.taller-palabras.com\\\/WordPress_06\\\/?s={search_term_string}\"},\"query-input\":{\"@type\":\"PropertyValueSpecification\",\"valueRequired\":true,\"valueName\":\"search_term_string\"}}],\"inLanguage\":\"es\"},{\"@type\":\"Organization\",\"@id\":\"https:\\\/\\\/www.taller-palabras.com\\\/WordPress_06\\\/#organization\",\"name\":\"Redescribir\",\"url\":\"https:\\\/\\\/www.taller-palabras.com\\\/WordPress_06\\\/\",\"logo\":{\"@type\":\"ImageObject\",\"inLanguage\":\"es\",\"@id\":\"https:\\\/\\\/www.taller-palabras.com\\\/WordPress_06\\\/#\\\/schema\\\/logo\\\/image\\\/\",\"url\":\"https:\\\/\\\/www.taller-palabras.com\\\/WordPress_06\\\/wp-content\\\/uploads\\\/2021\\\/07\\\/redactar_icon.png\",\"contentUrl\":\"https:\\\/\\\/www.taller-palabras.com\\\/WordPress_06\\\/wp-content\\\/uploads\\\/2021\\\/07\\\/redactar_icon.png\",\"width\":25,\"height\":25,\"caption\":\"Redescribir\"},\"image\":{\"@id\":\"https:\\\/\\\/www.taller-palabras.com\\\/WordPress_06\\\/#\\\/schema\\\/logo\\\/image\\\/\"},\"sameAs\":[\"https:\\\/\\\/www.facebook.com\\\/profile.php?id=100001537279728\"]},{\"@type\":\"Person\",\"@id\":\"https:\\\/\\\/www.taller-palabras.com\\\/WordPress_06\\\/#\\\/schema\\\/person\\\/a774f3e56bddd007723be732994cadd4\",\"name\":\"Patricia M\u00f3nica Miranda Alonso\",\"description\":\"Profesora de escritura creativa y coordinadora de talleres literarios, editora y correctora literaria, rese\u00f1adora y cr\u00edtica literaria.\",\"sameAs\":[\"https:\\\/\\\/www.taller-palabras.com\"],\"url\":\"https:\\\/\\\/www.taller-palabras.com\\\/WordPress_06\\\/author\\\/patricia\\\/\"}]}<\/script>\n<!-- \/ Yoast SEO plugin. -->","yoast_head_json":{"title":"Cruzar el umbral - Red Literaria","description":"El inicio de una novela marca un punto de inflexi\u00f3n entre la realidad palpable y el mundo imaginario que se despliega ante el lector...","robots":{"index":"index","follow":"follow","max-snippet":"max-snippet:-1","max-image-preview":"max-image-preview:large","max-video-preview":"max-video-preview:-1"},"canonical":"https:\/\/www.taller-palabras.com\/WordPress_06\/escritura\/comienzo-de-novela\/","og_locale":"es_ES","og_type":"article","og_title":"Cruzar el umbral - Red Literaria","og_description":"El inicio de una novela marca un punto de inflexi\u00f3n entre la realidad palpable y el mundo imaginario que se despliega ante el lector...","og_url":"https:\/\/www.taller-palabras.com\/WordPress_06\/escritura\/comienzo-de-novela\/","og_site_name":"Red Literaria","article_publisher":"https:\/\/www.facebook.com\/profile.php?id=100001537279728","article_published_time":"2024-10-20T13:46:12+00:00","article_modified_time":"2025-11-16T15:21:31+00:00","og_image":[{"width":423,"height":283,"url":"https:\/\/www.taller-palabras.com\/WordPress_06\/wp-content\/uploads\/2024\/10\/hombre-entra-biblioteca.jpg","type":"image\/jpeg"}],"author":"Patricia M\u00f3nica Miranda Alonso","twitter_card":"summary_large_image","twitter_misc":{"Escrito por":"Patricia M\u00f3nica Miranda Alonso","Tiempo de lectura":"9 minutos"},"schema":{"@context":"https:\/\/schema.org","@graph":[{"@type":"NewsArticle","@id":"https:\/\/www.taller-palabras.com\/WordPress_06\/escritura\/comienzo-de-novela\/#article","isPartOf":{"@id":"https:\/\/www.taller-palabras.com\/WordPress_06\/escritura\/comienzo-de-novela\/"},"author":{"name":"Patricia M\u00f3nica Miranda Alonso","@id":"https:\/\/www.taller-palabras.com\/WordPress_06\/#\/schema\/person\/a774f3e56bddd007723be732994cadd4"},"headline":"Cruzar el umbral","datePublished":"2024-10-20T13:46:12+00:00","dateModified":"2025-11-16T15:21:31+00:00","mainEntityOfPage":{"@id":"https:\/\/www.taller-palabras.com\/WordPress_06\/escritura\/comienzo-de-novela\/"},"wordCount":1774,"publisher":{"@id":"https:\/\/www.taller-palabras.com\/WordPress_06\/#organization"},"image":{"@id":"https:\/\/www.taller-palabras.com\/WordPress_06\/escritura\/comienzo-de-novela\/#primaryimage"},"thumbnailUrl":"https:\/\/www.taller-palabras.com\/WordPress_06\/wp-content\/uploads\/2024\/10\/hombre-entra-biblioteca.jpg","keywords":["Escribir ficcion","escribir un libro","escritura creativa","Estudios de Escritura"],"articleSection":["Escritura"],"inLanguage":"es"},{"@type":["WebPage","ItemPage"],"@id":"https:\/\/www.taller-palabras.com\/WordPress_06\/escritura\/comienzo-de-novela\/","url":"https:\/\/www.taller-palabras.com\/WordPress_06\/escritura\/comienzo-de-novela\/","name":"Cruzar el umbral - Red Literaria","isPartOf":{"@id":"https:\/\/www.taller-palabras.com\/WordPress_06\/#website"},"primaryImageOfPage":{"@id":"https:\/\/www.taller-palabras.com\/WordPress_06\/escritura\/comienzo-de-novela\/#primaryimage"},"image":{"@id":"https:\/\/www.taller-palabras.com\/WordPress_06\/escritura\/comienzo-de-novela\/#primaryimage"},"thumbnailUrl":"https:\/\/www.taller-palabras.com\/WordPress_06\/wp-content\/uploads\/2024\/10\/hombre-entra-biblioteca.jpg","datePublished":"2024-10-20T13:46:12+00:00","dateModified":"2025-11-16T15:21:31+00:00","description":"El inicio de una novela marca un punto de inflexi\u00f3n entre la realidad palpable y el mundo imaginario que se despliega ante el lector...","breadcrumb":{"@id":"https:\/\/www.taller-palabras.com\/WordPress_06\/escritura\/comienzo-de-novela\/#breadcrumb"},"inLanguage":"es","potentialAction":[{"@type":"ReadAction","target":["https:\/\/www.taller-palabras.com\/WordPress_06\/escritura\/comienzo-de-novela\/"]}]},{"@type":"ImageObject","inLanguage":"es","@id":"https:\/\/www.taller-palabras.com\/WordPress_06\/escritura\/comienzo-de-novela\/#primaryimage","url":"https:\/\/www.taller-palabras.com\/WordPress_06\/wp-content\/uploads\/2024\/10\/hombre-entra-biblioteca.jpg","contentUrl":"https:\/\/www.taller-palabras.com\/WordPress_06\/wp-content\/uploads\/2024\/10\/hombre-entra-biblioteca.jpg","width":423,"height":283},{"@type":"BreadcrumbList","@id":"https:\/\/www.taller-palabras.com\/WordPress_06\/escritura\/comienzo-de-novela\/#breadcrumb","itemListElement":[{"@type":"ListItem","position":1,"name":"Portada","item":"https:\/\/www.taller-palabras.com\/WordPress_06\/"},{"@type":"ListItem","position":2,"name":"Cruzar el umbral"}]},{"@type":"WebSite","@id":"https:\/\/www.taller-palabras.com\/WordPress_06\/#website","url":"https:\/\/www.taller-palabras.com\/WordPress_06\/","name":"Red Literaria","description":"Red de lectura y escritura","publisher":{"@id":"https:\/\/www.taller-palabras.com\/WordPress_06\/#organization"},"potentialAction":[{"@type":"SearchAction","target":{"@type":"EntryPoint","urlTemplate":"https:\/\/www.taller-palabras.com\/WordPress_06\/?s={search_term_string}"},"query-input":{"@type":"PropertyValueSpecification","valueRequired":true,"valueName":"search_term_string"}}],"inLanguage":"es"},{"@type":"Organization","@id":"https:\/\/www.taller-palabras.com\/WordPress_06\/#organization","name":"Redescribir","url":"https:\/\/www.taller-palabras.com\/WordPress_06\/","logo":{"@type":"ImageObject","inLanguage":"es","@id":"https:\/\/www.taller-palabras.com\/WordPress_06\/#\/schema\/logo\/image\/","url":"https:\/\/www.taller-palabras.com\/WordPress_06\/wp-content\/uploads\/2021\/07\/redactar_icon.png","contentUrl":"https:\/\/www.taller-palabras.com\/WordPress_06\/wp-content\/uploads\/2021\/07\/redactar_icon.png","width":25,"height":25,"caption":"Redescribir"},"image":{"@id":"https:\/\/www.taller-palabras.com\/WordPress_06\/#\/schema\/logo\/image\/"},"sameAs":["https:\/\/www.facebook.com\/profile.php?id=100001537279728"]},{"@type":"Person","@id":"https:\/\/www.taller-palabras.com\/WordPress_06\/#\/schema\/person\/a774f3e56bddd007723be732994cadd4","name":"Patricia M\u00f3nica Miranda Alonso","description":"Profesora de escritura creativa y coordinadora de talleres literarios, editora y correctora literaria, rese\u00f1adora y cr\u00edtica literaria.","sameAs":["https:\/\/www.taller-palabras.com"],"url":"https:\/\/www.taller-palabras.com\/WordPress_06\/author\/patricia\/"}]}},"_links":{"self":[{"href":"https:\/\/www.taller-palabras.com\/WordPress_06\/wp-json\/wp\/v2\/posts\/4510","targetHints":{"allow":["GET"]}}],"collection":[{"href":"https:\/\/www.taller-palabras.com\/WordPress_06\/wp-json\/wp\/v2\/posts"}],"about":[{"href":"https:\/\/www.taller-palabras.com\/WordPress_06\/wp-json\/wp\/v2\/types\/post"}],"author":[{"embeddable":true,"href":"https:\/\/www.taller-palabras.com\/WordPress_06\/wp-json\/wp\/v2\/users\/83"}],"replies":[{"embeddable":true,"href":"https:\/\/www.taller-palabras.com\/WordPress_06\/wp-json\/wp\/v2\/comments?post=4510"}],"version-history":[{"count":8,"href":"https:\/\/www.taller-palabras.com\/WordPress_06\/wp-json\/wp\/v2\/posts\/4510\/revisions"}],"predecessor-version":[{"id":5421,"href":"https:\/\/www.taller-palabras.com\/WordPress_06\/wp-json\/wp\/v2\/posts\/4510\/revisions\/5421"}],"wp:featuredmedia":[{"embeddable":true,"href":"https:\/\/www.taller-palabras.com\/WordPress_06\/wp-json\/wp\/v2\/media\/4511"}],"wp:attachment":[{"href":"https:\/\/www.taller-palabras.com\/WordPress_06\/wp-json\/wp\/v2\/media?parent=4510"}],"wp:term":[{"taxonomy":"category","embeddable":true,"href":"https:\/\/www.taller-palabras.com\/WordPress_06\/wp-json\/wp\/v2\/categories?post=4510"},{"taxonomy":"post_tag","embeddable":true,"href":"https:\/\/www.taller-palabras.com\/WordPress_06\/wp-json\/wp\/v2\/tags?post=4510"}],"curies":[{"name":"wp","href":"https:\/\/api.w.org\/{rel}","templated":true}]}}