{"id":4521,"date":"2024-10-27T10:08:43","date_gmt":"2024-10-27T13:08:43","guid":{"rendered":"https:\/\/www.taller-palabras.com\/WordPress_06\/?p=4521"},"modified":"2024-10-30T09:22:26","modified_gmt":"2024-10-30T12:22:26","slug":"filosofia-literatura","status":"publish","type":"post","link":"https:\/\/www.taller-palabras.com\/WordPress_06\/lectura\/filosofia-literatura\/","title":{"rendered":"Cogito ergo scribere"},"content":{"rendered":"\n<p><strong>Pienso luego escribo\u2026<\/strong> La filosof\u00eda argumenta ideas, la literatura expresa emociones y pensamientos. La filosof\u00eda interpela a la inteligencia; la literatura interpela al ser humano en su totalidad: su mente, coraz\u00f3n y alma. La filosof\u00eda descubre, la literatura interpreta. La filosof\u00eda analiza la realidad, la literatura la inventa.<\/p>\n\n\n\n<p><strong>Filosof\u00eda:<\/strong> del griego \u201cfilos\u201d: querido, amistoso y \u201csophia\u201d: sabidur\u00eda (amor a la sabidur\u00eda).<\/p>\n\n\n\n<p><strong>Literatura:<\/strong> del lat\u00edn \u201clittera\u201d, que significa letra o lo escrito.<\/p>\n\n\n\n<p>La filosof\u00eda y la literatura emergen como dos corrientes poderosas, cada una con su propio prop\u00f3sito y m\u00e9todo, pero ambas buscando iluminar nuestra experiencia humana desde \u00e1ngulos distintos y complementarios. \u00bfPor qu\u00e9 estas dos potencias de sabidur\u00eda transitan por caminos paralelos? Lo explicamos brevemente: porque exploran la existencia, la naturaleza humana y el significado de la vida. Es verdad que eligen m\u00e9todos distintos pero comparten un inter\u00e9s com\u00fan: profundizar en las verdades esenciales de la condici\u00f3n humana.<br>La filosof\u00eda lo hace a trav\u00e9s del razonamiento y la argumentaci\u00f3n l\u00f3gica, la literatura busca las palabras exactas para arribar a una posible verdad, y lo hace transmitiendo ideas, emociones, vivencias. La reflexi\u00f3n cr\u00edtica sobre la experiencia humana hermana ambas disciplinas.<\/p>\n\n\n\n<p>Los fil\u00f3sofos, como <strong>Plat\u00f3n<\/strong> o <strong>Nietzsche<\/strong>, y los escritores, como <strong>Dostoievski<\/strong>, <strong>Kafka <\/strong>o<strong> Tolstoi<\/strong>, han abordado preguntas similares sobre la libertad, el bien y el mal, el sufrimiento y la identidad.<br>El di\u00e1logo entre la filosof\u00eda y la literatura es vital. Mientras que la filosof\u00eda proporciona el marco intelectual para comprender el mundo, la literatura enriquece este entendimiento al presentar las complejidades de la condici\u00f3n humana de una manera visceral y emocional. Una potencia la otra y juntas nos invitan a reflexionar sobre nuestras vidas, nuestros valores y nuestro lugar en el cosmos. Encontrar una respuesta ser\u00e1 siempre una cuesti\u00f3n personal pero coincidir\u00e1s conmigo en que ambas disciplinas nos allanan el camino. Y esto sucede desde hace d\u00e9cadas, siglos. \u00bfNo me crees? Pues a las pruebas me remito.<\/p>\n\n\n\n<p>Las novelas de <strong><u><a href=\"https:\/\/www.taller-palabras.com\/WordPress_04\/?s=fiodor+Dostoievski&amp;post_type=product&amp;v=909ba4ad2bda\">Fi\u00f3dor Dostoyevski<\/a><\/u><\/strong>, como <em>Crimen y castigo<\/em> y <em>Los hermanos Karam\u00e1zov,<\/em> influyeron profundamente en fil\u00f3sofos existencialistas como <a href=\"https:\/\/www.taller-palabras.com\/WordPress_04\/?s=Jean-Paul+Sartre+&amp;post_type=product&amp;v=d72a48a8ebd2\"><strong><u>Jean-Paul Sartre<\/u><\/strong><\/a> y <a href=\"https:\/\/www.taller-palabras.com\/WordPress_04\/?s=Martin+Heidegger&amp;post_type=product&amp;v=909ba4ad2bda\"><strong><u>Martin Heidegger<\/u><\/strong><\/a>. Dostoyevski explor\u00f3 temas como la libertad, la moralidad, la alienaci\u00f3n y el sentido de la vida, que luego ser\u00edan fundamentales en el pensamiento existencialista.<\/p>\n\n\n\n<p><a href=\"https:\/\/www.taller-palabras.com\/WordPress_04\/?s=Kafka+&amp;post_type=product&amp;v=d72a48a8ebd2\"><strong><u>Franz Kafka<\/u><\/strong><\/a>, con obras como <em>El proceso<\/em> y <em>La metamorfosis<\/em>, explor\u00f3 el sinsentido de la burocracia y la impotencia del individuo frente a fuerzas inexplicables, temas que resonaron profundamente en la filosof\u00eda del siglo XX. El checo influy\u00f3 en la filosof\u00eda del absurdo, especialmente en pensadores como <a href=\"https:\/\/www.taller-palabras.com\/WordPress_04\/?s=Albert+Camus&amp;post_type=product&amp;v=d72a48a8ebd2\"><strong><u>Albert Camus<\/u><\/strong><\/a>.<\/p>\n\n\n\n<p>Las obras de <a href=\"https:\/\/www.taller-palabras.com\/WordPress_04\/?s=William+Shakespeare&amp;post_type=product&amp;v=d72a48a8ebd2\"><strong><u>William Shakespeare<\/u><\/strong><\/a>, especialmente <em>Hamlet<\/em> y <em>Macbeth<\/em>, han sido estudiadas por fil\u00f3sofos como <strong>Hegel<\/strong> y <strong>Nietzsche<\/strong> por su profunda reflexi\u00f3n sobre la naturaleza humana, la moralidad y el poder. Estas obras han proporcionado un marco para discusiones filos\u00f3ficas sobre la tragedia y el destino humano.<\/p>\n\n\n\n<p>Y como les ven\u00eda diciendo, literatura y filosof\u00eda caminan por veredas paralelas y es por eso que <strong>Jean-Paul Sartre<\/strong> y <strong>Albert Camus<\/strong> no solo fueron fil\u00f3sofos existencialistas, sino tambi\u00e9n escritores. En novelas como <a href=\"https:\/\/www.taller-palabras.com\/WordPress_04\/?s=Jean-Paul+Sartre&amp;post_type=product&amp;v=909ba4ad2bda\"><strong><em><u>La <\/u><\/em><\/strong><\/a><strong><em><u><a href=\"https:\/\/www.taller-palabras.com\/WordPress_04\/producto\/la-nausea-jean-paul-sartre-ebook?v=909ba4ad2bda\">n\u00e1usea<\/a><\/u><\/em><\/strong> (<strong>Sartre<\/strong>) y <strong><em><u><a href=\"https:\/\/www.taller-palabras.com\/WordPress_04\/producto\/el-extranjero-albert-camus-ebook?v=909ba4ad2bda\">El extranjero<\/a><\/u><\/em><\/strong> (<strong>Camus<\/strong>), ambos autores exploraron conceptos filos\u00f3ficos existencialistas como la libertad, la absurdidad de la vida y la angustia existencial, utilizando la narrativa literaria para ilustrar sus ideas. Para ellos las verdades no solo eran una cuesti\u00f3n personal sino que la necesidad de transmitir esas verdades era fundamental y para eso las letras, las palabras, la literatura fueron una herramienta irreemplazable.<\/p>\n\n\n\n<p>Y en este ping pong de idas y vueltas no puedo dejar de mencionar las ideas de <strong>Immanuel Kant<\/strong> sobre la sublimidad y la moralidad que influyeron en la literatura g\u00f3tica. Autores como <a href=\"https:\/\/www.taller-palabras.com\/WordPress_04\/producto\/frankenstein-o-el-moderno-prometeo-mary-shelley-ebook\"><strong><u>Mary Shelley<\/u><\/strong><\/a> en <em>Frankenstein<\/em> y <strong><u><a href=\"https:\/\/www.taller-palabras.com\/WordPress_04\/producto\/cuentos-completos-edgar-allan-poe-ebook?v=909ba4ad2bda\">Edgar Allan Po<\/a><\/u><\/strong><a href=\"https:\/\/www.taller-palabras.com\/WordPress_04\/?s=Edgar+Allan+Poe+&amp;post_type=product&amp;v=d72a48a8ebd2\"><strong><u>e<\/u><\/strong><\/a> en sus cuentos exploraron conceptos kantianos sobre la relaci\u00f3n entre la raz\u00f3n, el miedo y la belleza, utilizando la atm\u00f3sfera g\u00f3tica para investigar la naturaleza de la experiencia humana y el l\u00edmite del conocimiento.<\/p>\n\n\n\n<p>De la vereda filos\u00f3fica, la visi\u00f3n pesimista del fil\u00f3sofo <strong>Arthur Schopenhauer<\/strong> sobre la vida, centrada en el sufrimiento y la insatisfacci\u00f3n del deseo, influy\u00f3 en la literatura realista del siglo XIX. Escritores como <a href=\"https:\/\/www.taller-palabras.com\/WordPress_04\/?s=Tolstoi+&amp;post_type=product&amp;v=d72a48a8ebd2\"><strong><u>Leon Tolst\u00f3i<\/u><\/strong><\/a> y <a href=\"https:\/\/www.taller-palabras.com\/WordPress_04\/?s=Gustave+Flaubert+&amp;post_type=product&amp;v=d72a48a8ebd2\"><strong><u>Gustave Flaubert<\/u><\/strong><\/a> reflejaron en sus obras la desesperanza y el sufrimiento inherentes a la condici\u00f3n humana, siguiendo las ideas de Schopenhauer sobre la naturaleza del deseo y la voluntad.<\/p>\n\n\n\n<p>Y los intercambios no cesan. <a href=\"https:\/\/www.taller-palabras.com\/WordPress_04\/?s=Thomas+Mann&amp;post_type=product&amp;v=909ba4ad2bda\"><strong><u>Thomas Mann<\/u><\/strong><\/a>, en su novela <em>La muerte en Venecia<\/em> y <em>La monta\u00f1a m\u00e1gica<\/em>, explora las ideas del fil\u00f3sofo y poeta <a href=\"https:\/\/www.taller-palabras.com\/WordPress_04\/producto\/asi-hablo-zaratustra-friedrich-nietzsche-ebook\"><strong><u>Friedrich Nietzsche<\/u><\/strong><\/a> sobre la decadencia, el dionis\u00edaco versus el apol\u00edneo, y la crisis de los valores europeos. Mann utiliza la narrativa para reflexionar sobre la enfermedad cultural y la b\u00fasqueda de la autenticidad, temas que est\u00e1n en el coraz\u00f3n de la filosof\u00eda nietzscheana.<\/p>\n\n\n\n<p><a href=\"https:\/\/www.taller-palabras.com\/WordPress_04\/?s=Saramago+&amp;post_type=product&amp;v=d72a48a8ebd2\"><strong><u>Jos\u00e9 Saramago<\/u><\/strong><\/a>, el reconocido novelista portugu\u00e9s y Premio Nobel de Literatura en 1998, fue profundamente influenciado por diversas corrientes filos\u00f3ficas que se reflejan en su obra. Su literatura no solo narra historias, sino que tambi\u00e9n ofrece una reflexi\u00f3n profunda sobre la condici\u00f3n humana, la naturaleza del poder, la moralidad y la existencia. El existencialismo y el absurdo en obras como: <em>Ensayo sobre la ceguera<\/em>. El existencialismo y especialmente el concepto del absurdo le llegan desde fil\u00f3sofos y escritores como Jean-Paul Sartre y Albert Camus. <br>En <em><a href=\"https:\/\/www.taller-palabras.com\/WordPress_04\/producto\/ensayo-sobre-la-ceguera-jose-saramago-ebook?v=909ba4ad2bda\"><u>Ensayo sobre la ceguera<\/u><\/a><\/em>, Saramago explora la p\u00e9rdida de la visi\u00f3n como una met\u00e1fora para la ceguera moral y existencial de la humanidad y para eso sus personajes enfrentan situaciones absurdas y sin sentido, lo que refleja la desesperaci\u00f3n y la falta de prop\u00f3sito inherentes en la existencia, temas centrales en el existencialismo. En su obra <em><a href=\"https:\/\/www.taller-palabras.com\/WordPress_04\/producto\/la-caverna-jose-saramago-ebook?v=909ba4ad2bda\"><u>La caverna<\/u><\/a><\/em>, hace una clara alusi\u00f3n a la alegor\u00eda de la caverna de Plat\u00f3n, reflexionando sobre la percepci\u00f3n de la realidad y la ilusi\u00f3n.<\/p>\n\n\n\n<p>La lista es inacabable y los pr\u00e9stamos entre una y otra son constantes. Como ver\u00e1s la literatura y la filosof\u00eda se han influenciado mutuamente de manera profunda y continua. La literatura ha servido como un medio poderoso para explorar y expresar ideas filos\u00f3ficas, mientras que la filosof\u00eda ha proporcionado el marco conceptual para muchas obras literarias. Esta interrelaci\u00f3n ha enriquecido ambas disciplinas, permitiendo una comprensi\u00f3n m\u00e1s profunda de la experiencia humana. Un claro ejemplo de que caminar a la par siempre suma sobre todo si se trata de expresar las verdades fundamentales sobre el ser humano y su lugar en el mundo.<\/p>\n\n\n\n\n\n<p>Comparte la experiencia  \ud83d\ude09<br \/>\n<div class=\"heateor_sss_sharing_container heateor_sss_horizontal_sharing\" data-heateor-ss-offset=\"0\" data-heateor-sss-href='https:\/\/www.taller-palabras.com\/WordPress_06\/lectura\/filosofia-literatura\/'><div class=\"heateor_sss_sharing_ul\"><a aria-label=\"Facebook\" class=\"heateor_sss_facebook\" href=\"https:\/\/www.facebook.com\/sharer\/sharer.php?u=https%3A%2F%2Fwww.taller-palabras.com%2FWordPress_06%2F%3Fp%3D4521\" title=\"Facebook\" rel=\"nofollow noopener\" target=\"_blank\" style=\"font-size:32px!important;box-shadow:none;display:inline-block;vertical-align:middle\"><span class=\"heateor_sss_svg\" style=\"background-color:#0765FE;width:34px;height:34px;border-radius:999px;display:inline-block;opacity:1;float:left;font-size:32px;box-shadow:none;display:inline-block;font-size:16px;padding:0 4px;vertical-align:middle;background-repeat:repeat;overflow:hidden;padding:0;cursor:pointer;box-sizing:content-box\"><svg style=\"display:block;border-radius:999px;\" focusable=\"false\" aria-hidden=\"true\" xmlns=\"http:\/\/www.w3.org\/2000\/svg\" width=\"100%\" height=\"100%\" viewBox=\"0 0 32 32\"><path fill=\"#fff\" d=\"M28 16c0-6.627-5.373-12-12-12S4 9.373 4 16c0 5.628 3.875 10.35 9.101 11.647v-7.98h-2.474V16H13.1v-1.58c0-4.085 1.849-5.978 5.859-5.978.76 0 2.072.15 2.608.298v3.325c-.283-.03-.775-.045-1.386-.045-1.967 0-2.728.745-2.728 2.683V16h3.92l-.673 3.667h-3.247v8.245C23.395 27.195 28 22.135 28 16Z\"><\/path><\/svg><\/span><\/a><a aria-label=\"Whatsapp\" class=\"heateor_sss_whatsapp\" href=\"https:\/\/api.whatsapp.com\/send?text=Cogito%20ergo%20scribere%20https%3A%2F%2Fwww.taller-palabras.com%2FWordPress_06%2F%3Fp%3D4521\" title=\"Whatsapp\" rel=\"nofollow noopener\" target=\"_blank\" style=\"font-size:32px!important;box-shadow:none;display:inline-block;vertical-align:middle\"><span class=\"heateor_sss_svg\" style=\"background-color:#55eb4c;width:34px;height:34px;border-radius:999px;display:inline-block;opacity:1;float:left;font-size:32px;box-shadow:none;display:inline-block;font-size:16px;padding:0 4px;vertical-align:middle;background-repeat:repeat;overflow:hidden;padding:0;cursor:pointer;box-sizing:content-box\"><svg style=\"display:block;border-radius:999px;\" focusable=\"false\" aria-hidden=\"true\" xmlns=\"http:\/\/www.w3.org\/2000\/svg\" width=\"100%\" height=\"100%\" viewBox=\"-6 -5 40 40\"><path class=\"heateor_sss_svg_stroke heateor_sss_no_fill\" stroke=\"#fff\" stroke-width=\"2\" fill=\"none\" d=\"M 11.579798566743314 24.396926207859085 A 10 10 0 1 0 6.808479557110079 20.73576436351046\"><\/path><path d=\"M 7 19 l -1 6 l 6 -1\" class=\"heateor_sss_no_fill heateor_sss_svg_stroke\" stroke=\"#fff\" stroke-width=\"2\" fill=\"none\"><\/path><path d=\"M 10 10 q -1 8 8 11 c 5 -1 0 -6 -1 -3 q -4 -3 -5 -5 c 4 -2 -1 -5 -1 -4\" fill=\"#fff\"><\/path><\/svg><\/span><\/a><a aria-label=\"Pinterest\" class=\"heateor_sss_button_pinterest\" href=\"https:\/\/www.taller-palabras.com\/WordPress_06\/?p=4521\" onclick=\"event.preventDefault();javascript:void( (function() {var e=document.createElement('script' );e.setAttribute('type','text\/javascript' );e.setAttribute('charset','UTF-8' );e.setAttribute('src','\/\/assets.pinterest.com\/js\/pinmarklet.js?r='+Math.random()*99999999);document.body.appendChild(e)})());\" title=\"Pinterest\" rel=\"noopener\" style=\"font-size:32px!important;box-shadow:none;display:inline-block;vertical-align:middle\"><span class=\"heateor_sss_svg heateor_sss_s__default heateor_sss_s_pinterest\" style=\"background-color:#cc2329;width:34px;height:34px;border-radius:999px;display:inline-block;opacity:1;float:left;font-size:32px;box-shadow:none;display:inline-block;font-size:16px;padding:0 4px;vertical-align:middle;background-repeat:repeat;overflow:hidden;padding:0;cursor:pointer;box-sizing:content-box\"><svg style=\"display:block;border-radius:999px;\" focusable=\"false\" aria-hidden=\"true\" xmlns=\"http:\/\/www.w3.org\/2000\/svg\" width=\"100%\" height=\"100%\" viewBox=\"-2 -2 35 35\"><path fill=\"#fff\" d=\"M16.539 4.5c-6.277 0-9.442 4.5-9.442 8.253 0 2.272.86 4.293 2.705 5.046.303.125.574.005.662-.33.061-.231.205-.816.27-1.06.088-.331.053-.447-.191-.736-.532-.627-.873-1.439-.873-2.591 0-3.338 2.498-6.327 6.505-6.327 3.548 0 5.497 2.168 5.497 5.062 0 3.81-1.686 7.025-4.188 7.025-1.382 0-2.416-1.142-2.085-2.545.397-1.674 1.166-3.48 1.166-4.689 0-1.081-.581-1.983-1.782-1.983-1.413 0-2.548 1.462-2.548 3.419 0 1.247.421 2.091.421 2.091l-1.699 7.199c-.505 2.137-.076 4.755-.039 5.019.021.158.223.196.314.077.13-.17 1.813-2.247 2.384-4.324.162-.587.929-3.631.929-3.631.46.876 1.801 1.646 3.227 1.646 4.247 0 7.128-3.871 7.128-9.053.003-3.918-3.317-7.568-8.361-7.568z\"\/><\/svg><\/span><\/a><a aria-label=\"Instagram\" class=\"heateor_sss_button_instagram\" href=\"https:\/\/www.instagram.com\/\" title=\"Instagram\" rel=\"nofollow noopener\" target=\"_blank\" style=\"font-size:32px!important;box-shadow:none;display:inline-block;vertical-align:middle\"><span class=\"heateor_sss_svg\" style=\"background-color:#53beee;width:34px;height:34px;border-radius:999px;display:inline-block;opacity:1;float:left;font-size:32px;box-shadow:none;display:inline-block;font-size:16px;padding:0 4px;vertical-align:middle;background-repeat:repeat;overflow:hidden;padding:0;cursor:pointer;box-sizing:content-box\"><svg style=\"display:block;border-radius:999px;\" version=\"1.1\" viewBox=\"-10 -10 148 148\" width=\"100%\" height=\"100%\" xml:space=\"preserve\" xmlns=\"http:\/\/www.w3.org\/2000\/svg\" xmlns:xlink=\"http:\/\/www.w3.org\/1999\/xlink\"><g><g><path d=\"M86,112H42c-14.336,0-26-11.663-26-26V42c0-14.337,11.664-26,26-26h44c14.337,0,26,11.663,26,26v44 C112,100.337,100.337,112,86,112z M42,24c-9.925,0-18,8.074-18,18v44c0,9.925,8.075,18,18,18h44c9.926,0,18-8.075,18-18V42 c0-9.926-8.074-18-18-18H42z\" fill=\"#fff\"><\/path><\/g><g><path d=\"M64,88c-13.234,0-24-10.767-24-24c0-13.234,10.766-24,24-24s24,10.766,24,24C88,77.233,77.234,88,64,88z M64,48c-8.822,0-16,7.178-16,16s7.178,16,16,16c8.822,0,16-7.178,16-16S72.822,48,64,48z\" fill=\"#fff\"><\/path><\/g><g><circle cx=\"89.5\" cy=\"38.5\" fill=\"#fff\" r=\"5.5\"><\/circle><\/g><\/g><\/svg><\/span><\/a><a aria-label=\"X\" class=\"heateor_sss_button_x\" href=\"https:\/\/twitter.com\/intent\/tweet?text=Cogito%20ergo%20scribere&url=https%3A%2F%2Fwww.taller-palabras.com%2FWordPress_06%2F%3Fp%3D4521\" title=\"X\" rel=\"nofollow noopener\" target=\"_blank\" style=\"font-size:32px!important;box-shadow:none;display:inline-block;vertical-align:middle\"><span class=\"heateor_sss_svg heateor_sss_s__default heateor_sss_s_x\" style=\"background-color:#2a2a2a;width:34px;height:34px;border-radius:999px;display:inline-block;opacity:1;float:left;font-size:32px;box-shadow:none;display:inline-block;font-size:16px;padding:0 4px;vertical-align:middle;background-repeat:repeat;overflow:hidden;padding:0;cursor:pointer;box-sizing:content-box\"><svg width=\"100%\" height=\"100%\" style=\"display:block;border-radius:999px;\" focusable=\"false\" aria-hidden=\"true\" xmlns=\"http:\/\/www.w3.org\/2000\/svg\" viewBox=\"0 0 32 32\"><path fill=\"#fff\" d=\"M21.751 7h3.067l-6.7 7.658L26 25.078h-6.172l-4.833-6.32-5.531 6.32h-3.07l7.167-8.19L6 7h6.328l4.37 5.777L21.75 7Zm-1.076 16.242h1.7L11.404 8.74H9.58l11.094 14.503Z\"><\/path><\/svg><\/span><\/a><a aria-label=\"Linkedin\" class=\"heateor_sss_button_linkedin\" href=\"https:\/\/www.linkedin.com\/sharing\/share-offsite\/?url=https%3A%2F%2Fwww.taller-palabras.com%2FWordPress_06%2F%3Fp%3D4521\" title=\"Linkedin\" rel=\"nofollow noopener\" target=\"_blank\" style=\"font-size:32px!important;box-shadow:none;display:inline-block;vertical-align:middle\"><span class=\"heateor_sss_svg heateor_sss_s__default heateor_sss_s_linkedin\" style=\"background-color:#0077b5;width:34px;height:34px;border-radius:999px;display:inline-block;opacity:1;float:left;font-size:32px;box-shadow:none;display:inline-block;font-size:16px;padding:0 4px;vertical-align:middle;background-repeat:repeat;overflow:hidden;padding:0;cursor:pointer;box-sizing:content-box\"><svg style=\"display:block;border-radius:999px;\" focusable=\"false\" aria-hidden=\"true\" xmlns=\"http:\/\/www.w3.org\/2000\/svg\" width=\"100%\" height=\"100%\" viewBox=\"0 0 32 32\"><path d=\"M6.227 12.61h4.19v13.48h-4.19V12.61zm2.095-6.7a2.43 2.43 0 0 1 0 4.86c-1.344 0-2.428-1.09-2.428-2.43s1.084-2.43 2.428-2.43m4.72 6.7h4.02v1.84h.058c.56-1.058 1.927-2.176 3.965-2.176 4.238 0 5.02 2.792 5.02 6.42v7.395h-4.183v-6.56c0-1.564-.03-3.574-2.178-3.574-2.18 0-2.514 1.7-2.514 3.46v6.668h-4.187V12.61z\" fill=\"#fff\"><\/path><\/svg><\/span><\/a><\/div><div class=\"heateorSssClear\"><\/div><\/div><\/p>\n\n\n\n<hr class=\"wp-block-separator has-alpha-channel-opacity\"\/>\n\n\n<div class=\"wp-block-image\">\n<figure class=\"alignleft size-full is-resized\"><a href=\"https:\/\/www.taller-palabras.com\/WordPress_04\" target=\"_blank\" rel=\"noreferrer noopener\"><img loading=\"lazy\" decoding=\"async\" width=\"442\" height=\"268\" src=\"https:\/\/www.taller-palabras.com\/WordPress_06\/wp-content\/uploads\/2021\/07\/digital_papel.jpg\" alt=\"libreria literaria online\" class=\"wp-image-1744\" style=\"aspect-ratio:1.6492537313432836;width:155px;height:auto\" srcset=\"https:\/\/www.taller-palabras.com\/WordPress_06\/wp-content\/uploads\/2021\/07\/digital_papel.jpg 442w, https:\/\/www.taller-palabras.com\/WordPress_06\/wp-content\/uploads\/2021\/07\/digital_papel-300x182.jpg 300w\" sizes=\"auto, (max-width: 442px) 100vw, 442px\" \/><\/a><\/figure><\/div>\n\n\n<p class=\"has-medium-font-size\"><a href=\"https:\/\/www.taller-palabras.com\/WordPress_04\" target=\"_blank\" rel=\"noreferrer noopener\">Librer\u00eda Literaria Online<\/a><\/p>\n\n\n\n<p>Una Librer\u00eda Online diferente. Accesible y con libros que se rese\u00f1an e incluyen en los art\u00edculos publicados en nuestra Revista \u00ab<mark style=\"background-color:rgba(0, 0, 0, 0)\" class=\"has-inline-color has-luminous-vivid-orange-color\">Redescribir<\/mark>\u00ab.<\/p>\n\n\n\n<hr class=\"wp-block-separator has-alpha-channel-opacity\"\/>\n\n\n\n<h4 class=\"wp-block-heading\">Servicios Editoriales<\/h4>\n\n\n\n<h4 class=\"wp-block-heading\" id=\"taller-literario-online\"><a href=\"https:\/\/taller-palabras.com\/servicios.html\" target=\"_blank\" rel=\"noreferrer noopener\">Servicio de correcci\u00f3n literaria<br>Servicio de edici\u00f3n gr\u00e1fica<br>Servicio de publicaci\u00f3n<\/a><\/h4>\n\n\n\n<hr class=\"wp-block-separator has-alpha-channel-opacity\"\/>\n\n\n\n<h4 class=\"wp-block-heading\" id=\"cursos-de-formacion-via-email-en\">Cursos de Formaci\u00f3n v\u00eda email en<br><a href=\"https:\/\/taller-palabras.com\/cursos.html\" target=\"_blank\" rel=\"noreferrer noopener\">Escritura Creativa<\/a><\/h4>\n\n\n\n<hr class=\"wp-block-separator has-alpha-channel-opacity\"\/>\n\n\n\n<h4 class=\"wp-block-heading\">Curso de formaci\u00f3n cultural<\/h4>\n\n\n\n<h4 class=\"wp-block-heading\"><a rel=\"noreferrer noopener\" href=\"https:\/\/taller-palabras.com\/historiaUyL.html\" target=\"_blank\">Cursos de Historia de la Literatura Universal y Latinoamericana<\/a><\/h4>\n\n\n\n<hr class=\"wp-block-separator has-alpha-channel-opacity\"\/>\n","protected":false},"excerpt":{"rendered":"<p>La filosof\u00eda y la literatura emergen como dos corrientes poderosas, buscando iluminar nuestra experiencia humana&#8230;<\/p>\n","protected":false},"author":83,"featured_media":4522,"comment_status":"closed","ping_status":"open","sticky":false,"template":"","format":"standard","meta":{"footnotes":""},"categories":[17],"tags":[36,141,163],"class_list":["post-4521","post","type-post","status-publish","format-standard","has-post-thumbnail","hentry","category-lectura","tag-lectura","tag-leer-mucho","tag-ser-buen-lector"],"yoast_head":"<!-- This site is optimized with the Yoast SEO plugin v27.4 - https:\/\/yoast.com\/product\/yoast-seo-wordpress\/ -->\n<title>Cogito ergo scribere - Red Literaria<\/title>\n<meta name=\"description\" content=\"La filosof\u00eda y la literatura emergen como dos corrientes poderosas, buscando iluminar nuestra experiencia humana...\" \/>\n<meta name=\"robots\" content=\"index, follow, max-snippet:-1, max-image-preview:large, max-video-preview:-1\" \/>\n<link rel=\"canonical\" href=\"https:\/\/www.taller-palabras.com\/WordPress_06\/lectura\/filosofia-literatura\/\" \/>\n<meta property=\"og:locale\" content=\"es_ES\" \/>\n<meta property=\"og:type\" content=\"article\" \/>\n<meta property=\"og:title\" content=\"Cogito ergo scribere - Red Literaria\" \/>\n<meta property=\"og:description\" content=\"La filosof\u00eda y la literatura emergen como dos corrientes poderosas, buscando iluminar nuestra experiencia humana...\" \/>\n<meta property=\"og:url\" content=\"https:\/\/www.taller-palabras.com\/WordPress_06\/lectura\/filosofia-literatura\/\" \/>\n<meta property=\"og:site_name\" content=\"Red Literaria\" \/>\n<meta property=\"article:publisher\" content=\"https:\/\/www.facebook.com\/profile.php?id=100001537279728\" \/>\n<meta property=\"article:published_time\" content=\"2024-10-27T13:08:43+00:00\" \/>\n<meta property=\"article:modified_time\" content=\"2024-10-30T12:22:26+00:00\" \/>\n<meta property=\"og:image\" content=\"https:\/\/www.taller-palabras.com\/WordPress_06\/wp-content\/uploads\/2024\/10\/cogito-scribere.jpg\" \/>\n\t<meta property=\"og:image:width\" content=\"401\" \/>\n\t<meta property=\"og:image:height\" content=\"283\" \/>\n\t<meta property=\"og:image:type\" content=\"image\/jpeg\" \/>\n<meta name=\"author\" content=\"Patricia M\u00f3nica Miranda Alonso\" \/>\n<meta name=\"twitter:card\" content=\"summary_large_image\" \/>\n<meta name=\"twitter:label1\" content=\"Escrito por\" \/>\n\t<meta name=\"twitter:data1\" content=\"Patricia M\u00f3nica Miranda Alonso\" \/>\n\t<meta name=\"twitter:label2\" content=\"Tiempo de lectura\" \/>\n\t<meta name=\"twitter:data2\" content=\"6 minutos\" \/>\n<script type=\"application\/ld+json\" class=\"yoast-schema-graph\">{\"@context\":\"https:\\\/\\\/schema.org\",\"@graph\":[{\"@type\":\"NewsArticle\",\"@id\":\"https:\\\/\\\/www.taller-palabras.com\\\/WordPress_06\\\/lectura\\\/filosofia-literatura\\\/#article\",\"isPartOf\":{\"@id\":\"https:\\\/\\\/www.taller-palabras.com\\\/WordPress_06\\\/lectura\\\/filosofia-literatura\\\/\"},\"author\":{\"name\":\"Patricia M\u00f3nica Miranda Alonso\",\"@id\":\"https:\\\/\\\/www.taller-palabras.com\\\/WordPress_06\\\/#\\\/schema\\\/person\\\/a774f3e56bddd007723be732994cadd4\"},\"headline\":\"Cogito ergo scribere\",\"datePublished\":\"2024-10-27T13:08:43+00:00\",\"dateModified\":\"2024-10-30T12:22:26+00:00\",\"mainEntityOfPage\":{\"@id\":\"https:\\\/\\\/www.taller-palabras.com\\\/WordPress_06\\\/lectura\\\/filosofia-literatura\\\/\"},\"wordCount\":1139,\"publisher\":{\"@id\":\"https:\\\/\\\/www.taller-palabras.com\\\/WordPress_06\\\/#organization\"},\"image\":{\"@id\":\"https:\\\/\\\/www.taller-palabras.com\\\/WordPress_06\\\/lectura\\\/filosofia-literatura\\\/#primaryimage\"},\"thumbnailUrl\":\"https:\\\/\\\/www.taller-palabras.com\\\/WordPress_06\\\/wp-content\\\/uploads\\\/2024\\\/10\\\/cogito-scribere.jpg\",\"keywords\":[\"lectura\",\"Leer mucho\",\"ser buen lector\"],\"articleSection\":[\"Lectura\"],\"inLanguage\":\"es\"},{\"@type\":[\"WebPage\",\"ItemPage\"],\"@id\":\"https:\\\/\\\/www.taller-palabras.com\\\/WordPress_06\\\/lectura\\\/filosofia-literatura\\\/\",\"url\":\"https:\\\/\\\/www.taller-palabras.com\\\/WordPress_06\\\/lectura\\\/filosofia-literatura\\\/\",\"name\":\"Cogito ergo scribere - Red Literaria\",\"isPartOf\":{\"@id\":\"https:\\\/\\\/www.taller-palabras.com\\\/WordPress_06\\\/#website\"},\"primaryImageOfPage\":{\"@id\":\"https:\\\/\\\/www.taller-palabras.com\\\/WordPress_06\\\/lectura\\\/filosofia-literatura\\\/#primaryimage\"},\"image\":{\"@id\":\"https:\\\/\\\/www.taller-palabras.com\\\/WordPress_06\\\/lectura\\\/filosofia-literatura\\\/#primaryimage\"},\"thumbnailUrl\":\"https:\\\/\\\/www.taller-palabras.com\\\/WordPress_06\\\/wp-content\\\/uploads\\\/2024\\\/10\\\/cogito-scribere.jpg\",\"datePublished\":\"2024-10-27T13:08:43+00:00\",\"dateModified\":\"2024-10-30T12:22:26+00:00\",\"description\":\"La filosof\u00eda y la literatura emergen como dos corrientes poderosas, buscando iluminar nuestra experiencia humana...\",\"breadcrumb\":{\"@id\":\"https:\\\/\\\/www.taller-palabras.com\\\/WordPress_06\\\/lectura\\\/filosofia-literatura\\\/#breadcrumb\"},\"inLanguage\":\"es\",\"potentialAction\":[{\"@type\":\"ReadAction\",\"target\":[\"https:\\\/\\\/www.taller-palabras.com\\\/WordPress_06\\\/lectura\\\/filosofia-literatura\\\/\"]}]},{\"@type\":\"ImageObject\",\"inLanguage\":\"es\",\"@id\":\"https:\\\/\\\/www.taller-palabras.com\\\/WordPress_06\\\/lectura\\\/filosofia-literatura\\\/#primaryimage\",\"url\":\"https:\\\/\\\/www.taller-palabras.com\\\/WordPress_06\\\/wp-content\\\/uploads\\\/2024\\\/10\\\/cogito-scribere.jpg\",\"contentUrl\":\"https:\\\/\\\/www.taller-palabras.com\\\/WordPress_06\\\/wp-content\\\/uploads\\\/2024\\\/10\\\/cogito-scribere.jpg\",\"width\":401,\"height\":283},{\"@type\":\"BreadcrumbList\",\"@id\":\"https:\\\/\\\/www.taller-palabras.com\\\/WordPress_06\\\/lectura\\\/filosofia-literatura\\\/#breadcrumb\",\"itemListElement\":[{\"@type\":\"ListItem\",\"position\":1,\"name\":\"Portada\",\"item\":\"https:\\\/\\\/www.taller-palabras.com\\\/WordPress_06\\\/\"},{\"@type\":\"ListItem\",\"position\":2,\"name\":\"Cogito ergo scribere\"}]},{\"@type\":\"WebSite\",\"@id\":\"https:\\\/\\\/www.taller-palabras.com\\\/WordPress_06\\\/#website\",\"url\":\"https:\\\/\\\/www.taller-palabras.com\\\/WordPress_06\\\/\",\"name\":\"Red Literaria\",\"description\":\"Red de lectura y escritura\",\"publisher\":{\"@id\":\"https:\\\/\\\/www.taller-palabras.com\\\/WordPress_06\\\/#organization\"},\"potentialAction\":[{\"@type\":\"SearchAction\",\"target\":{\"@type\":\"EntryPoint\",\"urlTemplate\":\"https:\\\/\\\/www.taller-palabras.com\\\/WordPress_06\\\/?s={search_term_string}\"},\"query-input\":{\"@type\":\"PropertyValueSpecification\",\"valueRequired\":true,\"valueName\":\"search_term_string\"}}],\"inLanguage\":\"es\"},{\"@type\":\"Organization\",\"@id\":\"https:\\\/\\\/www.taller-palabras.com\\\/WordPress_06\\\/#organization\",\"name\":\"Redescribir\",\"url\":\"https:\\\/\\\/www.taller-palabras.com\\\/WordPress_06\\\/\",\"logo\":{\"@type\":\"ImageObject\",\"inLanguage\":\"es\",\"@id\":\"https:\\\/\\\/www.taller-palabras.com\\\/WordPress_06\\\/#\\\/schema\\\/logo\\\/image\\\/\",\"url\":\"https:\\\/\\\/www.taller-palabras.com\\\/WordPress_06\\\/wp-content\\\/uploads\\\/2021\\\/07\\\/redactar_icon.png\",\"contentUrl\":\"https:\\\/\\\/www.taller-palabras.com\\\/WordPress_06\\\/wp-content\\\/uploads\\\/2021\\\/07\\\/redactar_icon.png\",\"width\":25,\"height\":25,\"caption\":\"Redescribir\"},\"image\":{\"@id\":\"https:\\\/\\\/www.taller-palabras.com\\\/WordPress_06\\\/#\\\/schema\\\/logo\\\/image\\\/\"},\"sameAs\":[\"https:\\\/\\\/www.facebook.com\\\/profile.php?id=100001537279728\"]},{\"@type\":\"Person\",\"@id\":\"https:\\\/\\\/www.taller-palabras.com\\\/WordPress_06\\\/#\\\/schema\\\/person\\\/a774f3e56bddd007723be732994cadd4\",\"name\":\"Patricia M\u00f3nica Miranda Alonso\",\"description\":\"Profesora de escritura creativa y coordinadora de talleres literarios, editora y correctora literaria, rese\u00f1adora y cr\u00edtica literaria.\",\"sameAs\":[\"https:\\\/\\\/www.taller-palabras.com\"],\"url\":\"https:\\\/\\\/www.taller-palabras.com\\\/WordPress_06\\\/author\\\/patricia\\\/\"}]}<\/script>\n<!-- \/ Yoast SEO plugin. -->","yoast_head_json":{"title":"Cogito ergo scribere - Red Literaria","description":"La filosof\u00eda y la literatura emergen como dos corrientes poderosas, buscando iluminar nuestra experiencia humana...","robots":{"index":"index","follow":"follow","max-snippet":"max-snippet:-1","max-image-preview":"max-image-preview:large","max-video-preview":"max-video-preview:-1"},"canonical":"https:\/\/www.taller-palabras.com\/WordPress_06\/lectura\/filosofia-literatura\/","og_locale":"es_ES","og_type":"article","og_title":"Cogito ergo scribere - Red Literaria","og_description":"La filosof\u00eda y la literatura emergen como dos corrientes poderosas, buscando iluminar nuestra experiencia humana...","og_url":"https:\/\/www.taller-palabras.com\/WordPress_06\/lectura\/filosofia-literatura\/","og_site_name":"Red Literaria","article_publisher":"https:\/\/www.facebook.com\/profile.php?id=100001537279728","article_published_time":"2024-10-27T13:08:43+00:00","article_modified_time":"2024-10-30T12:22:26+00:00","og_image":[{"width":401,"height":283,"url":"https:\/\/www.taller-palabras.com\/WordPress_06\/wp-content\/uploads\/2024\/10\/cogito-scribere.jpg","type":"image\/jpeg"}],"author":"Patricia M\u00f3nica Miranda Alonso","twitter_card":"summary_large_image","twitter_misc":{"Escrito por":"Patricia M\u00f3nica Miranda Alonso","Tiempo de lectura":"6 minutos"},"schema":{"@context":"https:\/\/schema.org","@graph":[{"@type":"NewsArticle","@id":"https:\/\/www.taller-palabras.com\/WordPress_06\/lectura\/filosofia-literatura\/#article","isPartOf":{"@id":"https:\/\/www.taller-palabras.com\/WordPress_06\/lectura\/filosofia-literatura\/"},"author":{"name":"Patricia M\u00f3nica Miranda Alonso","@id":"https:\/\/www.taller-palabras.com\/WordPress_06\/#\/schema\/person\/a774f3e56bddd007723be732994cadd4"},"headline":"Cogito ergo scribere","datePublished":"2024-10-27T13:08:43+00:00","dateModified":"2024-10-30T12:22:26+00:00","mainEntityOfPage":{"@id":"https:\/\/www.taller-palabras.com\/WordPress_06\/lectura\/filosofia-literatura\/"},"wordCount":1139,"publisher":{"@id":"https:\/\/www.taller-palabras.com\/WordPress_06\/#organization"},"image":{"@id":"https:\/\/www.taller-palabras.com\/WordPress_06\/lectura\/filosofia-literatura\/#primaryimage"},"thumbnailUrl":"https:\/\/www.taller-palabras.com\/WordPress_06\/wp-content\/uploads\/2024\/10\/cogito-scribere.jpg","keywords":["lectura","Leer mucho","ser buen lector"],"articleSection":["Lectura"],"inLanguage":"es"},{"@type":["WebPage","ItemPage"],"@id":"https:\/\/www.taller-palabras.com\/WordPress_06\/lectura\/filosofia-literatura\/","url":"https:\/\/www.taller-palabras.com\/WordPress_06\/lectura\/filosofia-literatura\/","name":"Cogito ergo scribere - Red Literaria","isPartOf":{"@id":"https:\/\/www.taller-palabras.com\/WordPress_06\/#website"},"primaryImageOfPage":{"@id":"https:\/\/www.taller-palabras.com\/WordPress_06\/lectura\/filosofia-literatura\/#primaryimage"},"image":{"@id":"https:\/\/www.taller-palabras.com\/WordPress_06\/lectura\/filosofia-literatura\/#primaryimage"},"thumbnailUrl":"https:\/\/www.taller-palabras.com\/WordPress_06\/wp-content\/uploads\/2024\/10\/cogito-scribere.jpg","datePublished":"2024-10-27T13:08:43+00:00","dateModified":"2024-10-30T12:22:26+00:00","description":"La filosof\u00eda y la literatura emergen como dos corrientes poderosas, buscando iluminar nuestra experiencia humana...","breadcrumb":{"@id":"https:\/\/www.taller-palabras.com\/WordPress_06\/lectura\/filosofia-literatura\/#breadcrumb"},"inLanguage":"es","potentialAction":[{"@type":"ReadAction","target":["https:\/\/www.taller-palabras.com\/WordPress_06\/lectura\/filosofia-literatura\/"]}]},{"@type":"ImageObject","inLanguage":"es","@id":"https:\/\/www.taller-palabras.com\/WordPress_06\/lectura\/filosofia-literatura\/#primaryimage","url":"https:\/\/www.taller-palabras.com\/WordPress_06\/wp-content\/uploads\/2024\/10\/cogito-scribere.jpg","contentUrl":"https:\/\/www.taller-palabras.com\/WordPress_06\/wp-content\/uploads\/2024\/10\/cogito-scribere.jpg","width":401,"height":283},{"@type":"BreadcrumbList","@id":"https:\/\/www.taller-palabras.com\/WordPress_06\/lectura\/filosofia-literatura\/#breadcrumb","itemListElement":[{"@type":"ListItem","position":1,"name":"Portada","item":"https:\/\/www.taller-palabras.com\/WordPress_06\/"},{"@type":"ListItem","position":2,"name":"Cogito ergo scribere"}]},{"@type":"WebSite","@id":"https:\/\/www.taller-palabras.com\/WordPress_06\/#website","url":"https:\/\/www.taller-palabras.com\/WordPress_06\/","name":"Red Literaria","description":"Red de lectura y escritura","publisher":{"@id":"https:\/\/www.taller-palabras.com\/WordPress_06\/#organization"},"potentialAction":[{"@type":"SearchAction","target":{"@type":"EntryPoint","urlTemplate":"https:\/\/www.taller-palabras.com\/WordPress_06\/?s={search_term_string}"},"query-input":{"@type":"PropertyValueSpecification","valueRequired":true,"valueName":"search_term_string"}}],"inLanguage":"es"},{"@type":"Organization","@id":"https:\/\/www.taller-palabras.com\/WordPress_06\/#organization","name":"Redescribir","url":"https:\/\/www.taller-palabras.com\/WordPress_06\/","logo":{"@type":"ImageObject","inLanguage":"es","@id":"https:\/\/www.taller-palabras.com\/WordPress_06\/#\/schema\/logo\/image\/","url":"https:\/\/www.taller-palabras.com\/WordPress_06\/wp-content\/uploads\/2021\/07\/redactar_icon.png","contentUrl":"https:\/\/www.taller-palabras.com\/WordPress_06\/wp-content\/uploads\/2021\/07\/redactar_icon.png","width":25,"height":25,"caption":"Redescribir"},"image":{"@id":"https:\/\/www.taller-palabras.com\/WordPress_06\/#\/schema\/logo\/image\/"},"sameAs":["https:\/\/www.facebook.com\/profile.php?id=100001537279728"]},{"@type":"Person","@id":"https:\/\/www.taller-palabras.com\/WordPress_06\/#\/schema\/person\/a774f3e56bddd007723be732994cadd4","name":"Patricia M\u00f3nica Miranda Alonso","description":"Profesora de escritura creativa y coordinadora de talleres literarios, editora y correctora literaria, rese\u00f1adora y cr\u00edtica literaria.","sameAs":["https:\/\/www.taller-palabras.com"],"url":"https:\/\/www.taller-palabras.com\/WordPress_06\/author\/patricia\/"}]}},"_links":{"self":[{"href":"https:\/\/www.taller-palabras.com\/WordPress_06\/wp-json\/wp\/v2\/posts\/4521","targetHints":{"allow":["GET"]}}],"collection":[{"href":"https:\/\/www.taller-palabras.com\/WordPress_06\/wp-json\/wp\/v2\/posts"}],"about":[{"href":"https:\/\/www.taller-palabras.com\/WordPress_06\/wp-json\/wp\/v2\/types\/post"}],"author":[{"embeddable":true,"href":"https:\/\/www.taller-palabras.com\/WordPress_06\/wp-json\/wp\/v2\/users\/83"}],"replies":[{"embeddable":true,"href":"https:\/\/www.taller-palabras.com\/WordPress_06\/wp-json\/wp\/v2\/comments?post=4521"}],"version-history":[{"count":6,"href":"https:\/\/www.taller-palabras.com\/WordPress_06\/wp-json\/wp\/v2\/posts\/4521\/revisions"}],"predecessor-version":[{"id":4530,"href":"https:\/\/www.taller-palabras.com\/WordPress_06\/wp-json\/wp\/v2\/posts\/4521\/revisions\/4530"}],"wp:featuredmedia":[{"embeddable":true,"href":"https:\/\/www.taller-palabras.com\/WordPress_06\/wp-json\/wp\/v2\/media\/4522"}],"wp:attachment":[{"href":"https:\/\/www.taller-palabras.com\/WordPress_06\/wp-json\/wp\/v2\/media?parent=4521"}],"wp:term":[{"taxonomy":"category","embeddable":true,"href":"https:\/\/www.taller-palabras.com\/WordPress_06\/wp-json\/wp\/v2\/categories?post=4521"},{"taxonomy":"post_tag","embeddable":true,"href":"https:\/\/www.taller-palabras.com\/WordPress_06\/wp-json\/wp\/v2\/tags?post=4521"}],"curies":[{"name":"wp","href":"https:\/\/api.w.org\/{rel}","templated":true}]}}