{"id":4560,"date":"2024-11-15T10:35:43","date_gmt":"2024-11-15T13:35:43","guid":{"rendered":"https:\/\/www.taller-palabras.com\/WordPress_06\/?p=4560"},"modified":"2024-11-15T10:45:17","modified_gmt":"2024-11-15T13:45:17","slug":"literatura-muerte-fiosofia","status":"publish","type":"post","link":"https:\/\/www.taller-palabras.com\/WordPress_06\/lectura\/literatura-muerte-fiosofia\/","title":{"rendered":"La eternidad de la muerte"},"content":{"rendered":"\n<p>Las palabras se cargan de sentido a medida que vivimos porque a medida que adquirimos experiencia ciertas palabras que otrora parec\u00edan conjurar el futuro comienzan a tomar cuerpo, se hacen m\u00e1s cercanas, se resemantizan. En alg\u00fan momento, la palabra \u00abmuerte\u00bb empieza a formar parte de nuestras vidas.<\/p>\n\n\n\n<p>En la ni\u00f1ez nadie se plantea la finitud como una cuesti\u00f3n filos\u00f3fica, sabemos que las plantas nacen y mueren incluso que nuestras mascotas pueden un d\u00eda no estar m\u00e1s y salvo que un familiar muy cercano deje este plano, all\u00ed se termina el planteamiento. Para los ni\u00f1os la eternidad no es una utop\u00eda, es el futuro que nos resta devorar.<br>En la adolescencia la finitud comienza a ser una posibilidad pero siempre puesta en el afuera, porque la fuerza de la vida que reci\u00e9n empieza a demostrarse plantea nuestro fin como una posibilidad muy remota.<br>En la adultez ya caen los muros de nuestra impunidad frente a la vida y comprendemos que nuestra existencia se est\u00e1 gastando sus \u00faltimos cartuchos. La partida de nuestros seres m\u00e1s cercanos concretiza la mortalidad, la vuelve no solo posible sino cercana, el sesgo de expectativa&nbsp;<em>(fen\u00f3meno cognitivo por el cual las posibilidades influyen sobre la percepci\u00f3n)&nbsp;<\/em>hace el resto.<br>La muerte nos acecha, pensar\u00e1n algunos. La muerte es parte de la vida, dir\u00e1n otros espantando su propio miedo con la ocurrencia. En definitiva, el implacable paso del tiempo y la mortalidad es una incontestable verdad universal. Las historias que el hombre entreteje mientras el fin no llega, mientras la muerte se lo permite, es tambi\u00e9n parte de este universo de las palabras que peri\u00f3dicamente nos convoca.<\/p>\n\n\n\n<p>A lo largo de las eras, los escritores han explorado de manera magistral la fugacidad de la vida humana, la literatura ha servido como un espejo en el que contemplamos nuestra propia mortalidad.<br>Ya desde las tragedias griegas, como en las obras de&nbsp;<strong>S\u00f3focles<\/strong>&nbsp;o&nbsp;<strong>Eur\u00edpides<\/strong>, vemos reflejados los dilemas \u00e9ticos y existenciales que acompa\u00f1an a la vida finita.&nbsp;<em>Ant\u00edgona<\/em>, por ejemplo, desaf\u00eda las leyes humanas en nombre de principios eternos record\u00e1ndonos que la lucha por la justicia y el sentido trasciende los l\u00edmites terrenales.<\/p>\n\n\n\n<p>En la literatura moderna, autores como&nbsp;<strong>Gabriel Garc\u00eda M\u00e1rquez<\/strong>&nbsp;exploran la inmortalidad a trav\u00e9s del arte de contar historias. En obras como&nbsp;<strong><u><a href=\"https:\/\/www.taller-palabras.com\/WordPress_04\/producto\/cien-anos-de-soledad-gabriel-garcia-marquez-ebook?v=909ba4ad2bda\"><em>Cien a\u00f1os de soledad<\/em><\/a><\/u><\/strong>, el tiempo se deforma y se repliega sobre s\u00ed mismo, encapsulando siglos en una narrativa circular que desaf\u00eda la linealidad del tiempo para recordarnos que la eternidad es ficticia y la mortalidad que acecha en cada p\u00e1gina, tambi\u00e9n nos acecha en cada esquina.<br>Claro que cada autor es un mundo y cada uno aborda la muerte como puede.<\/p>\n\n\n\n<p>La literatura tambi\u00e9n aborda el envejecimiento como un proceso lleno de significado y nostalgia y como parte de ese camino hacia la nada, cada vez m\u00e1s inminente. En&nbsp;<strong><em><u><a href=\"https:\/\/www.taller-palabras.com\/WordPress_04\/producto\/las-intermitencias-de-la-muerte-jose-saramago-ebook\/?\">Las intermitencias de la muerte<\/a><\/u><\/em><\/strong>&nbsp;de&nbsp;<strong>Jos\u00e9 Saramago<\/strong>, la muerte decide suspender su trabajo, llevando a los habitantes de un pa\u00eds a un mundo donde el tiempo se estira indefinidamente. La ausencia de la muerte distorsiona la percepci\u00f3n del tiempo y redefine la vida misma, obligando a los personajes a enfrentar el envejecimiento, y esta suspensi\u00f3n nos enfrenta a un fen\u00f3meno de eternidad que pareciera a\u00fan peor que la muerte misma.<\/p>\n\n\n\n<p>Adem\u00e1s, como vamos viendo, la literatura funciona como un veh\u00edculo para preservar la memoria y construir legados perdurables. En&nbsp;<strong><u><a href=\"https:\/\/www.taller-palabras.com\/WordPress_04\/producto\/los-miserables-victor-hugo-ebook?v=909ba4ad2bda\"><em>Los miserables<\/em><\/a><\/u><\/strong>&nbsp;de&nbsp;<strong>V\u00edctor Hugo<\/strong>, el peso de la historia personal y social se entrelaza con el destino de los personajes quienes luchan por redimir sus vidas y dejar una marca en un mundo que tiende al olvido. Jean&nbsp;Valjean, con su b\u00fasqueda de redenci\u00f3n, representa la lucha contra la mortalidad no solo a trav\u00e9s de su vida f\u00edsica, sino tambi\u00e9n a trav\u00e9s del impacto duradero que deja en aquellos que lo conocieron.<\/p>\n\n\n\n<p>En&nbsp;<strong><em><u><a href=\"https:\/\/www.taller-palabras.com\/WordPress_04\/producto\/la-muerte-en-venecia-thomas-mann-ebook?v=909ba4ad2bda\">Muerte en Venecia<\/a><\/u><\/em><\/strong>&nbsp;de&nbsp;<strong>Thomas Mann<\/strong>, el protagonista, Gustav von&nbsp;Aschenbach, se enfrenta a la decadencia f\u00edsica y espiritual mientras busca la belleza y la juventud en la ciudad de Venecia. El relato de Mann examina c\u00f3mo el deseo de desafiar la mortalidad puede llevar a una obsesi\u00f3n destructiva.&nbsp;Aschenbach, al enamorarse de la juventud encarnada en el joven&nbsp;Tadzio, termina confrontando su propia fragilidad, lo que lo arrastra hacia su inexorable final. Este relato muestra c\u00f3mo la lucha contra el envejecimiento y el deseo de inmortalidad pueden llevar a la p\u00e9rdida del equilibrio y, finalmente, al colapso.<\/p>\n\n\n\n<p>Otro ejemplo contundente es&nbsp;<strong><u><a href=\"https:\/\/www.taller-palabras.com\/WordPress_04\/producto\/el-retrato-de-dorian-gray-oscar-wilde-ebook?v=909ba4ad2bda\"><em>El retrato de Dorian Gray<\/em><\/a><\/u><\/strong>&nbsp;de&nbsp;<strong>Oscar Wilde<\/strong>. Dorian Gray, un joven de extraordinaria belleza, vende su alma para permanecer eternamente joven mientras su retrato envejece en su lugar. A trav\u00e9s de este pacto,&nbsp;<strong>Wilde<\/strong>&nbsp;explora el deseo humano de desafiar el paso del tiempo y la inevitable corrupci\u00f3n que resulta de esta b\u00fasqueda de inmortalidad. El retrato, que se deteriora mientras Dorian mantiene su juventud, se convierte en una representaci\u00f3n f\u00edsica de la descomposici\u00f3n moral y la realidad de que nadie puede escapar verdaderamente de la muerte. La novela ilustra la idea de que la literatura puede ofrecer una reflexi\u00f3n sobre los peligros de la negaci\u00f3n de la mortalidad y la obsesi\u00f3n con la apariencia.<\/p>\n\n\n\n<p>En \u00faltima instancia, la literatura no solo enfrenta la mortalidad y el paso del tiempo, sino que tambi\u00e9n nos recuerda la belleza de cada momento. A trav\u00e9s de las p\u00e1ginas de libros, los escritores capturan la esencia misma de la experiencia humana: ef\u00edmera, compleja y profundamente significativa. Nos susurran al o\u00eddo que el paso del tiempo es implacable y la mortalidad una incontestable verdad universal.<br>Como mortales no dejaremos de explorar la vida, justamente porque la finitud es una cuesti\u00f3n filos\u00f3fica recurrente aunque tratemos de ignorarla.<\/p>\n\n\n\n<p>Y una vez m\u00e1s la literatura como camino de reflexi\u00f3n sobre nuestras propias historias, como m\u00e9todo para encontrar consuelo en la inevitable desaparici\u00f3n que define nuestra existencia. Entre letras y susurros, la literatura sigue siendo un faro en la noche oscura de la mortalidad, iluminando nuestros corazones con historias que trascienden el tiempo y nos conectan con la finitud de lo humano y la eternidad de lo inevitable: la muerte.<\/p>\n\n\n\n\n\n<p>Comparte la experiencia  \ud83d\ude09<br \/>\n<div class=\"heateor_sss_sharing_container heateor_sss_horizontal_sharing\" data-heateor-ss-offset=\"0\" data-heateor-sss-href='https:\/\/www.taller-palabras.com\/WordPress_06\/lectura\/literatura-muerte-fiosofia\/'><div class=\"heateor_sss_sharing_ul\"><a aria-label=\"Facebook\" class=\"heateor_sss_facebook\" href=\"https:\/\/www.facebook.com\/sharer\/sharer.php?u=https%3A%2F%2Fwww.taller-palabras.com%2FWordPress_06%2F%3Fp%3D4560\" title=\"Facebook\" rel=\"nofollow noopener\" target=\"_blank\" style=\"font-size:32px!important;box-shadow:none;display:inline-block;vertical-align:middle\"><span class=\"heateor_sss_svg\" style=\"background-color:#0765FE;width:34px;height:34px;border-radius:999px;display:inline-block;opacity:1;float:left;font-size:32px;box-shadow:none;display:inline-block;font-size:16px;padding:0 4px;vertical-align:middle;background-repeat:repeat;overflow:hidden;padding:0;cursor:pointer;box-sizing:content-box\"><svg style=\"display:block;border-radius:999px;\" focusable=\"false\" aria-hidden=\"true\" xmlns=\"http:\/\/www.w3.org\/2000\/svg\" width=\"100%\" height=\"100%\" viewBox=\"0 0 32 32\"><path fill=\"#fff\" d=\"M28 16c0-6.627-5.373-12-12-12S4 9.373 4 16c0 5.628 3.875 10.35 9.101 11.647v-7.98h-2.474V16H13.1v-1.58c0-4.085 1.849-5.978 5.859-5.978.76 0 2.072.15 2.608.298v3.325c-.283-.03-.775-.045-1.386-.045-1.967 0-2.728.745-2.728 2.683V16h3.92l-.673 3.667h-3.247v8.245C23.395 27.195 28 22.135 28 16Z\"><\/path><\/svg><\/span><\/a><a aria-label=\"Whatsapp\" class=\"heateor_sss_whatsapp\" href=\"https:\/\/api.whatsapp.com\/send?text=La%20eternidad%20de%20la%20muerte%20https%3A%2F%2Fwww.taller-palabras.com%2FWordPress_06%2F%3Fp%3D4560\" title=\"Whatsapp\" rel=\"nofollow noopener\" target=\"_blank\" style=\"font-size:32px!important;box-shadow:none;display:inline-block;vertical-align:middle\"><span class=\"heateor_sss_svg\" style=\"background-color:#55eb4c;width:34px;height:34px;border-radius:999px;display:inline-block;opacity:1;float:left;font-size:32px;box-shadow:none;display:inline-block;font-size:16px;padding:0 4px;vertical-align:middle;background-repeat:repeat;overflow:hidden;padding:0;cursor:pointer;box-sizing:content-box\"><svg style=\"display:block;border-radius:999px;\" focusable=\"false\" aria-hidden=\"true\" xmlns=\"http:\/\/www.w3.org\/2000\/svg\" width=\"100%\" height=\"100%\" viewBox=\"-6 -5 40 40\"><path class=\"heateor_sss_svg_stroke heateor_sss_no_fill\" stroke=\"#fff\" stroke-width=\"2\" fill=\"none\" d=\"M 11.579798566743314 24.396926207859085 A 10 10 0 1 0 6.808479557110079 20.73576436351046\"><\/path><path d=\"M 7 19 l -1 6 l 6 -1\" class=\"heateor_sss_no_fill heateor_sss_svg_stroke\" stroke=\"#fff\" stroke-width=\"2\" fill=\"none\"><\/path><path d=\"M 10 10 q -1 8 8 11 c 5 -1 0 -6 -1 -3 q -4 -3 -5 -5 c 4 -2 -1 -5 -1 -4\" fill=\"#fff\"><\/path><\/svg><\/span><\/a><a aria-label=\"Pinterest\" class=\"heateor_sss_button_pinterest\" href=\"https:\/\/www.taller-palabras.com\/WordPress_06\/?p=4560\" onclick=\"event.preventDefault();javascript:void( (function() {var e=document.createElement('script' );e.setAttribute('type','text\/javascript' );e.setAttribute('charset','UTF-8' );e.setAttribute('src','\/\/assets.pinterest.com\/js\/pinmarklet.js?r='+Math.random()*99999999);document.body.appendChild(e)})());\" title=\"Pinterest\" rel=\"noopener\" style=\"font-size:32px!important;box-shadow:none;display:inline-block;vertical-align:middle\"><span class=\"heateor_sss_svg heateor_sss_s__default heateor_sss_s_pinterest\" style=\"background-color:#cc2329;width:34px;height:34px;border-radius:999px;display:inline-block;opacity:1;float:left;font-size:32px;box-shadow:none;display:inline-block;font-size:16px;padding:0 4px;vertical-align:middle;background-repeat:repeat;overflow:hidden;padding:0;cursor:pointer;box-sizing:content-box\"><svg style=\"display:block;border-radius:999px;\" focusable=\"false\" aria-hidden=\"true\" xmlns=\"http:\/\/www.w3.org\/2000\/svg\" width=\"100%\" height=\"100%\" viewBox=\"-2 -2 35 35\"><path fill=\"#fff\" d=\"M16.539 4.5c-6.277 0-9.442 4.5-9.442 8.253 0 2.272.86 4.293 2.705 5.046.303.125.574.005.662-.33.061-.231.205-.816.27-1.06.088-.331.053-.447-.191-.736-.532-.627-.873-1.439-.873-2.591 0-3.338 2.498-6.327 6.505-6.327 3.548 0 5.497 2.168 5.497 5.062 0 3.81-1.686 7.025-4.188 7.025-1.382 0-2.416-1.142-2.085-2.545.397-1.674 1.166-3.48 1.166-4.689 0-1.081-.581-1.983-1.782-1.983-1.413 0-2.548 1.462-2.548 3.419 0 1.247.421 2.091.421 2.091l-1.699 7.199c-.505 2.137-.076 4.755-.039 5.019.021.158.223.196.314.077.13-.17 1.813-2.247 2.384-4.324.162-.587.929-3.631.929-3.631.46.876 1.801 1.646 3.227 1.646 4.247 0 7.128-3.871 7.128-9.053.003-3.918-3.317-7.568-8.361-7.568z\"\/><\/svg><\/span><\/a><a aria-label=\"Instagram\" class=\"heateor_sss_button_instagram\" href=\"https:\/\/www.instagram.com\/\" title=\"Instagram\" rel=\"nofollow noopener\" target=\"_blank\" style=\"font-size:32px!important;box-shadow:none;display:inline-block;vertical-align:middle\"><span class=\"heateor_sss_svg\" style=\"background-color:#53beee;width:34px;height:34px;border-radius:999px;display:inline-block;opacity:1;float:left;font-size:32px;box-shadow:none;display:inline-block;font-size:16px;padding:0 4px;vertical-align:middle;background-repeat:repeat;overflow:hidden;padding:0;cursor:pointer;box-sizing:content-box\"><svg style=\"display:block;border-radius:999px;\" version=\"1.1\" viewBox=\"-10 -10 148 148\" width=\"100%\" height=\"100%\" xml:space=\"preserve\" xmlns=\"http:\/\/www.w3.org\/2000\/svg\" xmlns:xlink=\"http:\/\/www.w3.org\/1999\/xlink\"><g><g><path d=\"M86,112H42c-14.336,0-26-11.663-26-26V42c0-14.337,11.664-26,26-26h44c14.337,0,26,11.663,26,26v44 C112,100.337,100.337,112,86,112z M42,24c-9.925,0-18,8.074-18,18v44c0,9.925,8.075,18,18,18h44c9.926,0,18-8.075,18-18V42 c0-9.926-8.074-18-18-18H42z\" fill=\"#fff\"><\/path><\/g><g><path d=\"M64,88c-13.234,0-24-10.767-24-24c0-13.234,10.766-24,24-24s24,10.766,24,24C88,77.233,77.234,88,64,88z M64,48c-8.822,0-16,7.178-16,16s7.178,16,16,16c8.822,0,16-7.178,16-16S72.822,48,64,48z\" fill=\"#fff\"><\/path><\/g><g><circle cx=\"89.5\" cy=\"38.5\" fill=\"#fff\" r=\"5.5\"><\/circle><\/g><\/g><\/svg><\/span><\/a><a aria-label=\"X\" class=\"heateor_sss_button_x\" href=\"https:\/\/twitter.com\/intent\/tweet?text=La%20eternidad%20de%20la%20muerte&url=https%3A%2F%2Fwww.taller-palabras.com%2FWordPress_06%2F%3Fp%3D4560\" title=\"X\" rel=\"nofollow noopener\" target=\"_blank\" style=\"font-size:32px!important;box-shadow:none;display:inline-block;vertical-align:middle\"><span class=\"heateor_sss_svg heateor_sss_s__default heateor_sss_s_x\" style=\"background-color:#2a2a2a;width:34px;height:34px;border-radius:999px;display:inline-block;opacity:1;float:left;font-size:32px;box-shadow:none;display:inline-block;font-size:16px;padding:0 4px;vertical-align:middle;background-repeat:repeat;overflow:hidden;padding:0;cursor:pointer;box-sizing:content-box\"><svg width=\"100%\" height=\"100%\" style=\"display:block;border-radius:999px;\" focusable=\"false\" aria-hidden=\"true\" xmlns=\"http:\/\/www.w3.org\/2000\/svg\" viewBox=\"0 0 32 32\"><path fill=\"#fff\" d=\"M21.751 7h3.067l-6.7 7.658L26 25.078h-6.172l-4.833-6.32-5.531 6.32h-3.07l7.167-8.19L6 7h6.328l4.37 5.777L21.75 7Zm-1.076 16.242h1.7L11.404 8.74H9.58l11.094 14.503Z\"><\/path><\/svg><\/span><\/a><a aria-label=\"Linkedin\" class=\"heateor_sss_button_linkedin\" href=\"https:\/\/www.linkedin.com\/sharing\/share-offsite\/?url=https%3A%2F%2Fwww.taller-palabras.com%2FWordPress_06%2F%3Fp%3D4560\" title=\"Linkedin\" rel=\"nofollow noopener\" target=\"_blank\" style=\"font-size:32px!important;box-shadow:none;display:inline-block;vertical-align:middle\"><span class=\"heateor_sss_svg heateor_sss_s__default heateor_sss_s_linkedin\" style=\"background-color:#0077b5;width:34px;height:34px;border-radius:999px;display:inline-block;opacity:1;float:left;font-size:32px;box-shadow:none;display:inline-block;font-size:16px;padding:0 4px;vertical-align:middle;background-repeat:repeat;overflow:hidden;padding:0;cursor:pointer;box-sizing:content-box\"><svg style=\"display:block;border-radius:999px;\" focusable=\"false\" aria-hidden=\"true\" xmlns=\"http:\/\/www.w3.org\/2000\/svg\" width=\"100%\" height=\"100%\" viewBox=\"0 0 32 32\"><path d=\"M6.227 12.61h4.19v13.48h-4.19V12.61zm2.095-6.7a2.43 2.43 0 0 1 0 4.86c-1.344 0-2.428-1.09-2.428-2.43s1.084-2.43 2.428-2.43m4.72 6.7h4.02v1.84h.058c.56-1.058 1.927-2.176 3.965-2.176 4.238 0 5.02 2.792 5.02 6.42v7.395h-4.183v-6.56c0-1.564-.03-3.574-2.178-3.574-2.18 0-2.514 1.7-2.514 3.46v6.668h-4.187V12.61z\" fill=\"#fff\"><\/path><\/svg><\/span><\/a><\/div><div class=\"heateorSssClear\"><\/div><\/div><\/p>\n\n\n\n<hr class=\"wp-block-separator has-alpha-channel-opacity\"\/>\n\n\n<div class=\"wp-block-image\">\n<figure class=\"alignleft size-full is-resized\"><a href=\"https:\/\/www.taller-palabras.com\/WordPress_04\" target=\"_blank\" rel=\"noreferrer noopener\"><img loading=\"lazy\" decoding=\"async\" width=\"442\" height=\"268\" src=\"https:\/\/www.taller-palabras.com\/WordPress_06\/wp-content\/uploads\/2021\/07\/digital_papel.jpg\" alt=\"libreria literaria online\" class=\"wp-image-1744\" style=\"aspect-ratio:1.6492537313432836;width:155px;height:auto\" srcset=\"https:\/\/www.taller-palabras.com\/WordPress_06\/wp-content\/uploads\/2021\/07\/digital_papel.jpg 442w, https:\/\/www.taller-palabras.com\/WordPress_06\/wp-content\/uploads\/2021\/07\/digital_papel-300x182.jpg 300w\" sizes=\"auto, (max-width: 442px) 100vw, 442px\" \/><\/a><\/figure><\/div>\n\n\n<p class=\"has-medium-font-size\"><a href=\"https:\/\/www.taller-palabras.com\/WordPress_04\" target=\"_blank\" rel=\"noreferrer noopener\">Librer\u00eda Literaria Online<\/a><\/p>\n\n\n\n<p>Una Librer\u00eda Online diferente. Accesible y con libros que se rese\u00f1an e incluyen en los art\u00edculos publicados en nuestra Revista \u00ab<mark style=\"background-color:rgba(0, 0, 0, 0)\" class=\"has-inline-color has-luminous-vivid-orange-color\">Redescribir<\/mark>\u00ab.<\/p>\n\n\n\n<hr class=\"wp-block-separator has-alpha-channel-opacity\"\/>\n\n\n\n<h4 class=\"wp-block-heading\">Servicios Editoriales<\/h4>\n\n\n\n<h4 class=\"wp-block-heading\" id=\"taller-literario-online\"><a href=\"https:\/\/taller-palabras.com\/servicios.html\" target=\"_blank\" rel=\"noreferrer noopener\">Servicio de correcci\u00f3n literaria<br>Servicio de edici\u00f3n gr\u00e1fica<br>Servicio de publicaci\u00f3n<\/a><\/h4>\n\n\n\n<hr class=\"wp-block-separator has-alpha-channel-opacity\"\/>\n\n\n\n<h4 class=\"wp-block-heading\" id=\"cursos-de-formacion-via-email-en\">Cursos de Formaci\u00f3n v\u00eda email en<br><a href=\"https:\/\/taller-palabras.com\/cursos.html\" target=\"_blank\" rel=\"noreferrer noopener\">Escritura Creativa<\/a><\/h4>\n\n\n\n<hr class=\"wp-block-separator has-alpha-channel-opacity\"\/>\n\n\n\n<h4 class=\"wp-block-heading\">Cursos de escritura <br><a href=\"https:\/\/taller-palabras.com\/cursos.html\" target=\"_blank\" rel=\"noreferrer noopener\">Autobiograf\u00eda<\/a><\/h4>\n\n\n\n<hr class=\"wp-block-separator has-alpha-channel-opacity\"\/>\n\n\n\n<p><\/p>\n","protected":false},"excerpt":{"rendered":"<p>Ya desde las tragedias griegas vemos reflejados  en la literatura los dilemas \u00e9ticos y existenciales que acompa\u00f1an a la vida finita&#8230;<\/p>\n","protected":false},"author":83,"featured_media":4561,"comment_status":"closed","ping_status":"open","sticky":false,"template":"","format":"standard","meta":{"footnotes":""},"categories":[17],"tags":[36,141,163],"class_list":["post-4560","post","type-post","status-publish","format-standard","has-post-thumbnail","hentry","category-lectura","tag-lectura","tag-leer-mucho","tag-ser-buen-lector"],"yoast_head":"<!-- This site is optimized with the Yoast SEO plugin v27.4 - https:\/\/yoast.com\/product\/yoast-seo-wordpress\/ -->\n<title>La eternidad de la muerte - Red Literaria<\/title>\n<meta name=\"description\" content=\"Ya desde las tragedias griegas vemos reflejados en la literatura los dilemas \u00e9ticos y existenciales que acompa\u00f1an a la vida finita...\" \/>\n<meta name=\"robots\" content=\"index, follow, max-snippet:-1, max-image-preview:large, max-video-preview:-1\" \/>\n<link rel=\"canonical\" href=\"https:\/\/www.taller-palabras.com\/WordPress_06\/lectura\/literatura-muerte-fiosofia\/\" \/>\n<meta property=\"og:locale\" content=\"es_ES\" \/>\n<meta property=\"og:type\" content=\"article\" \/>\n<meta property=\"og:title\" content=\"La eternidad de la muerte - Red Literaria\" \/>\n<meta property=\"og:description\" content=\"Ya desde las tragedias griegas vemos reflejados en la literatura los dilemas \u00e9ticos y existenciales que acompa\u00f1an a la vida finita...\" \/>\n<meta property=\"og:url\" content=\"https:\/\/www.taller-palabras.com\/WordPress_06\/lectura\/literatura-muerte-fiosofia\/\" \/>\n<meta property=\"og:site_name\" content=\"Red Literaria\" \/>\n<meta property=\"article:publisher\" content=\"https:\/\/www.facebook.com\/profile.php?id=100001537279728\" \/>\n<meta property=\"article:published_time\" content=\"2024-11-15T13:35:43+00:00\" \/>\n<meta property=\"article:modified_time\" content=\"2024-11-15T13:45:17+00:00\" \/>\n<meta property=\"og:image\" content=\"https:\/\/www.taller-palabras.com\/WordPress_06\/wp-content\/uploads\/2024\/11\/esqueletos.png\" \/>\n\t<meta property=\"og:image:width\" content=\"501\" \/>\n\t<meta property=\"og:image:height\" content=\"332\" \/>\n\t<meta property=\"og:image:type\" content=\"image\/png\" \/>\n<meta name=\"author\" content=\"Patricia M\u00f3nica Miranda Alonso\" \/>\n<meta name=\"twitter:card\" content=\"summary_large_image\" \/>\n<meta name=\"twitter:label1\" content=\"Escrito por\" \/>\n\t<meta name=\"twitter:data1\" content=\"Patricia M\u00f3nica Miranda Alonso\" \/>\n\t<meta name=\"twitter:label2\" content=\"Tiempo de lectura\" \/>\n\t<meta name=\"twitter:data2\" content=\"6 minutos\" \/>\n<script type=\"application\/ld+json\" class=\"yoast-schema-graph\">{\"@context\":\"https:\\\/\\\/schema.org\",\"@graph\":[{\"@type\":\"NewsArticle\",\"@id\":\"https:\\\/\\\/www.taller-palabras.com\\\/WordPress_06\\\/lectura\\\/literatura-muerte-fiosofia\\\/#article\",\"isPartOf\":{\"@id\":\"https:\\\/\\\/www.taller-palabras.com\\\/WordPress_06\\\/lectura\\\/literatura-muerte-fiosofia\\\/\"},\"author\":{\"name\":\"Patricia M\u00f3nica Miranda Alonso\",\"@id\":\"https:\\\/\\\/www.taller-palabras.com\\\/WordPress_06\\\/#\\\/schema\\\/person\\\/a774f3e56bddd007723be732994cadd4\"},\"headline\":\"La eternidad de la muerte\",\"datePublished\":\"2024-11-15T13:35:43+00:00\",\"dateModified\":\"2024-11-15T13:45:17+00:00\",\"mainEntityOfPage\":{\"@id\":\"https:\\\/\\\/www.taller-palabras.com\\\/WordPress_06\\\/lectura\\\/literatura-muerte-fiosofia\\\/\"},\"wordCount\":1116,\"publisher\":{\"@id\":\"https:\\\/\\\/www.taller-palabras.com\\\/WordPress_06\\\/#organization\"},\"image\":{\"@id\":\"https:\\\/\\\/www.taller-palabras.com\\\/WordPress_06\\\/lectura\\\/literatura-muerte-fiosofia\\\/#primaryimage\"},\"thumbnailUrl\":\"https:\\\/\\\/www.taller-palabras.com\\\/WordPress_06\\\/wp-content\\\/uploads\\\/2024\\\/11\\\/esqueletos.png\",\"keywords\":[\"lectura\",\"Leer mucho\",\"ser buen lector\"],\"articleSection\":[\"Lectura\"],\"inLanguage\":\"es\"},{\"@type\":[\"WebPage\",\"ItemPage\"],\"@id\":\"https:\\\/\\\/www.taller-palabras.com\\\/WordPress_06\\\/lectura\\\/literatura-muerte-fiosofia\\\/\",\"url\":\"https:\\\/\\\/www.taller-palabras.com\\\/WordPress_06\\\/lectura\\\/literatura-muerte-fiosofia\\\/\",\"name\":\"La eternidad de la muerte - Red Literaria\",\"isPartOf\":{\"@id\":\"https:\\\/\\\/www.taller-palabras.com\\\/WordPress_06\\\/#website\"},\"primaryImageOfPage\":{\"@id\":\"https:\\\/\\\/www.taller-palabras.com\\\/WordPress_06\\\/lectura\\\/literatura-muerte-fiosofia\\\/#primaryimage\"},\"image\":{\"@id\":\"https:\\\/\\\/www.taller-palabras.com\\\/WordPress_06\\\/lectura\\\/literatura-muerte-fiosofia\\\/#primaryimage\"},\"thumbnailUrl\":\"https:\\\/\\\/www.taller-palabras.com\\\/WordPress_06\\\/wp-content\\\/uploads\\\/2024\\\/11\\\/esqueletos.png\",\"datePublished\":\"2024-11-15T13:35:43+00:00\",\"dateModified\":\"2024-11-15T13:45:17+00:00\",\"description\":\"Ya desde las tragedias griegas vemos reflejados en la literatura los dilemas \u00e9ticos y existenciales que acompa\u00f1an a la vida finita...\",\"breadcrumb\":{\"@id\":\"https:\\\/\\\/www.taller-palabras.com\\\/WordPress_06\\\/lectura\\\/literatura-muerte-fiosofia\\\/#breadcrumb\"},\"inLanguage\":\"es\",\"potentialAction\":[{\"@type\":\"ReadAction\",\"target\":[\"https:\\\/\\\/www.taller-palabras.com\\\/WordPress_06\\\/lectura\\\/literatura-muerte-fiosofia\\\/\"]}]},{\"@type\":\"ImageObject\",\"inLanguage\":\"es\",\"@id\":\"https:\\\/\\\/www.taller-palabras.com\\\/WordPress_06\\\/lectura\\\/literatura-muerte-fiosofia\\\/#primaryimage\",\"url\":\"https:\\\/\\\/www.taller-palabras.com\\\/WordPress_06\\\/wp-content\\\/uploads\\\/2024\\\/11\\\/esqueletos.png\",\"contentUrl\":\"https:\\\/\\\/www.taller-palabras.com\\\/WordPress_06\\\/wp-content\\\/uploads\\\/2024\\\/11\\\/esqueletos.png\",\"width\":501,\"height\":332},{\"@type\":\"BreadcrumbList\",\"@id\":\"https:\\\/\\\/www.taller-palabras.com\\\/WordPress_06\\\/lectura\\\/literatura-muerte-fiosofia\\\/#breadcrumb\",\"itemListElement\":[{\"@type\":\"ListItem\",\"position\":1,\"name\":\"Portada\",\"item\":\"https:\\\/\\\/www.taller-palabras.com\\\/WordPress_06\\\/\"},{\"@type\":\"ListItem\",\"position\":2,\"name\":\"La eternidad de la muerte\"}]},{\"@type\":\"WebSite\",\"@id\":\"https:\\\/\\\/www.taller-palabras.com\\\/WordPress_06\\\/#website\",\"url\":\"https:\\\/\\\/www.taller-palabras.com\\\/WordPress_06\\\/\",\"name\":\"Red Literaria\",\"description\":\"Red de lectura y escritura\",\"publisher\":{\"@id\":\"https:\\\/\\\/www.taller-palabras.com\\\/WordPress_06\\\/#organization\"},\"potentialAction\":[{\"@type\":\"SearchAction\",\"target\":{\"@type\":\"EntryPoint\",\"urlTemplate\":\"https:\\\/\\\/www.taller-palabras.com\\\/WordPress_06\\\/?s={search_term_string}\"},\"query-input\":{\"@type\":\"PropertyValueSpecification\",\"valueRequired\":true,\"valueName\":\"search_term_string\"}}],\"inLanguage\":\"es\"},{\"@type\":\"Organization\",\"@id\":\"https:\\\/\\\/www.taller-palabras.com\\\/WordPress_06\\\/#organization\",\"name\":\"Redescribir\",\"url\":\"https:\\\/\\\/www.taller-palabras.com\\\/WordPress_06\\\/\",\"logo\":{\"@type\":\"ImageObject\",\"inLanguage\":\"es\",\"@id\":\"https:\\\/\\\/www.taller-palabras.com\\\/WordPress_06\\\/#\\\/schema\\\/logo\\\/image\\\/\",\"url\":\"https:\\\/\\\/www.taller-palabras.com\\\/WordPress_06\\\/wp-content\\\/uploads\\\/2021\\\/07\\\/redactar_icon.png\",\"contentUrl\":\"https:\\\/\\\/www.taller-palabras.com\\\/WordPress_06\\\/wp-content\\\/uploads\\\/2021\\\/07\\\/redactar_icon.png\",\"width\":25,\"height\":25,\"caption\":\"Redescribir\"},\"image\":{\"@id\":\"https:\\\/\\\/www.taller-palabras.com\\\/WordPress_06\\\/#\\\/schema\\\/logo\\\/image\\\/\"},\"sameAs\":[\"https:\\\/\\\/www.facebook.com\\\/profile.php?id=100001537279728\"]},{\"@type\":\"Person\",\"@id\":\"https:\\\/\\\/www.taller-palabras.com\\\/WordPress_06\\\/#\\\/schema\\\/person\\\/a774f3e56bddd007723be732994cadd4\",\"name\":\"Patricia M\u00f3nica Miranda Alonso\",\"description\":\"Profesora de escritura creativa y coordinadora de talleres literarios, editora y correctora literaria, rese\u00f1adora y cr\u00edtica literaria.\",\"sameAs\":[\"https:\\\/\\\/www.taller-palabras.com\"],\"url\":\"https:\\\/\\\/www.taller-palabras.com\\\/WordPress_06\\\/author\\\/patricia\\\/\"}]}<\/script>\n<!-- \/ Yoast SEO plugin. -->","yoast_head_json":{"title":"La eternidad de la muerte - Red Literaria","description":"Ya desde las tragedias griegas vemos reflejados en la literatura los dilemas \u00e9ticos y existenciales que acompa\u00f1an a la vida finita...","robots":{"index":"index","follow":"follow","max-snippet":"max-snippet:-1","max-image-preview":"max-image-preview:large","max-video-preview":"max-video-preview:-1"},"canonical":"https:\/\/www.taller-palabras.com\/WordPress_06\/lectura\/literatura-muerte-fiosofia\/","og_locale":"es_ES","og_type":"article","og_title":"La eternidad de la muerte - Red Literaria","og_description":"Ya desde las tragedias griegas vemos reflejados en la literatura los dilemas \u00e9ticos y existenciales que acompa\u00f1an a la vida finita...","og_url":"https:\/\/www.taller-palabras.com\/WordPress_06\/lectura\/literatura-muerte-fiosofia\/","og_site_name":"Red Literaria","article_publisher":"https:\/\/www.facebook.com\/profile.php?id=100001537279728","article_published_time":"2024-11-15T13:35:43+00:00","article_modified_time":"2024-11-15T13:45:17+00:00","og_image":[{"width":501,"height":332,"url":"https:\/\/www.taller-palabras.com\/WordPress_06\/wp-content\/uploads\/2024\/11\/esqueletos.png","type":"image\/png"}],"author":"Patricia M\u00f3nica Miranda Alonso","twitter_card":"summary_large_image","twitter_misc":{"Escrito por":"Patricia M\u00f3nica Miranda Alonso","Tiempo de lectura":"6 minutos"},"schema":{"@context":"https:\/\/schema.org","@graph":[{"@type":"NewsArticle","@id":"https:\/\/www.taller-palabras.com\/WordPress_06\/lectura\/literatura-muerte-fiosofia\/#article","isPartOf":{"@id":"https:\/\/www.taller-palabras.com\/WordPress_06\/lectura\/literatura-muerte-fiosofia\/"},"author":{"name":"Patricia M\u00f3nica Miranda Alonso","@id":"https:\/\/www.taller-palabras.com\/WordPress_06\/#\/schema\/person\/a774f3e56bddd007723be732994cadd4"},"headline":"La eternidad de la muerte","datePublished":"2024-11-15T13:35:43+00:00","dateModified":"2024-11-15T13:45:17+00:00","mainEntityOfPage":{"@id":"https:\/\/www.taller-palabras.com\/WordPress_06\/lectura\/literatura-muerte-fiosofia\/"},"wordCount":1116,"publisher":{"@id":"https:\/\/www.taller-palabras.com\/WordPress_06\/#organization"},"image":{"@id":"https:\/\/www.taller-palabras.com\/WordPress_06\/lectura\/literatura-muerte-fiosofia\/#primaryimage"},"thumbnailUrl":"https:\/\/www.taller-palabras.com\/WordPress_06\/wp-content\/uploads\/2024\/11\/esqueletos.png","keywords":["lectura","Leer mucho","ser buen lector"],"articleSection":["Lectura"],"inLanguage":"es"},{"@type":["WebPage","ItemPage"],"@id":"https:\/\/www.taller-palabras.com\/WordPress_06\/lectura\/literatura-muerte-fiosofia\/","url":"https:\/\/www.taller-palabras.com\/WordPress_06\/lectura\/literatura-muerte-fiosofia\/","name":"La eternidad de la muerte - Red Literaria","isPartOf":{"@id":"https:\/\/www.taller-palabras.com\/WordPress_06\/#website"},"primaryImageOfPage":{"@id":"https:\/\/www.taller-palabras.com\/WordPress_06\/lectura\/literatura-muerte-fiosofia\/#primaryimage"},"image":{"@id":"https:\/\/www.taller-palabras.com\/WordPress_06\/lectura\/literatura-muerte-fiosofia\/#primaryimage"},"thumbnailUrl":"https:\/\/www.taller-palabras.com\/WordPress_06\/wp-content\/uploads\/2024\/11\/esqueletos.png","datePublished":"2024-11-15T13:35:43+00:00","dateModified":"2024-11-15T13:45:17+00:00","description":"Ya desde las tragedias griegas vemos reflejados en la literatura los dilemas \u00e9ticos y existenciales que acompa\u00f1an a la vida finita...","breadcrumb":{"@id":"https:\/\/www.taller-palabras.com\/WordPress_06\/lectura\/literatura-muerte-fiosofia\/#breadcrumb"},"inLanguage":"es","potentialAction":[{"@type":"ReadAction","target":["https:\/\/www.taller-palabras.com\/WordPress_06\/lectura\/literatura-muerte-fiosofia\/"]}]},{"@type":"ImageObject","inLanguage":"es","@id":"https:\/\/www.taller-palabras.com\/WordPress_06\/lectura\/literatura-muerte-fiosofia\/#primaryimage","url":"https:\/\/www.taller-palabras.com\/WordPress_06\/wp-content\/uploads\/2024\/11\/esqueletos.png","contentUrl":"https:\/\/www.taller-palabras.com\/WordPress_06\/wp-content\/uploads\/2024\/11\/esqueletos.png","width":501,"height":332},{"@type":"BreadcrumbList","@id":"https:\/\/www.taller-palabras.com\/WordPress_06\/lectura\/literatura-muerte-fiosofia\/#breadcrumb","itemListElement":[{"@type":"ListItem","position":1,"name":"Portada","item":"https:\/\/www.taller-palabras.com\/WordPress_06\/"},{"@type":"ListItem","position":2,"name":"La eternidad de la muerte"}]},{"@type":"WebSite","@id":"https:\/\/www.taller-palabras.com\/WordPress_06\/#website","url":"https:\/\/www.taller-palabras.com\/WordPress_06\/","name":"Red Literaria","description":"Red de lectura y escritura","publisher":{"@id":"https:\/\/www.taller-palabras.com\/WordPress_06\/#organization"},"potentialAction":[{"@type":"SearchAction","target":{"@type":"EntryPoint","urlTemplate":"https:\/\/www.taller-palabras.com\/WordPress_06\/?s={search_term_string}"},"query-input":{"@type":"PropertyValueSpecification","valueRequired":true,"valueName":"search_term_string"}}],"inLanguage":"es"},{"@type":"Organization","@id":"https:\/\/www.taller-palabras.com\/WordPress_06\/#organization","name":"Redescribir","url":"https:\/\/www.taller-palabras.com\/WordPress_06\/","logo":{"@type":"ImageObject","inLanguage":"es","@id":"https:\/\/www.taller-palabras.com\/WordPress_06\/#\/schema\/logo\/image\/","url":"https:\/\/www.taller-palabras.com\/WordPress_06\/wp-content\/uploads\/2021\/07\/redactar_icon.png","contentUrl":"https:\/\/www.taller-palabras.com\/WordPress_06\/wp-content\/uploads\/2021\/07\/redactar_icon.png","width":25,"height":25,"caption":"Redescribir"},"image":{"@id":"https:\/\/www.taller-palabras.com\/WordPress_06\/#\/schema\/logo\/image\/"},"sameAs":["https:\/\/www.facebook.com\/profile.php?id=100001537279728"]},{"@type":"Person","@id":"https:\/\/www.taller-palabras.com\/WordPress_06\/#\/schema\/person\/a774f3e56bddd007723be732994cadd4","name":"Patricia M\u00f3nica Miranda Alonso","description":"Profesora de escritura creativa y coordinadora de talleres literarios, editora y correctora literaria, rese\u00f1adora y cr\u00edtica literaria.","sameAs":["https:\/\/www.taller-palabras.com"],"url":"https:\/\/www.taller-palabras.com\/WordPress_06\/author\/patricia\/"}]}},"_links":{"self":[{"href":"https:\/\/www.taller-palabras.com\/WordPress_06\/wp-json\/wp\/v2\/posts\/4560","targetHints":{"allow":["GET"]}}],"collection":[{"href":"https:\/\/www.taller-palabras.com\/WordPress_06\/wp-json\/wp\/v2\/posts"}],"about":[{"href":"https:\/\/www.taller-palabras.com\/WordPress_06\/wp-json\/wp\/v2\/types\/post"}],"author":[{"embeddable":true,"href":"https:\/\/www.taller-palabras.com\/WordPress_06\/wp-json\/wp\/v2\/users\/83"}],"replies":[{"embeddable":true,"href":"https:\/\/www.taller-palabras.com\/WordPress_06\/wp-json\/wp\/v2\/comments?post=4560"}],"version-history":[{"count":4,"href":"https:\/\/www.taller-palabras.com\/WordPress_06\/wp-json\/wp\/v2\/posts\/4560\/revisions"}],"predecessor-version":[{"id":4566,"href":"https:\/\/www.taller-palabras.com\/WordPress_06\/wp-json\/wp\/v2\/posts\/4560\/revisions\/4566"}],"wp:featuredmedia":[{"embeddable":true,"href":"https:\/\/www.taller-palabras.com\/WordPress_06\/wp-json\/wp\/v2\/media\/4561"}],"wp:attachment":[{"href":"https:\/\/www.taller-palabras.com\/WordPress_06\/wp-json\/wp\/v2\/media?parent=4560"}],"wp:term":[{"taxonomy":"category","embeddable":true,"href":"https:\/\/www.taller-palabras.com\/WordPress_06\/wp-json\/wp\/v2\/categories?post=4560"},{"taxonomy":"post_tag","embeddable":true,"href":"https:\/\/www.taller-palabras.com\/WordPress_06\/wp-json\/wp\/v2\/tags?post=4560"}],"curies":[{"name":"wp","href":"https:\/\/api.w.org\/{rel}","templated":true}]}}