{"id":4678,"date":"2025-03-23T13:37:31","date_gmt":"2025-03-23T16:37:31","guid":{"rendered":"https:\/\/www.taller-palabras.com\/WordPress_06\/?p=4678"},"modified":"2025-06-21T12:46:47","modified_gmt":"2025-06-21T15:46:47","slug":"literatura-comparada","status":"publish","type":"post","link":"https:\/\/www.taller-palabras.com\/WordPress_06\/lectura\/literatura-comparada\/","title":{"rendered":"La Biblioteca de los Ecos"},"content":{"rendered":"\n<p>La Literatura Comparada es una disciplina que estudia las relaciones entre obras literarias de diferentes culturas, idiomas, per\u00edodos hist\u00f3ricos o g\u00e9neros. Estudia textos de distintas lenguas y tradiciones, buscando similitudes y diferencias.<br>Relaciona la literatura con otras disciplinas como la historia, la psicolog\u00eda o la pol\u00edtica.<br>No se limita a una naci\u00f3n o a una \u00e9poca, sino que examina la literatura en un contexto hist\u00f3rico amplio. Analiza la influencia de un texto sobre otro e incluso aborda la re-escritura de temas y mitos a lo largo del tiempo.<br>En resumen, la Literatura Comparada nos ayuda a entender la literatura como un fen\u00f3meno interconectado, mostrando c\u00f3mo las ideas y narrativas se transforman y dialogan a lo largo del tiempo y las culturas. Es un enfoque relativamente moderno, pero sus ra\u00edces nos llegan desde los primeros estudiosos de la literatura como Arist\u00f3teles o Arist\u00f3fanes, aunque evoluciona significativamente en el siglo XX.<\/p>\n\n\n\n<p>Pero\u2026, salvo que quieras entrar de lleno en esta disciplina, lo acad\u00e9mico solo nos sirve como punto de partida. Casi siempre las explicaciones desde lo cotidiano suelen ser m\u00e1s gr\u00e1ficas, m\u00e1s amenas, m\u00e1s cercanas a nuestro entendimiento.<br>Al pan, pan y al vino, vino, me digo\u2026 entonces se me ocurre que un cuento puede ayudarme para acercarte una simple explicaci\u00f3n.<\/p>\n\n\n\n<p>Si hablamos de cuento lo primero que tenemos que tener en cuenta es: el personaje, ya lo tengo: mi personaje se llamar\u00e1 <em>Valeria<\/em> y como todo cuento debe tener un conflicto para convertirse en tal, Valeria tendr\u00e1 el suyo que es: <em>cada vez que lee un libro le parece estar leyendo otro<\/em>. <br>\u201cAtenci\u00f3n para todos aquellos que intentan incursionar en la escritura de ficci\u00f3n y sobre todo en un texto corto, el conflicto y el personaje es lo primero que deber\u00e1s plantearte\u201d<em>.<\/em> En este caso Valeria ser\u00eda mi alter ego tratando de explicarles un poquito m\u00e1s f\u00e1cilmente la Literatura Comparada.<\/p>\n\n\n\n<p><span style=\"font-size:220%;\"><em>V<\/em><\/span>aleria amaba los libros desde que ten\u00eda conciencia, por eso cuando se hizo grande estudiar Literatura le pareci\u00f3 no solo lo m\u00e1s acertado sino lo \u00fanico que lograr\u00eda hacerla feliz. Los libros, vivir entre libros era la felicidad para ella y as\u00ed cuando le ofrecieron un puesto en la Biblioteca Municipal no dud\u00f3 ni un instante. <br>No esperaba encontrar mucho m\u00e1s que estanter\u00edas polvorientas y quiz\u00e1s manuscritos olvidados, en un principio se conform\u00f3 y hasta se alegr\u00f3. Sin embargo, Valeria buscaba algo m\u00e1s que abrir las tapas de un libro y leer, buscaba entender por qu\u00e9 desde hac\u00eda unos meses al pensar en un libro pensaba en otros, e imaginaba una enorme ciudad donde un libro fuera todos y todos fueran uno solo, algo similar a la Biblioteca de Babel concebida por Jorge Luis Borges.<\/p>\n\n\n\n<p>Su primer d\u00eda de trabajo no fue agotador sino estimulante. Por ejemplo, cuando un joven de gafas le pidi\u00f3 no uno sino varios libros que hablaran sobre la fatalidad y el destino, al principio Valeria dud\u00f3 pero enseguida la memoria vino en su auxilio.<br>\u2013<strong><em><a href=\"https:\/\/www.taller-palabras.com\/WordPress_04\/producto\/edipo-rey-sofocles-ebook\"><u>Edipo<\/u><\/a><\/em><\/strong> de <strong>S\u00f3focles<\/strong> \u2013dijo sin dudarlo\u2013. Edipo: Mata a su padre sin saberlo y sufre una culpa insoportable al descubrir la verdad. Su tragedia es el resultado del destino inevitable; intenta escapar de su profec\u00eda, pero termina cumpli\u00e9ndola.<br>El muchacho la mir\u00f3 como si aquel ejemplo no le alcanzara. Entonces Valeria rebusc\u00f3 en su memoria: \u2013<strong><em><a href=\"https:\/\/www.taller-palabras.com\/WordPress_04\/producto\/hamlet-principe-de-dinamarca-william-shakespeare-ebook\"><u>Hamlet<\/u><\/a><\/em><\/strong> de <strong>Williams Shakespeare<\/strong><em> \u2013casi grit\u00f3\u2013<\/em>: No est\u00e1 atado por una profec\u00eda, como Edipo, pero el asesinato de su padre lo coloca en una encrucijada que lo arrastra a la tragedia. Y como los ojos detr\u00e1s de las gafas se abrieron cada vez m\u00e1s Valeria tom\u00f3 coraje y continu\u00f3 \u2013Rask\u00f3lnikov, el personaje de <strong>Dostoievski<\/strong> en <a href=\"https:\/\/www.taller-palabras.com\/WordPress_04\/producto\/crimen-y-castigo-fiodor-dostoyevski-ebook\"><strong><em><u>Crimen y castigo<\/u><\/em><\/strong><\/a> \u2013acot\u00f3\u2013. No es v\u00edctima del destino en sentido m\u00edtico tampoco, pero su propia ideolog\u00eda y culpa lo llevan a un desenlace inevitable.<br>M\u00e1s tarde casi promediando la tarde apareci\u00f3 una mujer de mediana edad que casi en susurro, como si lo que estuviera pidiendo fuera un sacrilegio le dijo:<br>\u2013Quisiera una novela que hable sobre el suicidio \u2013ante la perplejidad de Valeria y casi con l\u00e1grimas en los ojos la mujer agreg\u00f3\u2013: es que mi hija estaba de novia y de repente decidi\u00f3 quitarse la vida hace dos a\u00f1os y a\u00fan no encuentro una explicaci\u00f3n para eso.<br>Valeria no estaba para funcionar como psic\u00f3loga de manera que una vez m\u00e1s apel\u00f3 a su memoria.<br>\u2013<a href=\"https:\/\/www.taller-palabras.com\/WordPress_04\/producto\/ana-karenina-leon-tolstoi?v=909ba4ad2bda\"><strong><em><u>Anna Karenina<\/u><\/em><\/strong><\/a> de <strong>Le\u00f3n Tolst\u00f3i<\/strong> \u2013susurr\u00f3 y agreg\u00f3\u2013 <a href=\"https:\/\/www.taller-palabras.com\/WordPress_04\/producto\/madame-bovary-gustave-flaubert-ebook?v=909ba4ad2bda\"><strong><em><u>Madame Bovary<\/u><\/em><\/strong><\/a> de <strong>Gustave Flaubert<\/strong>, \u2013y como la mujer hizo un gesto de mudo interrogatorio, agreg\u00f3\u2013: ambas protagonistas femeninas recurren al suicidio tras relaciones amorosas fallidas.<\/p>\n\n\n\n<p>Cuando las puertas de la Biblioteca se cerraron para el p\u00fablico Valeria sinti\u00f3 que realmente aquel era el sitio correcto para encontrarle sentido a ese intr\u00edngulis que la acechaba.<br>Una a una fue apagando las luces de la sala de lectura. Luego fue el turno de las estanter\u00edas desde la A a la J y desde la K a la S y por fin hasta la Z. Solo le faltaba apagar su escritorio en la recepci\u00f3n pero cuando se dirig\u00eda hacia all\u00ed, una lucecita que parec\u00eda salir del suelo le llam\u00f3 la atenci\u00f3n. Quiz\u00e1s, durante el d\u00eda, las otras luces eclipsaban esta, que parec\u00eda una vela en medio de un apag\u00f3n, camin\u00f3 hacia esa luz, se adentr\u00f3 por un pasillo que hasta entonces no hab\u00eda visto, la luz cada vez se divisaba mejor y era evidente que proven\u00eda del suelo: un s\u00f3tano, murmur\u00f3 Valeria, qu\u00e9 extra\u00f1o, pens\u00f3, durante el d\u00eda no hab\u00eda reparado en ese pasillo ni siquiera sab\u00eda que la Biblioteca tuviera un s\u00f3tano. Sin pensarlo baj\u00f3 por una escalera caracol tanteando con cuidado cada escal\u00f3n, y venciendo el temblor de sus piernas se adentr\u00f3 en las profundidades de aquel suelo. Poco a poco, a medida que descend\u00eda se le fue revelando una sala circular con estantes de madera antigua, un silencio profundo, misterioso convert\u00eda aquel espacio un sitio sobrenatural. En el centro, una mesa con un solo libro abierto. Al principio lo relacion\u00f3 con el cambio de luz, adecuarse a las casi tinieblas no fue f\u00e1cil, sin embargo al acercarse, no le quedaron dudas; las palabras sobre las p\u00e1ginas de aquel libro cambiaban constantemente, como si estuvieran vivas o m\u00e1s bien como si una mano invisible re-escribiera sobre lo escrito.<br>\u2013\u00bfEs posible que un texto se reescriba? \u2013susurr\u00f3.<br>\u2013No se reescribe \u2013respondi\u00f3 una voz detr\u00e1s de ella\u2013, se transforma.<br>Valeria gir\u00f3 sobre s\u00ed misma sorprendida y vio a un anciano con gafas gruesas y una t\u00fanica oscura. Antes de que pudiera pensar en el libro de <a href=\"https:\/\/www.taller-palabras.com\/WordPress_04\/producto\/harry-potter-la-coleccion-completa-j-k-rowling-ebook?v=909ba4ad2bda\"><strong><em><u>Harry Potter<\/u><\/em><\/strong><\/a> de <strong>J. K. Rowling<\/strong>, con Dumbledore y todo eso, el anciano sonri\u00f3.<br>\u2013Bienvenida a la Biblioteca de los Ecos \u2013dijo el hombre\u2013. Aqu\u00ed es donde las historias se reflejan unas en otras, se confrontan, se transforman o como dicen los estudiosos de hoy en d\u00eda: se comparan. Y con un gesto, le indic\u00f3 que leyera.<br>Valeria vio un fragmento que reconoci\u00f3 enseguida como <a href=\"https:\/\/www.taller-palabras.com\/WordPress_04\/producto\/el-otono-del-patriarca-gabriel-garcia-marquez-ebook?v=909ba4ad2bda\"><strong><em><u>El oto\u00f1o del patriarca<\/u><\/em><\/strong><\/a> de <strong>Gabriel Garc\u00eda M\u00e1rquez<\/strong> pero al dar vuelta la p\u00e1gina estaba segura de estar leyendo <strong><em><a href=\"https:\/\/www.taller-palabras.com\/WordPress_04\/producto\/yo-el-supremo-augusto-roa-bastos-ebook\"><u>Yo el Supremo<\/u><\/a><\/em> <\/strong>de <strong>Augusto Roa Bastos. <\/strong>Perpleja, inquisidora, levant\u00f3 la vista.<br>\u2013Ambas obras retratan la figura de un dictador latinoamericano desde una perspectiva cr\u00edtica y experimental \u2013explic\u00f3 el anciano y con un gesto se\u00f1al\u00f3 la mesa de al lado.<br>Obediente, Valeria se dirigi\u00f3 al siguiente libro y ley\u00f3: <em>\u201cEl abogado Mr. Utterson era un hombre de rostro adusto, que nunca se iluminaba con una sonrisa; fr\u00edo, parco y torpe en su discurso; reservado en sus sentimientos; enjuto, alto, polvoriento, aburrido, y, sin embargo, de alg\u00fan modo entra\u00f1able\u201d<\/em>. Sonriente levant\u00f3 la vista. \u2013<strong><em><a href=\"https:\/\/www.taller-palabras.com\/WordPress_04\/producto\/el-extrano-caso-del-doctor-jekyll-y-el-senor-hyde-robert-l-stevenson-ebook\"><u>El extra\u00f1o caso del Dr. Jekyll y Mr. Hyde<\/u><\/a><\/em><\/strong> de <strong>Robert L. Stevenson<\/strong> \u2013musit\u00f3.<br>El anciano permaneci\u00f3 inmutable mir\u00e1ndola fijamente y Valeria t\u00edmidamente en esta oportunidad dio vuelta la p\u00e1gina y sigui\u00f3 leyendo: <em>\u201cDicho esto, salt\u00f3 veloz por la ventana del camarote al t\u00e9mpano que hab\u00eda junto al barco. Las olas se lo llevaron r\u00e1pidamente, perdi\u00e9ndose en la oscura lejan\u00eda\u201d. &nbsp;<\/em>Era evidente que era la frase final de <a href=\"https:\/\/www.taller-palabras.com\/WordPress_04\/producto\/frankenstein-o-el-moderno-prometeo-mary-shelley-ebook\"><strong><em><u>Frankenstein o el moderno Prometeo<\/u><\/em><\/strong><\/a> de <strong>Mary Shelley<\/strong> y ya no solo perpleja sino asustada, Valeria cerr\u00f3 de golpe el libro, el sonido retumb\u00f3 en la peque\u00f1a estancia.<br>\u2013En este caso, la lucha interna entre el bien y el mal, as\u00ed como las consecuencias de jugar con los l\u00edmites de la ciencia y la naturaleza humana es lo que los une \u2013aclar\u00f3 el anciano. Y como Valeria fue incapaz de articular palabras agreg\u00f3: \u2013Cada obra contiene ecos de otras. Los personajes, las tramas, las ideas&#8230; todos dialogan m\u00e1s all\u00e1 del tiempo y el espacio y eso ha dado lugar a una ciencia moderna denominada \u201cLiteratura Comparada\u201d. La literatura comparada es m\u00e1s que un m\u00e9todo: es un tejido invisible que une todas las historias.<\/p>\n\n\n\n<p>La perplejidad y el miedo cedieron paso a la fascinaci\u00f3n y Valeria pas\u00f3 el resto de la noche leyendo, explorando. Vio c\u00f3mo el <strong><em><a href=\"https:\/\/www.taller-palabras.com\/WordPress_04\/producto\/fausto-johann-wolfgang-von-goethe-ebook\"><u>Fausto<\/u><\/a><\/em><\/strong> de <strong>Johann Wolfgang von Goethe<\/strong> se convert\u00eda en la p\u00e1gina siguiente en <a href=\"https:\/\/www.taller-palabras.com\/WordPress_04\/producto\/el-retrato-de-dorian-gray-oscar-wilde-ebook?v=909ba4ad2bda\"><strong><em><u>El retrato de Dorian Gray<\/u><\/em><\/strong><\/a> de <strong>Oscar Wilde<\/strong>, c\u00f3mo la rebeld\u00eda de Edna Pontellier, la protagonista de <strong><em><a href=\"https:\/\/www.taller-palabras.com\/WordPress_04\/producto\/el-despertar-kate-chopin-ebook\"><u>El despertar<\/u><\/a><\/em><\/strong> de <strong>Kate Chopin<\/strong> se replicaba como un eco en la Nora, la protagonista<em> <\/em>de<a href=\"https:\/\/www.taller-palabras.com\/WordPress_04\/producto\/casa-de-munecas-henrik-ibsen-ebook?v=909ba4ad2bda\"><strong><em>&nbsp;<u>Casa de mu\u00f1ecas<\/u><\/em><\/strong><\/a><em> <\/em>de <strong>Henrik Ibsen<\/strong>. Finalmente, cuando levant\u00f3 la vista, la biblioteca hab\u00eda desaparecido, el anciano en alg\u00fan momento se hab\u00eda retirado o se hab\u00eda evaporado, a esa altura Valeria pens\u00f3 que todo era posible. Lo cierto es que estaba de nuevo en el s\u00f3tano, pero ahora frente a estantes similares a los de la sala de lectura del piso superior. Todo parec\u00eda normal, sin embargo, algo en ella hab\u00eda cambiado.<br>Sonri\u00f3 con la seguridad, ahora, de estar en el lugar exacto. <\/p>\n\n\n\n<p>Vivir entre libros era su felicidad y desde esa noche cada vez que penetra en una historia, no puede evitar escuchar los ecos de otras historias, tejiendo en su mente lazos indisolubles, como si una Biblioteca plagada de Ecos hubiera surgido dentro de ella.<\/p>\n\n\n\n\n\n<p>Comparte la experiencia  \ud83d\ude09<br \/>\n<div class=\"heateor_sss_sharing_container heateor_sss_horizontal_sharing\" data-heateor-ss-offset=\"0\" data-heateor-sss-href='https:\/\/www.taller-palabras.com\/WordPress_06\/lectura\/literatura-comparada\/'><div class=\"heateor_sss_sharing_ul\"><a aria-label=\"Facebook\" class=\"heateor_sss_facebook\" href=\"https:\/\/www.facebook.com\/sharer\/sharer.php?u=https%3A%2F%2Fwww.taller-palabras.com%2FWordPress_06%2F%3Fp%3D4678\" title=\"Facebook\" rel=\"nofollow noopener\" target=\"_blank\" style=\"font-size:32px!important;box-shadow:none;display:inline-block;vertical-align:middle\"><span class=\"heateor_sss_svg\" style=\"background-color:#0765FE;width:34px;height:34px;border-radius:999px;display:inline-block;opacity:1;float:left;font-size:32px;box-shadow:none;display:inline-block;font-size:16px;padding:0 4px;vertical-align:middle;background-repeat:repeat;overflow:hidden;padding:0;cursor:pointer;box-sizing:content-box\"><svg style=\"display:block;border-radius:999px;\" focusable=\"false\" aria-hidden=\"true\" xmlns=\"http:\/\/www.w3.org\/2000\/svg\" width=\"100%\" height=\"100%\" viewBox=\"0 0 32 32\"><path fill=\"#fff\" d=\"M28 16c0-6.627-5.373-12-12-12S4 9.373 4 16c0 5.628 3.875 10.35 9.101 11.647v-7.98h-2.474V16H13.1v-1.58c0-4.085 1.849-5.978 5.859-5.978.76 0 2.072.15 2.608.298v3.325c-.283-.03-.775-.045-1.386-.045-1.967 0-2.728.745-2.728 2.683V16h3.92l-.673 3.667h-3.247v8.245C23.395 27.195 28 22.135 28 16Z\"><\/path><\/svg><\/span><\/a><a aria-label=\"Whatsapp\" class=\"heateor_sss_whatsapp\" href=\"https:\/\/api.whatsapp.com\/send?text=La%20Biblioteca%20de%20los%20Ecos%20https%3A%2F%2Fwww.taller-palabras.com%2FWordPress_06%2F%3Fp%3D4678\" title=\"Whatsapp\" rel=\"nofollow noopener\" target=\"_blank\" style=\"font-size:32px!important;box-shadow:none;display:inline-block;vertical-align:middle\"><span class=\"heateor_sss_svg\" style=\"background-color:#55eb4c;width:34px;height:34px;border-radius:999px;display:inline-block;opacity:1;float:left;font-size:32px;box-shadow:none;display:inline-block;font-size:16px;padding:0 4px;vertical-align:middle;background-repeat:repeat;overflow:hidden;padding:0;cursor:pointer;box-sizing:content-box\"><svg style=\"display:block;border-radius:999px;\" focusable=\"false\" aria-hidden=\"true\" xmlns=\"http:\/\/www.w3.org\/2000\/svg\" width=\"100%\" height=\"100%\" viewBox=\"-6 -5 40 40\"><path class=\"heateor_sss_svg_stroke heateor_sss_no_fill\" stroke=\"#fff\" stroke-width=\"2\" fill=\"none\" d=\"M 11.579798566743314 24.396926207859085 A 10 10 0 1 0 6.808479557110079 20.73576436351046\"><\/path><path d=\"M 7 19 l -1 6 l 6 -1\" class=\"heateor_sss_no_fill heateor_sss_svg_stroke\" stroke=\"#fff\" stroke-width=\"2\" fill=\"none\"><\/path><path d=\"M 10 10 q -1 8 8 11 c 5 -1 0 -6 -1 -3 q -4 -3 -5 -5 c 4 -2 -1 -5 -1 -4\" fill=\"#fff\"><\/path><\/svg><\/span><\/a><a aria-label=\"Pinterest\" class=\"heateor_sss_button_pinterest\" href=\"https:\/\/www.taller-palabras.com\/WordPress_06\/?p=4678\" onclick=\"event.preventDefault();javascript:void( (function() {var e=document.createElement('script' );e.setAttribute('type','text\/javascript' );e.setAttribute('charset','UTF-8' );e.setAttribute('src','\/\/assets.pinterest.com\/js\/pinmarklet.js?r='+Math.random()*99999999);document.body.appendChild(e)})());\" title=\"Pinterest\" rel=\"noopener\" style=\"font-size:32px!important;box-shadow:none;display:inline-block;vertical-align:middle\"><span class=\"heateor_sss_svg heateor_sss_s__default heateor_sss_s_pinterest\" style=\"background-color:#cc2329;width:34px;height:34px;border-radius:999px;display:inline-block;opacity:1;float:left;font-size:32px;box-shadow:none;display:inline-block;font-size:16px;padding:0 4px;vertical-align:middle;background-repeat:repeat;overflow:hidden;padding:0;cursor:pointer;box-sizing:content-box\"><svg style=\"display:block;border-radius:999px;\" focusable=\"false\" aria-hidden=\"true\" xmlns=\"http:\/\/www.w3.org\/2000\/svg\" width=\"100%\" height=\"100%\" viewBox=\"-2 -2 35 35\"><path fill=\"#fff\" d=\"M16.539 4.5c-6.277 0-9.442 4.5-9.442 8.253 0 2.272.86 4.293 2.705 5.046.303.125.574.005.662-.33.061-.231.205-.816.27-1.06.088-.331.053-.447-.191-.736-.532-.627-.873-1.439-.873-2.591 0-3.338 2.498-6.327 6.505-6.327 3.548 0 5.497 2.168 5.497 5.062 0 3.81-1.686 7.025-4.188 7.025-1.382 0-2.416-1.142-2.085-2.545.397-1.674 1.166-3.48 1.166-4.689 0-1.081-.581-1.983-1.782-1.983-1.413 0-2.548 1.462-2.548 3.419 0 1.247.421 2.091.421 2.091l-1.699 7.199c-.505 2.137-.076 4.755-.039 5.019.021.158.223.196.314.077.13-.17 1.813-2.247 2.384-4.324.162-.587.929-3.631.929-3.631.46.876 1.801 1.646 3.227 1.646 4.247 0 7.128-3.871 7.128-9.053.003-3.918-3.317-7.568-8.361-7.568z\"\/><\/svg><\/span><\/a><a aria-label=\"Instagram\" class=\"heateor_sss_button_instagram\" href=\"https:\/\/www.instagram.com\/\" title=\"Instagram\" rel=\"nofollow noopener\" target=\"_blank\" style=\"font-size:32px!important;box-shadow:none;display:inline-block;vertical-align:middle\"><span class=\"heateor_sss_svg\" style=\"background-color:#53beee;width:34px;height:34px;border-radius:999px;display:inline-block;opacity:1;float:left;font-size:32px;box-shadow:none;display:inline-block;font-size:16px;padding:0 4px;vertical-align:middle;background-repeat:repeat;overflow:hidden;padding:0;cursor:pointer;box-sizing:content-box\"><svg style=\"display:block;border-radius:999px;\" version=\"1.1\" viewBox=\"-10 -10 148 148\" width=\"100%\" height=\"100%\" xml:space=\"preserve\" xmlns=\"http:\/\/www.w3.org\/2000\/svg\" xmlns:xlink=\"http:\/\/www.w3.org\/1999\/xlink\"><g><g><path d=\"M86,112H42c-14.336,0-26-11.663-26-26V42c0-14.337,11.664-26,26-26h44c14.337,0,26,11.663,26,26v44 C112,100.337,100.337,112,86,112z M42,24c-9.925,0-18,8.074-18,18v44c0,9.925,8.075,18,18,18h44c9.926,0,18-8.075,18-18V42 c0-9.926-8.074-18-18-18H42z\" fill=\"#fff\"><\/path><\/g><g><path d=\"M64,88c-13.234,0-24-10.767-24-24c0-13.234,10.766-24,24-24s24,10.766,24,24C88,77.233,77.234,88,64,88z M64,48c-8.822,0-16,7.178-16,16s7.178,16,16,16c8.822,0,16-7.178,16-16S72.822,48,64,48z\" fill=\"#fff\"><\/path><\/g><g><circle cx=\"89.5\" cy=\"38.5\" fill=\"#fff\" r=\"5.5\"><\/circle><\/g><\/g><\/svg><\/span><\/a><a aria-label=\"X\" class=\"heateor_sss_button_x\" href=\"https:\/\/twitter.com\/intent\/tweet?text=La%20Biblioteca%20de%20los%20Ecos&url=https%3A%2F%2Fwww.taller-palabras.com%2FWordPress_06%2F%3Fp%3D4678\" title=\"X\" rel=\"nofollow noopener\" target=\"_blank\" style=\"font-size:32px!important;box-shadow:none;display:inline-block;vertical-align:middle\"><span class=\"heateor_sss_svg heateor_sss_s__default heateor_sss_s_x\" style=\"background-color:#2a2a2a;width:34px;height:34px;border-radius:999px;display:inline-block;opacity:1;float:left;font-size:32px;box-shadow:none;display:inline-block;font-size:16px;padding:0 4px;vertical-align:middle;background-repeat:repeat;overflow:hidden;padding:0;cursor:pointer;box-sizing:content-box\"><svg width=\"100%\" height=\"100%\" style=\"display:block;border-radius:999px;\" focusable=\"false\" aria-hidden=\"true\" xmlns=\"http:\/\/www.w3.org\/2000\/svg\" viewBox=\"0 0 32 32\"><path fill=\"#fff\" d=\"M21.751 7h3.067l-6.7 7.658L26 25.078h-6.172l-4.833-6.32-5.531 6.32h-3.07l7.167-8.19L6 7h6.328l4.37 5.777L21.75 7Zm-1.076 16.242h1.7L11.404 8.74H9.58l11.094 14.503Z\"><\/path><\/svg><\/span><\/a><a aria-label=\"Linkedin\" class=\"heateor_sss_button_linkedin\" href=\"https:\/\/www.linkedin.com\/sharing\/share-offsite\/?url=https%3A%2F%2Fwww.taller-palabras.com%2FWordPress_06%2F%3Fp%3D4678\" title=\"Linkedin\" rel=\"nofollow noopener\" target=\"_blank\" style=\"font-size:32px!important;box-shadow:none;display:inline-block;vertical-align:middle\"><span class=\"heateor_sss_svg heateor_sss_s__default heateor_sss_s_linkedin\" style=\"background-color:#0077b5;width:34px;height:34px;border-radius:999px;display:inline-block;opacity:1;float:left;font-size:32px;box-shadow:none;display:inline-block;font-size:16px;padding:0 4px;vertical-align:middle;background-repeat:repeat;overflow:hidden;padding:0;cursor:pointer;box-sizing:content-box\"><svg style=\"display:block;border-radius:999px;\" focusable=\"false\" aria-hidden=\"true\" xmlns=\"http:\/\/www.w3.org\/2000\/svg\" width=\"100%\" height=\"100%\" viewBox=\"0 0 32 32\"><path d=\"M6.227 12.61h4.19v13.48h-4.19V12.61zm2.095-6.7a2.43 2.43 0 0 1 0 4.86c-1.344 0-2.428-1.09-2.428-2.43s1.084-2.43 2.428-2.43m4.72 6.7h4.02v1.84h.058c.56-1.058 1.927-2.176 3.965-2.176 4.238 0 5.02 2.792 5.02 6.42v7.395h-4.183v-6.56c0-1.564-.03-3.574-2.178-3.574-2.18 0-2.514 1.7-2.514 3.46v6.668h-4.187V12.61z\" fill=\"#fff\"><\/path><\/svg><\/span><\/a><\/div><div class=\"heateorSssClear\"><\/div><\/div><\/p>\n\n\n\n<hr class=\"wp-block-separator has-alpha-channel-opacity\"\/>\n\n\n<div class=\"wp-block-image\">\n<figure class=\"alignleft size-full is-resized\"><a href=\"https:\/\/www.taller-palabras.com\/WordPress_04\" target=\"_blank\" rel=\"noreferrer noopener\"><img loading=\"lazy\" decoding=\"async\" width=\"442\" height=\"268\" src=\"https:\/\/www.taller-palabras.com\/WordPress_06\/wp-content\/uploads\/2021\/07\/digital_papel.jpg\" alt=\"libreria literaria online\" class=\"wp-image-1744\" style=\"aspect-ratio:1.6492537313432836;width:155px;height:auto\" srcset=\"https:\/\/www.taller-palabras.com\/WordPress_06\/wp-content\/uploads\/2021\/07\/digital_papel.jpg 442w, https:\/\/www.taller-palabras.com\/WordPress_06\/wp-content\/uploads\/2021\/07\/digital_papel-300x182.jpg 300w\" sizes=\"auto, (max-width: 442px) 100vw, 442px\" \/><\/a><\/figure><\/div>\n\n\n<p class=\"has-medium-font-size\"><a href=\"https:\/\/www.taller-palabras.com\/WordPress_04\" target=\"_blank\" rel=\"noreferrer noopener\">Librer\u00eda Literaria Online<\/a><\/p>\n\n\n\n<p>Una Librer\u00eda Online diferente. Accesible y con libros que se rese\u00f1an e incluyen en los art\u00edculos publicados en nuestra Revista \u00ab<mark style=\"background-color:rgba(0, 0, 0, 0)\" class=\"has-inline-color has-luminous-vivid-orange-color\">Redescribir<\/mark>\u00ab.<\/p>\n\n\n\n<hr class=\"wp-block-separator has-alpha-channel-opacity\"\/>\n\n\n\n<h4 class=\"wp-block-heading\"> Cursos de formaci\u00f3n <\/h4>\n\n\n\n<h4 class=\"wp-block-heading\"><a rel=\"noreferrer noopener\" href=\"https:\/\/taller-palabras.com\/escuela.html\" target=\"_blank\">Curso de Maestr\u00eda de Cuento y\/o Novela<\/a><\/h4>\n\n\n\n<hr class=\"wp-block-separator has-alpha-channel-opacity\"\/>\n\n\n\n<h4 class=\"wp-block-heading\" id=\"cursos-de-formacion-via-email-en\">Cursos de Formaci\u00f3n v\u00eda email en<br><a href=\"https:\/\/taller-palabras.com\/cursos.html\" target=\"_blank\" rel=\"noreferrer noopener\">Escritura Creativa<\/a><\/h4>\n\n\n\n<hr class=\"wp-block-separator has-alpha-channel-opacity\"\/>\n\n\n\n<h4 class=\"wp-block-heading\">Servicios Editoriales<\/h4>\n\n\n\n<h4 class=\"wp-block-heading\" id=\"taller-literario-online\"><a href=\"https:\/\/taller-palabras.com\/servicios.html\" target=\"_blank\" rel=\"noreferrer noopener\">Servicio de correcci\u00f3n literaria<br>Servicio de edici\u00f3n gr\u00e1fica<br>Servicio de publicaci\u00f3n<\/a><\/h4>\n\n\n\n<hr class=\"wp-block-separator has-alpha-channel-opacity\"\/>\n\n\n\n<p><\/p>\n","protected":false},"excerpt":{"rendered":"<p>Desde esa noche, cada vez que penetra en una historia no puede evitar escuchar los ecos de otras historias&#8230;<\/p>\n","protected":false},"author":83,"featured_media":4681,"comment_status":"closed","ping_status":"open","sticky":false,"template":"","format":"standard","meta":{"footnotes":""},"categories":[17],"tags":[36,141,163],"class_list":["post-4678","post","type-post","status-publish","format-standard","has-post-thumbnail","hentry","category-lectura","tag-lectura","tag-leer-mucho","tag-ser-buen-lector"],"yoast_head":"<!-- This site is optimized with the Yoast SEO plugin v27.4 - https:\/\/yoast.com\/product\/yoast-seo-wordpress\/ -->\n<title>La Biblioteca de los Ecos - Red Literaria<\/title>\n<meta name=\"description\" content=\"La Literatura Comparada es una disciplina que estudia las relaciones entre obras literarias diferentes ...\" \/>\n<meta name=\"robots\" content=\"index, follow, max-snippet:-1, max-image-preview:large, max-video-preview:-1\" \/>\n<link rel=\"canonical\" href=\"https:\/\/www.taller-palabras.com\/WordPress_06\/lectura\/literatura-comparada\/\" \/>\n<meta property=\"og:locale\" content=\"es_ES\" \/>\n<meta property=\"og:type\" content=\"article\" \/>\n<meta property=\"og:title\" content=\"La Biblioteca de los Ecos - Red Literaria\" \/>\n<meta property=\"og:description\" content=\"La Literatura Comparada es una disciplina que estudia las relaciones entre obras literarias diferentes ...\" \/>\n<meta property=\"og:url\" content=\"https:\/\/www.taller-palabras.com\/WordPress_06\/lectura\/literatura-comparada\/\" \/>\n<meta property=\"og:site_name\" content=\"Red Literaria\" \/>\n<meta property=\"article:publisher\" content=\"https:\/\/www.facebook.com\/profile.php?id=100001537279728\" \/>\n<meta property=\"article:published_time\" content=\"2025-03-23T16:37:31+00:00\" \/>\n<meta property=\"article:modified_time\" content=\"2025-06-21T15:46:47+00:00\" \/>\n<meta property=\"og:image\" content=\"https:\/\/www.taller-palabras.com\/WordPress_06\/wp-content\/uploads\/2025\/03\/Biblioteca_ecos.jpg\" \/>\n\t<meta property=\"og:image:width\" content=\"425\" \/>\n\t<meta property=\"og:image:height\" content=\"283\" \/>\n\t<meta property=\"og:image:type\" content=\"image\/jpeg\" \/>\n<meta name=\"author\" content=\"Patricia M\u00f3nica Miranda Alonso\" \/>\n<meta name=\"twitter:card\" content=\"summary_large_image\" \/>\n<meta name=\"twitter:label1\" content=\"Escrito por\" \/>\n\t<meta name=\"twitter:data1\" content=\"Patricia M\u00f3nica Miranda Alonso\" \/>\n\t<meta name=\"twitter:label2\" content=\"Tiempo de lectura\" \/>\n\t<meta name=\"twitter:data2\" content=\"9 minutos\" \/>\n<script type=\"application\/ld+json\" class=\"yoast-schema-graph\">{\"@context\":\"https:\\\/\\\/schema.org\",\"@graph\":[{\"@type\":\"NewsArticle\",\"@id\":\"https:\\\/\\\/www.taller-palabras.com\\\/WordPress_06\\\/lectura\\\/literatura-comparada\\\/#article\",\"isPartOf\":{\"@id\":\"https:\\\/\\\/www.taller-palabras.com\\\/WordPress_06\\\/lectura\\\/literatura-comparada\\\/\"},\"author\":{\"name\":\"Patricia M\u00f3nica Miranda Alonso\",\"@id\":\"https:\\\/\\\/www.taller-palabras.com\\\/WordPress_06\\\/#\\\/schema\\\/person\\\/a774f3e56bddd007723be732994cadd4\"},\"headline\":\"La Biblioteca de los Ecos\",\"datePublished\":\"2025-03-23T16:37:31+00:00\",\"dateModified\":\"2025-06-21T15:46:47+00:00\",\"mainEntityOfPage\":{\"@id\":\"https:\\\/\\\/www.taller-palabras.com\\\/WordPress_06\\\/lectura\\\/literatura-comparada\\\/\"},\"wordCount\":1772,\"publisher\":{\"@id\":\"https:\\\/\\\/www.taller-palabras.com\\\/WordPress_06\\\/#organization\"},\"image\":{\"@id\":\"https:\\\/\\\/www.taller-palabras.com\\\/WordPress_06\\\/lectura\\\/literatura-comparada\\\/#primaryimage\"},\"thumbnailUrl\":\"https:\\\/\\\/www.taller-palabras.com\\\/WordPress_06\\\/wp-content\\\/uploads\\\/2025\\\/03\\\/Biblioteca_ecos.jpg\",\"keywords\":[\"lectura\",\"Leer mucho\",\"ser buen lector\"],\"articleSection\":[\"Lectura\"],\"inLanguage\":\"es\"},{\"@type\":[\"WebPage\",\"ItemPage\"],\"@id\":\"https:\\\/\\\/www.taller-palabras.com\\\/WordPress_06\\\/lectura\\\/literatura-comparada\\\/\",\"url\":\"https:\\\/\\\/www.taller-palabras.com\\\/WordPress_06\\\/lectura\\\/literatura-comparada\\\/\",\"name\":\"La Biblioteca de los Ecos - Red Literaria\",\"isPartOf\":{\"@id\":\"https:\\\/\\\/www.taller-palabras.com\\\/WordPress_06\\\/#website\"},\"primaryImageOfPage\":{\"@id\":\"https:\\\/\\\/www.taller-palabras.com\\\/WordPress_06\\\/lectura\\\/literatura-comparada\\\/#primaryimage\"},\"image\":{\"@id\":\"https:\\\/\\\/www.taller-palabras.com\\\/WordPress_06\\\/lectura\\\/literatura-comparada\\\/#primaryimage\"},\"thumbnailUrl\":\"https:\\\/\\\/www.taller-palabras.com\\\/WordPress_06\\\/wp-content\\\/uploads\\\/2025\\\/03\\\/Biblioteca_ecos.jpg\",\"datePublished\":\"2025-03-23T16:37:31+00:00\",\"dateModified\":\"2025-06-21T15:46:47+00:00\",\"description\":\"La Literatura Comparada es una disciplina que estudia las relaciones entre obras literarias diferentes ...\",\"breadcrumb\":{\"@id\":\"https:\\\/\\\/www.taller-palabras.com\\\/WordPress_06\\\/lectura\\\/literatura-comparada\\\/#breadcrumb\"},\"inLanguage\":\"es\",\"potentialAction\":[{\"@type\":\"ReadAction\",\"target\":[\"https:\\\/\\\/www.taller-palabras.com\\\/WordPress_06\\\/lectura\\\/literatura-comparada\\\/\"]}]},{\"@type\":\"ImageObject\",\"inLanguage\":\"es\",\"@id\":\"https:\\\/\\\/www.taller-palabras.com\\\/WordPress_06\\\/lectura\\\/literatura-comparada\\\/#primaryimage\",\"url\":\"https:\\\/\\\/www.taller-palabras.com\\\/WordPress_06\\\/wp-content\\\/uploads\\\/2025\\\/03\\\/Biblioteca_ecos.jpg\",\"contentUrl\":\"https:\\\/\\\/www.taller-palabras.com\\\/WordPress_06\\\/wp-content\\\/uploads\\\/2025\\\/03\\\/Biblioteca_ecos.jpg\",\"width\":425,\"height\":283},{\"@type\":\"BreadcrumbList\",\"@id\":\"https:\\\/\\\/www.taller-palabras.com\\\/WordPress_06\\\/lectura\\\/literatura-comparada\\\/#breadcrumb\",\"itemListElement\":[{\"@type\":\"ListItem\",\"position\":1,\"name\":\"Portada\",\"item\":\"https:\\\/\\\/www.taller-palabras.com\\\/WordPress_06\\\/\"},{\"@type\":\"ListItem\",\"position\":2,\"name\":\"La Biblioteca de los Ecos\"}]},{\"@type\":\"WebSite\",\"@id\":\"https:\\\/\\\/www.taller-palabras.com\\\/WordPress_06\\\/#website\",\"url\":\"https:\\\/\\\/www.taller-palabras.com\\\/WordPress_06\\\/\",\"name\":\"Red Literaria\",\"description\":\"Red de lectura y escritura\",\"publisher\":{\"@id\":\"https:\\\/\\\/www.taller-palabras.com\\\/WordPress_06\\\/#organization\"},\"potentialAction\":[{\"@type\":\"SearchAction\",\"target\":{\"@type\":\"EntryPoint\",\"urlTemplate\":\"https:\\\/\\\/www.taller-palabras.com\\\/WordPress_06\\\/?s={search_term_string}\"},\"query-input\":{\"@type\":\"PropertyValueSpecification\",\"valueRequired\":true,\"valueName\":\"search_term_string\"}}],\"inLanguage\":\"es\"},{\"@type\":\"Organization\",\"@id\":\"https:\\\/\\\/www.taller-palabras.com\\\/WordPress_06\\\/#organization\",\"name\":\"Redescribir\",\"url\":\"https:\\\/\\\/www.taller-palabras.com\\\/WordPress_06\\\/\",\"logo\":{\"@type\":\"ImageObject\",\"inLanguage\":\"es\",\"@id\":\"https:\\\/\\\/www.taller-palabras.com\\\/WordPress_06\\\/#\\\/schema\\\/logo\\\/image\\\/\",\"url\":\"https:\\\/\\\/www.taller-palabras.com\\\/WordPress_06\\\/wp-content\\\/uploads\\\/2021\\\/07\\\/redactar_icon.png\",\"contentUrl\":\"https:\\\/\\\/www.taller-palabras.com\\\/WordPress_06\\\/wp-content\\\/uploads\\\/2021\\\/07\\\/redactar_icon.png\",\"width\":25,\"height\":25,\"caption\":\"Redescribir\"},\"image\":{\"@id\":\"https:\\\/\\\/www.taller-palabras.com\\\/WordPress_06\\\/#\\\/schema\\\/logo\\\/image\\\/\"},\"sameAs\":[\"https:\\\/\\\/www.facebook.com\\\/profile.php?id=100001537279728\"]},{\"@type\":\"Person\",\"@id\":\"https:\\\/\\\/www.taller-palabras.com\\\/WordPress_06\\\/#\\\/schema\\\/person\\\/a774f3e56bddd007723be732994cadd4\",\"name\":\"Patricia M\u00f3nica Miranda Alonso\",\"description\":\"Profesora de escritura creativa y coordinadora de talleres literarios, editora y correctora literaria, rese\u00f1adora y cr\u00edtica literaria.\",\"sameAs\":[\"https:\\\/\\\/www.taller-palabras.com\"],\"url\":\"https:\\\/\\\/www.taller-palabras.com\\\/WordPress_06\\\/author\\\/patricia\\\/\"}]}<\/script>\n<!-- \/ Yoast SEO plugin. -->","yoast_head_json":{"title":"La Biblioteca de los Ecos - Red Literaria","description":"La Literatura Comparada es una disciplina que estudia las relaciones entre obras literarias diferentes ...","robots":{"index":"index","follow":"follow","max-snippet":"max-snippet:-1","max-image-preview":"max-image-preview:large","max-video-preview":"max-video-preview:-1"},"canonical":"https:\/\/www.taller-palabras.com\/WordPress_06\/lectura\/literatura-comparada\/","og_locale":"es_ES","og_type":"article","og_title":"La Biblioteca de los Ecos - Red Literaria","og_description":"La Literatura Comparada es una disciplina que estudia las relaciones entre obras literarias diferentes ...","og_url":"https:\/\/www.taller-palabras.com\/WordPress_06\/lectura\/literatura-comparada\/","og_site_name":"Red Literaria","article_publisher":"https:\/\/www.facebook.com\/profile.php?id=100001537279728","article_published_time":"2025-03-23T16:37:31+00:00","article_modified_time":"2025-06-21T15:46:47+00:00","og_image":[{"width":425,"height":283,"url":"https:\/\/www.taller-palabras.com\/WordPress_06\/wp-content\/uploads\/2025\/03\/Biblioteca_ecos.jpg","type":"image\/jpeg"}],"author":"Patricia M\u00f3nica Miranda Alonso","twitter_card":"summary_large_image","twitter_misc":{"Escrito por":"Patricia M\u00f3nica Miranda Alonso","Tiempo de lectura":"9 minutos"},"schema":{"@context":"https:\/\/schema.org","@graph":[{"@type":"NewsArticle","@id":"https:\/\/www.taller-palabras.com\/WordPress_06\/lectura\/literatura-comparada\/#article","isPartOf":{"@id":"https:\/\/www.taller-palabras.com\/WordPress_06\/lectura\/literatura-comparada\/"},"author":{"name":"Patricia M\u00f3nica Miranda Alonso","@id":"https:\/\/www.taller-palabras.com\/WordPress_06\/#\/schema\/person\/a774f3e56bddd007723be732994cadd4"},"headline":"La Biblioteca de los Ecos","datePublished":"2025-03-23T16:37:31+00:00","dateModified":"2025-06-21T15:46:47+00:00","mainEntityOfPage":{"@id":"https:\/\/www.taller-palabras.com\/WordPress_06\/lectura\/literatura-comparada\/"},"wordCount":1772,"publisher":{"@id":"https:\/\/www.taller-palabras.com\/WordPress_06\/#organization"},"image":{"@id":"https:\/\/www.taller-palabras.com\/WordPress_06\/lectura\/literatura-comparada\/#primaryimage"},"thumbnailUrl":"https:\/\/www.taller-palabras.com\/WordPress_06\/wp-content\/uploads\/2025\/03\/Biblioteca_ecos.jpg","keywords":["lectura","Leer mucho","ser buen lector"],"articleSection":["Lectura"],"inLanguage":"es"},{"@type":["WebPage","ItemPage"],"@id":"https:\/\/www.taller-palabras.com\/WordPress_06\/lectura\/literatura-comparada\/","url":"https:\/\/www.taller-palabras.com\/WordPress_06\/lectura\/literatura-comparada\/","name":"La Biblioteca de los Ecos - Red Literaria","isPartOf":{"@id":"https:\/\/www.taller-palabras.com\/WordPress_06\/#website"},"primaryImageOfPage":{"@id":"https:\/\/www.taller-palabras.com\/WordPress_06\/lectura\/literatura-comparada\/#primaryimage"},"image":{"@id":"https:\/\/www.taller-palabras.com\/WordPress_06\/lectura\/literatura-comparada\/#primaryimage"},"thumbnailUrl":"https:\/\/www.taller-palabras.com\/WordPress_06\/wp-content\/uploads\/2025\/03\/Biblioteca_ecos.jpg","datePublished":"2025-03-23T16:37:31+00:00","dateModified":"2025-06-21T15:46:47+00:00","description":"La Literatura Comparada es una disciplina que estudia las relaciones entre obras literarias diferentes ...","breadcrumb":{"@id":"https:\/\/www.taller-palabras.com\/WordPress_06\/lectura\/literatura-comparada\/#breadcrumb"},"inLanguage":"es","potentialAction":[{"@type":"ReadAction","target":["https:\/\/www.taller-palabras.com\/WordPress_06\/lectura\/literatura-comparada\/"]}]},{"@type":"ImageObject","inLanguage":"es","@id":"https:\/\/www.taller-palabras.com\/WordPress_06\/lectura\/literatura-comparada\/#primaryimage","url":"https:\/\/www.taller-palabras.com\/WordPress_06\/wp-content\/uploads\/2025\/03\/Biblioteca_ecos.jpg","contentUrl":"https:\/\/www.taller-palabras.com\/WordPress_06\/wp-content\/uploads\/2025\/03\/Biblioteca_ecos.jpg","width":425,"height":283},{"@type":"BreadcrumbList","@id":"https:\/\/www.taller-palabras.com\/WordPress_06\/lectura\/literatura-comparada\/#breadcrumb","itemListElement":[{"@type":"ListItem","position":1,"name":"Portada","item":"https:\/\/www.taller-palabras.com\/WordPress_06\/"},{"@type":"ListItem","position":2,"name":"La Biblioteca de los Ecos"}]},{"@type":"WebSite","@id":"https:\/\/www.taller-palabras.com\/WordPress_06\/#website","url":"https:\/\/www.taller-palabras.com\/WordPress_06\/","name":"Red Literaria","description":"Red de lectura y escritura","publisher":{"@id":"https:\/\/www.taller-palabras.com\/WordPress_06\/#organization"},"potentialAction":[{"@type":"SearchAction","target":{"@type":"EntryPoint","urlTemplate":"https:\/\/www.taller-palabras.com\/WordPress_06\/?s={search_term_string}"},"query-input":{"@type":"PropertyValueSpecification","valueRequired":true,"valueName":"search_term_string"}}],"inLanguage":"es"},{"@type":"Organization","@id":"https:\/\/www.taller-palabras.com\/WordPress_06\/#organization","name":"Redescribir","url":"https:\/\/www.taller-palabras.com\/WordPress_06\/","logo":{"@type":"ImageObject","inLanguage":"es","@id":"https:\/\/www.taller-palabras.com\/WordPress_06\/#\/schema\/logo\/image\/","url":"https:\/\/www.taller-palabras.com\/WordPress_06\/wp-content\/uploads\/2021\/07\/redactar_icon.png","contentUrl":"https:\/\/www.taller-palabras.com\/WordPress_06\/wp-content\/uploads\/2021\/07\/redactar_icon.png","width":25,"height":25,"caption":"Redescribir"},"image":{"@id":"https:\/\/www.taller-palabras.com\/WordPress_06\/#\/schema\/logo\/image\/"},"sameAs":["https:\/\/www.facebook.com\/profile.php?id=100001537279728"]},{"@type":"Person","@id":"https:\/\/www.taller-palabras.com\/WordPress_06\/#\/schema\/person\/a774f3e56bddd007723be732994cadd4","name":"Patricia M\u00f3nica Miranda Alonso","description":"Profesora de escritura creativa y coordinadora de talleres literarios, editora y correctora literaria, rese\u00f1adora y cr\u00edtica literaria.","sameAs":["https:\/\/www.taller-palabras.com"],"url":"https:\/\/www.taller-palabras.com\/WordPress_06\/author\/patricia\/"}]}},"_links":{"self":[{"href":"https:\/\/www.taller-palabras.com\/WordPress_06\/wp-json\/wp\/v2\/posts\/4678","targetHints":{"allow":["GET"]}}],"collection":[{"href":"https:\/\/www.taller-palabras.com\/WordPress_06\/wp-json\/wp\/v2\/posts"}],"about":[{"href":"https:\/\/www.taller-palabras.com\/WordPress_06\/wp-json\/wp\/v2\/types\/post"}],"author":[{"embeddable":true,"href":"https:\/\/www.taller-palabras.com\/WordPress_06\/wp-json\/wp\/v2\/users\/83"}],"replies":[{"embeddable":true,"href":"https:\/\/www.taller-palabras.com\/WordPress_06\/wp-json\/wp\/v2\/comments?post=4678"}],"version-history":[{"count":7,"href":"https:\/\/www.taller-palabras.com\/WordPress_06\/wp-json\/wp\/v2\/posts\/4678\/revisions"}],"predecessor-version":[{"id":4807,"href":"https:\/\/www.taller-palabras.com\/WordPress_06\/wp-json\/wp\/v2\/posts\/4678\/revisions\/4807"}],"wp:featuredmedia":[{"embeddable":true,"href":"https:\/\/www.taller-palabras.com\/WordPress_06\/wp-json\/wp\/v2\/media\/4681"}],"wp:attachment":[{"href":"https:\/\/www.taller-palabras.com\/WordPress_06\/wp-json\/wp\/v2\/media?parent=4678"}],"wp:term":[{"taxonomy":"category","embeddable":true,"href":"https:\/\/www.taller-palabras.com\/WordPress_06\/wp-json\/wp\/v2\/categories?post=4678"},{"taxonomy":"post_tag","embeddable":true,"href":"https:\/\/www.taller-palabras.com\/WordPress_06\/wp-json\/wp\/v2\/tags?post=4678"}],"curies":[{"name":"wp","href":"https:\/\/api.w.org\/{rel}","templated":true}]}}