{"id":4777,"date":"2025-06-01T11:12:46","date_gmt":"2025-06-01T14:12:46","guid":{"rendered":"https:\/\/www.taller-palabras.com\/WordPress_06\/?p=4777"},"modified":"2025-07-06T13:40:15","modified_gmt":"2025-07-06T16:40:15","slug":"el-jardin-de-verano","status":"publish","type":"post","link":"https:\/\/www.taller-palabras.com\/WordPress_06\/resenas\/el-jardin-de-verano\/","title":{"rendered":"El Jard\u00edn de Verano \u2013 Paullina Simons"},"content":{"rendered":"\n<h2 class=\"wp-block-heading has-text-align-center\">Rese\u00f1a<\/h2>\n\n\n\n<p>El auge de las trilog\u00edas puede mirarse desde dos puntos de vista. Por un lado la mirada del lector: el amor por una historia apasionante, el placer de seguir a tus personajes favoritos hasta cuando van al ba\u00f1o, evitar la desaz\u00f3n de haber le\u00eddo una bella historia y esa especie de angustia que provoca el libro ya le\u00eddo.<\/p>\n\n\n\n<p>Pero por otro lado, est\u00e1 la mirada del autor y la editorial: si una primera parte apasiona, no escatimes segundas ni terceras en el af\u00e1n por seguir vendiendo, claro que tanto autor como editor conocen a la perfecci\u00f3n la idiosincrasia de todo lector que es la mirada anterior que les relataba. Y una armoniosa uni\u00f3n entre ambas situaciones da por resultado que las trilog\u00edas sean hoy por hoy algo tan buscado como las sagas. Ni qu\u00e9 hablar cuando est\u00e1s como en el caso de Juego de Tronos o de Forastera y tantos otros se convierten adem\u00e1s en \u00e9xitos de series televisivas.<br>Luego de la primera y segunda parte de la trilog\u00eda de El Jinete de bronce, a esa altura ya estaba un poco saturada, sin embargo arremet\u00ed con la tercera. Como todo buen lector que se precie de tal no pude dejar de lado una tercera parte habiendo le\u00eddo las dos anteriores. Pero sobre todo como cr\u00edtico que respeta a sus seguidores es que me esforc\u00e9 en la lectura de las casi 1000 p\u00e1ginas de <strong><em><a href=\"https:\/\/www.taller-palabras.com\/WordPress_04\/producto\/el-jardin-de-verano-paullina-simons?v=909ba4ad2bda\"><u>El jard\u00edn de verano<\/u><\/a><\/em><\/strong>. S\u00ed, han le\u00eddo bien, fue un verdadero esfuerzo ya que la historia de Tatiana y Alexandre sigue ad eternum y aunque pasen mil y una vicisitudes, uno est\u00e1 seguro de que nada malo puede pasarle a ese amor y como buen cuento de hadas al final&#8230; comer\u00e1n perdices.<\/p>\n\n\n\n<p>Esta tercera parte est\u00e1 dedicada a las secuelas que deja una guerra de la envergadura de la Segunda Guerra Mundial y por supuesto sigue de cerca el periplo de la pareja que desde Europa termina sus d\u00edas en EE.UU. Como es mi costumbre no referir\u00e9 pormenores de la trama ya que podr\u00eda desalentar a m\u00e1s de uno a leer el libro y adem\u00e1s porque detallar el contenido tem\u00e1tico me parece de mal gusto, para eso est\u00e1 el libro: l\u00e9elo o d\u00e9jalo.<\/p>\n\n\n\n<p>Desde el punto de vista del perfil de los personajes debo, me siento obligada a decir que Paullina Simons ha forzado hasta lo indecible el car\u00e1cter de ambos personajes centrales: Tatiana y Alexandre. Ha llegado hasta lo incontable para mostrar un hombre diferente, a tal punto que ha terminado por crear un s\u00faper hombre y a estirado tanto el el\u00e1stico para mostrar una mujer digna de ser amada, respetada y hasta canonizada que Tatiana se convierte en una s\u00faper mujer y ni un s\u00faper hombre ni una s\u00faper mujer resultan cre\u00edbles hoy por hoy dentro de la literatura del siglo XXI. Es verdad que por momentos la autora intenta desacralizar lo ya sacralizado pero solo consigue crear situaciones que terminan siendo inveros\u00edmiles para los actores a los cuales ya estamos acostumbrados a ver como esos s\u00faper h\u00e9roes que son desde las primeras p\u00e1ginas de la historia. Es decir, cuanto m\u00e1s quiere sacarlos del estereotipo m\u00e1s obligada se ve a volver a \u00e9l a fin de tornar cre\u00edble lo que sigue.<\/p>\n\n\n\n<p>El manejo de los personajes no siempre tiene que ver con parir seres de papel que van m\u00e1s all\u00e1 de lo real, sino justamente seres de papel lo m\u00e1s parecidos a los de carne y hueso. Por momentos Paullina Simons lo logra pero por momentos se sumerge en un ambicioso viaje psicol\u00f3gico y crea h\u00e9roes m\u00e1s propios de la literatura decimon\u00f3nica que de la contempor\u00e1nea. Creo una vez m\u00e1s que no es un defecto profesional de la autora que sin duda ha creado una historia que hace llorar a muchos, sino simplemente por lo que comentaba m\u00e1s arriba, la larga extensi\u00f3n de una historia que podr\u00eda haberse ahorrado unos cuantos cientos de p\u00e1ginas, la oblig\u00f3 a tensar la cuerda.<br>Sin embargo, en su conjunto podemos decir que nos encontramos con personajes que van cambiando, creciendo, envejeciendo, aunque sea poco cre\u00edble que esa pasi\u00f3n y esas ganas de hacer el amor hasta en la cocina sigan tan exageradamente presentes en ambos personajes a pesar de los a\u00f1os, de la vida en com\u00fan, de la rutina y tantos etc\u00e9teras que destruyen cualquier matrimonio o al menos lo tornan menos efusivo que en la adolescencia. Haber mostrado incluso ese desgaste no hubiera sido un pecado ni hubiese desmitificado ese amor eterno, sino que habr\u00eda sido una cuota de simple y puro sentido com\u00fan para sintetizar cualquier cotidianidad. Pero, en ese aspecto Tatiana y Alexandre se ponen una vez la capa de s\u00faper h\u00e9roes y echan por tierra cualquier realidad. Entonces, no cabe menos que preguntarnos ante cada escena cargada de pasi\u00f3n, \u00bfsomos nosotros los mediocres? o \u00bfSon ellos exageradamente extraordinarios?<\/p>\n\n\n<div class=\"wp-block-image\">\n<figure class=\"alignleft size-full is-resized\"><a href=\"https:\/\/www.taller-palabras.com\/WordPress_06\/wp-content\/uploads\/2025\/06\/Eljardindeverano_tapa.jpg\"><img loading=\"lazy\" decoding=\"async\" width=\"426\" height=\"648\" src=\"https:\/\/www.taller-palabras.com\/WordPress_06\/wp-content\/uploads\/2025\/06\/Eljardindeverano_tapa.jpg\" alt=\"\" class=\"wp-image-4840\" style=\"width:122px;height:auto\" srcset=\"https:\/\/www.taller-palabras.com\/WordPress_06\/wp-content\/uploads\/2025\/06\/Eljardindeverano_tapa.jpg 426w, https:\/\/www.taller-palabras.com\/WordPress_06\/wp-content\/uploads\/2025\/06\/Eljardindeverano_tapa-197x300.jpg 197w\" sizes=\"auto, (max-width: 426px) 100vw, 426px\" \/><\/a><\/figure><\/div>\n\n\n<p>Creo que para esta tercera y \u00faltima parte de la trilog\u00eda de El jinete de bronce, la autora ha apelado a la segunda mirada de que hablaba al comienzo de esta rese\u00f1a.<br>Sin embargo, la autora tiene un punto a favor y es que no apela a golpes bajos sino que toda situaci\u00f3n est\u00e1 dentro de lo posible, de lo cre\u00edble: la guerra, las secuelas, la lucha por una vida mejor, la dignidad y el honor son pilares sobre los cuales se apuntalan los tres libros y que se mantienen inalterables respecto a los personajes centrales, a pesar de los embates de cada etapa vivida.<\/p>\n\n\n\n<p>Paullina nace en Leningrado, como producto de su nacionalidad conoce las costumbres rusas, incluso de algunas comidas de las cuales, debo admitir, corr\u00ed a buscar recetas porque me dije que si Tatiana puede atrapar a Alexandre con esas exquisiteces, yo tambi\u00e9n podr\u00eda hacer de las m\u00edas.<br>A la edad de diez a\u00f1os su familia emigra y se establece en Estados Unidos. Algo parecido a lo que les sucede a sus personajes aunque bajo circunstancias distintas. La autora busca y encuentra en su propia experiencia la manera de hacer cre\u00edble el desarraigo y la adaptaci\u00f3n a un mundo tan diametralmente opuesto al mundo del cual provienen los personajes. La impronta personal en cuanto a sensaciones sin duda debe haber sido marcante a la hora de armar los perfiles, la autora asegura en un reportaje que los personajes brotaron de su imaginaci\u00f3n pero que las historias de fondo de Leningrado, de la guerra, del hambre, la separaci\u00f3n, el sufrimiento, vinieron de su familia y familiares y amigos que hab\u00edan vivido lo peor.<\/p>\n\n\n\n<p>A pesar de los lugares comunes, aun forzando la credibilidad en torno al perfil de los actores principales, dejando de lado lo incre\u00edble, si aceptamos jugar el juego que Paullina Simons nos propone, este tercer libro tanto como los dos primeros dejaran satisfechos a los lectores de corazones rom\u00e1nticos hasta seducirlos. Aquellos que aman los libros rom\u00e1nticos caer\u00e1n rendidos a los pies de la Simons y clamar\u00e1n por m\u00e1s y que posiblemente se conviertan en esos personajes que dif\u00edcilmente lograremos encontrar en otras historias. Dos personajes de novela que llegaron para quedarse en la memoria.<\/p>\n\n\n\n\n\n<p>Comparte la experiencia  \ud83d\ude09<br \/>\n<div class=\"heateor_sss_sharing_container heateor_sss_horizontal_sharing\" data-heateor-ss-offset=\"0\" data-heateor-sss-href='https:\/\/www.taller-palabras.com\/WordPress_06\/resenas\/el-jardin-de-verano\/'><div class=\"heateor_sss_sharing_ul\"><a aria-label=\"Facebook\" class=\"heateor_sss_facebook\" href=\"https:\/\/www.facebook.com\/sharer\/sharer.php?u=https%3A%2F%2Fwww.taller-palabras.com%2FWordPress_06%2F%3Fp%3D4777\" title=\"Facebook\" rel=\"nofollow noopener\" target=\"_blank\" style=\"font-size:32px!important;box-shadow:none;display:inline-block;vertical-align:middle\"><span class=\"heateor_sss_svg\" style=\"background-color:#0765FE;width:34px;height:34px;border-radius:999px;display:inline-block;opacity:1;float:left;font-size:32px;box-shadow:none;display:inline-block;font-size:16px;padding:0 4px;vertical-align:middle;background-repeat:repeat;overflow:hidden;padding:0;cursor:pointer;box-sizing:content-box\"><svg style=\"display:block;border-radius:999px;\" focusable=\"false\" aria-hidden=\"true\" xmlns=\"http:\/\/www.w3.org\/2000\/svg\" width=\"100%\" height=\"100%\" viewBox=\"0 0 32 32\"><path fill=\"#fff\" d=\"M28 16c0-6.627-5.373-12-12-12S4 9.373 4 16c0 5.628 3.875 10.35 9.101 11.647v-7.98h-2.474V16H13.1v-1.58c0-4.085 1.849-5.978 5.859-5.978.76 0 2.072.15 2.608.298v3.325c-.283-.03-.775-.045-1.386-.045-1.967 0-2.728.745-2.728 2.683V16h3.92l-.673 3.667h-3.247v8.245C23.395 27.195 28 22.135 28 16Z\"><\/path><\/svg><\/span><\/a><a aria-label=\"Whatsapp\" class=\"heateor_sss_whatsapp\" href=\"https:\/\/api.whatsapp.com\/send?text=El%20Jard%C3%ADn%20de%20Verano%20%E2%80%93%20Paullina%20Simons%20https%3A%2F%2Fwww.taller-palabras.com%2FWordPress_06%2F%3Fp%3D4777\" title=\"Whatsapp\" rel=\"nofollow noopener\" target=\"_blank\" style=\"font-size:32px!important;box-shadow:none;display:inline-block;vertical-align:middle\"><span class=\"heateor_sss_svg\" style=\"background-color:#55eb4c;width:34px;height:34px;border-radius:999px;display:inline-block;opacity:1;float:left;font-size:32px;box-shadow:none;display:inline-block;font-size:16px;padding:0 4px;vertical-align:middle;background-repeat:repeat;overflow:hidden;padding:0;cursor:pointer;box-sizing:content-box\"><svg style=\"display:block;border-radius:999px;\" focusable=\"false\" aria-hidden=\"true\" xmlns=\"http:\/\/www.w3.org\/2000\/svg\" width=\"100%\" height=\"100%\" viewBox=\"-6 -5 40 40\"><path class=\"heateor_sss_svg_stroke heateor_sss_no_fill\" stroke=\"#fff\" stroke-width=\"2\" fill=\"none\" d=\"M 11.579798566743314 24.396926207859085 A 10 10 0 1 0 6.808479557110079 20.73576436351046\"><\/path><path d=\"M 7 19 l -1 6 l 6 -1\" class=\"heateor_sss_no_fill heateor_sss_svg_stroke\" stroke=\"#fff\" stroke-width=\"2\" fill=\"none\"><\/path><path d=\"M 10 10 q -1 8 8 11 c 5 -1 0 -6 -1 -3 q -4 -3 -5 -5 c 4 -2 -1 -5 -1 -4\" fill=\"#fff\"><\/path><\/svg><\/span><\/a><a aria-label=\"Pinterest\" class=\"heateor_sss_button_pinterest\" href=\"https:\/\/www.taller-palabras.com\/WordPress_06\/?p=4777\" onclick=\"event.preventDefault();javascript:void( (function() {var e=document.createElement('script' );e.setAttribute('type','text\/javascript' );e.setAttribute('charset','UTF-8' );e.setAttribute('src','\/\/assets.pinterest.com\/js\/pinmarklet.js?r='+Math.random()*99999999);document.body.appendChild(e)})());\" title=\"Pinterest\" rel=\"noopener\" style=\"font-size:32px!important;box-shadow:none;display:inline-block;vertical-align:middle\"><span class=\"heateor_sss_svg heateor_sss_s__default heateor_sss_s_pinterest\" style=\"background-color:#cc2329;width:34px;height:34px;border-radius:999px;display:inline-block;opacity:1;float:left;font-size:32px;box-shadow:none;display:inline-block;font-size:16px;padding:0 4px;vertical-align:middle;background-repeat:repeat;overflow:hidden;padding:0;cursor:pointer;box-sizing:content-box\"><svg style=\"display:block;border-radius:999px;\" focusable=\"false\" aria-hidden=\"true\" xmlns=\"http:\/\/www.w3.org\/2000\/svg\" width=\"100%\" height=\"100%\" viewBox=\"-2 -2 35 35\"><path fill=\"#fff\" d=\"M16.539 4.5c-6.277 0-9.442 4.5-9.442 8.253 0 2.272.86 4.293 2.705 5.046.303.125.574.005.662-.33.061-.231.205-.816.27-1.06.088-.331.053-.447-.191-.736-.532-.627-.873-1.439-.873-2.591 0-3.338 2.498-6.327 6.505-6.327 3.548 0 5.497 2.168 5.497 5.062 0 3.81-1.686 7.025-4.188 7.025-1.382 0-2.416-1.142-2.085-2.545.397-1.674 1.166-3.48 1.166-4.689 0-1.081-.581-1.983-1.782-1.983-1.413 0-2.548 1.462-2.548 3.419 0 1.247.421 2.091.421 2.091l-1.699 7.199c-.505 2.137-.076 4.755-.039 5.019.021.158.223.196.314.077.13-.17 1.813-2.247 2.384-4.324.162-.587.929-3.631.929-3.631.46.876 1.801 1.646 3.227 1.646 4.247 0 7.128-3.871 7.128-9.053.003-3.918-3.317-7.568-8.361-7.568z\"\/><\/svg><\/span><\/a><a aria-label=\"Instagram\" class=\"heateor_sss_button_instagram\" href=\"https:\/\/www.instagram.com\/\" title=\"Instagram\" rel=\"nofollow noopener\" target=\"_blank\" style=\"font-size:32px!important;box-shadow:none;display:inline-block;vertical-align:middle\"><span class=\"heateor_sss_svg\" style=\"background-color:#53beee;width:34px;height:34px;border-radius:999px;display:inline-block;opacity:1;float:left;font-size:32px;box-shadow:none;display:inline-block;font-size:16px;padding:0 4px;vertical-align:middle;background-repeat:repeat;overflow:hidden;padding:0;cursor:pointer;box-sizing:content-box\"><svg style=\"display:block;border-radius:999px;\" version=\"1.1\" viewBox=\"-10 -10 148 148\" width=\"100%\" height=\"100%\" xml:space=\"preserve\" xmlns=\"http:\/\/www.w3.org\/2000\/svg\" xmlns:xlink=\"http:\/\/www.w3.org\/1999\/xlink\"><g><g><path d=\"M86,112H42c-14.336,0-26-11.663-26-26V42c0-14.337,11.664-26,26-26h44c14.337,0,26,11.663,26,26v44 C112,100.337,100.337,112,86,112z M42,24c-9.925,0-18,8.074-18,18v44c0,9.925,8.075,18,18,18h44c9.926,0,18-8.075,18-18V42 c0-9.926-8.074-18-18-18H42z\" fill=\"#fff\"><\/path><\/g><g><path d=\"M64,88c-13.234,0-24-10.767-24-24c0-13.234,10.766-24,24-24s24,10.766,24,24C88,77.233,77.234,88,64,88z M64,48c-8.822,0-16,7.178-16,16s7.178,16,16,16c8.822,0,16-7.178,16-16S72.822,48,64,48z\" fill=\"#fff\"><\/path><\/g><g><circle cx=\"89.5\" cy=\"38.5\" fill=\"#fff\" r=\"5.5\"><\/circle><\/g><\/g><\/svg><\/span><\/a><a aria-label=\"X\" class=\"heateor_sss_button_x\" href=\"https:\/\/twitter.com\/intent\/tweet?text=El%20Jard%C3%ADn%20de%20Verano%20%E2%80%93%20Paullina%20Simons&url=https%3A%2F%2Fwww.taller-palabras.com%2FWordPress_06%2F%3Fp%3D4777\" title=\"X\" rel=\"nofollow noopener\" target=\"_blank\" style=\"font-size:32px!important;box-shadow:none;display:inline-block;vertical-align:middle\"><span class=\"heateor_sss_svg heateor_sss_s__default heateor_sss_s_x\" style=\"background-color:#2a2a2a;width:34px;height:34px;border-radius:999px;display:inline-block;opacity:1;float:left;font-size:32px;box-shadow:none;display:inline-block;font-size:16px;padding:0 4px;vertical-align:middle;background-repeat:repeat;overflow:hidden;padding:0;cursor:pointer;box-sizing:content-box\"><svg width=\"100%\" height=\"100%\" style=\"display:block;border-radius:999px;\" focusable=\"false\" aria-hidden=\"true\" xmlns=\"http:\/\/www.w3.org\/2000\/svg\" viewBox=\"0 0 32 32\"><path fill=\"#fff\" d=\"M21.751 7h3.067l-6.7 7.658L26 25.078h-6.172l-4.833-6.32-5.531 6.32h-3.07l7.167-8.19L6 7h6.328l4.37 5.777L21.75 7Zm-1.076 16.242h1.7L11.404 8.74H9.58l11.094 14.503Z\"><\/path><\/svg><\/span><\/a><a aria-label=\"Linkedin\" class=\"heateor_sss_button_linkedin\" href=\"https:\/\/www.linkedin.com\/sharing\/share-offsite\/?url=https%3A%2F%2Fwww.taller-palabras.com%2FWordPress_06%2F%3Fp%3D4777\" title=\"Linkedin\" rel=\"nofollow noopener\" target=\"_blank\" style=\"font-size:32px!important;box-shadow:none;display:inline-block;vertical-align:middle\"><span class=\"heateor_sss_svg heateor_sss_s__default heateor_sss_s_linkedin\" style=\"background-color:#0077b5;width:34px;height:34px;border-radius:999px;display:inline-block;opacity:1;float:left;font-size:32px;box-shadow:none;display:inline-block;font-size:16px;padding:0 4px;vertical-align:middle;background-repeat:repeat;overflow:hidden;padding:0;cursor:pointer;box-sizing:content-box\"><svg style=\"display:block;border-radius:999px;\" focusable=\"false\" aria-hidden=\"true\" xmlns=\"http:\/\/www.w3.org\/2000\/svg\" width=\"100%\" height=\"100%\" viewBox=\"0 0 32 32\"><path d=\"M6.227 12.61h4.19v13.48h-4.19V12.61zm2.095-6.7a2.43 2.43 0 0 1 0 4.86c-1.344 0-2.428-1.09-2.428-2.43s1.084-2.43 2.428-2.43m4.72 6.7h4.02v1.84h.058c.56-1.058 1.927-2.176 3.965-2.176 4.238 0 5.02 2.792 5.02 6.42v7.395h-4.183v-6.56c0-1.564-.03-3.574-2.178-3.574-2.18 0-2.514 1.7-2.514 3.46v6.668h-4.187V12.61z\" fill=\"#fff\"><\/path><\/svg><\/span><\/a><\/div><div class=\"heateorSssClear\"><\/div><\/div><\/p>\n\n\n\n<hr class=\"wp-block-separator has-alpha-channel-opacity\"\/>\n\n\n\n<h3 class=\"wp-block-heading\">Libros en el art\u00edculo<\/h3>\n\n\n\n<p style=\"font-size:23px\"><strong><a href=\"https:\/\/www.taller-palabras.com\/WordPress_04\/?s=Paullina+Simons&amp;post_type=product&amp;v=909ba4ad2bda\"><u>Trilog\u00eda de<\/u><\/a><\/strong>  Paullina Simons<\/p>\n\n\n\n<hr class=\"wp-block-separator has-alpha-channel-opacity\"\/>\n\n\n\n<figure class=\"wp-block-gallery has-nested-images columns-4 is-cropped wp-block-gallery-1 is-layout-flex wp-block-gallery-is-layout-flex\">\n<figure class=\"wp-block-image size-large\"><a href=\"https:\/\/www.taller-palabras.com\/WordPress_06\/wp-content\/uploads\/2025\/06\/JineteBronce.fw_.png\"><img loading=\"lazy\" decoding=\"async\" width=\"324\" height=\"318\" data-id=\"4967\" src=\"https:\/\/www.taller-palabras.com\/WordPress_06\/wp-content\/uploads\/2025\/06\/JineteBronce.fw_.png\" alt=\"\" class=\"wp-image-4967\" srcset=\"https:\/\/www.taller-palabras.com\/WordPress_06\/wp-content\/uploads\/2025\/06\/JineteBronce.fw_.png 324w, https:\/\/www.taller-palabras.com\/WordPress_06\/wp-content\/uploads\/2025\/06\/JineteBronce.fw_-300x294.png 300w, https:\/\/www.taller-palabras.com\/WordPress_06\/wp-content\/uploads\/2025\/06\/JineteBronce.fw_-75x75.png 75w, https:\/\/www.taller-palabras.com\/WordPress_06\/wp-content\/uploads\/2025\/06\/JineteBronce.fw_-50x50.png 50w\" sizes=\"auto, (max-width: 324px) 100vw, 324px\" \/><\/a><\/figure>\n\n\n\n<figure class=\"wp-block-image size-large\"><a href=\"https:\/\/www.taller-palabras.com\/WordPress_06\/wp-content\/uploads\/2025\/06\/TatianaAlexander.png\"><img loading=\"lazy\" decoding=\"async\" width=\"324\" height=\"318\" data-id=\"4968\" src=\"https:\/\/www.taller-palabras.com\/WordPress_06\/wp-content\/uploads\/2025\/06\/TatianaAlexander.png\" alt=\"\" class=\"wp-image-4968\" srcset=\"https:\/\/www.taller-palabras.com\/WordPress_06\/wp-content\/uploads\/2025\/06\/TatianaAlexander.png 324w, https:\/\/www.taller-palabras.com\/WordPress_06\/wp-content\/uploads\/2025\/06\/TatianaAlexander-300x294.png 300w, https:\/\/www.taller-palabras.com\/WordPress_06\/wp-content\/uploads\/2025\/06\/TatianaAlexander-75x75.png 75w, https:\/\/www.taller-palabras.com\/WordPress_06\/wp-content\/uploads\/2025\/06\/TatianaAlexander-50x50.png 50w\" sizes=\"auto, (max-width: 324px) 100vw, 324px\" \/><\/a><\/figure>\n\n\n\n<figure class=\"wp-block-image size-large\"><a href=\"https:\/\/www.taller-palabras.com\/WordPress_06\/wp-content\/uploads\/2025\/06\/JardinVerano.fw_.png\"><img loading=\"lazy\" decoding=\"async\" width=\"324\" height=\"318\" data-id=\"4969\" src=\"https:\/\/www.taller-palabras.com\/WordPress_06\/wp-content\/uploads\/2025\/06\/JardinVerano.fw_.png\" alt=\"\" class=\"wp-image-4969\" srcset=\"https:\/\/www.taller-palabras.com\/WordPress_06\/wp-content\/uploads\/2025\/06\/JardinVerano.fw_.png 324w, https:\/\/www.taller-palabras.com\/WordPress_06\/wp-content\/uploads\/2025\/06\/JardinVerano.fw_-300x294.png 300w, https:\/\/www.taller-palabras.com\/WordPress_06\/wp-content\/uploads\/2025\/06\/JardinVerano.fw_-75x75.png 75w, https:\/\/www.taller-palabras.com\/WordPress_06\/wp-content\/uploads\/2025\/06\/JardinVerano.fw_-50x50.png 50w\" sizes=\"auto, (max-width: 324px) 100vw, 324px\" \/><\/a><\/figure>\n\n\n\n<figure class=\"wp-block-image size-large\"><img loading=\"lazy\" decoding=\"async\" width=\"321\" height=\"321\" data-id=\"4951\" src=\"https:\/\/www.taller-palabras.com\/WordPress_06\/wp-content\/uploads\/2025\/06\/Transparente2.png\" alt=\"\" class=\"wp-image-4951\" srcset=\"https:\/\/www.taller-palabras.com\/WordPress_06\/wp-content\/uploads\/2025\/06\/Transparente2.png 321w, https:\/\/www.taller-palabras.com\/WordPress_06\/wp-content\/uploads\/2025\/06\/Transparente2-300x300.png 300w, https:\/\/www.taller-palabras.com\/WordPress_06\/wp-content\/uploads\/2025\/06\/Transparente2-150x150.png 150w, https:\/\/www.taller-palabras.com\/WordPress_06\/wp-content\/uploads\/2025\/06\/Transparente2-75x75.png 75w, https:\/\/www.taller-palabras.com\/WordPress_06\/wp-content\/uploads\/2025\/06\/Transparente2-50x50.png 50w\" sizes=\"auto, (max-width: 321px) 100vw, 321px\" \/><\/figure>\n<\/figure>\n\n\n\n<hr class=\"wp-block-separator has-alpha-channel-opacity\"\/>\n\n\n\n<h4 class=\"wp-block-heading\" id=\"servicios-editoriales\">Servicios Editoriales<\/h4>\n\n\n\n<h4 class=\"wp-block-heading\" id=\"block-06b84c54-0a17-4422-be2a-7821eb6a01fd\"><a rel=\"noreferrer noopener\" href=\"https:\/\/taller-palabras.com\/servicios.html\" target=\"_blank\">Servicio de Correcci\u00f3n Literaria<\/a><\/h4>\n\n\n\n<hr class=\"wp-block-separator has-alpha-channel-opacity\"\/>\n\n\n\n<h4 class=\"wp-block-heading\" id=\"cursos-de-formacion-via-email-en\">Cursos de Formaci\u00f3n v\u00eda email en<br><a href=\"https:\/\/taller-palabras.com\/cursos.html\" target=\"_blank\" rel=\"noreferrer noopener\">Escritura Creativa<\/a><\/h4>\n\n\n\n<hr class=\"wp-block-separator has-alpha-channel-opacity\"\/>\n\n\n\n<h4 class=\"wp-block-heading\">Servicio Editorial<\/h4>\n\n\n\n<h4 class=\"wp-block-heading\"><a href=\"https:\/\/taller-palabras.com\/servicios.html\" target=\"_blank\" rel=\"noreferrer noopener\">Edici\u00f3n y Programaci\u00f3n Digital<\/a><\/h4>\n\n\n\n<hr class=\"wp-block-separator has-alpha-channel-opacity\"\/>\n\n\n\n<p><\/p>\n","protected":false},"excerpt":{"rendered":"<p>Tatiana y Alexander empiezan una nueva vida en Estados Unidos. Han sobrevivido a una guerra terrible, pero las heridas del alma siguen abiertas\u2026<\/p>\n","protected":false},"author":83,"featured_media":4779,"comment_status":"closed","ping_status":"open","sticky":false,"template":"","format":"standard","meta":{"footnotes":""},"categories":[56],"tags":[36,141,54,163],"class_list":["post-4777","post","type-post","status-publish","format-standard","has-post-thumbnail","hentry","category-resenas","tag-lectura","tag-leer-mucho","tag-resenas","tag-ser-buen-lector"],"yoast_head":"<!-- This site is optimized with the Yoast SEO plugin v27.4 - https:\/\/yoast.com\/product\/yoast-seo-wordpress\/ -->\n<title>El Jard\u00edn de Verano \u2013 Paullina Simons - Red Literaria<\/title>\n<meta name=\"description\" content=\"Primera, segunda y tercera parte de la trilog\u00eda de El Jinete de bronce de Paullina Simons...\" \/>\n<meta name=\"robots\" content=\"index, follow, max-snippet:-1, max-image-preview:large, max-video-preview:-1\" \/>\n<link rel=\"canonical\" href=\"https:\/\/www.taller-palabras.com\/WordPress_06\/resenas\/el-jardin-de-verano\/\" \/>\n<meta property=\"og:locale\" content=\"es_ES\" \/>\n<meta property=\"og:type\" content=\"article\" \/>\n<meta property=\"og:title\" content=\"El Jard\u00edn de Verano \u2013 Paullina Simons - Red Literaria\" \/>\n<meta property=\"og:description\" content=\"Primera, segunda y tercera parte de la trilog\u00eda de El Jinete de bronce de Paullina Simons...\" \/>\n<meta property=\"og:url\" content=\"https:\/\/www.taller-palabras.com\/WordPress_06\/resenas\/el-jardin-de-verano\/\" \/>\n<meta property=\"og:site_name\" content=\"Red Literaria\" \/>\n<meta property=\"article:publisher\" content=\"https:\/\/www.facebook.com\/profile.php?id=100001537279728\" \/>\n<meta property=\"article:published_time\" content=\"2025-06-01T14:12:46+00:00\" \/>\n<meta property=\"article:modified_time\" content=\"2025-07-06T16:40:15+00:00\" \/>\n<meta property=\"og:image\" content=\"https:\/\/www.taller-palabras.com\/WordPress_06\/wp-content\/uploads\/2025\/06\/cabezal-jardinverano.jpg\" \/>\n\t<meta property=\"og:image:width\" content=\"414\" \/>\n\t<meta property=\"og:image:height\" content=\"283\" \/>\n\t<meta property=\"og:image:type\" content=\"image\/jpeg\" \/>\n<meta name=\"author\" content=\"Patricia M\u00f3nica Miranda Alonso\" \/>\n<meta name=\"twitter:card\" content=\"summary_large_image\" \/>\n<meta name=\"twitter:label1\" content=\"Escrito por\" \/>\n\t<meta name=\"twitter:data1\" content=\"Patricia M\u00f3nica Miranda Alonso\" \/>\n\t<meta name=\"twitter:label2\" content=\"Tiempo de lectura\" \/>\n\t<meta name=\"twitter:data2\" content=\"7 minutos\" \/>\n<script type=\"application\/ld+json\" class=\"yoast-schema-graph\">{\"@context\":\"https:\\\/\\\/schema.org\",\"@graph\":[{\"@type\":\"NewsArticle\",\"@id\":\"https:\\\/\\\/www.taller-palabras.com\\\/WordPress_06\\\/resenas\\\/el-jardin-de-verano\\\/#article\",\"isPartOf\":{\"@id\":\"https:\\\/\\\/www.taller-palabras.com\\\/WordPress_06\\\/resenas\\\/el-jardin-de-verano\\\/\"},\"author\":{\"name\":\"Patricia M\u00f3nica Miranda Alonso\",\"@id\":\"https:\\\/\\\/www.taller-palabras.com\\\/WordPress_06\\\/#\\\/schema\\\/person\\\/a774f3e56bddd007723be732994cadd4\"},\"headline\":\"El Jard\u00edn de Verano \u2013 Paullina Simons\",\"datePublished\":\"2025-06-01T14:12:46+00:00\",\"dateModified\":\"2025-07-06T16:40:15+00:00\",\"mainEntityOfPage\":{\"@id\":\"https:\\\/\\\/www.taller-palabras.com\\\/WordPress_06\\\/resenas\\\/el-jardin-de-verano\\\/\"},\"wordCount\":1275,\"publisher\":{\"@id\":\"https:\\\/\\\/www.taller-palabras.com\\\/WordPress_06\\\/#organization\"},\"image\":{\"@id\":\"https:\\\/\\\/www.taller-palabras.com\\\/WordPress_06\\\/resenas\\\/el-jardin-de-verano\\\/#primaryimage\"},\"thumbnailUrl\":\"https:\\\/\\\/www.taller-palabras.com\\\/WordPress_06\\\/wp-content\\\/uploads\\\/2025\\\/06\\\/cabezal-jardinverano.jpg\",\"keywords\":[\"lectura\",\"Leer mucho\",\"rese\u00f1as\",\"ser buen lector\"],\"articleSection\":[\"Rese\u00f1as\"],\"inLanguage\":\"es\"},{\"@type\":[\"WebPage\",\"ItemPage\"],\"@id\":\"https:\\\/\\\/www.taller-palabras.com\\\/WordPress_06\\\/resenas\\\/el-jardin-de-verano\\\/\",\"url\":\"https:\\\/\\\/www.taller-palabras.com\\\/WordPress_06\\\/resenas\\\/el-jardin-de-verano\\\/\",\"name\":\"El Jard\u00edn de Verano \u2013 Paullina Simons - Red Literaria\",\"isPartOf\":{\"@id\":\"https:\\\/\\\/www.taller-palabras.com\\\/WordPress_06\\\/#website\"},\"primaryImageOfPage\":{\"@id\":\"https:\\\/\\\/www.taller-palabras.com\\\/WordPress_06\\\/resenas\\\/el-jardin-de-verano\\\/#primaryimage\"},\"image\":{\"@id\":\"https:\\\/\\\/www.taller-palabras.com\\\/WordPress_06\\\/resenas\\\/el-jardin-de-verano\\\/#primaryimage\"},\"thumbnailUrl\":\"https:\\\/\\\/www.taller-palabras.com\\\/WordPress_06\\\/wp-content\\\/uploads\\\/2025\\\/06\\\/cabezal-jardinverano.jpg\",\"datePublished\":\"2025-06-01T14:12:46+00:00\",\"dateModified\":\"2025-07-06T16:40:15+00:00\",\"description\":\"Primera, segunda y tercera parte de la trilog\u00eda de El Jinete de bronce de Paullina Simons...\",\"breadcrumb\":{\"@id\":\"https:\\\/\\\/www.taller-palabras.com\\\/WordPress_06\\\/resenas\\\/el-jardin-de-verano\\\/#breadcrumb\"},\"inLanguage\":\"es\",\"potentialAction\":[{\"@type\":\"ReadAction\",\"target\":[\"https:\\\/\\\/www.taller-palabras.com\\\/WordPress_06\\\/resenas\\\/el-jardin-de-verano\\\/\"]}]},{\"@type\":\"ImageObject\",\"inLanguage\":\"es\",\"@id\":\"https:\\\/\\\/www.taller-palabras.com\\\/WordPress_06\\\/resenas\\\/el-jardin-de-verano\\\/#primaryimage\",\"url\":\"https:\\\/\\\/www.taller-palabras.com\\\/WordPress_06\\\/wp-content\\\/uploads\\\/2025\\\/06\\\/cabezal-jardinverano.jpg\",\"contentUrl\":\"https:\\\/\\\/www.taller-palabras.com\\\/WordPress_06\\\/wp-content\\\/uploads\\\/2025\\\/06\\\/cabezal-jardinverano.jpg\",\"width\":414,\"height\":283},{\"@type\":\"BreadcrumbList\",\"@id\":\"https:\\\/\\\/www.taller-palabras.com\\\/WordPress_06\\\/resenas\\\/el-jardin-de-verano\\\/#breadcrumb\",\"itemListElement\":[{\"@type\":\"ListItem\",\"position\":1,\"name\":\"Portada\",\"item\":\"https:\\\/\\\/www.taller-palabras.com\\\/WordPress_06\\\/\"},{\"@type\":\"ListItem\",\"position\":2,\"name\":\"El Jard\u00edn de Verano \u2013 Paullina Simons\"}]},{\"@type\":\"WebSite\",\"@id\":\"https:\\\/\\\/www.taller-palabras.com\\\/WordPress_06\\\/#website\",\"url\":\"https:\\\/\\\/www.taller-palabras.com\\\/WordPress_06\\\/\",\"name\":\"Red Literaria\",\"description\":\"Red de lectura y escritura\",\"publisher\":{\"@id\":\"https:\\\/\\\/www.taller-palabras.com\\\/WordPress_06\\\/#organization\"},\"potentialAction\":[{\"@type\":\"SearchAction\",\"target\":{\"@type\":\"EntryPoint\",\"urlTemplate\":\"https:\\\/\\\/www.taller-palabras.com\\\/WordPress_06\\\/?s={search_term_string}\"},\"query-input\":{\"@type\":\"PropertyValueSpecification\",\"valueRequired\":true,\"valueName\":\"search_term_string\"}}],\"inLanguage\":\"es\"},{\"@type\":\"Organization\",\"@id\":\"https:\\\/\\\/www.taller-palabras.com\\\/WordPress_06\\\/#organization\",\"name\":\"Redescribir\",\"url\":\"https:\\\/\\\/www.taller-palabras.com\\\/WordPress_06\\\/\",\"logo\":{\"@type\":\"ImageObject\",\"inLanguage\":\"es\",\"@id\":\"https:\\\/\\\/www.taller-palabras.com\\\/WordPress_06\\\/#\\\/schema\\\/logo\\\/image\\\/\",\"url\":\"https:\\\/\\\/www.taller-palabras.com\\\/WordPress_06\\\/wp-content\\\/uploads\\\/2021\\\/07\\\/redactar_icon.png\",\"contentUrl\":\"https:\\\/\\\/www.taller-palabras.com\\\/WordPress_06\\\/wp-content\\\/uploads\\\/2021\\\/07\\\/redactar_icon.png\",\"width\":25,\"height\":25,\"caption\":\"Redescribir\"},\"image\":{\"@id\":\"https:\\\/\\\/www.taller-palabras.com\\\/WordPress_06\\\/#\\\/schema\\\/logo\\\/image\\\/\"},\"sameAs\":[\"https:\\\/\\\/www.facebook.com\\\/profile.php?id=100001537279728\"]},{\"@type\":\"Person\",\"@id\":\"https:\\\/\\\/www.taller-palabras.com\\\/WordPress_06\\\/#\\\/schema\\\/person\\\/a774f3e56bddd007723be732994cadd4\",\"name\":\"Patricia M\u00f3nica Miranda Alonso\",\"description\":\"Profesora de escritura creativa y coordinadora de talleres literarios, editora y correctora literaria, rese\u00f1adora y cr\u00edtica literaria.\",\"sameAs\":[\"https:\\\/\\\/www.taller-palabras.com\"],\"url\":\"https:\\\/\\\/www.taller-palabras.com\\\/WordPress_06\\\/author\\\/patricia\\\/\"}]}<\/script>\n<!-- \/ Yoast SEO plugin. -->","yoast_head_json":{"title":"El Jard\u00edn de Verano \u2013 Paullina Simons - Red Literaria","description":"Primera, segunda y tercera parte de la trilog\u00eda de El Jinete de bronce de Paullina Simons...","robots":{"index":"index","follow":"follow","max-snippet":"max-snippet:-1","max-image-preview":"max-image-preview:large","max-video-preview":"max-video-preview:-1"},"canonical":"https:\/\/www.taller-palabras.com\/WordPress_06\/resenas\/el-jardin-de-verano\/","og_locale":"es_ES","og_type":"article","og_title":"El Jard\u00edn de Verano \u2013 Paullina Simons - Red Literaria","og_description":"Primera, segunda y tercera parte de la trilog\u00eda de El Jinete de bronce de Paullina Simons...","og_url":"https:\/\/www.taller-palabras.com\/WordPress_06\/resenas\/el-jardin-de-verano\/","og_site_name":"Red Literaria","article_publisher":"https:\/\/www.facebook.com\/profile.php?id=100001537279728","article_published_time":"2025-06-01T14:12:46+00:00","article_modified_time":"2025-07-06T16:40:15+00:00","og_image":[{"width":414,"height":283,"url":"https:\/\/www.taller-palabras.com\/WordPress_06\/wp-content\/uploads\/2025\/06\/cabezal-jardinverano.jpg","type":"image\/jpeg"}],"author":"Patricia M\u00f3nica Miranda Alonso","twitter_card":"summary_large_image","twitter_misc":{"Escrito por":"Patricia M\u00f3nica Miranda Alonso","Tiempo de lectura":"7 minutos"},"schema":{"@context":"https:\/\/schema.org","@graph":[{"@type":"NewsArticle","@id":"https:\/\/www.taller-palabras.com\/WordPress_06\/resenas\/el-jardin-de-verano\/#article","isPartOf":{"@id":"https:\/\/www.taller-palabras.com\/WordPress_06\/resenas\/el-jardin-de-verano\/"},"author":{"name":"Patricia M\u00f3nica Miranda Alonso","@id":"https:\/\/www.taller-palabras.com\/WordPress_06\/#\/schema\/person\/a774f3e56bddd007723be732994cadd4"},"headline":"El Jard\u00edn de Verano \u2013 Paullina Simons","datePublished":"2025-06-01T14:12:46+00:00","dateModified":"2025-07-06T16:40:15+00:00","mainEntityOfPage":{"@id":"https:\/\/www.taller-palabras.com\/WordPress_06\/resenas\/el-jardin-de-verano\/"},"wordCount":1275,"publisher":{"@id":"https:\/\/www.taller-palabras.com\/WordPress_06\/#organization"},"image":{"@id":"https:\/\/www.taller-palabras.com\/WordPress_06\/resenas\/el-jardin-de-verano\/#primaryimage"},"thumbnailUrl":"https:\/\/www.taller-palabras.com\/WordPress_06\/wp-content\/uploads\/2025\/06\/cabezal-jardinverano.jpg","keywords":["lectura","Leer mucho","rese\u00f1as","ser buen lector"],"articleSection":["Rese\u00f1as"],"inLanguage":"es"},{"@type":["WebPage","ItemPage"],"@id":"https:\/\/www.taller-palabras.com\/WordPress_06\/resenas\/el-jardin-de-verano\/","url":"https:\/\/www.taller-palabras.com\/WordPress_06\/resenas\/el-jardin-de-verano\/","name":"El Jard\u00edn de Verano \u2013 Paullina Simons - Red Literaria","isPartOf":{"@id":"https:\/\/www.taller-palabras.com\/WordPress_06\/#website"},"primaryImageOfPage":{"@id":"https:\/\/www.taller-palabras.com\/WordPress_06\/resenas\/el-jardin-de-verano\/#primaryimage"},"image":{"@id":"https:\/\/www.taller-palabras.com\/WordPress_06\/resenas\/el-jardin-de-verano\/#primaryimage"},"thumbnailUrl":"https:\/\/www.taller-palabras.com\/WordPress_06\/wp-content\/uploads\/2025\/06\/cabezal-jardinverano.jpg","datePublished":"2025-06-01T14:12:46+00:00","dateModified":"2025-07-06T16:40:15+00:00","description":"Primera, segunda y tercera parte de la trilog\u00eda de El Jinete de bronce de Paullina Simons...","breadcrumb":{"@id":"https:\/\/www.taller-palabras.com\/WordPress_06\/resenas\/el-jardin-de-verano\/#breadcrumb"},"inLanguage":"es","potentialAction":[{"@type":"ReadAction","target":["https:\/\/www.taller-palabras.com\/WordPress_06\/resenas\/el-jardin-de-verano\/"]}]},{"@type":"ImageObject","inLanguage":"es","@id":"https:\/\/www.taller-palabras.com\/WordPress_06\/resenas\/el-jardin-de-verano\/#primaryimage","url":"https:\/\/www.taller-palabras.com\/WordPress_06\/wp-content\/uploads\/2025\/06\/cabezal-jardinverano.jpg","contentUrl":"https:\/\/www.taller-palabras.com\/WordPress_06\/wp-content\/uploads\/2025\/06\/cabezal-jardinverano.jpg","width":414,"height":283},{"@type":"BreadcrumbList","@id":"https:\/\/www.taller-palabras.com\/WordPress_06\/resenas\/el-jardin-de-verano\/#breadcrumb","itemListElement":[{"@type":"ListItem","position":1,"name":"Portada","item":"https:\/\/www.taller-palabras.com\/WordPress_06\/"},{"@type":"ListItem","position":2,"name":"El Jard\u00edn de Verano \u2013 Paullina Simons"}]},{"@type":"WebSite","@id":"https:\/\/www.taller-palabras.com\/WordPress_06\/#website","url":"https:\/\/www.taller-palabras.com\/WordPress_06\/","name":"Red Literaria","description":"Red de lectura y escritura","publisher":{"@id":"https:\/\/www.taller-palabras.com\/WordPress_06\/#organization"},"potentialAction":[{"@type":"SearchAction","target":{"@type":"EntryPoint","urlTemplate":"https:\/\/www.taller-palabras.com\/WordPress_06\/?s={search_term_string}"},"query-input":{"@type":"PropertyValueSpecification","valueRequired":true,"valueName":"search_term_string"}}],"inLanguage":"es"},{"@type":"Organization","@id":"https:\/\/www.taller-palabras.com\/WordPress_06\/#organization","name":"Redescribir","url":"https:\/\/www.taller-palabras.com\/WordPress_06\/","logo":{"@type":"ImageObject","inLanguage":"es","@id":"https:\/\/www.taller-palabras.com\/WordPress_06\/#\/schema\/logo\/image\/","url":"https:\/\/www.taller-palabras.com\/WordPress_06\/wp-content\/uploads\/2021\/07\/redactar_icon.png","contentUrl":"https:\/\/www.taller-palabras.com\/WordPress_06\/wp-content\/uploads\/2021\/07\/redactar_icon.png","width":25,"height":25,"caption":"Redescribir"},"image":{"@id":"https:\/\/www.taller-palabras.com\/WordPress_06\/#\/schema\/logo\/image\/"},"sameAs":["https:\/\/www.facebook.com\/profile.php?id=100001537279728"]},{"@type":"Person","@id":"https:\/\/www.taller-palabras.com\/WordPress_06\/#\/schema\/person\/a774f3e56bddd007723be732994cadd4","name":"Patricia M\u00f3nica Miranda Alonso","description":"Profesora de escritura creativa y coordinadora de talleres literarios, editora y correctora literaria, rese\u00f1adora y cr\u00edtica literaria.","sameAs":["https:\/\/www.taller-palabras.com"],"url":"https:\/\/www.taller-palabras.com\/WordPress_06\/author\/patricia\/"}]}},"_links":{"self":[{"href":"https:\/\/www.taller-palabras.com\/WordPress_06\/wp-json\/wp\/v2\/posts\/4777","targetHints":{"allow":["GET"]}}],"collection":[{"href":"https:\/\/www.taller-palabras.com\/WordPress_06\/wp-json\/wp\/v2\/posts"}],"about":[{"href":"https:\/\/www.taller-palabras.com\/WordPress_06\/wp-json\/wp\/v2\/types\/post"}],"author":[{"embeddable":true,"href":"https:\/\/www.taller-palabras.com\/WordPress_06\/wp-json\/wp\/v2\/users\/83"}],"replies":[{"embeddable":true,"href":"https:\/\/www.taller-palabras.com\/WordPress_06\/wp-json\/wp\/v2\/comments?post=4777"}],"version-history":[{"count":7,"href":"https:\/\/www.taller-palabras.com\/WordPress_06\/wp-json\/wp\/v2\/posts\/4777\/revisions"}],"predecessor-version":[{"id":5059,"href":"https:\/\/www.taller-palabras.com\/WordPress_06\/wp-json\/wp\/v2\/posts\/4777\/revisions\/5059"}],"wp:featuredmedia":[{"embeddable":true,"href":"https:\/\/www.taller-palabras.com\/WordPress_06\/wp-json\/wp\/v2\/media\/4779"}],"wp:attachment":[{"href":"https:\/\/www.taller-palabras.com\/WordPress_06\/wp-json\/wp\/v2\/media?parent=4777"}],"wp:term":[{"taxonomy":"category","embeddable":true,"href":"https:\/\/www.taller-palabras.com\/WordPress_06\/wp-json\/wp\/v2\/categories?post=4777"},{"taxonomy":"post_tag","embeddable":true,"href":"https:\/\/www.taller-palabras.com\/WordPress_06\/wp-json\/wp\/v2\/tags?post=4777"}],"curies":[{"name":"wp","href":"https:\/\/api.w.org\/{rel}","templated":true}]}}