{"id":5520,"date":"2025-12-14T09:32:56","date_gmt":"2025-12-14T12:32:56","guid":{"rendered":"https:\/\/www.taller-palabras.com\/WordPress_06\/?p=5520"},"modified":"2026-01-12T15:44:13","modified_gmt":"2026-01-12T18:44:13","slug":"tecnicas-en-literatura","status":"publish","type":"post","link":"https:\/\/www.taller-palabras.com\/WordPress_06\/escritura\/tecnicas-en-literatura\/","title":{"rendered":"El silencio habla"},"content":{"rendered":"\n<p>Nadie puede afirmarlo, nadie puede negarlo, una vieja leyenda lo describe. Hay un peque\u00f1o espacio, en una peque\u00f1a ciudad, es como un pliegue en el tiempo imposible de definir, es un espacio que obliga a detenerse. Dicen que tambi\u00e9n es posible encontrarlo all\u00ed donde el bullicio cosmopolita suena como el galope de un animal desbocado. Muchos mencionan que late como un peque\u00f1o coraz\u00f3n, justo en medio de la vor\u00e1gine citadina. Intangible, pasa desapercibido para aquellos que pasan las horas escuchando sin o\u00edr, desestimando el silencio, ignorando las verdades elementales, aquellas que son m\u00e1s verdades cuando no se dicen.<\/p>\n\n\n\n<p>Y es que el silencio no es vac\u00edo y solo aquellos que saben o\u00edr han descubierto ese peque\u00f1o espacio, de casualidad, por suerte, de pura coincidencia. Un peque\u00f1o hueco entre dos mundos, una l\u00ednea muy delgada, un surco casi invisible. Basta con desearlo para estar del otro lado. Y del otro lado una escalera que desciende y al descender, una puerta entreabierta y tras la puerta\u2026<\/p>\n\n\n<div class='yrm-content yrm-content-2 yrm-content-hide  ' id='yrm-KPvf8' data-id='2' data-show-status='false' data-after-action='' style=\"visibility: hidden;height: 0;\">\n\t\t\t<div id='yrm-inner-content-yrm-KPvf8' class='yrm-inner-content-wrapper yrm-cntent-2'><\/p>\n\n\n\n<p class=\"has-black-color has-text-color has-link-color wp-elements-f860d18defcafc8e70cb30e52a962f7e\"><span style=\"font-size:220%;\"><em>M<\/em><\/span>e pas\u00f3 una tarde en que lo necesitaba, tanto deseaba o\u00edr lo intangible que justo en medio de una manifestaci\u00f3n por el reclamo \u00bfde luz?, \u00bfde agua?, \u00bfde mejores salarios?, o quiz\u00e1s de todo eso junto, en medio de una vor\u00e1gine que sonaba como un animal desbocado, en un intento por huir, por buscar el silencio, di un paso hacia el cord\u00f3n de la vereda y como por encanto las voces se silenciaron, los reclamos carecieron de sonoridad y ante m\u00ed una escalera que desciende y al descender lo primero que vi fue una niebla suave que lo envolv\u00eda todo, tras algunos girones de bruma, all\u00ed estaban. Inm\u00f3viles, los libros parec\u00edan sostener una quietud antigua. No una quietud muerta, sino una especie de silencio activo, como si cada sombra, cada respiraci\u00f3n contenida, aguardara para ser escuchada. No podr\u00eda explicar c\u00f3mo me di cuenta, lo cierto es que aquellos libros respiraban, eran ellos los que exhalaban una especie de vapores con formas redondeadas, picudas. No tard\u00e9 en comprender que aquella niebla estaba hecha de palabras. De m\u00e1s est\u00e1 decir que me qued\u00e9 inm\u00f3vil y no solo eso, a pesar de tantas palabras, me hab\u00eda quedado sin palabras. Las voces de la ciudad, el tr\u00e1fico, los c\u00e1nticos de la manifestaci\u00f3n, todo se hab\u00eda esfumado y apenas un eco me confirmaba aquella leyenda: El silencio no es vac\u00edo, es un hueco subterr\u00e1neo de sentido. Y es que ese d\u00eda descubr\u00ed que el silencio tiene una densidad distinta como si cada palabra no dicha ocultara una historia dispuesta a emerger.<\/p>\n\n\n\n<p class=\"has-black-color has-text-color has-link-color wp-elements-da602aa04982402fe7092bb31e5d50c9\">Cuando me habitu\u00e9 a la casi invisibilidad de las formas entre la bruma, me di cuenta de que estaba en un sal\u00f3n enorme, sillones mullidos, mesas de arrime y libros y m\u00e1s libros envueltos permanentemente por esa especie de neblina espesa.<br>De pronto lo vi. No podr\u00eda afirmar si era un hombre, una mujer, si era real o pura imaginaci\u00f3n. Estaba en un rinc\u00f3n, distante, como si estuviera escuchando algo inaudible; levant\u00f3 la mirada y me ofreci\u00f3 un cigarrillo, como en una pel\u00edcula antigua, pens\u00e9. No habl\u00f3. Yo tampoco. Pero en ese silencio compartido ocurri\u00f3 algo extra\u00f1amente c\u00e1lido: su mirada. Tard\u00e9 casi un segundo en reconocerlo, un segundo fue suficiente para reconocer detr\u00e1s de esos lentes redondos, la mirada serena en el rostro delgado de <strong>Jos\u00e9 Saramago<\/strong>. El humo del cigarrillo en su mano se fue mezclando con la bruma hasta que tom\u00f3 forma: <em>El silencio tambi\u00e9n dice. Basta saber escucharlo. <\/em>Lo extra\u00f1o era que no solo le\u00eda las palabras sino que las o\u00eda en el silencio con una claridad infinita.Y no hizo falta m\u00e1s para recordar <a href=\"https:\/\/www.taller-palabras.com\/WordPress_04\/producto\/cuadernos-de-lanzarote-jose-saramago-ebook\"><strong><em><u>Cuadernos de Lanzarote<\/u><\/em><\/strong><\/a>, ese conjunto de escritos que reflejan su d\u00eda a d\u00eda en las Islas Canarias, combinando observaciones cotidianas, reflexiones personales, comentarios sobre su obra y opiniones sobre temas sociales y pol\u00edticos. Fue suficiente, bast\u00f3 esa ausencia de palabras para que entre nosotros naciera una complicidad silenciosa, m\u00e1s elocuente que cualquier frase casual.<br>Tras un leve parpadeo su figura desapareci\u00f3, me dej\u00f3 una especie de nostalgia vasta, un deseo de ser comprendido sin mediaciones, de comprender. Cinco minutos antes el ruido de la calle no me dejaba o\u00edr y resulta que en un tris o\u00eda el silencio.<br>Mientras intentaba razonar lo que estaba pasando, una especie de voz callada susurr\u00f3 en mi mente: <em>Ellos ya sab\u00edan leer en sus silencios\u2026<\/em> instintivamente llev\u00e9 mi mano al bolsillo de la campera. Por supuesto, as\u00ed es <strong>Cort\u00e1zar<\/strong>, pens\u00e9, nunca se anuncia, te asalta como una brisa en el verano y cuando junto con la mano emergi\u00f3 del bolsillo la tapa amarilla de <a href=\"https:\/\/www.taller-palabras.com\/WordPress_04\/producto\/bestiario-julio-cortazar-ebook?v=909ba4ad2bda\"><strong><em><u>Bestiario<\/u><\/em><\/strong><\/a>, sonre\u00ed<em>.<\/em> En ese cuento es evidente que el silencio se convierte en un espacio donde lo no dicho gana poder, sugiriendo una comunicaci\u00f3n emocional rota entre los personajes. No era casual que entre todos antes de salir de casa hubiera elegido ese libro, no era casual tampoco que hubiera acabado dentro de ese peque\u00f1o pliegue que exist\u00eda justamente para eso: para aprender a leer en el silencio, volverlo presencia, lenguaje.<br>Voltee la mirada, la figura en el rinc\u00f3n se desintegraba pero antes me pareci\u00f3 ver que asent\u00eda como impuls\u00e1ndome a seguir avanzando entre las brumas&#8230;<\/p>\n\n\n<p><div class='yrm-content yrm-content-2 yrm-content-hide  ' id='yrm-Wo1cn' data-id='2' data-show-status='false' data-after-action='' style=\"visibility: hidden;height: 0;\">\n\t\t\t<div id='yrm-inner-content-yrm-Wo1cn' class='yrm-inner-content-wrapper yrm-cntent-2'><\/p>\n\n\n\n<p class=\"has-black-color has-text-color has-link-color wp-elements-9218fd4e5d7d76ccec38a7515a856ea2\">Claro que solo me lo pareci\u00f3 porque all\u00ed todo era tan quieto y tan impreciso como silente, solo con paciencia lograr\u00eda descifrar los misterios callados de aquel sitio. Y no solo ayud\u00f3 la paciencia sino la casualidad, una vez m\u00e1s. Cuando quise seguir avanzando por aquel espacio eterno, mis pies tropezaron con algo, me agach\u00e9, lo recog\u00ed, era un cuaderno de tapas gastadas, quien sino la casualidad lo hab\u00eda puesto en mi camino. Lo abr\u00ed en una p\u00e1gina al azar, solo l\u00edneas horizontales, la siguiente p\u00e1gina: solo l\u00edneas horizontales. Y nuevamente ese susurro en mi cabeza: esas l\u00edneas representan lo que nadie ha dicho. \u00bfLo imagin\u00e9 o lo escuch\u00e9? Finalmente hube de rendirme ante lo evidente, all\u00ed nadie me hablar\u00eda ni siquiera encontrar\u00eda escrito el misterio de aquel sitio y sin embargo escuchar\u00eda un adi\u00f3s, un perd\u00f3n, un cari\u00f1o guardado. Sin darme cuenta pas\u00e9 el dedo sobre una de esas l\u00edneas, como acariciando el papel rugoso. Despacio como si alguien invisible escribiera fui leyendo: <em>A veces el silencio es la \u00fanica forma de decir lo que no se puede gritar. <\/em>Se detuvo la escritura solo un segundo y enseguida apareci\u00f3 un nombre <strong>Mario Benedetti.<\/strong> Acarici\u00e9 el siguiente rengl\u00f3n y la magia volvi\u00f3 a ocurrir: <em>Hay pocas cosas tan ensordecedoras como el silencio.<\/em> Y era magia sin duda porque antes de salir de casa estuve a punto de poner en el bolsillo de mi campera <a href=\"https:\/\/www.taller-palabras.com\/WordPress_04\/producto\/rincon-de-haikus-mario-benedetti-ebook\"><strong><em><u>Rinc\u00f3n de Haikus<\/u><\/em><\/strong><\/a> adivinen de qui\u00e9n: del mism\u00edsimo <strong>Mario Benedetti<\/strong>. Debo admitir que el cuaderno tembl\u00f3 en mis manos y a punto estuve de pegar media vuelta y salir corriendo pero mis dedos hab\u00edan tropezado con otro rengl\u00f3n y\u2026<br>S\u00ed, exactamente, como si de una pluma invisible se tratara poco a poco se materializaba una letra inclinada hacia la derecha, como de alguien que escribe apurado: <em>El silencio es lo que sostiene la escritura<\/em>. Sonre\u00ed porque esa s\u00ed la hab\u00eda le\u00eddo hace mucho, mucho tiempo pero la recordaba perfectamente. No me anim\u00e9 a decir nada, dadas las circunstancias no lo cre\u00ed conveniente y enseguida se confirmaron mis sospechas cuando detr\u00e1s de la frase apareci\u00f3 el nombre <strong>Marguerite Duras<\/strong>, <a href=\"https:\/\/www.taller-palabras.com\/WordPress_04\/producto\/escribir-marguerite-duras-ebook?v=909ba4ad2bda\"><strong><em><u>Escribir<\/u><\/em><\/strong><\/a>, pens\u00e9, un maravilloso librito donde adem\u00e1s de sus pensamientos justamente esta frase estaba escrita con una letra inclinada, como de alguien que escribe apurado, apurada en este caso.<br>A esta altura de mi periplo la bruma se hab\u00eda convertido en algo casi normal. Sin embargo, no pude dejar de asombrarme cuando volv\u00ed a prestar atenci\u00f3n a esa especie de vapores con formas redondeadas, picudas. Si las miraba con atenci\u00f3n iban materializ\u00e1ndose siempre discretas, como en sordina. Lentamente fue cobrando forma\u2026<\/p>\n\n\n<p><div class='yrm-content yrm-content-2 yrm-content-hide  ' id='yrm-a2ltR' data-id='2' data-show-status='false' data-after-action='' style=\"visibility: hidden;height: 0;\">\n\t\t\t<div id='yrm-inner-content-yrm-a2ltR' class='yrm-inner-content-wrapper yrm-cntent-2'><\/p>\n\n\n\n<p class=\"has-black-color has-text-color has-link-color wp-elements-7ddd2c910e69dd39795b649584327bd1\">hasta que suspendida en el aire le\u00ed: <em>Hubo un silencio largo; lo que no dijimos pesaba m\u00e1s que cualquier respuesta<\/em>. Un escalofr\u00edo me recorri\u00f3 de arriba abajo recordaba perfectamente la conversaci\u00f3n entre Kathy y Tommy, los protagonistas de <a href=\"https:\/\/www.taller-palabras.com\/WordPress_04\/producto\/nunca-me-abandones-kazuo-ishiguro-ebook?v=909ba4ad2bda\"><strong><em><u>Nunca me abandones<\/u><\/em><\/strong><\/a><em> <\/em>de <strong>Kazuo Ishiguro<\/strong>. Un autor de aquellos que te dejan sin palabras, nunca m\u00e1s apropiado, ese libro es cuando menos inquietante y all\u00ed <strong>Ishuguro<\/strong> convierte el silencio emocional en un espacio donde los personajes toman conciencia de su destino: lo no dicho resuena con m\u00e1s fuerza que cualquier revelaci\u00f3n.<br>No, aquel no era un reducto cualquiera, all\u00ed el silencio de afuera se convert\u00eda en el murmullo de adentro. Me escuch\u00e9 a m\u00ed mismo: mis latidos, mis dudas, mis deseos olvidados. Fue entonces cuando entend\u00ed, con una certeza serena, sin prisa, que esas voces silenciosas formaban parte de una narrativa m\u00e1s amplia: una red de memorias compartidas, de heridas que nunca cerraron del todo, de esperanzas sin pronunciar.<br>Y en ese \u00faltimo acto, supe que cuando volviera al mundo de afuera ya no ser\u00eda el mismo. Porque el silencio me hab\u00eda hablado, me hab\u00eda transformado. Y lo hab\u00eda hecho sin ruido, sin estridencias, con la suavidad de lo inevitable. Hab\u00eda aprendido la t\u00e9cnica secreta que conocen los que realmente oyen: <strong>en el coraz\u00f3n del ruido, siempre late un silencio que habla.<\/strong><br>Desde entonces, cada vez que el ruido de la ciudad se vuelve insoportable, cierro los ojos y busco ese pliegue. A veces no lo encuentro \u2014la puerta permanece invisible\u2014, otras veces basta una intenci\u00f3n, un deseo tenue. Y cuando lo cruzo, ya no vuelvo solo: llevo conmigo las historias indecibles de otros. Cada regreso es distinto, cada retorno transforma algo.<br>Y mientras tanto, como dijo <a href=\"https:\/\/www.taller-palabras.com\/WordPress_04\/?s=Murakami&amp;post_type=product&amp;v=909ba4ad2bda\"><strong><u>Murakami<\/u><\/strong><\/a>: <em>Escucho el silencio. Lo escucho hablar<\/em>.<\/p>\n\n\n<p><\/div>\n\t\t<\/div><div class='yrm-btn-wrapper yrm-btn-wrapper-2 yrm-more-button-wrapper  '\n\t\tdata-custom-more-class-name='' data-custom-less-class-name=''><span title='' data-less-title='' data-more-title='' class='yrm-toggle-expand  yrm-toggle-expand-2 ' data-rel='yrm-a2ltR' data-more='Leer m\u00e1s...' data-less='Read less'><span class='yrm-text-wrapper yrm-text-wrapper-custom-dimensions'><span class=\"yrm-button-text-2 yrm-button-text-span\">Leer m\u00e1s...<\/span><\/span><\/span><\/div><\/div>\n\t\t<\/div><div class='yrm-btn-wrapper yrm-btn-wrapper-2 yrm-more-button-wrapper  '\n\t\tdata-custom-more-class-name='' data-custom-less-class-name=''><span title='' data-less-title='' data-more-title='' class='yrm-toggle-expand  yrm-toggle-expand-2 ' data-rel='yrm-Wo1cn' data-more='Leer m\u00e1s...' data-less='Read less'><span class='yrm-text-wrapper yrm-text-wrapper-custom-dimensions'><span class=\"yrm-button-text-2 yrm-button-text-span\">Leer m\u00e1s...<\/span><\/span><\/span><\/div><\/div>\n\t\t<\/div><div class='yrm-btn-wrapper yrm-btn-wrapper-2 yrm-more-button-wrapper  '\n\t\tdata-custom-more-class-name='' data-custom-less-class-name=''><span title='' data-less-title='' data-more-title='' class='yrm-toggle-expand  yrm-toggle-expand-2 ' data-rel='yrm-KPvf8' data-more='Leer m\u00e1s...' data-less='Read less'><span class='yrm-text-wrapper yrm-text-wrapper-custom-dimensions'><span class=\"yrm-button-text-2 yrm-button-text-span\">Leer m\u00e1s...<\/span><\/span><\/span><\/div>\n\n\n\n<hr class=\"wp-block-separator has-alpha-channel-opacity\"\/>\n\n\n\n\n\n<p>Comparte la experiencia  \ud83d\ude09<br \/>\n<div class=\"heateor_sss_sharing_container heateor_sss_horizontal_sharing\" data-heateor-ss-offset=\"0\" data-heateor-sss-href='https:\/\/www.taller-palabras.com\/WordPress_06\/escritura\/tecnicas-en-literatura\/'><div class=\"heateor_sss_sharing_ul\"><a aria-label=\"Facebook\" class=\"heateor_sss_facebook\" href=\"https:\/\/www.facebook.com\/sharer\/sharer.php?u=https%3A%2F%2Fwww.taller-palabras.com%2FWordPress_06%2F%3Fp%3D5520\" title=\"Facebook\" rel=\"nofollow noopener\" target=\"_blank\" style=\"font-size:32px!important;box-shadow:none;display:inline-block;vertical-align:middle\"><span class=\"heateor_sss_svg\" style=\"background-color:#0765FE;width:34px;height:34px;border-radius:999px;display:inline-block;opacity:1;float:left;font-size:32px;box-shadow:none;display:inline-block;font-size:16px;padding:0 4px;vertical-align:middle;background-repeat:repeat;overflow:hidden;padding:0;cursor:pointer;box-sizing:content-box\"><svg style=\"display:block;border-radius:999px;\" focusable=\"false\" aria-hidden=\"true\" xmlns=\"http:\/\/www.w3.org\/2000\/svg\" width=\"100%\" height=\"100%\" viewBox=\"0 0 32 32\"><path fill=\"#fff\" d=\"M28 16c0-6.627-5.373-12-12-12S4 9.373 4 16c0 5.628 3.875 10.35 9.101 11.647v-7.98h-2.474V16H13.1v-1.58c0-4.085 1.849-5.978 5.859-5.978.76 0 2.072.15 2.608.298v3.325c-.283-.03-.775-.045-1.386-.045-1.967 0-2.728.745-2.728 2.683V16h3.92l-.673 3.667h-3.247v8.245C23.395 27.195 28 22.135 28 16Z\"><\/path><\/svg><\/span><\/a><a aria-label=\"Whatsapp\" class=\"heateor_sss_whatsapp\" href=\"https:\/\/api.whatsapp.com\/send?text=El%20silencio%20habla%20https%3A%2F%2Fwww.taller-palabras.com%2FWordPress_06%2F%3Fp%3D5520\" title=\"Whatsapp\" rel=\"nofollow noopener\" target=\"_blank\" style=\"font-size:32px!important;box-shadow:none;display:inline-block;vertical-align:middle\"><span class=\"heateor_sss_svg\" style=\"background-color:#55eb4c;width:34px;height:34px;border-radius:999px;display:inline-block;opacity:1;float:left;font-size:32px;box-shadow:none;display:inline-block;font-size:16px;padding:0 4px;vertical-align:middle;background-repeat:repeat;overflow:hidden;padding:0;cursor:pointer;box-sizing:content-box\"><svg style=\"display:block;border-radius:999px;\" focusable=\"false\" aria-hidden=\"true\" xmlns=\"http:\/\/www.w3.org\/2000\/svg\" width=\"100%\" height=\"100%\" viewBox=\"-6 -5 40 40\"><path class=\"heateor_sss_svg_stroke heateor_sss_no_fill\" stroke=\"#fff\" stroke-width=\"2\" fill=\"none\" d=\"M 11.579798566743314 24.396926207859085 A 10 10 0 1 0 6.808479557110079 20.73576436351046\"><\/path><path d=\"M 7 19 l -1 6 l 6 -1\" class=\"heateor_sss_no_fill heateor_sss_svg_stroke\" stroke=\"#fff\" stroke-width=\"2\" fill=\"none\"><\/path><path d=\"M 10 10 q -1 8 8 11 c 5 -1 0 -6 -1 -3 q -4 -3 -5 -5 c 4 -2 -1 -5 -1 -4\" fill=\"#fff\"><\/path><\/svg><\/span><\/a><a aria-label=\"Pinterest\" class=\"heateor_sss_button_pinterest\" href=\"https:\/\/www.taller-palabras.com\/WordPress_06\/?p=5520\" onclick=\"event.preventDefault();javascript:void( (function() {var e=document.createElement('script' );e.setAttribute('type','text\/javascript' );e.setAttribute('charset','UTF-8' );e.setAttribute('src','\/\/assets.pinterest.com\/js\/pinmarklet.js?r='+Math.random()*99999999);document.body.appendChild(e)})());\" title=\"Pinterest\" rel=\"noopener\" style=\"font-size:32px!important;box-shadow:none;display:inline-block;vertical-align:middle\"><span class=\"heateor_sss_svg heateor_sss_s__default heateor_sss_s_pinterest\" style=\"background-color:#cc2329;width:34px;height:34px;border-radius:999px;display:inline-block;opacity:1;float:left;font-size:32px;box-shadow:none;display:inline-block;font-size:16px;padding:0 4px;vertical-align:middle;background-repeat:repeat;overflow:hidden;padding:0;cursor:pointer;box-sizing:content-box\"><svg style=\"display:block;border-radius:999px;\" focusable=\"false\" aria-hidden=\"true\" xmlns=\"http:\/\/www.w3.org\/2000\/svg\" width=\"100%\" height=\"100%\" viewBox=\"-2 -2 35 35\"><path fill=\"#fff\" d=\"M16.539 4.5c-6.277 0-9.442 4.5-9.442 8.253 0 2.272.86 4.293 2.705 5.046.303.125.574.005.662-.33.061-.231.205-.816.27-1.06.088-.331.053-.447-.191-.736-.532-.627-.873-1.439-.873-2.591 0-3.338 2.498-6.327 6.505-6.327 3.548 0 5.497 2.168 5.497 5.062 0 3.81-1.686 7.025-4.188 7.025-1.382 0-2.416-1.142-2.085-2.545.397-1.674 1.166-3.48 1.166-4.689 0-1.081-.581-1.983-1.782-1.983-1.413 0-2.548 1.462-2.548 3.419 0 1.247.421 2.091.421 2.091l-1.699 7.199c-.505 2.137-.076 4.755-.039 5.019.021.158.223.196.314.077.13-.17 1.813-2.247 2.384-4.324.162-.587.929-3.631.929-3.631.46.876 1.801 1.646 3.227 1.646 4.247 0 7.128-3.871 7.128-9.053.003-3.918-3.317-7.568-8.361-7.568z\"\/><\/svg><\/span><\/a><a aria-label=\"Instagram\" class=\"heateor_sss_button_instagram\" href=\"https:\/\/www.instagram.com\/\" title=\"Instagram\" rel=\"nofollow noopener\" target=\"_blank\" style=\"font-size:32px!important;box-shadow:none;display:inline-block;vertical-align:middle\"><span class=\"heateor_sss_svg\" style=\"background-color:#53beee;width:34px;height:34px;border-radius:999px;display:inline-block;opacity:1;float:left;font-size:32px;box-shadow:none;display:inline-block;font-size:16px;padding:0 4px;vertical-align:middle;background-repeat:repeat;overflow:hidden;padding:0;cursor:pointer;box-sizing:content-box\"><svg style=\"display:block;border-radius:999px;\" version=\"1.1\" viewBox=\"-10 -10 148 148\" width=\"100%\" height=\"100%\" xml:space=\"preserve\" xmlns=\"http:\/\/www.w3.org\/2000\/svg\" xmlns:xlink=\"http:\/\/www.w3.org\/1999\/xlink\"><g><g><path d=\"M86,112H42c-14.336,0-26-11.663-26-26V42c0-14.337,11.664-26,26-26h44c14.337,0,26,11.663,26,26v44 C112,100.337,100.337,112,86,112z M42,24c-9.925,0-18,8.074-18,18v44c0,9.925,8.075,18,18,18h44c9.926,0,18-8.075,18-18V42 c0-9.926-8.074-18-18-18H42z\" fill=\"#fff\"><\/path><\/g><g><path d=\"M64,88c-13.234,0-24-10.767-24-24c0-13.234,10.766-24,24-24s24,10.766,24,24C88,77.233,77.234,88,64,88z M64,48c-8.822,0-16,7.178-16,16s7.178,16,16,16c8.822,0,16-7.178,16-16S72.822,48,64,48z\" fill=\"#fff\"><\/path><\/g><g><circle cx=\"89.5\" cy=\"38.5\" fill=\"#fff\" r=\"5.5\"><\/circle><\/g><\/g><\/svg><\/span><\/a><a aria-label=\"X\" class=\"heateor_sss_button_x\" href=\"https:\/\/twitter.com\/intent\/tweet?text=El%20silencio%20habla&url=https%3A%2F%2Fwww.taller-palabras.com%2FWordPress_06%2F%3Fp%3D5520\" title=\"X\" rel=\"nofollow noopener\" target=\"_blank\" style=\"font-size:32px!important;box-shadow:none;display:inline-block;vertical-align:middle\"><span class=\"heateor_sss_svg heateor_sss_s__default heateor_sss_s_x\" style=\"background-color:#2a2a2a;width:34px;height:34px;border-radius:999px;display:inline-block;opacity:1;float:left;font-size:32px;box-shadow:none;display:inline-block;font-size:16px;padding:0 4px;vertical-align:middle;background-repeat:repeat;overflow:hidden;padding:0;cursor:pointer;box-sizing:content-box\"><svg width=\"100%\" height=\"100%\" style=\"display:block;border-radius:999px;\" focusable=\"false\" aria-hidden=\"true\" xmlns=\"http:\/\/www.w3.org\/2000\/svg\" viewBox=\"0 0 32 32\"><path fill=\"#fff\" d=\"M21.751 7h3.067l-6.7 7.658L26 25.078h-6.172l-4.833-6.32-5.531 6.32h-3.07l7.167-8.19L6 7h6.328l4.37 5.777L21.75 7Zm-1.076 16.242h1.7L11.404 8.74H9.58l11.094 14.503Z\"><\/path><\/svg><\/span><\/a><a aria-label=\"Linkedin\" class=\"heateor_sss_button_linkedin\" href=\"https:\/\/www.linkedin.com\/sharing\/share-offsite\/?url=https%3A%2F%2Fwww.taller-palabras.com%2FWordPress_06%2F%3Fp%3D5520\" title=\"Linkedin\" rel=\"nofollow noopener\" target=\"_blank\" style=\"font-size:32px!important;box-shadow:none;display:inline-block;vertical-align:middle\"><span class=\"heateor_sss_svg heateor_sss_s__default heateor_sss_s_linkedin\" style=\"background-color:#0077b5;width:34px;height:34px;border-radius:999px;display:inline-block;opacity:1;float:left;font-size:32px;box-shadow:none;display:inline-block;font-size:16px;padding:0 4px;vertical-align:middle;background-repeat:repeat;overflow:hidden;padding:0;cursor:pointer;box-sizing:content-box\"><svg style=\"display:block;border-radius:999px;\" focusable=\"false\" aria-hidden=\"true\" xmlns=\"http:\/\/www.w3.org\/2000\/svg\" width=\"100%\" height=\"100%\" viewBox=\"0 0 32 32\"><path d=\"M6.227 12.61h4.19v13.48h-4.19V12.61zm2.095-6.7a2.43 2.43 0 0 1 0 4.86c-1.344 0-2.428-1.09-2.428-2.43s1.084-2.43 2.428-2.43m4.72 6.7h4.02v1.84h.058c.56-1.058 1.927-2.176 3.965-2.176 4.238 0 5.02 2.792 5.02 6.42v7.395h-4.183v-6.56c0-1.564-.03-3.574-2.178-3.574-2.18 0-2.514 1.7-2.514 3.46v6.668h-4.187V12.61z\" fill=\"#fff\"><\/path><\/svg><\/span><\/a><\/div><div class=\"heateorSssClear\"><\/div><\/div><\/p>\n\n\n\n<hr class=\"wp-block-separator has-alpha-channel-opacity\"\/>\n\n\n\n<figure class=\"wp-block-image size-full is-resized\"><a href=\"https:\/\/www.taller-palabras.com\/WordPress_04\/producto\/libros-en-el-articulo-los-policiales-me-los-como\" target=\"_blank\" rel=\"noreferrer noopener\"><img loading=\"lazy\" decoding=\"async\" width=\"442\" height=\"268\" src=\"https:\/\/www.taller-palabras.com\/WordPress_06\/wp-content\/uploads\/2021\/07\/digital_papel.jpg\" alt=\"\" class=\"wp-image-1744\" style=\"object-fit:cover;width:180px;height:100px\" srcset=\"https:\/\/www.taller-palabras.com\/WordPress_06\/wp-content\/uploads\/2021\/07\/digital_papel.jpg 442w, https:\/\/www.taller-palabras.com\/WordPress_06\/wp-content\/uploads\/2021\/07\/digital_papel-300x182.jpg 300w\" sizes=\"auto, (max-width: 442px) 100vw, 442px\" \/><\/a><\/figure>\n\n\n\n<h4 class=\"wp-block-heading\">Libros en el art\u00edculo<\/h4>\n\n\n\n<figure class=\"wp-block-gallery has-nested-images columns-6 wp-block-gallery-1 is-layout-flex wp-block-gallery-is-layout-flex\">\n<figure class=\"wp-block-image size-large\"><a href=\"https:\/\/www.taller-palabras.com\/WordPress_06\/wp-content\/uploads\/2025\/12\/Bestiario.fw_.png\"><img loading=\"lazy\" decoding=\"async\" width=\"369\" height=\"318\" data-id=\"5529\" src=\"https:\/\/www.taller-palabras.com\/WordPress_06\/wp-content\/uploads\/2025\/12\/Bestiario.fw_.png\" alt=\"\" class=\"wp-image-5529\" srcset=\"https:\/\/www.taller-palabras.com\/WordPress_06\/wp-content\/uploads\/2025\/12\/Bestiario.fw_.png 369w, https:\/\/www.taller-palabras.com\/WordPress_06\/wp-content\/uploads\/2025\/12\/Bestiario.fw_-300x259.png 300w\" sizes=\"auto, (max-width: 369px) 100vw, 369px\" \/><\/a><\/figure>\n\n\n\n<figure class=\"wp-block-image size-large\"><a href=\"https:\/\/www.taller-palabras.com\/WordPress_06\/wp-content\/uploads\/2025\/12\/CuadernosLanzarote.fw_.png\"><img loading=\"lazy\" decoding=\"async\" width=\"369\" height=\"318\" data-id=\"5530\" src=\"https:\/\/www.taller-palabras.com\/WordPress_06\/wp-content\/uploads\/2025\/12\/CuadernosLanzarote.fw_.png\" alt=\"\" class=\"wp-image-5530\" srcset=\"https:\/\/www.taller-palabras.com\/WordPress_06\/wp-content\/uploads\/2025\/12\/CuadernosLanzarote.fw_.png 369w, https:\/\/www.taller-palabras.com\/WordPress_06\/wp-content\/uploads\/2025\/12\/CuadernosLanzarote.fw_-300x259.png 300w\" sizes=\"auto, (max-width: 369px) 100vw, 369px\" \/><\/a><\/figure>\n\n\n\n<figure class=\"wp-block-image size-large\"><a href=\"https:\/\/www.taller-palabras.com\/WordPress_06\/wp-content\/uploads\/2025\/12\/Escribir.fw_.png\"><img loading=\"lazy\" decoding=\"async\" width=\"369\" height=\"318\" data-id=\"5531\" src=\"https:\/\/www.taller-palabras.com\/WordPress_06\/wp-content\/uploads\/2025\/12\/Escribir.fw_.png\" alt=\"\" class=\"wp-image-5531\" srcset=\"https:\/\/www.taller-palabras.com\/WordPress_06\/wp-content\/uploads\/2025\/12\/Escribir.fw_.png 369w, https:\/\/www.taller-palabras.com\/WordPress_06\/wp-content\/uploads\/2025\/12\/Escribir.fw_-300x259.png 300w\" sizes=\"auto, (max-width: 369px) 100vw, 369px\" \/><\/a><\/figure>\n\n\n\n<figure class=\"wp-block-image size-large\"><a href=\"https:\/\/www.taller-palabras.com\/WordPress_06\/wp-content\/uploads\/2025\/12\/NuncaAbandones.fw_.png\"><img loading=\"lazy\" decoding=\"async\" width=\"369\" height=\"318\" data-id=\"5532\" src=\"https:\/\/www.taller-palabras.com\/WordPress_06\/wp-content\/uploads\/2025\/12\/NuncaAbandones.fw_.png\" alt=\"\" class=\"wp-image-5532\" srcset=\"https:\/\/www.taller-palabras.com\/WordPress_06\/wp-content\/uploads\/2025\/12\/NuncaAbandones.fw_.png 369w, https:\/\/www.taller-palabras.com\/WordPress_06\/wp-content\/uploads\/2025\/12\/NuncaAbandones.fw_-300x259.png 300w\" sizes=\"auto, (max-width: 369px) 100vw, 369px\" \/><\/a><\/figure>\n\n\n\n<figure class=\"wp-block-image size-large\"><a href=\"https:\/\/www.taller-palabras.com\/WordPress_06\/wp-content\/uploads\/2025\/12\/RinconHaikus.fw_.png\"><img loading=\"lazy\" decoding=\"async\" width=\"369\" height=\"318\" data-id=\"5533\" src=\"https:\/\/www.taller-palabras.com\/WordPress_06\/wp-content\/uploads\/2025\/12\/RinconHaikus.fw_.png\" alt=\"\" class=\"wp-image-5533\" srcset=\"https:\/\/www.taller-palabras.com\/WordPress_06\/wp-content\/uploads\/2025\/12\/RinconHaikus.fw_.png 369w, https:\/\/www.taller-palabras.com\/WordPress_06\/wp-content\/uploads\/2025\/12\/RinconHaikus.fw_-300x259.png 300w\" sizes=\"auto, (max-width: 369px) 100vw, 369px\" \/><\/a><\/figure>\n\n\n\n<figure class=\"wp-block-image size-large\"><img loading=\"lazy\" decoding=\"async\" width=\"321\" height=\"321\" data-id=\"4951\" src=\"https:\/\/www.taller-palabras.com\/WordPress_06\/wp-content\/uploads\/2025\/06\/Transparente2.png\" alt=\"\" class=\"wp-image-4951\" srcset=\"https:\/\/www.taller-palabras.com\/WordPress_06\/wp-content\/uploads\/2025\/06\/Transparente2.png 321w, https:\/\/www.taller-palabras.com\/WordPress_06\/wp-content\/uploads\/2025\/06\/Transparente2-300x300.png 300w, https:\/\/www.taller-palabras.com\/WordPress_06\/wp-content\/uploads\/2025\/06\/Transparente2-150x150.png 150w, https:\/\/www.taller-palabras.com\/WordPress_06\/wp-content\/uploads\/2025\/06\/Transparente2-75x75.png 75w, https:\/\/www.taller-palabras.com\/WordPress_06\/wp-content\/uploads\/2025\/06\/Transparente2-50x50.png 50w\" sizes=\"auto, (max-width: 321px) 100vw, 321px\" \/><\/figure>\n<\/figure>\n\n\n\n<hr class=\"wp-block-separator has-alpha-channel-opacity\"\/>\n\n\n\n<h3 class=\"wp-block-heading\">G\u00e9neros ficcionales.<\/h3>\n\n\n\n<h4 class=\"wp-block-heading\">Cursos de escritura en los g\u00e9neros de:<br><a rel=\"noreferrer noopener\" href=\"https:\/\/taller-palabras.com\/escuela.html\" target=\"_blank\">Terror, Aventuras, Ciencia ficci\u00f3n,<\/a> <a rel=\"noreferrer noopener\" href=\"https:\/\/taller-palabras.com\/escuela.html\" target=\"_blank\">Policial, Rom\u00e1ntico y Fant\u00e1stico.<\/a><\/h4>\n\n\n\n<hr class=\"wp-block-separator has-alpha-channel-opacity\"\/>\n\n\n\n<h4 class=\"wp-block-heading\">Servicio Editorial<\/h4>\n\n\n\n<h4 class=\"wp-block-heading\"><a href=\"https:\/\/taller-palabras.com\/servicios.html\" target=\"_blank\" rel=\"noreferrer noopener\">Edici\u00f3n y Programaci\u00f3n Digital<\/a><\/h4>\n\n\n\n<hr class=\"wp-block-separator has-alpha-channel-opacity\"\/>\n\n\n\n<h4 class=\"wp-block-heading\"> Cursos de formaci\u00f3n <\/h4>\n\n\n\n<h4 class=\"wp-block-heading\"><a rel=\"noreferrer noopener\" href=\"https:\/\/taller-palabras.com\/escuela.html\" target=\"_blank\">Curso de Maestr\u00eda de Cuento y\/o Novela<\/a><\/h4>\n\n\n\n<hr class=\"wp-block-separator has-alpha-channel-opacity\"\/>\n\n\n\n<p><\/p>\n","protected":false},"excerpt":{"rendered":"<p>El silencio no es vac\u00edo y solo aquellos que saben o\u00edr han descubierto ese peque\u00f1o espacio&#8230;.<\/p>\n","protected":false},"author":83,"featured_media":5522,"comment_status":"closed","ping_status":"open","sticky":false,"template":"","format":"standard","meta":{"footnotes":""},"categories":[18],"tags":[38,34,40,77,141,163],"class_list":["post-5520","post","type-post","status-publish","format-standard","has-post-thumbnail","hentry","category-escritura","tag-escribir-ficcion","tag-escribir-un-libro","tag-escritura-creativa","tag-estudios-de-escritura","tag-leer-mucho","tag-ser-buen-lector"],"yoast_head":"<!-- This site is optimized with the Yoast SEO plugin v27.4 - https:\/\/yoast.com\/product\/yoast-seo-wordpress\/ -->\n<title>T\u00e9cnicas literarias: El silencio habla en la prosa - Red Literaria<\/title>\n<meta name=\"description\" content=\"Las herramientas literarias son muy diversas y se usan con un objetivo, el silencio que habla es una de las m\u00e1s efectivas...\" \/>\n<meta name=\"robots\" content=\"index, follow, max-snippet:-1, max-image-preview:large, max-video-preview:-1\" \/>\n<link rel=\"canonical\" href=\"https:\/\/www.taller-palabras.com\/WordPress_06\/escritura\/tecnicas-en-literatura\/\" \/>\n<meta property=\"og:locale\" content=\"es_ES\" \/>\n<meta property=\"og:type\" content=\"article\" \/>\n<meta property=\"og:title\" content=\"T\u00e9cnicas literarias: El silencio habla en la prosa - Red Literaria\" \/>\n<meta property=\"og:description\" content=\"Las herramientas literarias son muy diversas y se usan con un objetivo, el silencio que habla es una de las m\u00e1s efectivas...\" \/>\n<meta property=\"og:url\" content=\"https:\/\/www.taller-palabras.com\/WordPress_06\/escritura\/tecnicas-en-literatura\/\" \/>\n<meta property=\"og:site_name\" content=\"Red Literaria\" \/>\n<meta property=\"article:publisher\" content=\"https:\/\/www.facebook.com\/profile.php?id=100001537279728\" \/>\n<meta property=\"article:published_time\" content=\"2025-12-14T12:32:56+00:00\" \/>\n<meta property=\"article:modified_time\" content=\"2026-01-12T18:44:13+00:00\" \/>\n<meta property=\"og:image\" content=\"https:\/\/www.taller-palabras.com\/WordPress_06\/wp-content\/uploads\/2025\/12\/biblioteca-nublada.jpg\" \/>\n\t<meta property=\"og:image:width\" content=\"448\" \/>\n\t<meta property=\"og:image:height\" content=\"283\" \/>\n\t<meta property=\"og:image:type\" content=\"image\/jpeg\" \/>\n<meta name=\"author\" content=\"Patricia M\u00f3nica Miranda Alonso\" \/>\n<meta name=\"twitter:card\" content=\"summary_large_image\" \/>\n<meta name=\"twitter:label1\" content=\"Escrito por\" \/>\n\t<meta name=\"twitter:data1\" content=\"Patricia M\u00f3nica Miranda Alonso\" \/>\n\t<meta name=\"twitter:label2\" content=\"Tiempo de lectura\" \/>\n\t<meta name=\"twitter:data2\" content=\"44 minutos\" \/>\n<script type=\"application\/ld+json\" class=\"yoast-schema-graph\">{\"@context\":\"https:\\\/\\\/schema.org\",\"@graph\":[{\"@type\":\"NewsArticle\",\"@id\":\"https:\\\/\\\/www.taller-palabras.com\\\/WordPress_06\\\/escritura\\\/tecnicas-en-literatura\\\/#article\",\"isPartOf\":{\"@id\":\"https:\\\/\\\/www.taller-palabras.com\\\/WordPress_06\\\/escritura\\\/tecnicas-en-literatura\\\/\"},\"author\":{\"name\":\"Patricia M\u00f3nica Miranda Alonso\",\"@id\":\"https:\\\/\\\/www.taller-palabras.com\\\/WordPress_06\\\/#\\\/schema\\\/person\\\/a774f3e56bddd007723be732994cadd4\"},\"headline\":\"El silencio habla\",\"datePublished\":\"2025-12-14T12:32:56+00:00\",\"dateModified\":\"2026-01-12T18:44:13+00:00\",\"mainEntityOfPage\":{\"@id\":\"https:\\\/\\\/www.taller-palabras.com\\\/WordPress_06\\\/escritura\\\/tecnicas-en-literatura\\\/\"},\"wordCount\":1721,\"publisher\":{\"@id\":\"https:\\\/\\\/www.taller-palabras.com\\\/WordPress_06\\\/#organization\"},\"image\":{\"@id\":\"https:\\\/\\\/www.taller-palabras.com\\\/WordPress_06\\\/escritura\\\/tecnicas-en-literatura\\\/#primaryimage\"},\"thumbnailUrl\":\"https:\\\/\\\/www.taller-palabras.com\\\/WordPress_06\\\/wp-content\\\/uploads\\\/2025\\\/12\\\/biblioteca-nublada.jpg\",\"keywords\":[\"Escribir ficcion\",\"escribir un libro\",\"escritura creativa\",\"Estudios de Escritura\",\"Leer mucho\",\"ser buen lector\"],\"articleSection\":[\"Escritura\"],\"inLanguage\":\"es\"},{\"@type\":[\"WebPage\",\"ItemPage\"],\"@id\":\"https:\\\/\\\/www.taller-palabras.com\\\/WordPress_06\\\/escritura\\\/tecnicas-en-literatura\\\/\",\"url\":\"https:\\\/\\\/www.taller-palabras.com\\\/WordPress_06\\\/escritura\\\/tecnicas-en-literatura\\\/\",\"name\":\"T\u00e9cnicas literarias: El silencio habla en la prosa - Red Literaria\",\"isPartOf\":{\"@id\":\"https:\\\/\\\/www.taller-palabras.com\\\/WordPress_06\\\/#website\"},\"primaryImageOfPage\":{\"@id\":\"https:\\\/\\\/www.taller-palabras.com\\\/WordPress_06\\\/escritura\\\/tecnicas-en-literatura\\\/#primaryimage\"},\"image\":{\"@id\":\"https:\\\/\\\/www.taller-palabras.com\\\/WordPress_06\\\/escritura\\\/tecnicas-en-literatura\\\/#primaryimage\"},\"thumbnailUrl\":\"https:\\\/\\\/www.taller-palabras.com\\\/WordPress_06\\\/wp-content\\\/uploads\\\/2025\\\/12\\\/biblioteca-nublada.jpg\",\"datePublished\":\"2025-12-14T12:32:56+00:00\",\"dateModified\":\"2026-01-12T18:44:13+00:00\",\"description\":\"Las herramientas literarias son muy diversas y se usan con un objetivo, el silencio que habla es una de las m\u00e1s efectivas...\",\"breadcrumb\":{\"@id\":\"https:\\\/\\\/www.taller-palabras.com\\\/WordPress_06\\\/escritura\\\/tecnicas-en-literatura\\\/#breadcrumb\"},\"inLanguage\":\"es\",\"potentialAction\":[{\"@type\":\"ReadAction\",\"target\":[\"https:\\\/\\\/www.taller-palabras.com\\\/WordPress_06\\\/escritura\\\/tecnicas-en-literatura\\\/\"]}]},{\"@type\":\"ImageObject\",\"inLanguage\":\"es\",\"@id\":\"https:\\\/\\\/www.taller-palabras.com\\\/WordPress_06\\\/escritura\\\/tecnicas-en-literatura\\\/#primaryimage\",\"url\":\"https:\\\/\\\/www.taller-palabras.com\\\/WordPress_06\\\/wp-content\\\/uploads\\\/2025\\\/12\\\/biblioteca-nublada.jpg\",\"contentUrl\":\"https:\\\/\\\/www.taller-palabras.com\\\/WordPress_06\\\/wp-content\\\/uploads\\\/2025\\\/12\\\/biblioteca-nublada.jpg\",\"width\":448,\"height\":283},{\"@type\":\"BreadcrumbList\",\"@id\":\"https:\\\/\\\/www.taller-palabras.com\\\/WordPress_06\\\/escritura\\\/tecnicas-en-literatura\\\/#breadcrumb\",\"itemListElement\":[{\"@type\":\"ListItem\",\"position\":1,\"name\":\"Portada\",\"item\":\"https:\\\/\\\/www.taller-palabras.com\\\/WordPress_06\\\/\"},{\"@type\":\"ListItem\",\"position\":2,\"name\":\"El silencio habla\"}]},{\"@type\":\"WebSite\",\"@id\":\"https:\\\/\\\/www.taller-palabras.com\\\/WordPress_06\\\/#website\",\"url\":\"https:\\\/\\\/www.taller-palabras.com\\\/WordPress_06\\\/\",\"name\":\"Red Literaria\",\"description\":\"Red de lectura y escritura\",\"publisher\":{\"@id\":\"https:\\\/\\\/www.taller-palabras.com\\\/WordPress_06\\\/#organization\"},\"potentialAction\":[{\"@type\":\"SearchAction\",\"target\":{\"@type\":\"EntryPoint\",\"urlTemplate\":\"https:\\\/\\\/www.taller-palabras.com\\\/WordPress_06\\\/?s={search_term_string}\"},\"query-input\":{\"@type\":\"PropertyValueSpecification\",\"valueRequired\":true,\"valueName\":\"search_term_string\"}}],\"inLanguage\":\"es\"},{\"@type\":\"Organization\",\"@id\":\"https:\\\/\\\/www.taller-palabras.com\\\/WordPress_06\\\/#organization\",\"name\":\"Redescribir\",\"url\":\"https:\\\/\\\/www.taller-palabras.com\\\/WordPress_06\\\/\",\"logo\":{\"@type\":\"ImageObject\",\"inLanguage\":\"es\",\"@id\":\"https:\\\/\\\/www.taller-palabras.com\\\/WordPress_06\\\/#\\\/schema\\\/logo\\\/image\\\/\",\"url\":\"https:\\\/\\\/www.taller-palabras.com\\\/WordPress_06\\\/wp-content\\\/uploads\\\/2021\\\/07\\\/redactar_icon.png\",\"contentUrl\":\"https:\\\/\\\/www.taller-palabras.com\\\/WordPress_06\\\/wp-content\\\/uploads\\\/2021\\\/07\\\/redactar_icon.png\",\"width\":25,\"height\":25,\"caption\":\"Redescribir\"},\"image\":{\"@id\":\"https:\\\/\\\/www.taller-palabras.com\\\/WordPress_06\\\/#\\\/schema\\\/logo\\\/image\\\/\"},\"sameAs\":[\"https:\\\/\\\/www.facebook.com\\\/profile.php?id=100001537279728\"]},{\"@type\":\"Person\",\"@id\":\"https:\\\/\\\/www.taller-palabras.com\\\/WordPress_06\\\/#\\\/schema\\\/person\\\/a774f3e56bddd007723be732994cadd4\",\"name\":\"Patricia M\u00f3nica Miranda Alonso\",\"description\":\"Profesora de escritura creativa y coordinadora de talleres literarios, editora y correctora literaria, rese\u00f1adora y cr\u00edtica literaria.\",\"sameAs\":[\"https:\\\/\\\/www.taller-palabras.com\"],\"url\":\"https:\\\/\\\/www.taller-palabras.com\\\/WordPress_06\\\/author\\\/patricia\\\/\"}]}<\/script>\n<!-- \/ Yoast SEO plugin. -->","yoast_head_json":{"title":"T\u00e9cnicas literarias: El silencio habla en la prosa - Red Literaria","description":"Las herramientas literarias son muy diversas y se usan con un objetivo, el silencio que habla es una de las m\u00e1s efectivas...","robots":{"index":"index","follow":"follow","max-snippet":"max-snippet:-1","max-image-preview":"max-image-preview:large","max-video-preview":"max-video-preview:-1"},"canonical":"https:\/\/www.taller-palabras.com\/WordPress_06\/escritura\/tecnicas-en-literatura\/","og_locale":"es_ES","og_type":"article","og_title":"T\u00e9cnicas literarias: El silencio habla en la prosa - Red Literaria","og_description":"Las herramientas literarias son muy diversas y se usan con un objetivo, el silencio que habla es una de las m\u00e1s efectivas...","og_url":"https:\/\/www.taller-palabras.com\/WordPress_06\/escritura\/tecnicas-en-literatura\/","og_site_name":"Red Literaria","article_publisher":"https:\/\/www.facebook.com\/profile.php?id=100001537279728","article_published_time":"2025-12-14T12:32:56+00:00","article_modified_time":"2026-01-12T18:44:13+00:00","og_image":[{"width":448,"height":283,"url":"https:\/\/www.taller-palabras.com\/WordPress_06\/wp-content\/uploads\/2025\/12\/biblioteca-nublada.jpg","type":"image\/jpeg"}],"author":"Patricia M\u00f3nica Miranda Alonso","twitter_card":"summary_large_image","twitter_misc":{"Escrito por":"Patricia M\u00f3nica Miranda Alonso","Tiempo de lectura":"44 minutos"},"schema":{"@context":"https:\/\/schema.org","@graph":[{"@type":"NewsArticle","@id":"https:\/\/www.taller-palabras.com\/WordPress_06\/escritura\/tecnicas-en-literatura\/#article","isPartOf":{"@id":"https:\/\/www.taller-palabras.com\/WordPress_06\/escritura\/tecnicas-en-literatura\/"},"author":{"name":"Patricia M\u00f3nica Miranda Alonso","@id":"https:\/\/www.taller-palabras.com\/WordPress_06\/#\/schema\/person\/a774f3e56bddd007723be732994cadd4"},"headline":"El silencio habla","datePublished":"2025-12-14T12:32:56+00:00","dateModified":"2026-01-12T18:44:13+00:00","mainEntityOfPage":{"@id":"https:\/\/www.taller-palabras.com\/WordPress_06\/escritura\/tecnicas-en-literatura\/"},"wordCount":1721,"publisher":{"@id":"https:\/\/www.taller-palabras.com\/WordPress_06\/#organization"},"image":{"@id":"https:\/\/www.taller-palabras.com\/WordPress_06\/escritura\/tecnicas-en-literatura\/#primaryimage"},"thumbnailUrl":"https:\/\/www.taller-palabras.com\/WordPress_06\/wp-content\/uploads\/2025\/12\/biblioteca-nublada.jpg","keywords":["Escribir ficcion","escribir un libro","escritura creativa","Estudios de Escritura","Leer mucho","ser buen lector"],"articleSection":["Escritura"],"inLanguage":"es"},{"@type":["WebPage","ItemPage"],"@id":"https:\/\/www.taller-palabras.com\/WordPress_06\/escritura\/tecnicas-en-literatura\/","url":"https:\/\/www.taller-palabras.com\/WordPress_06\/escritura\/tecnicas-en-literatura\/","name":"T\u00e9cnicas literarias: El silencio habla en la prosa - Red Literaria","isPartOf":{"@id":"https:\/\/www.taller-palabras.com\/WordPress_06\/#website"},"primaryImageOfPage":{"@id":"https:\/\/www.taller-palabras.com\/WordPress_06\/escritura\/tecnicas-en-literatura\/#primaryimage"},"image":{"@id":"https:\/\/www.taller-palabras.com\/WordPress_06\/escritura\/tecnicas-en-literatura\/#primaryimage"},"thumbnailUrl":"https:\/\/www.taller-palabras.com\/WordPress_06\/wp-content\/uploads\/2025\/12\/biblioteca-nublada.jpg","datePublished":"2025-12-14T12:32:56+00:00","dateModified":"2026-01-12T18:44:13+00:00","description":"Las herramientas literarias son muy diversas y se usan con un objetivo, el silencio que habla es una de las m\u00e1s efectivas...","breadcrumb":{"@id":"https:\/\/www.taller-palabras.com\/WordPress_06\/escritura\/tecnicas-en-literatura\/#breadcrumb"},"inLanguage":"es","potentialAction":[{"@type":"ReadAction","target":["https:\/\/www.taller-palabras.com\/WordPress_06\/escritura\/tecnicas-en-literatura\/"]}]},{"@type":"ImageObject","inLanguage":"es","@id":"https:\/\/www.taller-palabras.com\/WordPress_06\/escritura\/tecnicas-en-literatura\/#primaryimage","url":"https:\/\/www.taller-palabras.com\/WordPress_06\/wp-content\/uploads\/2025\/12\/biblioteca-nublada.jpg","contentUrl":"https:\/\/www.taller-palabras.com\/WordPress_06\/wp-content\/uploads\/2025\/12\/biblioteca-nublada.jpg","width":448,"height":283},{"@type":"BreadcrumbList","@id":"https:\/\/www.taller-palabras.com\/WordPress_06\/escritura\/tecnicas-en-literatura\/#breadcrumb","itemListElement":[{"@type":"ListItem","position":1,"name":"Portada","item":"https:\/\/www.taller-palabras.com\/WordPress_06\/"},{"@type":"ListItem","position":2,"name":"El silencio habla"}]},{"@type":"WebSite","@id":"https:\/\/www.taller-palabras.com\/WordPress_06\/#website","url":"https:\/\/www.taller-palabras.com\/WordPress_06\/","name":"Red Literaria","description":"Red de lectura y escritura","publisher":{"@id":"https:\/\/www.taller-palabras.com\/WordPress_06\/#organization"},"potentialAction":[{"@type":"SearchAction","target":{"@type":"EntryPoint","urlTemplate":"https:\/\/www.taller-palabras.com\/WordPress_06\/?s={search_term_string}"},"query-input":{"@type":"PropertyValueSpecification","valueRequired":true,"valueName":"search_term_string"}}],"inLanguage":"es"},{"@type":"Organization","@id":"https:\/\/www.taller-palabras.com\/WordPress_06\/#organization","name":"Redescribir","url":"https:\/\/www.taller-palabras.com\/WordPress_06\/","logo":{"@type":"ImageObject","inLanguage":"es","@id":"https:\/\/www.taller-palabras.com\/WordPress_06\/#\/schema\/logo\/image\/","url":"https:\/\/www.taller-palabras.com\/WordPress_06\/wp-content\/uploads\/2021\/07\/redactar_icon.png","contentUrl":"https:\/\/www.taller-palabras.com\/WordPress_06\/wp-content\/uploads\/2021\/07\/redactar_icon.png","width":25,"height":25,"caption":"Redescribir"},"image":{"@id":"https:\/\/www.taller-palabras.com\/WordPress_06\/#\/schema\/logo\/image\/"},"sameAs":["https:\/\/www.facebook.com\/profile.php?id=100001537279728"]},{"@type":"Person","@id":"https:\/\/www.taller-palabras.com\/WordPress_06\/#\/schema\/person\/a774f3e56bddd007723be732994cadd4","name":"Patricia M\u00f3nica Miranda Alonso","description":"Profesora de escritura creativa y coordinadora de talleres literarios, editora y correctora literaria, rese\u00f1adora y cr\u00edtica literaria.","sameAs":["https:\/\/www.taller-palabras.com"],"url":"https:\/\/www.taller-palabras.com\/WordPress_06\/author\/patricia\/"}]}},"_links":{"self":[{"href":"https:\/\/www.taller-palabras.com\/WordPress_06\/wp-json\/wp\/v2\/posts\/5520","targetHints":{"allow":["GET"]}}],"collection":[{"href":"https:\/\/www.taller-palabras.com\/WordPress_06\/wp-json\/wp\/v2\/posts"}],"about":[{"href":"https:\/\/www.taller-palabras.com\/WordPress_06\/wp-json\/wp\/v2\/types\/post"}],"author":[{"embeddable":true,"href":"https:\/\/www.taller-palabras.com\/WordPress_06\/wp-json\/wp\/v2\/users\/83"}],"replies":[{"embeddable":true,"href":"https:\/\/www.taller-palabras.com\/WordPress_06\/wp-json\/wp\/v2\/comments?post=5520"}],"version-history":[{"count":9,"href":"https:\/\/www.taller-palabras.com\/WordPress_06\/wp-json\/wp\/v2\/posts\/5520\/revisions"}],"predecessor-version":[{"id":5926,"href":"https:\/\/www.taller-palabras.com\/WordPress_06\/wp-json\/wp\/v2\/posts\/5520\/revisions\/5926"}],"wp:featuredmedia":[{"embeddable":true,"href":"https:\/\/www.taller-palabras.com\/WordPress_06\/wp-json\/wp\/v2\/media\/5522"}],"wp:attachment":[{"href":"https:\/\/www.taller-palabras.com\/WordPress_06\/wp-json\/wp\/v2\/media?parent=5520"}],"wp:term":[{"taxonomy":"category","embeddable":true,"href":"https:\/\/www.taller-palabras.com\/WordPress_06\/wp-json\/wp\/v2\/categories?post=5520"},{"taxonomy":"post_tag","embeddable":true,"href":"https:\/\/www.taller-palabras.com\/WordPress_06\/wp-json\/wp\/v2\/tags?post=5520"}],"curies":[{"name":"wp","href":"https:\/\/api.w.org\/{rel}","templated":true}]}}