{"id":5809,"date":"2026-03-15T13:52:49","date_gmt":"2026-03-15T16:52:49","guid":{"rendered":"https:\/\/www.taller-palabras.com\/WordPress_06\/?p=5809"},"modified":"2026-03-23T10:38:45","modified_gmt":"2026-03-23T13:38:45","slug":"leer-superar-dolor-perdida-2","status":"publish","type":"post","link":"https:\/\/www.taller-palabras.com\/WordPress_06\/lectura\/leer-superar-dolor-perdida-2\/","title":{"rendered":"Soledad urbana"},"content":{"rendered":"\n<p>Soledad. La sola menci\u00f3n de la palabra remite a encierro: una torre, una celda, un cuarto alto donde alguien se a\u00edsla o es aislado del mundo exterior. No es casual que la tradici\u00f3n literaria haya imaginado la soledad como aislamiento y desamparo.<br>Puede pensarse en la soledad con el desgarro de un sufrimiento. As\u00ed lo refiere <strong>Franz Kafka<\/strong> en <a href=\"https:\/\/www.taller-palabras.com\/WordPress_04\/producto\/el-proceso-franz-kafka-ebook?v=909ba4ad2bda\"><strong><em>El proceso<\/em><\/strong><\/a>: <em>donde el desgarro no proviene solo de la soledad f\u00edsica, sino de la indiferencia de un sistema que Joseph K. no comprende. El sufrimiento aqu\u00ed es burocr\u00e1tico y psicol\u00f3gico, una lucha solitaria contra un tribunal invisible.<\/em> <\/p>\n\n\n\n<p>Soledad. Si dejamos que la palabra resuene en nuestros o\u00eddos o d\u00e9 vueltas por la mente, tambi\u00e9n podemos pensar en el aislamiento voluntario&#8230;,<\/p>\n\n\n<div class='yrm-content yrm-content-2 yrm-content-hide  ' id='yrm-6RmEZ' data-id='2' data-show-status='false' data-after-action='' style=\"visibility: hidden;height: 0;\">\n\t\t\t<div id='yrm-inner-content-yrm-6RmEZ' class='yrm-inner-content-wrapper yrm-cntent-2'><\/p>\n\n\n\n<p class=\"has-black-color has-text-color has-link-color wp-elements-27c6969b5cd4e7ea6f8d7b8943ebe6d2\">en la retirada como gesto soberano. Dentro de ti hay una quietud y un santuario al que puedes retirarte en cualquier momento y ser t\u00fa mismo, \u201c<em>(\u2026) Aprender\u00e9 de m\u00ed mismo, ser\u00e9 mi propio disc\u00edpulo, me conocer\u00e9 a m\u00ed mismo<\/em>\u00ab, anot\u00f3 <strong>Hermann Hesse<\/strong> en <a href=\"https:\/\/www.taller-palabras.com\/WordPress_04\/producto\/siddhartha-hermann-hesse-ebook?v=909ba4ad2bda\"><strong><em>Siddhartha<\/em><\/strong><\/a>, defendiendo el apartamiento como ejercicio de lucidez.<br>La soledad, entonces, no siempre es carencia: puede ser elecci\u00f3n, disciplina, incluso resistencia frente al ruido del mundo. Soledad. A veces se parece a una habitaci\u00f3n cerrada donde el eco nos devuelve \u00fanicamente la propia voz. Es entonces confrontaci\u00f3n con uno mismo, como conciencia desnuda ante el vac\u00edo. Y esa confrontaci\u00f3n puede engendrar miedo: <em>\u00abEn mi interior encuentro el buscado silencio. Pero en \u00e9l quedo tan perdida de cualquier recuerdo de alg\u00fan ser humano y de m\u00ed misma, que transformo esta impresi\u00f3n en certeza de soledad f\u00edsica\u00bb, <\/em>escribi\u00f3 alguna vez <strong>Clarice Lispector<\/strong> en <a href=\"https:\/\/www.taller-palabras.com\/WordPress_04\/producto\/cerca-del-corazon-salvaje-clarice-lispector-ebook?v=909ba4ad2bda\"><strong><em>Cerca del coraz\u00f3n salvaje<\/em><\/strong><\/a>.<br>Sin embargo puede no ser una experiencia traum\u00e1tica&#8230;<\/p>\n\n\n<p><div class='yrm-content yrm-content-2 yrm-content-hide  ' id='yrm-EBvDt' data-id='2' data-show-status='false' data-after-action='' style=\"visibility: hidden;height: 0;\">\n\t\t\t<div id='yrm-inner-content-yrm-EBvDt' class='yrm-inner-content-wrapper yrm-cntent-2'><\/p>\n\n\n\n<p class=\"has-black-color has-text-color has-link-color wp-elements-5e715f4b753d46ce77db41d5379c2885\">En <a href=\"https:\/\/www.taller-palabras.com\/WordPress_04\/producto\/cartas-a-un-joven-poeta-rainer-maria-rilke-ebook?v=909ba4ad2bda\"><strong><em>Cartas a un joven poeta<\/em><\/strong><\/a>, <strong>Rainer Maria Rilke<\/strong> aconseja: <em>\u201cAma tu soledad y soporta el dolor que te causa\u201d.<\/em> La frase no romantiza el encierro; lo asume como una experiencia formativa, casi inevitable. La habitaci\u00f3n cerrada, real o simb\u00f3lica, se convierte entonces en el espacio donde el individuo queda frente a s\u00ed mismo, sin distracciones ni m\u00e1scaras, obligado a escuchar la resonancia de su propia conciencia. La soledad como confrontaci\u00f3n, como intemperie interior antes que como simple ausencia de compa\u00f1\u00eda. Soledad. Existe tambi\u00e9n en la ciudad moderna donde la soledad es otra cosa. Se aloja en ascensores espejados, en estaciones de metro saturadas, en apartamentos de veinte metros cuadrados con vista a otra ventana. No es el desierto, es la multitud. Y entonces, no se trata de silencio absoluto sino del ruido continuo.<br>La soledad en las grandes urbes suele describirse como la paradoja de la multitud: el sentimiento de aislamiento m\u00e1s profundo suele ocurrir precisamente cuando se est\u00e1 rodeado de miles de personas. Intentemos pensar en un hombre sin nombre ni identidad concreta, que se nos presenta como una conciencia que habla desde abajo, desde un margen h\u00famedo y oscuro de la ciudad&#8230;<\/p>\n\n\n<p><div class='yrm-content yrm-content-2 yrm-content-hide  ' id='yrm-V8JvH' data-id='2' data-show-status='false' data-after-action='' style=\"visibility: hidden;height: 0;\">\n\t\t\t<div id='yrm-inner-content-yrm-V8JvH' class='yrm-inner-content-wrapper yrm-cntent-2'><\/p>\n\n\n\n<p class=\"has-black-color has-text-color has-link-color wp-elements-8e035eaf9cce45be480a244efdea1a6a\"><em>\u201cMe sent\u00eda tan distinto de los dem\u00e1s que a veces pensaba que yo era el \u00fanico hombre y que todos los dem\u00e1s eran solo m\u00e1quinas\u201d. <\/em>Esta frase se alinea con el pensamiento existencialista de autores del siglo XIX como <strong>Fi\u00f3dor Dostoyevski<\/strong> y parece condensar la experiencia del protagonista de <a href=\"https:\/\/www.taller-palabras.com\/WordPress_04\/producto\/memorias-del-subsuelo-fiodor-dostoyevski-ebook?v=909ba4ad2bda\"><strong><em>Memorias del subsuelo<\/em><\/strong><\/a>. Ese hombre del subsuelo no vive apartado en un bosque ni recluido en una torre, habita una gran ciudad: San Petersburgo, en este caso, una ciudad cosmopolita donde sin embargo se siente radicalmente excluido de ella. Y podr\u00edamos hacer la analog\u00eda con cualquier otra ciudad: Buenos Aires, Paris, Nueva york, etc.<br>As\u00ed, la soledad urbana deja de ser encierro voluntario o retiro espiritual para convertirse en una experiencia de ser incomprendido, inadvertido. En la gran ciudad, el aislamiento no se mide por la distancia que nos separa de los otros, sino por la imposibilidad de que nuestra voz encuentre eco en medio del ruido. En <em>Ciudad de cristal<\/em> de la <a href=\"https:\/\/www.taller-palabras.com\/WordPress_04\/producto\/la-trilogia-de-nueva-york-paul-auster-ebook?v=909ba4ad2bda\"><strong><em>Trilog\u00eda de Nueva York<\/em><\/strong><\/a>, <strong>Paul Auster<\/strong> describe la ciudad como <em>el lugar donde nadie miraba a nadie<\/em>. Tal vez all\u00ed resida el n\u00facleo de la alienaci\u00f3n contempor\u00e1nea: no en la ausencia de multitudes, sino en la ausencia de mirada&#8230;<\/p>\n\n\n<p><div class='yrm-content yrm-content-2 yrm-content-hide  ' id='yrm-wpQXJ' data-id='2' data-show-status='false' data-after-action='' style=\"visibility: hidden;height: 0;\">\n\t\t\t<div id='yrm-inner-content-yrm-wpQXJ' class='yrm-inner-content-wrapper yrm-cntent-2'><\/p>\n\n\n\n<p class=\"has-black-color has-text-color has-link-color wp-elements-64903dfc2fdea97f58393f0cfbd10f89\">Soledad. Y la paradoja se instala: sentirse radicalmente solo en medio de miles. En la gran ciudad, la multitud no cancela la soledad; la intensifica.<br>Basta con caminar por una avenida al atardecer: el tr\u00e1fico avanza con una paciencia mec\u00e1nica. Las luces rojas se encienden como una respiraci\u00f3n artificial. Nadie mira a nadie. O, mejor dicho, todos miran algo que no est\u00e1 all\u00ed: una pantalla, una notificaci\u00f3n, un reflejo. La escena parece confirmar la intuici\u00f3n que atraviesa <a href=\"https:\/\/www.taller-palabras.com\/WordPress_04\/producto\/ensayo-sobre-la-ceguera-jose-saramago-ebook?v=909ba4ad2bda\"><strong><em>Ensayo sobre la ceguera<\/em><\/strong><\/a>, donde <strong>Jos\u00e9 Saramago<\/strong> escribe: <em>\u201cCreo que no nos quedamos ciegos, creo que estamos ciegos. Ciegos que ven, ciegos que, viendo, no ven\u201d.<\/em><\/p>\n\n\n\n<p class=\"has-black-color has-text-color has-link-color wp-elements-13640440943d09a205c81461b4fbfa38\">Para protegerse del exceso de est\u00edmulos y de la exposici\u00f3n constante, el habitante de la ciudad aprende a no ver, a atravesar cuerpos y rostros sin que nada lo afecte demasiado. \u00bfEs indiferencia?, \u00bfindolencia?, \u00bffalta de empat\u00eda?, \u00bfautoprotecci\u00f3n? Quiz\u00e1s es una mezcla de todo eso. Lo cierto es que adoptar una actitud reservada, distante, casi indiferente, se convierte en algo end\u00e9mico que ataca todos por igual.<br>La ciudad no nos expulsa; nos disuelve. Nos convierte en ese mar donde solo somos una gotita. En <a href=\"https:\/\/www.taller-palabras.com\/WordPress_04\/producto\/la-condicion-humana-hannah-arendt-ebook\/?\"><strong><em>La condici\u00f3n humana<\/em><\/strong><\/a>, <strong>Hannah Arendt<\/strong> advirti\u00f3 que la p\u00e9rdida del espacio p\u00fablico (ese lugar donde aparecemos ante los otros y somos vistos y o\u00eddos) conduce a una forma de invisibilidad existencial (cap\u00edtulo 2, secci\u00f3n 7). Dentro de un espacio que aparentemente existe para compartir, el individuo se ve reducido a la esfera privada y, parad\u00f3jicamente, en lugares p\u00fablicos, rodeado de gente queda aislado.<\/p>\n\n\n\n<p class=\"has-black-color has-text-color has-link-color wp-elements-b7042ac0827f919038b3cc3f3c4eaff4\">As\u00ed, la soledad urbana ya no es la del ermita\u00f1o ni la del prisionero, sino la del pasajero. Una soledad en movimiento, atravesada por luces intermitentes y pantallas encendidas, donde cada cuerpo roza a otro sin que el contacto llegue a convertirse en encuentro. En <a href=\"https:\/\/www.taller-palabras.com\/WordPress_04\/producto\/las-ciudades-invisibles-italo-calvino-ebook?v=909ba4ad2bda\"><strong><em>Las ciudades invisibles<\/em><\/strong><\/a>, <strong>Italo Calvino<\/strong> pone en boca de Marco Polo una advertencia que parece escrita para todo citadino: <em>\u201cLa ciudad no dice su pasado, lo contiene como las l\u00edneas de una mano\u201d<\/em>. Las l\u00edneas est\u00e1n ah\u00ed, pero hay que saber leerlas. \u00bfQui\u00e9n lee hoy el pasado del otro en el vag\u00f3n del metro? \u00bfQui\u00e9n descifra la fatiga en los hombros del desconocido que se balancea con la inercia del tren? La ciudad contiene historias, las grita en silencio pero no garantiza la escucha&#8230;<\/p>\n\n\n<p><div class='yrm-content yrm-content-2 yrm-content-hide  ' id='yrm-JKURG' data-id='2' data-show-status='false' data-after-action='' style=\"visibility: hidden;height: 0;\">\n\t\t\t<div id='yrm-inner-content-yrm-JKURG' class='yrm-inner-content-wrapper yrm-cntent-2'><\/p>\n\n\n\n<p class=\"has-black-color has-text-color has-link-color wp-elements-b666052ef243abf611caa459d0468788\">La llamada \u201cepidemia silenciosa\u201d del siglo XXI no es una met\u00e1fora caprichosa. Se trata de una experiencia \u00edntima que adquiere proporciones colectivas: la sensaci\u00f3n de aislamiento profundo pese a la proximidad f\u00edsica constante. Vivimos en entornos de alta densidad poblacional, pero la densidad no equivale a comunidad, es decir: la cantidad no garantiza la calidad, la proximidad sin v\u00ednculo no legitima pertenencia y mucho menos compa\u00f1\u00eda. Se puede compartir el mismo vag\u00f3n, la misma acera, el mismo edificio, y no compartir nada esencial. Los cuerpos se rozan, pero las biograf\u00edas no se tocan. La ciudad multiplica los encuentros fortuitos y, al mismo tiempo, reduce los encuentros significativos. As\u00ed, la multitud deja de ser promesa de compa\u00f1\u00eda para convertirse en paisaje de indiferencia: un mar humano que nos rodea sin sostenernos. <strong>Jonathan Franzen<\/strong> en su libro <a href=\"https:\/\/www.taller-palabras.com\/WordPress_04\/producto\/libertad-jonathan-franzen?v=909ba4ad2bda\"><strong><em>Libertad<\/em><\/strong><\/a> sugiere que<em>: el ser humano vive inmerso en la lucha constante por una libertad que el sistema no permite, cada uno de nosotros somos parte de un inmenso mar, sin decisiones propias.<\/em><a>Intentemos <\/a>la experiencia con un escenario cotidiano: una plaza reci\u00e9n remodelada, de las que abundan \u00faltimamente, bancos met\u00e1licos o de concreto, plantas sim\u00e9tricas, c\u00e1maras de seguridad, rejas perimetrales. Todo parece impecable y como un para\u00edso a la vuelta de la esquina, nos invita a disfrutar. Sin embargo, pocos se detienen m\u00e1s de cinco minutos. La mayor\u00eda da vueltas sin sentido ya que el dise\u00f1o invita a circular, no a quedarse, el pseudo silencio compite con el ruido lejano de la avenida y la plaza parece ideal, sin embargo, le falta coraz\u00f3n y a pesar de esa mentida perfecci\u00f3n no termina de convertirse en refugio de nadie. La soledad se mastica, se paladea, asfixia.<br>En <a href=\"https:\/\/www.taller-palabras.com\/WordPress_04\/?s=Los+diarios+de+Emilio+Renzi&amp;post_type=product&amp;v=909ba4ad2bda\"><strong><em>Los diarios de Emilio Renzi<\/em><\/strong><\/a>, alter ego de <strong>Ricardo Piglia<\/strong>, leemos en el primer volumen: &#8230;<\/p>\n\n\n<p><div class='yrm-content yrm-content-2 yrm-content-hide  ' id='yrm-zZgSE' data-id='2' data-show-status='false' data-after-action='' style=\"visibility: hidden;height: 0;\">\n\t\t\t<div id='yrm-inner-content-yrm-zZgSE' class='yrm-inner-content-wrapper yrm-cntent-2'><\/p>\n\n\n\n<p class=\"has-black-color has-text-color has-link-color wp-elements-6c09842d1b39dc971348c15731c4feba\"><em>\u201c(\u2026) la \u00fanica soledad insoportable es la de no \u201ccontar\u201d para nadie\u201d.<\/em> La frase resuena con una ambig\u00fcedad inquietante. \u00bfEs confesi\u00f3n o iron\u00eda? \u00bfElecci\u00f3n o resignaci\u00f3n? En la ciudad contempor\u00e1nea, muchos podr\u00edan repetirla sin saber si hablan desde la libertad o desde la carencia. M\u00e1s bien hablan desde la soledad.<\/p>\n\n\n\n<p class=\"has-black-color has-text-color has-link-color wp-elements-56a0c01ac1ad5b3245b576efd7aa6e55\">Soledad. La palabra vuelve. Ya no es solo encierro; es advertencia. En medio de la multitud, el mayor desaf\u00edo es recordar que el otro existe, que respira, que espera. Y que, tal vez, tambi\u00e9n camina por la avenida al atardecer pregunt\u00e1ndose si alguien, entre tantas luces rojas y pantallas encendidas, lo ver\u00e1 de verdad, si alguien llenar\u00e1 el vac\u00edo o si, finalmente, comprender\u00e1 que la \u00fanica torre que habitamos no est\u00e1 hecha de piedra ni de hierro, sino de miradas que no se cruzan.<br>Porque la soledad urbana no es la ausencia de cuerpos, sino la ausencia de almas. No es el bullicio, sino el eco que no encuentra respuesta. Tal vez el ant\u00eddoto no consista en huir de la ciudad ni en resignarse a ella, sino en recuperar ese gesto m\u00ednimo que funda comuni\u00f3n: mirar, escuchar, detenerse. Soledad. La palabra con la que empezamos no desaparece. Permanece suspendida sobre las avenidas, en los balcones encendidos, en los vagones atestados, en los bancos de una plaza. Permanece como pregunta abierta. Soledad\u2026 \u00bfencierro o posibilidad?, \u00bfcondena o conciencia?<\/p>\n\n\n\n<p class=\"has-black-color has-text-color has-link-color wp-elements-91af80e118d979abecd39e2d9e842a25\">Quiz\u00e1s todo dependa de ser capaces, en medio del ruido, de romper la barrera invisible y convertir la soledad en encuentro.<\/p>\n\n\n<p><\/div>\n\t\t<\/div><div class='yrm-btn-wrapper yrm-btn-wrapper-2 yrm-more-button-wrapper  '\n\t\tdata-custom-more-class-name='' data-custom-less-class-name=''><span title='' data-less-title='' data-more-title='' class='yrm-toggle-expand  yrm-toggle-expand-2 ' data-rel='yrm-zZgSE' data-more='Leer m\u00e1s...' data-less='Read less'><span class='yrm-text-wrapper yrm-text-wrapper-custom-dimensions'><span class=\"yrm-button-text-2 yrm-button-text-span\">Leer m\u00e1s...<\/span><\/span><\/span><\/div><\/div>\n\t\t<\/div><div class='yrm-btn-wrapper yrm-btn-wrapper-2 yrm-more-button-wrapper  '\n\t\tdata-custom-more-class-name='' data-custom-less-class-name=''><span title='' data-less-title='' data-more-title='' class='yrm-toggle-expand  yrm-toggle-expand-2 ' data-rel='yrm-JKURG' data-more='Leer m\u00e1s...' data-less='Read less'><span class='yrm-text-wrapper yrm-text-wrapper-custom-dimensions'><span class=\"yrm-button-text-2 yrm-button-text-span\">Leer m\u00e1s...<\/span><\/span><\/span><\/div><\/div>\n\t\t<\/div><div class='yrm-btn-wrapper yrm-btn-wrapper-2 yrm-more-button-wrapper  '\n\t\tdata-custom-more-class-name='' data-custom-less-class-name=''><span title='' data-less-title='' data-more-title='' class='yrm-toggle-expand  yrm-toggle-expand-2 ' data-rel='yrm-wpQXJ' data-more='Leer m\u00e1s...' data-less='Read less'><span class='yrm-text-wrapper yrm-text-wrapper-custom-dimensions'><span class=\"yrm-button-text-2 yrm-button-text-span\">Leer m\u00e1s...<\/span><\/span><\/span><\/div><\/div>\n\t\t<\/div><div class='yrm-btn-wrapper yrm-btn-wrapper-2 yrm-more-button-wrapper  '\n\t\tdata-custom-more-class-name='' data-custom-less-class-name=''><span title='' data-less-title='' data-more-title='' class='yrm-toggle-expand  yrm-toggle-expand-2 ' data-rel='yrm-V8JvH' data-more='Leer m\u00e1s...' data-less='Read less'><span class='yrm-text-wrapper yrm-text-wrapper-custom-dimensions'><span class=\"yrm-button-text-2 yrm-button-text-span\">Leer m\u00e1s...<\/span><\/span><\/span><\/div><\/div>\n\t\t<\/div><div class='yrm-btn-wrapper yrm-btn-wrapper-2 yrm-more-button-wrapper  '\n\t\tdata-custom-more-class-name='' data-custom-less-class-name=''><span title='' data-less-title='' data-more-title='' class='yrm-toggle-expand  yrm-toggle-expand-2 ' data-rel='yrm-EBvDt' data-more='Leer m\u00e1s...' data-less='Read less'><span class='yrm-text-wrapper yrm-text-wrapper-custom-dimensions'><span class=\"yrm-button-text-2 yrm-button-text-span\">Leer m\u00e1s...<\/span><\/span><\/span><\/div><\/div>\n\t\t<\/div><div class='yrm-btn-wrapper yrm-btn-wrapper-2 yrm-more-button-wrapper  '\n\t\tdata-custom-more-class-name='' data-custom-less-class-name=''><span title='' data-less-title='' data-more-title='' class='yrm-toggle-expand  yrm-toggle-expand-2 ' data-rel='yrm-6RmEZ' data-more='Leer m\u00e1s...' data-less='Read less'><span class='yrm-text-wrapper yrm-text-wrapper-custom-dimensions'><span class=\"yrm-button-text-2 yrm-button-text-span\">Leer m\u00e1s...<\/span><\/span><\/span><\/div>\n\n\n\n<hr class=\"wp-block-separator has-alpha-channel-opacity\"\/>\n\n\n\n\n\n<p>Comparte la experiencia  \ud83d\ude09<br \/>\n<div class=\"heateor_sss_sharing_container heateor_sss_horizontal_sharing\" data-heateor-ss-offset=\"0\" data-heateor-sss-href='https:\/\/www.taller-palabras.com\/WordPress_06\/lectura\/leer-superar-dolor-perdida-2\/'><div class=\"heateor_sss_sharing_ul\"><a aria-label=\"Facebook\" class=\"heateor_sss_facebook\" href=\"https:\/\/www.facebook.com\/sharer\/sharer.php?u=https%3A%2F%2Fwww.taller-palabras.com%2FWordPress_06%2F%3Fp%3D5809\" title=\"Facebook\" rel=\"nofollow noopener\" target=\"_blank\" style=\"font-size:32px!important;box-shadow:none;display:inline-block;vertical-align:middle\"><span class=\"heateor_sss_svg\" style=\"background-color:#0765FE;width:34px;height:34px;border-radius:999px;display:inline-block;opacity:1;float:left;font-size:32px;box-shadow:none;display:inline-block;font-size:16px;padding:0 4px;vertical-align:middle;background-repeat:repeat;overflow:hidden;padding:0;cursor:pointer;box-sizing:content-box\"><svg style=\"display:block;border-radius:999px;\" focusable=\"false\" aria-hidden=\"true\" xmlns=\"http:\/\/www.w3.org\/2000\/svg\" width=\"100%\" height=\"100%\" viewBox=\"0 0 32 32\"><path fill=\"#fff\" d=\"M28 16c0-6.627-5.373-12-12-12S4 9.373 4 16c0 5.628 3.875 10.35 9.101 11.647v-7.98h-2.474V16H13.1v-1.58c0-4.085 1.849-5.978 5.859-5.978.76 0 2.072.15 2.608.298v3.325c-.283-.03-.775-.045-1.386-.045-1.967 0-2.728.745-2.728 2.683V16h3.92l-.673 3.667h-3.247v8.245C23.395 27.195 28 22.135 28 16Z\"><\/path><\/svg><\/span><\/a><a aria-label=\"Whatsapp\" class=\"heateor_sss_whatsapp\" href=\"https:\/\/api.whatsapp.com\/send?text=Soledad%20urbana%20https%3A%2F%2Fwww.taller-palabras.com%2FWordPress_06%2F%3Fp%3D5809\" title=\"Whatsapp\" rel=\"nofollow noopener\" target=\"_blank\" style=\"font-size:32px!important;box-shadow:none;display:inline-block;vertical-align:middle\"><span class=\"heateor_sss_svg\" style=\"background-color:#55eb4c;width:34px;height:34px;border-radius:999px;display:inline-block;opacity:1;float:left;font-size:32px;box-shadow:none;display:inline-block;font-size:16px;padding:0 4px;vertical-align:middle;background-repeat:repeat;overflow:hidden;padding:0;cursor:pointer;box-sizing:content-box\"><svg style=\"display:block;border-radius:999px;\" focusable=\"false\" aria-hidden=\"true\" xmlns=\"http:\/\/www.w3.org\/2000\/svg\" width=\"100%\" height=\"100%\" viewBox=\"-6 -5 40 40\"><path class=\"heateor_sss_svg_stroke heateor_sss_no_fill\" stroke=\"#fff\" stroke-width=\"2\" fill=\"none\" d=\"M 11.579798566743314 24.396926207859085 A 10 10 0 1 0 6.808479557110079 20.73576436351046\"><\/path><path d=\"M 7 19 l -1 6 l 6 -1\" class=\"heateor_sss_no_fill heateor_sss_svg_stroke\" stroke=\"#fff\" stroke-width=\"2\" fill=\"none\"><\/path><path d=\"M 10 10 q -1 8 8 11 c 5 -1 0 -6 -1 -3 q -4 -3 -5 -5 c 4 -2 -1 -5 -1 -4\" fill=\"#fff\"><\/path><\/svg><\/span><\/a><a aria-label=\"Pinterest\" class=\"heateor_sss_button_pinterest\" href=\"https:\/\/www.taller-palabras.com\/WordPress_06\/?p=5809\" onclick=\"event.preventDefault();javascript:void( (function() {var e=document.createElement('script' );e.setAttribute('type','text\/javascript' );e.setAttribute('charset','UTF-8' );e.setAttribute('src','\/\/assets.pinterest.com\/js\/pinmarklet.js?r='+Math.random()*99999999);document.body.appendChild(e)})());\" title=\"Pinterest\" rel=\"noopener\" style=\"font-size:32px!important;box-shadow:none;display:inline-block;vertical-align:middle\"><span class=\"heateor_sss_svg heateor_sss_s__default heateor_sss_s_pinterest\" style=\"background-color:#cc2329;width:34px;height:34px;border-radius:999px;display:inline-block;opacity:1;float:left;font-size:32px;box-shadow:none;display:inline-block;font-size:16px;padding:0 4px;vertical-align:middle;background-repeat:repeat;overflow:hidden;padding:0;cursor:pointer;box-sizing:content-box\"><svg style=\"display:block;border-radius:999px;\" focusable=\"false\" aria-hidden=\"true\" xmlns=\"http:\/\/www.w3.org\/2000\/svg\" width=\"100%\" height=\"100%\" viewBox=\"-2 -2 35 35\"><path fill=\"#fff\" d=\"M16.539 4.5c-6.277 0-9.442 4.5-9.442 8.253 0 2.272.86 4.293 2.705 5.046.303.125.574.005.662-.33.061-.231.205-.816.27-1.06.088-.331.053-.447-.191-.736-.532-.627-.873-1.439-.873-2.591 0-3.338 2.498-6.327 6.505-6.327 3.548 0 5.497 2.168 5.497 5.062 0 3.81-1.686 7.025-4.188 7.025-1.382 0-2.416-1.142-2.085-2.545.397-1.674 1.166-3.48 1.166-4.689 0-1.081-.581-1.983-1.782-1.983-1.413 0-2.548 1.462-2.548 3.419 0 1.247.421 2.091.421 2.091l-1.699 7.199c-.505 2.137-.076 4.755-.039 5.019.021.158.223.196.314.077.13-.17 1.813-2.247 2.384-4.324.162-.587.929-3.631.929-3.631.46.876 1.801 1.646 3.227 1.646 4.247 0 7.128-3.871 7.128-9.053.003-3.918-3.317-7.568-8.361-7.568z\"\/><\/svg><\/span><\/a><a aria-label=\"Instagram\" class=\"heateor_sss_button_instagram\" href=\"https:\/\/www.instagram.com\/\" title=\"Instagram\" rel=\"nofollow noopener\" target=\"_blank\" style=\"font-size:32px!important;box-shadow:none;display:inline-block;vertical-align:middle\"><span class=\"heateor_sss_svg\" style=\"background-color:#53beee;width:34px;height:34px;border-radius:999px;display:inline-block;opacity:1;float:left;font-size:32px;box-shadow:none;display:inline-block;font-size:16px;padding:0 4px;vertical-align:middle;background-repeat:repeat;overflow:hidden;padding:0;cursor:pointer;box-sizing:content-box\"><svg style=\"display:block;border-radius:999px;\" version=\"1.1\" viewBox=\"-10 -10 148 148\" width=\"100%\" height=\"100%\" xml:space=\"preserve\" xmlns=\"http:\/\/www.w3.org\/2000\/svg\" xmlns:xlink=\"http:\/\/www.w3.org\/1999\/xlink\"><g><g><path d=\"M86,112H42c-14.336,0-26-11.663-26-26V42c0-14.337,11.664-26,26-26h44c14.337,0,26,11.663,26,26v44 C112,100.337,100.337,112,86,112z M42,24c-9.925,0-18,8.074-18,18v44c0,9.925,8.075,18,18,18h44c9.926,0,18-8.075,18-18V42 c0-9.926-8.074-18-18-18H42z\" fill=\"#fff\"><\/path><\/g><g><path d=\"M64,88c-13.234,0-24-10.767-24-24c0-13.234,10.766-24,24-24s24,10.766,24,24C88,77.233,77.234,88,64,88z M64,48c-8.822,0-16,7.178-16,16s7.178,16,16,16c8.822,0,16-7.178,16-16S72.822,48,64,48z\" fill=\"#fff\"><\/path><\/g><g><circle cx=\"89.5\" cy=\"38.5\" fill=\"#fff\" r=\"5.5\"><\/circle><\/g><\/g><\/svg><\/span><\/a><a aria-label=\"X\" class=\"heateor_sss_button_x\" href=\"https:\/\/twitter.com\/intent\/tweet?text=Soledad%20urbana&url=https%3A%2F%2Fwww.taller-palabras.com%2FWordPress_06%2F%3Fp%3D5809\" title=\"X\" rel=\"nofollow noopener\" target=\"_blank\" style=\"font-size:32px!important;box-shadow:none;display:inline-block;vertical-align:middle\"><span class=\"heateor_sss_svg heateor_sss_s__default heateor_sss_s_x\" style=\"background-color:#2a2a2a;width:34px;height:34px;border-radius:999px;display:inline-block;opacity:1;float:left;font-size:32px;box-shadow:none;display:inline-block;font-size:16px;padding:0 4px;vertical-align:middle;background-repeat:repeat;overflow:hidden;padding:0;cursor:pointer;box-sizing:content-box\"><svg width=\"100%\" height=\"100%\" style=\"display:block;border-radius:999px;\" focusable=\"false\" aria-hidden=\"true\" xmlns=\"http:\/\/www.w3.org\/2000\/svg\" viewBox=\"0 0 32 32\"><path fill=\"#fff\" d=\"M21.751 7h3.067l-6.7 7.658L26 25.078h-6.172l-4.833-6.32-5.531 6.32h-3.07l7.167-8.19L6 7h6.328l4.37 5.777L21.75 7Zm-1.076 16.242h1.7L11.404 8.74H9.58l11.094 14.503Z\"><\/path><\/svg><\/span><\/a><a aria-label=\"Linkedin\" class=\"heateor_sss_button_linkedin\" href=\"https:\/\/www.linkedin.com\/sharing\/share-offsite\/?url=https%3A%2F%2Fwww.taller-palabras.com%2FWordPress_06%2F%3Fp%3D5809\" title=\"Linkedin\" rel=\"nofollow noopener\" target=\"_blank\" style=\"font-size:32px!important;box-shadow:none;display:inline-block;vertical-align:middle\"><span class=\"heateor_sss_svg heateor_sss_s__default heateor_sss_s_linkedin\" style=\"background-color:#0077b5;width:34px;height:34px;border-radius:999px;display:inline-block;opacity:1;float:left;font-size:32px;box-shadow:none;display:inline-block;font-size:16px;padding:0 4px;vertical-align:middle;background-repeat:repeat;overflow:hidden;padding:0;cursor:pointer;box-sizing:content-box\"><svg style=\"display:block;border-radius:999px;\" focusable=\"false\" aria-hidden=\"true\" xmlns=\"http:\/\/www.w3.org\/2000\/svg\" width=\"100%\" height=\"100%\" viewBox=\"0 0 32 32\"><path d=\"M6.227 12.61h4.19v13.48h-4.19V12.61zm2.095-6.7a2.43 2.43 0 0 1 0 4.86c-1.344 0-2.428-1.09-2.428-2.43s1.084-2.43 2.428-2.43m4.72 6.7h4.02v1.84h.058c.56-1.058 1.927-2.176 3.965-2.176 4.238 0 5.02 2.792 5.02 6.42v7.395h-4.183v-6.56c0-1.564-.03-3.574-2.178-3.574-2.18 0-2.514 1.7-2.514 3.46v6.668h-4.187V12.61z\" fill=\"#fff\"><\/path><\/svg><\/span><\/a><\/div><div class=\"heateorSssClear\"><\/div><\/div><\/p>\n\n\n\n<hr class=\"wp-block-separator has-alpha-channel-opacity\"\/>\n\n\n\n<h4 class=\"wp-block-heading\">Libros en el art\u00edculo<\/h4>\n\n\n\n<figure class=\"wp-block-gallery has-nested-images columns-3 is-cropped wp-block-gallery-1 is-layout-flex wp-block-gallery-is-layout-flex\">\n<figure class=\"wp-block-image size-full\"><a href=\"https:\/\/www.taller-palabras.com\/WordPress_06\/wp-content\/uploads\/2026\/03\/AnosFormacion.fw_.png\"><img loading=\"lazy\" decoding=\"async\" width=\"369\" height=\"318\" data-id=\"5811\" src=\"https:\/\/www.taller-palabras.com\/WordPress_06\/wp-content\/uploads\/2026\/03\/AnosFormacion.fw_.png\" alt=\"\" class=\"wp-image-5811\" srcset=\"https:\/\/www.taller-palabras.com\/WordPress_06\/wp-content\/uploads\/2026\/03\/AnosFormacion.fw_.png 369w, https:\/\/www.taller-palabras.com\/WordPress_06\/wp-content\/uploads\/2026\/03\/AnosFormacion.fw_-300x259.png 300w\" sizes=\"auto, (max-width: 369px) 100vw, 369px\" \/><\/a><\/figure>\n\n\n\n<figure class=\"wp-block-image size-full\"><a href=\"https:\/\/www.taller-palabras.com\/WordPress_06\/wp-content\/uploads\/2026\/03\/Libertad.fw_.png\"><img loading=\"lazy\" decoding=\"async\" width=\"369\" height=\"318\" data-id=\"5812\" src=\"https:\/\/www.taller-palabras.com\/WordPress_06\/wp-content\/uploads\/2026\/03\/Libertad.fw_.png\" alt=\"\" class=\"wp-image-5812\" srcset=\"https:\/\/www.taller-palabras.com\/WordPress_06\/wp-content\/uploads\/2026\/03\/Libertad.fw_.png 369w, https:\/\/www.taller-palabras.com\/WordPress_06\/wp-content\/uploads\/2026\/03\/Libertad.fw_-300x259.png 300w\" sizes=\"auto, (max-width: 369px) 100vw, 369px\" \/><\/a><\/figure>\n\n\n\n<figure class=\"wp-block-image size-full\"><a href=\"https:\/\/www.taller-palabras.com\/WordPress_06\/wp-content\/uploads\/2026\/03\/CiudadesInvisibles.fw_.png\"><img loading=\"lazy\" decoding=\"async\" width=\"369\" height=\"318\" data-id=\"5813\" src=\"https:\/\/www.taller-palabras.com\/WordPress_06\/wp-content\/uploads\/2026\/03\/CiudadesInvisibles.fw_.png\" alt=\"\" class=\"wp-image-5813\" srcset=\"https:\/\/www.taller-palabras.com\/WordPress_06\/wp-content\/uploads\/2026\/03\/CiudadesInvisibles.fw_.png 369w, https:\/\/www.taller-palabras.com\/WordPress_06\/wp-content\/uploads\/2026\/03\/CiudadesInvisibles.fw_-300x259.png 300w\" sizes=\"auto, (max-width: 369px) 100vw, 369px\" \/><\/a><\/figure>\n\n\n\n<figure class=\"wp-block-image size-full\"><a href=\"https:\/\/www.taller-palabras.com\/WordPress_06\/wp-content\/uploads\/2026\/03\/CondicionHumana.fw_.png\"><img loading=\"lazy\" decoding=\"async\" width=\"369\" height=\"318\" data-id=\"5814\" src=\"https:\/\/www.taller-palabras.com\/WordPress_06\/wp-content\/uploads\/2026\/03\/CondicionHumana.fw_.png\" alt=\"\" class=\"wp-image-5814\" srcset=\"https:\/\/www.taller-palabras.com\/WordPress_06\/wp-content\/uploads\/2026\/03\/CondicionHumana.fw_.png 369w, https:\/\/www.taller-palabras.com\/WordPress_06\/wp-content\/uploads\/2026\/03\/CondicionHumana.fw_-300x259.png 300w\" sizes=\"auto, (max-width: 369px) 100vw, 369px\" \/><\/a><\/figure>\n\n\n\n<figure class=\"wp-block-image size-full\"><a href=\"https:\/\/www.taller-palabras.com\/WordPress_06\/wp-content\/uploads\/2026\/03\/EnsayoCeguera.fw_.png\"><img loading=\"lazy\" decoding=\"async\" width=\"369\" height=\"318\" data-id=\"5815\" src=\"https:\/\/www.taller-palabras.com\/WordPress_06\/wp-content\/uploads\/2026\/03\/EnsayoCeguera.fw_.png\" alt=\"\" class=\"wp-image-5815\" srcset=\"https:\/\/www.taller-palabras.com\/WordPress_06\/wp-content\/uploads\/2026\/03\/EnsayoCeguera.fw_.png 369w, https:\/\/www.taller-palabras.com\/WordPress_06\/wp-content\/uploads\/2026\/03\/EnsayoCeguera.fw_-300x259.png 300w\" sizes=\"auto, (max-width: 369px) 100vw, 369px\" \/><\/a><\/figure>\n\n\n\n<figure class=\"wp-block-image size-full\"><a href=\"https:\/\/www.taller-palabras.com\/WordPress_06\/wp-content\/uploads\/2026\/03\/TrilogiaNuevaYork.fw_.png\"><img loading=\"lazy\" decoding=\"async\" width=\"369\" height=\"318\" data-id=\"5816\" src=\"https:\/\/www.taller-palabras.com\/WordPress_06\/wp-content\/uploads\/2026\/03\/TrilogiaNuevaYork.fw_.png\" alt=\"\" class=\"wp-image-5816\" srcset=\"https:\/\/www.taller-palabras.com\/WordPress_06\/wp-content\/uploads\/2026\/03\/TrilogiaNuevaYork.fw_.png 369w, https:\/\/www.taller-palabras.com\/WordPress_06\/wp-content\/uploads\/2026\/03\/TrilogiaNuevaYork.fw_-300x259.png 300w\" sizes=\"auto, (max-width: 369px) 100vw, 369px\" \/><\/a><\/figure>\n\n\n\n<figure class=\"wp-block-image size-full\"><a href=\"https:\/\/www.taller-palabras.com\/WordPress_06\/wp-content\/uploads\/2026\/03\/Subsuelo.fw_.png\"><img loading=\"lazy\" decoding=\"async\" width=\"369\" height=\"318\" data-id=\"5817\" src=\"https:\/\/www.taller-palabras.com\/WordPress_06\/wp-content\/uploads\/2026\/03\/Subsuelo.fw_.png\" alt=\"\" class=\"wp-image-5817\" srcset=\"https:\/\/www.taller-palabras.com\/WordPress_06\/wp-content\/uploads\/2026\/03\/Subsuelo.fw_.png 369w, https:\/\/www.taller-palabras.com\/WordPress_06\/wp-content\/uploads\/2026\/03\/Subsuelo.fw_-300x259.png 300w\" sizes=\"auto, (max-width: 369px) 100vw, 369px\" \/><\/a><\/figure>\n\n\n\n<figure class=\"wp-block-image size-full\"><a href=\"https:\/\/www.taller-palabras.com\/WordPress_06\/wp-content\/uploads\/2026\/02\/JovenPoeta.fw_.png\"><img loading=\"lazy\" decoding=\"async\" width=\"369\" height=\"318\" data-id=\"5755\" src=\"https:\/\/www.taller-palabras.com\/WordPress_06\/wp-content\/uploads\/2026\/02\/JovenPoeta.fw_.png\" alt=\"\" class=\"wp-image-5755\" srcset=\"https:\/\/www.taller-palabras.com\/WordPress_06\/wp-content\/uploads\/2026\/02\/JovenPoeta.fw_.png 369w, https:\/\/www.taller-palabras.com\/WordPress_06\/wp-content\/uploads\/2026\/02\/JovenPoeta.fw_-300x259.png 300w\" sizes=\"auto, (max-width: 369px) 100vw, 369px\" \/><\/a><\/figure>\n\n\n\n<figure class=\"wp-block-image size-full\"><a href=\"https:\/\/www.taller-palabras.com\/WordPress_06\/wp-content\/uploads\/2026\/03\/CorazonSalvakje.fw_.png\"><img loading=\"lazy\" decoding=\"async\" width=\"369\" height=\"318\" data-id=\"5818\" src=\"https:\/\/www.taller-palabras.com\/WordPress_06\/wp-content\/uploads\/2026\/03\/CorazonSalvakje.fw_.png\" alt=\"\" class=\"wp-image-5818\" srcset=\"https:\/\/www.taller-palabras.com\/WordPress_06\/wp-content\/uploads\/2026\/03\/CorazonSalvakje.fw_.png 369w, https:\/\/www.taller-palabras.com\/WordPress_06\/wp-content\/uploads\/2026\/03\/CorazonSalvakje.fw_-300x259.png 300w\" sizes=\"auto, (max-width: 369px) 100vw, 369px\" \/><\/a><\/figure>\n\n\n\n<figure class=\"wp-block-image size-full\"><img loading=\"lazy\" decoding=\"async\" width=\"369\" height=\"318\" data-id=\"5820\" src=\"https:\/\/www.taller-palabras.com\/WordPress_06\/wp-content\/uploads\/2026\/03\/Proceso.fw_.png\" alt=\"\" class=\"wp-image-5820\" srcset=\"https:\/\/www.taller-palabras.com\/WordPress_06\/wp-content\/uploads\/2026\/03\/Proceso.fw_.png 369w, https:\/\/www.taller-palabras.com\/WordPress_06\/wp-content\/uploads\/2026\/03\/Proceso.fw_-300x259.png 300w\" sizes=\"auto, (max-width: 369px) 100vw, 369px\" \/><\/figure>\n\n\n\n<figure class=\"wp-block-image size-large\"><img loading=\"lazy\" decoding=\"async\" width=\"369\" height=\"318\" data-id=\"5819\" src=\"https:\/\/www.taller-palabras.com\/WordPress_06\/wp-content\/uploads\/2026\/03\/Siddharta.fw_.png\" alt=\"\" class=\"wp-image-5819\" srcset=\"https:\/\/www.taller-palabras.com\/WordPress_06\/wp-content\/uploads\/2026\/03\/Siddharta.fw_.png 369w, https:\/\/www.taller-palabras.com\/WordPress_06\/wp-content\/uploads\/2026\/03\/Siddharta.fw_-300x259.png 300w\" sizes=\"auto, (max-width: 369px) 100vw, 369px\" \/><\/figure>\n\n\n\n<figure class=\"wp-block-image size-large\"><img loading=\"lazy\" decoding=\"async\" width=\"321\" height=\"321\" data-id=\"4951\" src=\"https:\/\/www.taller-palabras.com\/WordPress_06\/wp-content\/uploads\/2025\/06\/Transparente2.png\" alt=\"\" class=\"wp-image-4951\" srcset=\"https:\/\/www.taller-palabras.com\/WordPress_06\/wp-content\/uploads\/2025\/06\/Transparente2.png 321w, https:\/\/www.taller-palabras.com\/WordPress_06\/wp-content\/uploads\/2025\/06\/Transparente2-300x300.png 300w, https:\/\/www.taller-palabras.com\/WordPress_06\/wp-content\/uploads\/2025\/06\/Transparente2-150x150.png 150w, https:\/\/www.taller-palabras.com\/WordPress_06\/wp-content\/uploads\/2025\/06\/Transparente2-75x75.png 75w, https:\/\/www.taller-palabras.com\/WordPress_06\/wp-content\/uploads\/2025\/06\/Transparente2-50x50.png 50w\" sizes=\"auto, (max-width: 321px) 100vw, 321px\" \/><\/figure>\n<\/figure>\n\n\n\n<hr class=\"wp-block-separator has-alpha-channel-opacity\"\/>\n\n\n\n<h4 class=\"wp-block-heading\">Servicio Editorial<\/h4>\n\n\n\n<h4 class=\"wp-block-heading\"><a href=\"https:\/\/taller-palabras.com\/servicios.html\" target=\"_blank\" rel=\"noreferrer noopener\">Edici\u00f3n y Programaci\u00f3n Digital<\/a><\/h4>\n\n\n\n<hr class=\"wp-block-separator has-alpha-channel-opacity\"\/>\n\n\n\n<h4 class=\"wp-block-heading\"> Cursos de formaci\u00f3n <\/h4>\n\n\n\n<h4 class=\"wp-block-heading\"><a rel=\"noreferrer noopener\" href=\"https:\/\/taller-palabras.com\/escuela.html\" target=\"_blank\">Curso de Maestr\u00eda de Cuento y\/o Novela<\/a><\/h4>\n\n\n\n<hr class=\"wp-block-separator has-alpha-channel-opacity\"\/>\n\n\n\n<h4 class=\"wp-block-heading\" id=\"cursos-de-formacion-via-email-en\">Cursos de Formaci\u00f3n v\u00eda email en<br><a href=\"https:\/\/taller-palabras.com\/cursos.html\" target=\"_blank\" rel=\"noreferrer noopener\">Escritura Creativa<\/a><\/h4>\n\n\n\n<hr class=\"wp-block-separator has-alpha-channel-opacity\"\/>\n\n\n\n<h4 class=\"wp-block-heading\">Servicios Editoriales<\/h4>\n\n\n\n<h4 class=\"wp-block-heading\" id=\"taller-literario-online\"><a href=\"https:\/\/taller-palabras.com\/servicios.html\" target=\"_blank\" rel=\"noreferrer noopener\">Servicio de correcci\u00f3n literaria<br>Servicio de edici\u00f3n gr\u00e1fica<br>Servicio de publicaci\u00f3n<\/a><\/h4>\n\n\n\n<hr class=\"wp-block-separator has-alpha-channel-opacity\"\/>\n\n\n\n<p><\/p>\n","protected":false},"excerpt":{"rendered":"<p>Soledad. Y la paradoja se instala: sentirse radicalmente solo\u2026 \u00bfencierro o posibilidad?, \u00bfcondena o conciencia?&#8230;<\/p>\n","protected":false},"author":83,"featured_media":5822,"comment_status":"closed","ping_status":"open","sticky":false,"template":"","format":"standard","meta":{"footnotes":""},"categories":[17],"tags":[36,141,163],"class_list":["post-5809","post","type-post","status-publish","format-standard","has-post-thumbnail","hentry","category-lectura","tag-lectura","tag-leer-mucho","tag-ser-buen-lector"],"yoast_head":"<!-- This site is optimized with the Yoast SEO plugin v27.4 - https:\/\/yoast.com\/product\/yoast-seo-wordpress\/ -->\n<title>Romper la barrera invisible y convertir la soledad en encuentro. - Red Literaria<\/title>\n<meta name=\"description\" content=\"Soledad. Sentirse radicalmente solo\u2026 \u00bfencierro o posibilidad?, \u00bfcondena o conciencia? Es estar solo realmente soledad?...\" \/>\n<meta name=\"robots\" content=\"index, follow, max-snippet:-1, max-image-preview:large, max-video-preview:-1\" \/>\n<link rel=\"canonical\" href=\"https:\/\/www.taller-palabras.com\/WordPress_06\/lectura\/leer-superar-dolor-perdida-2\/\" \/>\n<meta property=\"og:locale\" content=\"es_ES\" \/>\n<meta property=\"og:type\" content=\"article\" \/>\n<meta property=\"og:title\" content=\"Romper la barrera invisible y convertir la soledad en encuentro. - Red Literaria\" \/>\n<meta property=\"og:description\" content=\"Soledad. Sentirse radicalmente solo\u2026 \u00bfencierro o posibilidad?, \u00bfcondena o conciencia? Es estar solo realmente soledad?...\" \/>\n<meta property=\"og:url\" content=\"https:\/\/www.taller-palabras.com\/WordPress_06\/lectura\/leer-superar-dolor-perdida-2\/\" \/>\n<meta property=\"og:site_name\" content=\"Red Literaria\" \/>\n<meta property=\"article:publisher\" content=\"https:\/\/www.facebook.com\/profile.php?id=100001537279728\" \/>\n<meta property=\"article:published_time\" content=\"2026-03-15T16:52:49+00:00\" \/>\n<meta property=\"article:modified_time\" content=\"2026-03-23T13:38:45+00:00\" \/>\n<meta property=\"og:image\" content=\"https:\/\/www.taller-palabras.com\/WordPress_06\/wp-content\/uploads\/2026\/03\/soledad.jpg\" \/>\n\t<meta property=\"og:image:width\" content=\"453\" \/>\n\t<meta property=\"og:image:height\" content=\"283\" \/>\n\t<meta property=\"og:image:type\" content=\"image\/jpeg\" \/>\n<meta name=\"author\" content=\"Patricia M\u00f3nica Miranda Alonso\" \/>\n<meta name=\"twitter:card\" content=\"summary_large_image\" \/>\n<meta name=\"twitter:label1\" content=\"Escrito por\" \/>\n\t<meta name=\"twitter:data1\" content=\"Patricia M\u00f3nica Miranda Alonso\" \/>\n\t<meta name=\"twitter:label2\" content=\"Tiempo de lectura\" \/>\n\t<meta name=\"twitter:data2\" content=\"11 minutos\" \/>\n<script type=\"application\/ld+json\" class=\"yoast-schema-graph\">{\"@context\":\"https:\\\/\\\/schema.org\",\"@graph\":[{\"@type\":\"NewsArticle\",\"@id\":\"https:\\\/\\\/www.taller-palabras.com\\\/WordPress_06\\\/lectura\\\/leer-superar-dolor-perdida-2\\\/#article\",\"isPartOf\":{\"@id\":\"https:\\\/\\\/www.taller-palabras.com\\\/WordPress_06\\\/lectura\\\/leer-superar-dolor-perdida-2\\\/\"},\"author\":{\"name\":\"Patricia M\u00f3nica Miranda Alonso\",\"@id\":\"https:\\\/\\\/www.taller-palabras.com\\\/WordPress_06\\\/#\\\/schema\\\/person\\\/a774f3e56bddd007723be732994cadd4\"},\"headline\":\"Soledad urbana\",\"datePublished\":\"2026-03-15T16:52:49+00:00\",\"dateModified\":\"2026-03-23T13:38:45+00:00\",\"mainEntityOfPage\":{\"@id\":\"https:\\\/\\\/www.taller-palabras.com\\\/WordPress_06\\\/lectura\\\/leer-superar-dolor-perdida-2\\\/\"},\"wordCount\":1744,\"publisher\":{\"@id\":\"https:\\\/\\\/www.taller-palabras.com\\\/WordPress_06\\\/#organization\"},\"image\":{\"@id\":\"https:\\\/\\\/www.taller-palabras.com\\\/WordPress_06\\\/lectura\\\/leer-superar-dolor-perdida-2\\\/#primaryimage\"},\"thumbnailUrl\":\"https:\\\/\\\/www.taller-palabras.com\\\/WordPress_06\\\/wp-content\\\/uploads\\\/2026\\\/03\\\/soledad.jpg\",\"keywords\":[\"lectura\",\"Leer mucho\",\"ser buen lector\"],\"articleSection\":[\"Lectura\"],\"inLanguage\":\"es\"},{\"@type\":[\"WebPage\",\"ItemPage\"],\"@id\":\"https:\\\/\\\/www.taller-palabras.com\\\/WordPress_06\\\/lectura\\\/leer-superar-dolor-perdida-2\\\/\",\"url\":\"https:\\\/\\\/www.taller-palabras.com\\\/WordPress_06\\\/lectura\\\/leer-superar-dolor-perdida-2\\\/\",\"name\":\"Romper la barrera invisible y convertir la soledad en encuentro. - Red Literaria\",\"isPartOf\":{\"@id\":\"https:\\\/\\\/www.taller-palabras.com\\\/WordPress_06\\\/#website\"},\"primaryImageOfPage\":{\"@id\":\"https:\\\/\\\/www.taller-palabras.com\\\/WordPress_06\\\/lectura\\\/leer-superar-dolor-perdida-2\\\/#primaryimage\"},\"image\":{\"@id\":\"https:\\\/\\\/www.taller-palabras.com\\\/WordPress_06\\\/lectura\\\/leer-superar-dolor-perdida-2\\\/#primaryimage\"},\"thumbnailUrl\":\"https:\\\/\\\/www.taller-palabras.com\\\/WordPress_06\\\/wp-content\\\/uploads\\\/2026\\\/03\\\/soledad.jpg\",\"datePublished\":\"2026-03-15T16:52:49+00:00\",\"dateModified\":\"2026-03-23T13:38:45+00:00\",\"description\":\"Soledad. Sentirse radicalmente solo\u2026 \u00bfencierro o posibilidad?, \u00bfcondena o conciencia? Es estar solo realmente soledad?...\",\"breadcrumb\":{\"@id\":\"https:\\\/\\\/www.taller-palabras.com\\\/WordPress_06\\\/lectura\\\/leer-superar-dolor-perdida-2\\\/#breadcrumb\"},\"inLanguage\":\"es\",\"potentialAction\":[{\"@type\":\"ReadAction\",\"target\":[\"https:\\\/\\\/www.taller-palabras.com\\\/WordPress_06\\\/lectura\\\/leer-superar-dolor-perdida-2\\\/\"]}]},{\"@type\":\"ImageObject\",\"inLanguage\":\"es\",\"@id\":\"https:\\\/\\\/www.taller-palabras.com\\\/WordPress_06\\\/lectura\\\/leer-superar-dolor-perdida-2\\\/#primaryimage\",\"url\":\"https:\\\/\\\/www.taller-palabras.com\\\/WordPress_06\\\/wp-content\\\/uploads\\\/2026\\\/03\\\/soledad.jpg\",\"contentUrl\":\"https:\\\/\\\/www.taller-palabras.com\\\/WordPress_06\\\/wp-content\\\/uploads\\\/2026\\\/03\\\/soledad.jpg\",\"width\":453,\"height\":283},{\"@type\":\"BreadcrumbList\",\"@id\":\"https:\\\/\\\/www.taller-palabras.com\\\/WordPress_06\\\/lectura\\\/leer-superar-dolor-perdida-2\\\/#breadcrumb\",\"itemListElement\":[{\"@type\":\"ListItem\",\"position\":1,\"name\":\"Portada\",\"item\":\"https:\\\/\\\/www.taller-palabras.com\\\/WordPress_06\\\/\"},{\"@type\":\"ListItem\",\"position\":2,\"name\":\"Soledad urbana\"}]},{\"@type\":\"WebSite\",\"@id\":\"https:\\\/\\\/www.taller-palabras.com\\\/WordPress_06\\\/#website\",\"url\":\"https:\\\/\\\/www.taller-palabras.com\\\/WordPress_06\\\/\",\"name\":\"Red Literaria\",\"description\":\"Red de lectura y escritura\",\"publisher\":{\"@id\":\"https:\\\/\\\/www.taller-palabras.com\\\/WordPress_06\\\/#organization\"},\"potentialAction\":[{\"@type\":\"SearchAction\",\"target\":{\"@type\":\"EntryPoint\",\"urlTemplate\":\"https:\\\/\\\/www.taller-palabras.com\\\/WordPress_06\\\/?s={search_term_string}\"},\"query-input\":{\"@type\":\"PropertyValueSpecification\",\"valueRequired\":true,\"valueName\":\"search_term_string\"}}],\"inLanguage\":\"es\"},{\"@type\":\"Organization\",\"@id\":\"https:\\\/\\\/www.taller-palabras.com\\\/WordPress_06\\\/#organization\",\"name\":\"Redescribir\",\"url\":\"https:\\\/\\\/www.taller-palabras.com\\\/WordPress_06\\\/\",\"logo\":{\"@type\":\"ImageObject\",\"inLanguage\":\"es\",\"@id\":\"https:\\\/\\\/www.taller-palabras.com\\\/WordPress_06\\\/#\\\/schema\\\/logo\\\/image\\\/\",\"url\":\"https:\\\/\\\/www.taller-palabras.com\\\/WordPress_06\\\/wp-content\\\/uploads\\\/2021\\\/07\\\/redactar_icon.png\",\"contentUrl\":\"https:\\\/\\\/www.taller-palabras.com\\\/WordPress_06\\\/wp-content\\\/uploads\\\/2021\\\/07\\\/redactar_icon.png\",\"width\":25,\"height\":25,\"caption\":\"Redescribir\"},\"image\":{\"@id\":\"https:\\\/\\\/www.taller-palabras.com\\\/WordPress_06\\\/#\\\/schema\\\/logo\\\/image\\\/\"},\"sameAs\":[\"https:\\\/\\\/www.facebook.com\\\/profile.php?id=100001537279728\"]},{\"@type\":\"Person\",\"@id\":\"https:\\\/\\\/www.taller-palabras.com\\\/WordPress_06\\\/#\\\/schema\\\/person\\\/a774f3e56bddd007723be732994cadd4\",\"name\":\"Patricia M\u00f3nica Miranda Alonso\",\"description\":\"Profesora de escritura creativa y coordinadora de talleres literarios, editora y correctora literaria, rese\u00f1adora y cr\u00edtica literaria.\",\"sameAs\":[\"https:\\\/\\\/www.taller-palabras.com\"],\"url\":\"https:\\\/\\\/www.taller-palabras.com\\\/WordPress_06\\\/author\\\/patricia\\\/\"}]}<\/script>\n<!-- \/ Yoast SEO plugin. -->","yoast_head_json":{"title":"Romper la barrera invisible y convertir la soledad en encuentro. - Red Literaria","description":"Soledad. Sentirse radicalmente solo\u2026 \u00bfencierro o posibilidad?, \u00bfcondena o conciencia? Es estar solo realmente soledad?...","robots":{"index":"index","follow":"follow","max-snippet":"max-snippet:-1","max-image-preview":"max-image-preview:large","max-video-preview":"max-video-preview:-1"},"canonical":"https:\/\/www.taller-palabras.com\/WordPress_06\/lectura\/leer-superar-dolor-perdida-2\/","og_locale":"es_ES","og_type":"article","og_title":"Romper la barrera invisible y convertir la soledad en encuentro. - Red Literaria","og_description":"Soledad. Sentirse radicalmente solo\u2026 \u00bfencierro o posibilidad?, \u00bfcondena o conciencia? Es estar solo realmente soledad?...","og_url":"https:\/\/www.taller-palabras.com\/WordPress_06\/lectura\/leer-superar-dolor-perdida-2\/","og_site_name":"Red Literaria","article_publisher":"https:\/\/www.facebook.com\/profile.php?id=100001537279728","article_published_time":"2026-03-15T16:52:49+00:00","article_modified_time":"2026-03-23T13:38:45+00:00","og_image":[{"width":453,"height":283,"url":"https:\/\/www.taller-palabras.com\/WordPress_06\/wp-content\/uploads\/2026\/03\/soledad.jpg","type":"image\/jpeg"}],"author":"Patricia M\u00f3nica Miranda Alonso","twitter_card":"summary_large_image","twitter_misc":{"Escrito por":"Patricia M\u00f3nica Miranda Alonso","Tiempo de lectura":"11 minutos"},"schema":{"@context":"https:\/\/schema.org","@graph":[{"@type":"NewsArticle","@id":"https:\/\/www.taller-palabras.com\/WordPress_06\/lectura\/leer-superar-dolor-perdida-2\/#article","isPartOf":{"@id":"https:\/\/www.taller-palabras.com\/WordPress_06\/lectura\/leer-superar-dolor-perdida-2\/"},"author":{"name":"Patricia M\u00f3nica Miranda Alonso","@id":"https:\/\/www.taller-palabras.com\/WordPress_06\/#\/schema\/person\/a774f3e56bddd007723be732994cadd4"},"headline":"Soledad urbana","datePublished":"2026-03-15T16:52:49+00:00","dateModified":"2026-03-23T13:38:45+00:00","mainEntityOfPage":{"@id":"https:\/\/www.taller-palabras.com\/WordPress_06\/lectura\/leer-superar-dolor-perdida-2\/"},"wordCount":1744,"publisher":{"@id":"https:\/\/www.taller-palabras.com\/WordPress_06\/#organization"},"image":{"@id":"https:\/\/www.taller-palabras.com\/WordPress_06\/lectura\/leer-superar-dolor-perdida-2\/#primaryimage"},"thumbnailUrl":"https:\/\/www.taller-palabras.com\/WordPress_06\/wp-content\/uploads\/2026\/03\/soledad.jpg","keywords":["lectura","Leer mucho","ser buen lector"],"articleSection":["Lectura"],"inLanguage":"es"},{"@type":["WebPage","ItemPage"],"@id":"https:\/\/www.taller-palabras.com\/WordPress_06\/lectura\/leer-superar-dolor-perdida-2\/","url":"https:\/\/www.taller-palabras.com\/WordPress_06\/lectura\/leer-superar-dolor-perdida-2\/","name":"Romper la barrera invisible y convertir la soledad en encuentro. - Red Literaria","isPartOf":{"@id":"https:\/\/www.taller-palabras.com\/WordPress_06\/#website"},"primaryImageOfPage":{"@id":"https:\/\/www.taller-palabras.com\/WordPress_06\/lectura\/leer-superar-dolor-perdida-2\/#primaryimage"},"image":{"@id":"https:\/\/www.taller-palabras.com\/WordPress_06\/lectura\/leer-superar-dolor-perdida-2\/#primaryimage"},"thumbnailUrl":"https:\/\/www.taller-palabras.com\/WordPress_06\/wp-content\/uploads\/2026\/03\/soledad.jpg","datePublished":"2026-03-15T16:52:49+00:00","dateModified":"2026-03-23T13:38:45+00:00","description":"Soledad. Sentirse radicalmente solo\u2026 \u00bfencierro o posibilidad?, \u00bfcondena o conciencia? Es estar solo realmente soledad?...","breadcrumb":{"@id":"https:\/\/www.taller-palabras.com\/WordPress_06\/lectura\/leer-superar-dolor-perdida-2\/#breadcrumb"},"inLanguage":"es","potentialAction":[{"@type":"ReadAction","target":["https:\/\/www.taller-palabras.com\/WordPress_06\/lectura\/leer-superar-dolor-perdida-2\/"]}]},{"@type":"ImageObject","inLanguage":"es","@id":"https:\/\/www.taller-palabras.com\/WordPress_06\/lectura\/leer-superar-dolor-perdida-2\/#primaryimage","url":"https:\/\/www.taller-palabras.com\/WordPress_06\/wp-content\/uploads\/2026\/03\/soledad.jpg","contentUrl":"https:\/\/www.taller-palabras.com\/WordPress_06\/wp-content\/uploads\/2026\/03\/soledad.jpg","width":453,"height":283},{"@type":"BreadcrumbList","@id":"https:\/\/www.taller-palabras.com\/WordPress_06\/lectura\/leer-superar-dolor-perdida-2\/#breadcrumb","itemListElement":[{"@type":"ListItem","position":1,"name":"Portada","item":"https:\/\/www.taller-palabras.com\/WordPress_06\/"},{"@type":"ListItem","position":2,"name":"Soledad urbana"}]},{"@type":"WebSite","@id":"https:\/\/www.taller-palabras.com\/WordPress_06\/#website","url":"https:\/\/www.taller-palabras.com\/WordPress_06\/","name":"Red Literaria","description":"Red de lectura y escritura","publisher":{"@id":"https:\/\/www.taller-palabras.com\/WordPress_06\/#organization"},"potentialAction":[{"@type":"SearchAction","target":{"@type":"EntryPoint","urlTemplate":"https:\/\/www.taller-palabras.com\/WordPress_06\/?s={search_term_string}"},"query-input":{"@type":"PropertyValueSpecification","valueRequired":true,"valueName":"search_term_string"}}],"inLanguage":"es"},{"@type":"Organization","@id":"https:\/\/www.taller-palabras.com\/WordPress_06\/#organization","name":"Redescribir","url":"https:\/\/www.taller-palabras.com\/WordPress_06\/","logo":{"@type":"ImageObject","inLanguage":"es","@id":"https:\/\/www.taller-palabras.com\/WordPress_06\/#\/schema\/logo\/image\/","url":"https:\/\/www.taller-palabras.com\/WordPress_06\/wp-content\/uploads\/2021\/07\/redactar_icon.png","contentUrl":"https:\/\/www.taller-palabras.com\/WordPress_06\/wp-content\/uploads\/2021\/07\/redactar_icon.png","width":25,"height":25,"caption":"Redescribir"},"image":{"@id":"https:\/\/www.taller-palabras.com\/WordPress_06\/#\/schema\/logo\/image\/"},"sameAs":["https:\/\/www.facebook.com\/profile.php?id=100001537279728"]},{"@type":"Person","@id":"https:\/\/www.taller-palabras.com\/WordPress_06\/#\/schema\/person\/a774f3e56bddd007723be732994cadd4","name":"Patricia M\u00f3nica Miranda Alonso","description":"Profesora de escritura creativa y coordinadora de talleres literarios, editora y correctora literaria, rese\u00f1adora y cr\u00edtica literaria.","sameAs":["https:\/\/www.taller-palabras.com"],"url":"https:\/\/www.taller-palabras.com\/WordPress_06\/author\/patricia\/"}]}},"_links":{"self":[{"href":"https:\/\/www.taller-palabras.com\/WordPress_06\/wp-json\/wp\/v2\/posts\/5809","targetHints":{"allow":["GET"]}}],"collection":[{"href":"https:\/\/www.taller-palabras.com\/WordPress_06\/wp-json\/wp\/v2\/posts"}],"about":[{"href":"https:\/\/www.taller-palabras.com\/WordPress_06\/wp-json\/wp\/v2\/types\/post"}],"author":[{"embeddable":true,"href":"https:\/\/www.taller-palabras.com\/WordPress_06\/wp-json\/wp\/v2\/users\/83"}],"replies":[{"embeddable":true,"href":"https:\/\/www.taller-palabras.com\/WordPress_06\/wp-json\/wp\/v2\/comments?post=5809"}],"version-history":[{"count":6,"href":"https:\/\/www.taller-palabras.com\/WordPress_06\/wp-json\/wp\/v2\/posts\/5809\/revisions"}],"predecessor-version":[{"id":5837,"href":"https:\/\/www.taller-palabras.com\/WordPress_06\/wp-json\/wp\/v2\/posts\/5809\/revisions\/5837"}],"wp:featuredmedia":[{"embeddable":true,"href":"https:\/\/www.taller-palabras.com\/WordPress_06\/wp-json\/wp\/v2\/media\/5822"}],"wp:attachment":[{"href":"https:\/\/www.taller-palabras.com\/WordPress_06\/wp-json\/wp\/v2\/media?parent=5809"}],"wp:term":[{"taxonomy":"category","embeddable":true,"href":"https:\/\/www.taller-palabras.com\/WordPress_06\/wp-json\/wp\/v2\/categories?post=5809"},{"taxonomy":"post_tag","embeddable":true,"href":"https:\/\/www.taller-palabras.com\/WordPress_06\/wp-json\/wp\/v2\/tags?post=5809"}],"curies":[{"name":"wp","href":"https:\/\/api.w.org\/{rel}","templated":true}]}}